{"id":8559,"date":"2023-03-29T15:42:22","date_gmt":"2023-03-29T13:42:22","guid":{"rendered":"https:\/\/ostelandet.no\/?p=8559"},"modified":"2025-09-20T12:17:54","modified_gmt":"2025-09-20T10:17:54","slug":"krogedal-ysteri","status":"publish","type":"post","link":"https:\/\/ostelandet.no\/en\/krogedal-ysteri\/","title":{"rendered":"Krogedal ysteri"},"content":{"rendered":"<h2>\n\t\t<a href=\"\/en\/kategori\/produsent\/\" title=\"PRODUCERS\"  target=\"_self\">\n\t\t\tPRODUCERS\t\t<\/a>\n\t<\/h2>\n<h2>\n\t\t\tKrogedal G\u00e5rd\t<\/h2>\n\t<p>The farm is located in beautiful nature in western Norway a little up in the mountains east of Sandnes, is run as an ordinary farm for the area with milk production and sheep farming. The sheep graze at home in spring and autumn meadows, and in the summer the sheep graze in the mountains in Sirdal.<\/p>\n<p>The cheese adventure started with a fascination for Norwegian mountain farming tradition, where in very simple buildings in the mountains, they conjured up delicacies of world-class cheese. The love of cheeses like camembert and the curiosity about how such a cheese is made led me to taking cheese courses first in Stavanger and afterwards in Aurland in Sogn. In the autumn of 2020, we were ready to sell our first cheeses.<\/p>\n\t\t\t\t<img decoding=\"async\" src=\"https:\/\/ostelandet.no\/wp-content\/uploads\/2023\/03\/Krogedal-1024x576.jpg\" alt=\"Krogedal\" itemprop=\"image\" height=\"576\" width=\"1024\" title=\"Krogedal\" onerror=\"this.style.display='none'\" loading=\"lazy\" \/>\n<h2>\n\t\t\tKrogedal G\u00e5rdsdrift:\t<\/h2>\n\t\t\t Address: Krogedalveien 124, 4308 Sandnes<br \/>\nTelephone: <a href=\"http:\/\/95108271\">+47 95108271<\/a><br \/>\nE-mail:\u00a0 <a href=\"mailto:Hei@krogedalysteri.no\">Hei@krogedalysteri.no<\/a><br \/>\n<a href=\"https:\/\/krogedal-gardsdrift.business.site\/\" target=\"_blank\" rel=\"noopener noreferrer\">https:\/\/krogedal-gardsdrift.business.site<\/a>\n<p>Farm shop: Yes, self-service<\/p>\n\t<iframe src=\"https:\/\/www.google.com\/maps\/embed\/v1\/place?q=Krogedalveien+124%2C&#038;key=AIzaSyD09zQ9PNDNNy9TadMuzRV_UsPUoWKntt8\" aria-hidden=\"true\" title=\"Krogedal G\u00e5rdsdrift\"><\/iframe>\n<h2>\n\t\t\tCHEESES FROM THIS PRODUCER\t<\/h2>","protected":false},"excerpt":{"rendered":"<p>The farm is located in beautiful nature in western Norway a little up in the mountains east of Sandnes, is run as an ordinary farm for the area with milk production and sheep farming. <\/p>","protected":false},"author":9,"featured_media":11249,"comment_status":"closed","ping_status":"closed","sticky":false,"template":"tpl-full-width.php","format":"standard","meta":{"_acf_changed":false,"footnotes":""},"categories":[45],"tags":[867,943,944,47,1010],"produsent-ostetype":[1121,1123,1120],"produsentfylke":[1109],"class_list":["post-8559","post","type-post","status-publish","format-standard","has-post-thumbnail","hentry","category-produsent","tag-gardsutsalg","tag-krogedal","tag-krogedal-gardsdrift","tag-produsent","tag-produsentrogaland","produsent-ostetype-fastost","produsent-ostetype-ferskost","produsent-ostetype-hvitmugg","produsentfylke-rogaland"],"acf":[],"yoast_head":"<!-- This site is optimized with the Yoast SEO plugin v26.1.1 - https:\/\/yoast.com\/wordpress\/plugins\/seo\/ -->\n<title>Krogedal ysteri - Ostelandet Norge<\/title>\n<meta name=\"description\" content=\"G\u00e5rden ligger i vakker vestlandsnatur litt opp i fjellene \u00f8st for Sandnes, drives som et vanlig g\u00e5rdsbruk for omr\u00e5det med melkeproduksjon og sauehold.\" \/>\n<meta name=\"robots\" content=\"index, follow, max-snippet:-1, max-image-preview:large, max-video-preview:-1\" \/>\n<link rel=\"canonical\" href=\"https:\/\/ostelandet.no\/en\/krogedal-ysteri\/\" \/>\n<meta property=\"og:locale\" content=\"en_US\" \/>\n<meta property=\"og:type\" content=\"article\" \/>\n<meta property=\"og:title\" content=\"Krogedal ysteri - Ostelandet Norge\" \/>\n<meta property=\"og:description\" content=\"G\u00e5rden ligger i vakker vestlandsnatur litt opp i fjellene \u00f8st for Sandnes, drives som et vanlig g\u00e5rdsbruk for omr\u00e5det med melkeproduksjon og sauehold.\" \/>\n<meta property=\"og:url\" content=\"https:\/\/ostelandet.no\/en\/krogedal-ysteri\/\" \/>\n<meta property=\"og:site_name\" content=\"Ostelandet Norge\" \/>\n<meta property=\"article:publisher\" content=\"https:\/\/www.facebook.com\/ostelandet-101474925294974\" \/>\n<meta property=\"article:published_time\" content=\"2023-03-29T13:42:22+00:00\" \/>\n<meta property=\"article:modified_time\" content=\"2025-09-20T10:17:54+00:00\" \/>\n<meta property=\"og:image\" content=\"https:\/\/ostelandet.no\/wp-content\/uploads\/2023\/03\/Krogedal_719x495.jpg\" \/>\n\t<meta property=\"og:image:width\" content=\"719\" \/>\n\t<meta property=\"og:image:height\" content=\"495\" \/>\n\t<meta property=\"og:image:type\" content=\"image\/jpeg\" \/>\n<meta name=\"author\" content=\"Anette\" \/>\n<meta name=\"twitter:card\" content=\"summary_large_image\" \/>\n<meta name=\"twitter:label1\" content=\"Written by\" \/>\n\t<meta name=\"twitter:data1\" content=\"Anette\" \/>\n\t<meta name=\"twitter:label2\" content=\"Est. reading time\" \/>\n\t<meta name=\"twitter:data2\" content=\"2 minutes\" \/>\n<script type=\"application\/ld+json\" class=\"yoast-schema-graph\">{\"@context\":\"https:\/\/schema.org\",\"@graph\":[{\"@type\":\"Article\",\"@id\":\"https:\/\/ostelandet.no\/krogedal-ysteri\/#article\",\"isPartOf\":{\"@id\":\"https:\/\/ostelandet.no\/krogedal-ysteri\/\"},\"author\":{\"name\":\"Anette\",\"@id\":\"https:\/\/ostelandet.no\/#\/schema\/person\/f985ce81d2968ff96c216ca1a514a5d7\"},\"headline\":\"Krogedal ysteri\",\"datePublished\":\"2023-03-29T13:42:22+00:00\",\"dateModified\":\"2025-09-20T10:17:54+00:00\",\"mainEntityOfPage\":{\"@id\":\"https:\/\/ostelandet.no\/krogedal-ysteri\/\"},\"wordCount\":139,\"publisher\":{\"@id\":\"https:\/\/ostelandet.no\/#organization\"},\"image\":{\"@id\":\"https:\/\/ostelandet.no\/krogedal-ysteri\/#primaryimage\"},\"thumbnailUrl\":\"https:\/\/ostelandet.no\/wp-content\/uploads\/2023\/03\/Krogedal_719x495.jpg\",\"keywords\":[\"g\u00e5rdsutsalg\",\"Krogedal\",\"Krogedal g\u00e5rdsdrift\",\"produsent\",\"Produsent Rogaland\"],\"articleSection\":[\"Produsent\"],\"inLanguage\":\"en-US\"},{\"@type\":\"WebPage\",\"@id\":\"https:\/\/ostelandet.no\/krogedal-ysteri\/\",\"url\":\"https:\/\/ostelandet.no\/krogedal-ysteri\/\",\"name\":\"Krogedal ysteri - Ostelandet Norge\",\"isPartOf\":{\"@id\":\"https:\/\/ostelandet.no\/#website\"},\"primaryImageOfPage\":{\"@id\":\"https:\/\/ostelandet.no\/krogedal-ysteri\/#primaryimage\"},\"image\":{\"@id\":\"https:\/\/ostelandet.no\/krogedal-ysteri\/#primaryimage\"},\"thumbnailUrl\":\"https:\/\/ostelandet.no\/wp-content\/uploads\/2023\/03\/Krogedal_719x495.jpg\",\"datePublished\":\"2023-03-29T13:42:22+00:00\",\"dateModified\":\"2025-09-20T10:17:54+00:00\",\"description\":\"G\u00e5rden ligger i vakker vestlandsnatur litt opp i fjellene \u00f8st for Sandnes, drives som et vanlig g\u00e5rdsbruk for omr\u00e5det med melkeproduksjon og sauehold.\",\"breadcrumb\":{\"@id\":\"https:\/\/ostelandet.no\/krogedal-ysteri\/#breadcrumb\"},\"inLanguage\":\"en-US\",\"potentialAction\":[{\"@type\":\"ReadAction\",\"target\":[\"https:\/\/ostelandet.no\/krogedal-ysteri\/\"]}]},{\"@type\":\"ImageObject\",\"inLanguage\":\"en-US\",\"@id\":\"https:\/\/ostelandet.no\/krogedal-ysteri\/#primaryimage\",\"url\":\"https:\/\/ostelandet.no\/wp-content\/uploads\/2023\/03\/Krogedal_719x495.jpg\",\"contentUrl\":\"https:\/\/ostelandet.no\/wp-content\/uploads\/2023\/03\/Krogedal_719x495.jpg\",\"width\":719,\"height\":495},{\"@type\":\"BreadcrumbList\",\"@id\":\"https:\/\/ostelandet.no\/krogedal-ysteri\/#breadcrumb\",\"itemListElement\":[{\"@type\":\"ListItem\",\"position\":1,\"name\":\"Hjem\",\"item\":\"https:\/\/ostelandet.no\/\"},{\"@type\":\"ListItem\",\"position\":2,\"name\":\"Krogedal ysteri\"}]},{\"@type\":\"WebSite\",\"@id\":\"https:\/\/ostelandet.no\/#website\",\"url\":\"https:\/\/ostelandet.no\/\",\"name\":\"Ostelandet Norge\",\"description\":\"- L\u00e6r mer om norsk ost\",\"publisher\":{\"@id\":\"https:\/\/ostelandet.no\/#organization\"},\"potentialAction\":[{\"@type\":\"SearchAction\",\"target\":{\"@type\":\"EntryPoint\",\"urlTemplate\":\"https:\/\/ostelandet.no\/?s={search_term_string}\"},\"query-input\":{\"@type\":\"PropertyValueSpecification\",\"valueRequired\":true,\"valueName\":\"search_term_string\"}}],\"inLanguage\":\"en-US\"},{\"@type\":\"Organization\",\"@id\":\"https:\/\/ostelandet.no\/#organization\",\"name\":\"HANEN\",\"url\":\"https:\/\/ostelandet.no\/\",\"logo\":{\"@type\":\"ImageObject\",\"inLanguage\":\"en-US\",\"@id\":\"https:\/\/ostelandet.no\/#\/schema\/logo\/image\/\",\"url\":\"https:\/\/ostelandet.no\/wp-content\/uploads\/2021\/09\/ostelandet_norge_2farger_mork_hierarkisk.png\",\"contentUrl\":\"https:\/\/ostelandet.no\/wp-content\/uploads\/2021\/09\/ostelandet_norge_2farger_mork_hierarkisk.png\",\"width\":2062,\"height\":1223,\"caption\":\"HANEN\"},\"image\":{\"@id\":\"https:\/\/ostelandet.no\/#\/schema\/logo\/image\/\"},\"sameAs\":[\"https:\/\/www.facebook.com\/ostelandet-101474925294974\",\"https:\/\/www.instagram.com\/ostelandet\/\",\"https:\/\/www.linkedin.com\/showcase\/ostelandet-norge\/\"]},{\"@type\":\"Person\",\"@id\":\"https:\/\/ostelandet.no\/#\/schema\/person\/f985ce81d2968ff96c216ca1a514a5d7\",\"name\":\"Anette\",\"image\":{\"@type\":\"ImageObject\",\"inLanguage\":\"en-US\",\"@id\":\"https:\/\/ostelandet.no\/#\/schema\/person\/image\/\",\"url\":\"https:\/\/secure.gravatar.com\/avatar\/47871c780e28de464a585d8a6985a805c0494a27f00dd9d7711eb11af0d7cdc3?s=96&d=mm&r=g\",\"contentUrl\":\"https:\/\/secure.gravatar.com\/avatar\/47871c780e28de464a585d8a6985a805c0494a27f00dd9d7711eb11af0d7cdc3?s=96&d=mm&r=g\",\"caption\":\"Anette\"},\"url\":\"https:\/\/ostelandet.no\/en\/author\/anette\/\"}]}<\/script>\n<!-- \/ Yoast SEO plugin. -->","yoast_head_json":{"title":"Krogedal ysteri - Ostelandet Norge","description":"G\u00e5rden ligger i vakker vestlandsnatur litt opp i fjellene \u00f8st for Sandnes, drives som et vanlig g\u00e5rdsbruk for omr\u00e5det med melkeproduksjon og sauehold.","robots":{"index":"index","follow":"follow","max-snippet":"max-snippet:-1","max-image-preview":"max-image-preview:large","max-video-preview":"max-video-preview:-1"},"canonical":"https:\/\/ostelandet.no\/en\/krogedal-ysteri\/","og_locale":"en_US","og_type":"article","og_title":"Krogedal ysteri - Ostelandet Norge","og_description":"G\u00e5rden ligger i vakker vestlandsnatur litt opp i fjellene \u00f8st for Sandnes, drives som et vanlig g\u00e5rdsbruk for omr\u00e5det med melkeproduksjon og sauehold.","og_url":"https:\/\/ostelandet.no\/en\/krogedal-ysteri\/","og_site_name":"Ostelandet Norge","article_publisher":"https:\/\/www.facebook.com\/ostelandet-101474925294974","article_published_time":"2023-03-29T13:42:22+00:00","article_modified_time":"2025-09-20T10:17:54+00:00","og_image":[{"width":719,"height":495,"url":"https:\/\/ostelandet.no\/wp-content\/uploads\/2023\/03\/Krogedal_719x495.jpg","type":"image\/jpeg"}],"author":"Anette","twitter_card":"summary_large_image","twitter_misc":{"Written by":"Anette","Est. reading time":"2 minutes"},"schema":{"@context":"https:\/\/schema.org","@graph":[{"@type":"Article","@id":"https:\/\/ostelandet.no\/krogedal-ysteri\/#article","isPartOf":{"@id":"https:\/\/ostelandet.no\/krogedal-ysteri\/"},"author":{"name":"Anette","@id":"https:\/\/ostelandet.no\/#\/schema\/person\/f985ce81d2968ff96c216ca1a514a5d7"},"headline":"Krogedal ysteri","datePublished":"2023-03-29T13:42:22+00:00","dateModified":"2025-09-20T10:17:54+00:00","mainEntityOfPage":{"@id":"https:\/\/ostelandet.no\/krogedal-ysteri\/"},"wordCount":139,"publisher":{"@id":"https:\/\/ostelandet.no\/#organization"},"image":{"@id":"https:\/\/ostelandet.no\/krogedal-ysteri\/#primaryimage"},"thumbnailUrl":"https:\/\/ostelandet.no\/wp-content\/uploads\/2023\/03\/Krogedal_719x495.jpg","keywords":["g\u00e5rdsutsalg","Krogedal","Krogedal g\u00e5rdsdrift","produsent","Produsent Rogaland"],"articleSection":["Produsent"],"inLanguage":"en-US"},{"@type":"WebPage","@id":"https:\/\/ostelandet.no\/krogedal-ysteri\/","url":"https:\/\/ostelandet.no\/krogedal-ysteri\/","name":"Krogedal ysteri - Ostelandet Norge","isPartOf":{"@id":"https:\/\/ostelandet.no\/#website"},"primaryImageOfPage":{"@id":"https:\/\/ostelandet.no\/krogedal-ysteri\/#primaryimage"},"image":{"@id":"https:\/\/ostelandet.no\/krogedal-ysteri\/#primaryimage"},"thumbnailUrl":"https:\/\/ostelandet.no\/wp-content\/uploads\/2023\/03\/Krogedal_719x495.jpg","datePublished":"2023-03-29T13:42:22+00:00","dateModified":"2025-09-20T10:17:54+00:00","description":"G\u00e5rden ligger i vakker vestlandsnatur litt opp i fjellene \u00f8st for Sandnes, drives som et vanlig g\u00e5rdsbruk for omr\u00e5det med melkeproduksjon og sauehold.","breadcrumb":{"@id":"https:\/\/ostelandet.no\/krogedal-ysteri\/#breadcrumb"},"inLanguage":"en-US","potentialAction":[{"@type":"ReadAction","target":["https:\/\/ostelandet.no\/krogedal-ysteri\/"]}]},{"@type":"ImageObject","inLanguage":"en-US","@id":"https:\/\/ostelandet.no\/krogedal-ysteri\/#primaryimage","url":"https:\/\/ostelandet.no\/wp-content\/uploads\/2023\/03\/Krogedal_719x495.jpg","contentUrl":"https:\/\/ostelandet.no\/wp-content\/uploads\/2023\/03\/Krogedal_719x495.jpg","width":719,"height":495},{"@type":"BreadcrumbList","@id":"https:\/\/ostelandet.no\/krogedal-ysteri\/#breadcrumb","itemListElement":[{"@type":"ListItem","position":1,"name":"Hjem","item":"https:\/\/ostelandet.no\/"},{"@type":"ListItem","position":2,"name":"Krogedal ysteri"}]},{"@type":"WebSite","@id":"https:\/\/ostelandet.no\/#website","url":"https:\/\/ostelandet.no\/","name":"Ostelandet Norge","description":"- L\u00e6r mer om norsk ost","publisher":{"@id":"https:\/\/ostelandet.no\/#organization"},"potentialAction":[{"@type":"SearchAction","target":{"@type":"EntryPoint","urlTemplate":"https:\/\/ostelandet.no\/?s={search_term_string}"},"query-input":{"@type":"PropertyValueSpecification","valueRequired":true,"valueName":"search_term_string"}}],"inLanguage":"en-US"},{"@type":"Organization","@id":"https:\/\/ostelandet.no\/#organization","name":"HANEN","url":"https:\/\/ostelandet.no\/","logo":{"@type":"ImageObject","inLanguage":"en-US","@id":"https:\/\/ostelandet.no\/#\/schema\/logo\/image\/","url":"https:\/\/ostelandet.no\/wp-content\/uploads\/2021\/09\/ostelandet_norge_2farger_mork_hierarkisk.png","contentUrl":"https:\/\/ostelandet.no\/wp-content\/uploads\/2021\/09\/ostelandet_norge_2farger_mork_hierarkisk.png","width":2062,"height":1223,"caption":"HANEN"},"image":{"@id":"https:\/\/ostelandet.no\/#\/schema\/logo\/image\/"},"sameAs":["https:\/\/www.facebook.com\/ostelandet-101474925294974","https:\/\/www.instagram.com\/ostelandet\/","https:\/\/www.linkedin.com\/showcase\/ostelandet-norge\/"]},{"@type":"Person","@id":"https:\/\/ostelandet.no\/#\/schema\/person\/f985ce81d2968ff96c216ca1a514a5d7","name":"Anette","image":{"@type":"ImageObject","inLanguage":"en-US","@id":"https:\/\/ostelandet.no\/#\/schema\/person\/image\/","url":"https:\/\/secure.gravatar.com\/avatar\/47871c780e28de464a585d8a6985a805c0494a27f00dd9d7711eb11af0d7cdc3?s=96&d=mm&r=g","contentUrl":"https:\/\/secure.gravatar.com\/avatar\/47871c780e28de464a585d8a6985a805c0494a27f00dd9d7711eb11af0d7cdc3?s=96&d=mm&r=g","caption":"Anette"},"url":"https:\/\/ostelandet.no\/en\/author\/anette\/"}]}},"_links":{"self":[{"href":"https:\/\/ostelandet.no\/en\/wp-json\/wp\/v2\/posts\/8559","targetHints":{"allow":["GET"]}}],"collection":[{"href":"https:\/\/ostelandet.no\/en\/wp-json\/wp\/v2\/posts"}],"about":[{"href":"https:\/\/ostelandet.no\/en\/wp-json\/wp\/v2\/types\/post"}],"author":[{"embeddable":true,"href":"https:\/\/ostelandet.no\/en\/wp-json\/wp\/v2\/users\/9"}],"replies":[{"embeddable":true,"href":"https:\/\/ostelandet.no\/en\/wp-json\/wp\/v2\/comments?post=8559"}],"version-history":[{"count":13,"href":"https:\/\/ostelandet.no\/en\/wp-json\/wp\/v2\/posts\/8559\/revisions"}],"predecessor-version":[{"id":13542,"href":"https:\/\/ostelandet.no\/en\/wp-json\/wp\/v2\/posts\/8559\/revisions\/13542"}],"wp:featuredmedia":[{"embeddable":true,"href":"https:\/\/ostelandet.no\/en\/wp-json\/wp\/v2\/media\/11249"}],"wp:attachment":[{"href":"https:\/\/ostelandet.no\/en\/wp-json\/wp\/v2\/media?parent=8559"}],"wp:term":[{"taxonomy":"category","embeddable":true,"href":"https:\/\/ostelandet.no\/en\/wp-json\/wp\/v2\/categories?post=8559"},{"taxonomy":"post_tag","embeddable":true,"href":"https:\/\/ostelandet.no\/en\/wp-json\/wp\/v2\/tags?post=8559"},{"taxonomy":"produsent-ostetype","embeddable":true,"href":"https:\/\/ostelandet.no\/en\/wp-json\/wp\/v2\/produsent-ostetype?post=8559"},{"taxonomy":"produsentfylke","embeddable":true,"href":"https:\/\/ostelandet.no\/en\/wp-json\/wp\/v2\/produsentfylke?post=8559"}],"curies":[{"name":"wp","href":"https:\/\/api.w.org\/{rel}","templated":true}]}}