{"id":7973,"date":"2023-02-17T13:34:59","date_gmt":"2023-02-17T12:34:59","guid":{"rendered":"https:\/\/ostelandet.no\/?p=7973"},"modified":"2025-10-24T13:43:46","modified_gmt":"2025-10-24T11:43:46","slug":"oskepott-2","status":"publish","type":"post","link":"https:\/\/ostelandet.no\/en\/oskepott-2\/","title":{"rendered":"Oskepott"},"content":{"rendered":"<h2>\n\t\t<a href=\"https:\/\/ostelandet.no\/en\/modna-kremost\/\" title=\"MATURED CREAM CHEESE\"  target=\"_self\">\n\t\t\tMATURED CREAM CHEESE\t\t<\/a>\n\t<\/h2>\n<h2>\n\t\t\tOskepott\t<\/h2>\n\t<figure>\n\n<\/figure>\n<strong>Producer:<\/strong> <a href=\"https:\/\/ostelandet.no\/en\/slettevollen-gardsysteri-2\/\">Slettevollen gardsysteri<\/a><br \/>\n<strong>Type:<\/strong> Matured cream cheese<br \/>\n<strong>Milk:<\/strong> Cow&#039;s milk\n<p><strong>Flavour: <\/strong>Mild som ung. Meir smak med god skarpheit mot best f\u00f8r datoen, ca 6 veker.<\/p>\n<p><strong>Description: <\/strong>Osten modner ca 14 dager f\u00f8r den vert lagt for salg. D\u00e5 er den mild. I vekene etterp\u00e5 blir den blautare og skarpare. Serveringstemperatur ca 12 grader.<\/p>\n<p><strong>Retailers: <\/strong>sj\u00e5 nettsida\u00a0<a href=\"http:\/\/www.slettenvollen.no\/\" target=\"_blank\" rel=\"noopener\" data-saferedirecturl=\"https:\/\/www.google.com\/url?q=http:\/\/www.slettenvollen.no&amp;source=gmail&amp;ust=1754574201976000&amp;usg=AOvVaw3ps65GvrVFEP_u5MZdiU2c\">www.slettenvollen.no<\/a><\/p>\n<h2>\n\t\t\tMORE PRODUCTS FROM SLETTEVOLLEN GARDSYSTERI\t<\/h2>","protected":false},"excerpt":{"rendered":"<p>Mild som ung. Meir smak med god skarpheit mot best f\u00f8r datoen, ca 6 veker.<\/p>","protected":false},"author":9,"featured_media":13976,"comment_status":"closed","ping_status":"closed","sticky":false,"template":"","format":"standard","meta":{"_acf_changed":false,"footnotes":""},"categories":[898],"tags":[37,680,166,392,277,152,82],"produsent-ostetype":[],"produsentfylke":[],"class_list":["post-7973","post","type-post","status-publish","format-standard","has-post-thumbnail","hentry","category-modna-kremost-ostetyper","tag-kumelk","tag-mjolkesopp","tag-modna-myke-og-faste-hvite-oster","tag-ost-fra-slettevollen-gardsysteri","tag-ra-melk","tag-ung","tag-upasteurisert"],"acf":[],"yoast_head":"<!-- This site is optimized with the Yoast SEO plugin v26.1.1 - https:\/\/yoast.com\/wordpress\/plugins\/seo\/ -->\n<title>Oskepott - Ostelandet Norge<\/title>\n<meta name=\"description\" content=\"Mild som ung. Meir smak med god skarpheit mot best f\u00f8r datoen, ca 6 veker.\" \/>\n<meta name=\"robots\" content=\"index, follow, max-snippet:-1, max-image-preview:large, max-video-preview:-1\" \/>\n<link rel=\"canonical\" href=\"https:\/\/ostelandet.no\/en\/oskepott-2\/\" \/>\n<meta property=\"og:locale\" content=\"en_US\" \/>\n<meta property=\"og:type\" content=\"article\" \/>\n<meta property=\"og:title\" content=\"Oskepott - Ostelandet Norge\" \/>\n<meta property=\"og:description\" content=\"Mild som ung. Meir smak med god skarpheit mot best f\u00f8r datoen, ca 6 veker.\" \/>\n<meta property=\"og:url\" content=\"https:\/\/ostelandet.no\/en\/oskepott-2\/\" \/>\n<meta property=\"og:site_name\" content=\"Ostelandet Norge\" \/>\n<meta property=\"article:publisher\" content=\"https:\/\/www.facebook.com\/ostelandet-101474925294974\" \/>\n<meta property=\"article:published_time\" content=\"2023-02-17T12:34:59+00:00\" \/>\n<meta property=\"article:modified_time\" content=\"2025-10-24T11:43:46+00:00\" \/>\n<meta property=\"og:image\" content=\"https:\/\/ostelandet.no\/wp-content\/uploads\/2023\/02\/Oskepott-Slettevollen-Gardsysteri_hbg.png\" \/>\n\t<meta property=\"og:image:width\" content=\"1200\" \/>\n\t<meta property=\"og:image:height\" content=\"900\" \/>\n\t<meta property=\"og:image:type\" content=\"image\/png\" \/>\n<meta name=\"author\" content=\"Anette\" \/>\n<meta name=\"twitter:card\" content=\"summary_large_image\" \/>\n<meta name=\"twitter:label1\" content=\"Written by\" \/>\n\t<meta name=\"twitter:data1\" content=\"Anette\" \/>\n\t<meta name=\"twitter:label2\" content=\"Est. reading time\" \/>\n\t<meta name=\"twitter:data2\" content=\"2 minutes\" \/>\n<script type=\"application\/ld+json\" class=\"yoast-schema-graph\">{\"@context\":\"https:\/\/schema.org\",\"@graph\":[{\"@type\":\"Article\",\"@id\":\"https:\/\/ostelandet.no\/oskepott-2\/#article\",\"isPartOf\":{\"@id\":\"https:\/\/ostelandet.no\/oskepott-2\/\"},\"author\":{\"name\":\"Anette\",\"@id\":\"https:\/\/ostelandet.no\/#\/schema\/person\/f985ce81d2968ff96c216ca1a514a5d7\"},\"headline\":\"Oskepott\",\"datePublished\":\"2023-02-17T12:34:59+00:00\",\"dateModified\":\"2025-10-24T11:43:46+00:00\",\"mainEntityOfPage\":{\"@id\":\"https:\/\/ostelandet.no\/oskepott-2\/\"},\"wordCount\":66,\"publisher\":{\"@id\":\"https:\/\/ostelandet.no\/#organization\"},\"image\":{\"@id\":\"https:\/\/ostelandet.no\/oskepott-2\/#primaryimage\"},\"thumbnailUrl\":\"https:\/\/ostelandet.no\/wp-content\/uploads\/2023\/02\/Oskepott-Slettevollen-Gardsysteri_hbg.png\",\"keywords\":[\"Kumelk\",\"mj\u00f8lkesopp\",\"modna myke og faste hvite oster\",\"Ost fra Slettevollen Gardsysteri\",\"r\u00e5 melk\",\"ung\",\"Upasteurisert\"],\"articleSection\":[\"modna kremost\"],\"inLanguage\":\"en-US\"},{\"@type\":\"WebPage\",\"@id\":\"https:\/\/ostelandet.no\/oskepott-2\/\",\"url\":\"https:\/\/ostelandet.no\/oskepott-2\/\",\"name\":\"Oskepott - Ostelandet Norge\",\"isPartOf\":{\"@id\":\"https:\/\/ostelandet.no\/#website\"},\"primaryImageOfPage\":{\"@id\":\"https:\/\/ostelandet.no\/oskepott-2\/#primaryimage\"},\"image\":{\"@id\":\"https:\/\/ostelandet.no\/oskepott-2\/#primaryimage\"},\"thumbnailUrl\":\"https:\/\/ostelandet.no\/wp-content\/uploads\/2023\/02\/Oskepott-Slettevollen-Gardsysteri_hbg.png\",\"datePublished\":\"2023-02-17T12:34:59+00:00\",\"dateModified\":\"2025-10-24T11:43:46+00:00\",\"description\":\"Mild som ung. Meir smak med god skarpheit mot best f\u00f8r datoen, ca 6 veker.\",\"breadcrumb\":{\"@id\":\"https:\/\/ostelandet.no\/oskepott-2\/#breadcrumb\"},\"inLanguage\":\"en-US\",\"potentialAction\":[{\"@type\":\"ReadAction\",\"target\":[\"https:\/\/ostelandet.no\/oskepott-2\/\"]}]},{\"@type\":\"ImageObject\",\"inLanguage\":\"en-US\",\"@id\":\"https:\/\/ostelandet.no\/oskepott-2\/#primaryimage\",\"url\":\"https:\/\/ostelandet.no\/wp-content\/uploads\/2023\/02\/Oskepott-Slettevollen-Gardsysteri_hbg.png\",\"contentUrl\":\"https:\/\/ostelandet.no\/wp-content\/uploads\/2023\/02\/Oskepott-Slettevollen-Gardsysteri_hbg.png\",\"width\":1200,\"height\":900,\"caption\":\"Oskepott Slettevollen Gardsysteri\"},{\"@type\":\"BreadcrumbList\",\"@id\":\"https:\/\/ostelandet.no\/oskepott-2\/#breadcrumb\",\"itemListElement\":[{\"@type\":\"ListItem\",\"position\":1,\"name\":\"Hjem\",\"item\":\"https:\/\/ostelandet.no\/\"},{\"@type\":\"ListItem\",\"position\":2,\"name\":\"Oskepott\"}]},{\"@type\":\"WebSite\",\"@id\":\"https:\/\/ostelandet.no\/#website\",\"url\":\"https:\/\/ostelandet.no\/\",\"name\":\"Ostelandet Norge\",\"description\":\"- L\u00e6r mer om norsk ost\",\"publisher\":{\"@id\":\"https:\/\/ostelandet.no\/#organization\"},\"potentialAction\":[{\"@type\":\"SearchAction\",\"target\":{\"@type\":\"EntryPoint\",\"urlTemplate\":\"https:\/\/ostelandet.no\/?s={search_term_string}\"},\"query-input\":{\"@type\":\"PropertyValueSpecification\",\"valueRequired\":true,\"valueName\":\"search_term_string\"}}],\"inLanguage\":\"en-US\"},{\"@type\":\"Organization\",\"@id\":\"https:\/\/ostelandet.no\/#organization\",\"name\":\"HANEN\",\"url\":\"https:\/\/ostelandet.no\/\",\"logo\":{\"@type\":\"ImageObject\",\"inLanguage\":\"en-US\",\"@id\":\"https:\/\/ostelandet.no\/#\/schema\/logo\/image\/\",\"url\":\"https:\/\/ostelandet.no\/wp-content\/uploads\/2021\/09\/ostelandet_norge_2farger_mork_hierarkisk.png\",\"contentUrl\":\"https:\/\/ostelandet.no\/wp-content\/uploads\/2021\/09\/ostelandet_norge_2farger_mork_hierarkisk.png\",\"width\":2062,\"height\":1223,\"caption\":\"HANEN\"},\"image\":{\"@id\":\"https:\/\/ostelandet.no\/#\/schema\/logo\/image\/\"},\"sameAs\":[\"https:\/\/www.facebook.com\/ostelandet-101474925294974\",\"https:\/\/www.instagram.com\/ostelandet\/\",\"https:\/\/www.linkedin.com\/showcase\/ostelandet-norge\/\"]},{\"@type\":\"Person\",\"@id\":\"https:\/\/ostelandet.no\/#\/schema\/person\/f985ce81d2968ff96c216ca1a514a5d7\",\"name\":\"Anette\",\"image\":{\"@type\":\"ImageObject\",\"inLanguage\":\"en-US\",\"@id\":\"https:\/\/ostelandet.no\/#\/schema\/person\/image\/\",\"url\":\"https:\/\/secure.gravatar.com\/avatar\/47871c780e28de464a585d8a6985a805c0494a27f00dd9d7711eb11af0d7cdc3?s=96&d=mm&r=g\",\"contentUrl\":\"https:\/\/secure.gravatar.com\/avatar\/47871c780e28de464a585d8a6985a805c0494a27f00dd9d7711eb11af0d7cdc3?s=96&d=mm&r=g\",\"caption\":\"Anette\"},\"url\":\"https:\/\/ostelandet.no\/en\/author\/anette\/\"}]}<\/script>\n<!-- \/ Yoast SEO plugin. -->","yoast_head_json":{"title":"Oskepott - Ostelandet Norge","description":"Mild som ung. Meir smak med god skarpheit mot best f\u00f8r datoen, ca 6 veker.","robots":{"index":"index","follow":"follow","max-snippet":"max-snippet:-1","max-image-preview":"max-image-preview:large","max-video-preview":"max-video-preview:-1"},"canonical":"https:\/\/ostelandet.no\/en\/oskepott-2\/","og_locale":"en_US","og_type":"article","og_title":"Oskepott - Ostelandet Norge","og_description":"Mild som ung. Meir smak med god skarpheit mot best f\u00f8r datoen, ca 6 veker.","og_url":"https:\/\/ostelandet.no\/en\/oskepott-2\/","og_site_name":"Ostelandet Norge","article_publisher":"https:\/\/www.facebook.com\/ostelandet-101474925294974","article_published_time":"2023-02-17T12:34:59+00:00","article_modified_time":"2025-10-24T11:43:46+00:00","og_image":[{"width":1200,"height":900,"url":"https:\/\/ostelandet.no\/wp-content\/uploads\/2023\/02\/Oskepott-Slettevollen-Gardsysteri_hbg.png","type":"image\/png"}],"author":"Anette","twitter_card":"summary_large_image","twitter_misc":{"Written by":"Anette","Est. reading time":"2 minutes"},"schema":{"@context":"https:\/\/schema.org","@graph":[{"@type":"Article","@id":"https:\/\/ostelandet.no\/oskepott-2\/#article","isPartOf":{"@id":"https:\/\/ostelandet.no\/oskepott-2\/"},"author":{"name":"Anette","@id":"https:\/\/ostelandet.no\/#\/schema\/person\/f985ce81d2968ff96c216ca1a514a5d7"},"headline":"Oskepott","datePublished":"2023-02-17T12:34:59+00:00","dateModified":"2025-10-24T11:43:46+00:00","mainEntityOfPage":{"@id":"https:\/\/ostelandet.no\/oskepott-2\/"},"wordCount":66,"publisher":{"@id":"https:\/\/ostelandet.no\/#organization"},"image":{"@id":"https:\/\/ostelandet.no\/oskepott-2\/#primaryimage"},"thumbnailUrl":"https:\/\/ostelandet.no\/wp-content\/uploads\/2023\/02\/Oskepott-Slettevollen-Gardsysteri_hbg.png","keywords":["Kumelk","mj\u00f8lkesopp","modna myke og faste hvite oster","Ost fra Slettevollen Gardsysteri","r\u00e5 melk","ung","Upasteurisert"],"articleSection":["modna kremost"],"inLanguage":"en-US"},{"@type":"WebPage","@id":"https:\/\/ostelandet.no\/oskepott-2\/","url":"https:\/\/ostelandet.no\/oskepott-2\/","name":"Oskepott - Ostelandet Norge","isPartOf":{"@id":"https:\/\/ostelandet.no\/#website"},"primaryImageOfPage":{"@id":"https:\/\/ostelandet.no\/oskepott-2\/#primaryimage"},"image":{"@id":"https:\/\/ostelandet.no\/oskepott-2\/#primaryimage"},"thumbnailUrl":"https:\/\/ostelandet.no\/wp-content\/uploads\/2023\/02\/Oskepott-Slettevollen-Gardsysteri_hbg.png","datePublished":"2023-02-17T12:34:59+00:00","dateModified":"2025-10-24T11:43:46+00:00","description":"Mild som ung. Meir smak med god skarpheit mot best f\u00f8r datoen, ca 6 veker.","breadcrumb":{"@id":"https:\/\/ostelandet.no\/oskepott-2\/#breadcrumb"},"inLanguage":"en-US","potentialAction":[{"@type":"ReadAction","target":["https:\/\/ostelandet.no\/oskepott-2\/"]}]},{"@type":"ImageObject","inLanguage":"en-US","@id":"https:\/\/ostelandet.no\/oskepott-2\/#primaryimage","url":"https:\/\/ostelandet.no\/wp-content\/uploads\/2023\/02\/Oskepott-Slettevollen-Gardsysteri_hbg.png","contentUrl":"https:\/\/ostelandet.no\/wp-content\/uploads\/2023\/02\/Oskepott-Slettevollen-Gardsysteri_hbg.png","width":1200,"height":900,"caption":"Oskepott Slettevollen Gardsysteri"},{"@type":"BreadcrumbList","@id":"https:\/\/ostelandet.no\/oskepott-2\/#breadcrumb","itemListElement":[{"@type":"ListItem","position":1,"name":"Hjem","item":"https:\/\/ostelandet.no\/"},{"@type":"ListItem","position":2,"name":"Oskepott"}]},{"@type":"WebSite","@id":"https:\/\/ostelandet.no\/#website","url":"https:\/\/ostelandet.no\/","name":"Ostelandet Norge","description":"- L\u00e6r mer om norsk ost","publisher":{"@id":"https:\/\/ostelandet.no\/#organization"},"potentialAction":[{"@type":"SearchAction","target":{"@type":"EntryPoint","urlTemplate":"https:\/\/ostelandet.no\/?s={search_term_string}"},"query-input":{"@type":"PropertyValueSpecification","valueRequired":true,"valueName":"search_term_string"}}],"inLanguage":"en-US"},{"@type":"Organization","@id":"https:\/\/ostelandet.no\/#organization","name":"HANEN","url":"https:\/\/ostelandet.no\/","logo":{"@type":"ImageObject","inLanguage":"en-US","@id":"https:\/\/ostelandet.no\/#\/schema\/logo\/image\/","url":"https:\/\/ostelandet.no\/wp-content\/uploads\/2021\/09\/ostelandet_norge_2farger_mork_hierarkisk.png","contentUrl":"https:\/\/ostelandet.no\/wp-content\/uploads\/2021\/09\/ostelandet_norge_2farger_mork_hierarkisk.png","width":2062,"height":1223,"caption":"HANEN"},"image":{"@id":"https:\/\/ostelandet.no\/#\/schema\/logo\/image\/"},"sameAs":["https:\/\/www.facebook.com\/ostelandet-101474925294974","https:\/\/www.instagram.com\/ostelandet\/","https:\/\/www.linkedin.com\/showcase\/ostelandet-norge\/"]},{"@type":"Person","@id":"https:\/\/ostelandet.no\/#\/schema\/person\/f985ce81d2968ff96c216ca1a514a5d7","name":"Anette","image":{"@type":"ImageObject","inLanguage":"en-US","@id":"https:\/\/ostelandet.no\/#\/schema\/person\/image\/","url":"https:\/\/secure.gravatar.com\/avatar\/47871c780e28de464a585d8a6985a805c0494a27f00dd9d7711eb11af0d7cdc3?s=96&d=mm&r=g","contentUrl":"https:\/\/secure.gravatar.com\/avatar\/47871c780e28de464a585d8a6985a805c0494a27f00dd9d7711eb11af0d7cdc3?s=96&d=mm&r=g","caption":"Anette"},"url":"https:\/\/ostelandet.no\/en\/author\/anette\/"}]}},"_links":{"self":[{"href":"https:\/\/ostelandet.no\/en\/wp-json\/wp\/v2\/posts\/7973","targetHints":{"allow":["GET"]}}],"collection":[{"href":"https:\/\/ostelandet.no\/en\/wp-json\/wp\/v2\/posts"}],"about":[{"href":"https:\/\/ostelandet.no\/en\/wp-json\/wp\/v2\/types\/post"}],"author":[{"embeddable":true,"href":"https:\/\/ostelandet.no\/en\/wp-json\/wp\/v2\/users\/9"}],"replies":[{"embeddable":true,"href":"https:\/\/ostelandet.no\/en\/wp-json\/wp\/v2\/comments?post=7973"}],"version-history":[{"count":7,"href":"https:\/\/ostelandet.no\/en\/wp-json\/wp\/v2\/posts\/7973\/revisions"}],"predecessor-version":[{"id":13980,"href":"https:\/\/ostelandet.no\/en\/wp-json\/wp\/v2\/posts\/7973\/revisions\/13980"}],"wp:featuredmedia":[{"embeddable":true,"href":"https:\/\/ostelandet.no\/en\/wp-json\/wp\/v2\/media\/13976"}],"wp:attachment":[{"href":"https:\/\/ostelandet.no\/en\/wp-json\/wp\/v2\/media?parent=7973"}],"wp:term":[{"taxonomy":"category","embeddable":true,"href":"https:\/\/ostelandet.no\/en\/wp-json\/wp\/v2\/categories?post=7973"},{"taxonomy":"post_tag","embeddable":true,"href":"https:\/\/ostelandet.no\/en\/wp-json\/wp\/v2\/tags?post=7973"},{"taxonomy":"produsent-ostetype","embeddable":true,"href":"https:\/\/ostelandet.no\/en\/wp-json\/wp\/v2\/produsent-ostetype?post=7973"},{"taxonomy":"produsentfylke","embeddable":true,"href":"https:\/\/ostelandet.no\/en\/wp-json\/wp\/v2\/produsentfylke?post=7973"}],"curies":[{"name":"wp","href":"https:\/\/api.w.org\/{rel}","templated":true}]}}