{"id":7889,"date":"2023-02-07T13:22:34","date_gmt":"2023-02-07T12:22:34","guid":{"rendered":"https:\/\/ostelandet.no\/?p=7889"},"modified":"2023-05-02T13:13:40","modified_gmt":"2023-05-02T11:13:40","slug":"kremost-naturell-og-med-provenceurter","status":"publish","type":"post","link":"https:\/\/ostelandet.no\/en\/kremost-naturell-og-med-provenceurter\/","title":{"rendered":"Kremost Naturell og med Provenceurter"},"content":{"rendered":"<h2>\n\t\tFRESH CREAM CHEESE\n\t<\/h2>\n<h2>\n\t\tKremost Naturell og med Provenceurter\n\t<\/h2>\n\t<figure>\n\n<\/figure>\n<p><strong>Producer: <\/strong><a href=\"https:\/\/ostelandet.no\/en\/ystelyst-handverskysteri\/\">YsteLyst Handverksysteri<\/a><\/p>\n<strong>Type:<\/strong> Fresh cheese\/non-matured cheese<br \/>\n<strong>Milk:<\/strong> Goat&#039;s milk\n<p><strong>Flavour:<\/strong> Fresh and creamy, slightly acidic<\/p>\n<p><strong>Description:<\/strong> Spreadable consistency Kremost Naturell (Cream Cheese Plain) Very versatile and applicable. Works well on bread and lefse (traditional soft flatbread) combined with cured meats, in cheesecake, on crackers. Kremost med provenceurter (Cream Cheese with Provence Herbs) Fantastic on biscuits, on pizza, in pasta dishes.<\/p>\n<p><strong>Retailers:<\/strong> Own farm shop Ulsrudseter, Nordre Berg.<\/p>\n\t\t\t\t<img loading=\"lazy\" decoding=\"async\" src=\"https:\/\/ostelandet.no\/wp-content\/uploads\/2023\/02\/kremost__naturell_og_med_provence_urter.jpg\" alt=\"kremost__naturell_og_med_provence_urter\" itemprop=\"image\" height=\"600\" width=\"600\" title=\"cream cheese__natural_and_with_provence_herbs\" onerror=\"this.style.display='none'\"  \/>\n<h2>\n\t\tMORE PRODUCTS FROM YSTELYST H\u00c5NDVERKYSTERI\n\t<\/h2>","protected":false},"excerpt":{"rendered":"<p>A fresh cheese made from fresh unpasteurized goat&#039;s milk. Lightly salted. natural or with spices from Aukrust Gard and Urteri. This cheese is absolutely lovely as a desert cheese with fresh berries or a good jam! Or classic with walnuts and honey!<\/p>","protected":false},"author":9,"featured_media":7890,"comment_status":"closed","ping_status":"closed","sticky":false,"template":"","format":"standard","meta":{"_acf_changed":false,"footnotes":""},"categories":[14],"tags":[43,103,215,748,914,82],"produsent-ostetype":[],"produsentfylke":[],"class_list":["post-7889","post","type-post","status-publish","format-standard","has-post-thumbnail","hentry","category-ferskost","tag-ferskost","tag-geitemelk","tag-kremost","tag-krydret","tag-ost-fra-ystelyst","tag-upasteurisert"],"acf":[],"yoast_head":"<!-- This site is optimized with the Yoast SEO plugin v26.1.1 - https:\/\/yoast.com\/wordpress\/plugins\/seo\/ -->\n<title>Kremost Naturell og med Provenceurter - Ostelandet Norge<\/title>\n<meta name=\"description\" content=\"En frisk ost laget av nysila upasteurisert geitemelk. Lettsaltet. naturell eller med krydder fra Aukrust Gard og Urteri. Denne osten er helt nydelig som desertost med ferske b\u00e6r eller en god syltet\u00f8y! Eller klassisk med valn\u00f8tter og honning!\" \/>\n<meta name=\"robots\" content=\"index, follow, max-snippet:-1, max-image-preview:large, max-video-preview:-1\" \/>\n<link rel=\"canonical\" href=\"https:\/\/ostelandet.no\/en\/kremost-naturell-og-med-provenceurter\/\" \/>\n<meta property=\"og:locale\" content=\"en_US\" \/>\n<meta property=\"og:type\" content=\"article\" \/>\n<meta property=\"og:title\" content=\"Kremost Naturell og med Provenceurter - Ostelandet Norge\" \/>\n<meta property=\"og:description\" content=\"En frisk ost laget av nysila upasteurisert geitemelk. Lettsaltet. naturell eller med krydder fra Aukrust Gard og Urteri. Denne osten er helt nydelig som desertost med ferske b\u00e6r eller en god syltet\u00f8y! Eller klassisk med valn\u00f8tter og honning!\" \/>\n<meta property=\"og:url\" content=\"https:\/\/ostelandet.no\/en\/kremost-naturell-og-med-provenceurter\/\" \/>\n<meta property=\"og:site_name\" content=\"Ostelandet Norge\" \/>\n<meta property=\"article:publisher\" content=\"https:\/\/www.facebook.com\/ostelandet-101474925294974\" \/>\n<meta property=\"article:published_time\" content=\"2023-02-07T12:22:34+00:00\" \/>\n<meta property=\"article:modified_time\" content=\"2023-05-02T11:13:40+00:00\" \/>\n<meta property=\"og:image\" content=\"https:\/\/ostelandet.no\/wp-content\/uploads\/2023\/02\/kremost__naturell_og_med_provence_urter.jpg\" \/>\n\t<meta property=\"og:image:width\" content=\"600\" \/>\n\t<meta property=\"og:image:height\" content=\"600\" \/>\n\t<meta property=\"og:image:type\" content=\"image\/jpeg\" \/>\n<meta name=\"author\" content=\"Anette\" \/>\n<meta name=\"twitter:card\" content=\"summary_large_image\" \/>\n<meta name=\"twitter:label1\" content=\"Written by\" \/>\n\t<meta name=\"twitter:data1\" content=\"Anette\" \/>\n\t<meta name=\"twitter:label2\" content=\"Est. reading time\" \/>\n\t<meta name=\"twitter:data2\" content=\"1 minute\" \/>\n<script type=\"application\/ld+json\" class=\"yoast-schema-graph\">{\"@context\":\"https:\/\/schema.org\",\"@graph\":[{\"@type\":\"Article\",\"@id\":\"https:\/\/ostelandet.no\/kremost-naturell-og-med-provenceurter\/#article\",\"isPartOf\":{\"@id\":\"https:\/\/ostelandet.no\/kremost-naturell-og-med-provenceurter\/\"},\"author\":{\"name\":\"Anette\",\"@id\":\"https:\/\/ostelandet.no\/#\/schema\/person\/f985ce81d2968ff96c216ca1a514a5d7\"},\"headline\":\"Kremost Naturell og med Provenceurter\",\"datePublished\":\"2023-02-07T12:22:34+00:00\",\"dateModified\":\"2023-05-02T11:13:40+00:00\",\"mainEntityOfPage\":{\"@id\":\"https:\/\/ostelandet.no\/kremost-naturell-og-med-provenceurter\/\"},\"wordCount\":74,\"publisher\":{\"@id\":\"https:\/\/ostelandet.no\/#organization\"},\"image\":{\"@id\":\"https:\/\/ostelandet.no\/kremost-naturell-og-med-provenceurter\/#primaryimage\"},\"thumbnailUrl\":\"https:\/\/ostelandet.no\/wp-content\/uploads\/2023\/02\/kremost__naturell_og_med_provence_urter.jpg\",\"keywords\":[\"ferskost\",\"geitemelk\",\"kremost\",\"krydret\",\"ost fra YsteLyst\",\"Upasteurisert\"],\"articleSection\":[\"Ferskost\"],\"inLanguage\":\"en-US\"},{\"@type\":\"WebPage\",\"@id\":\"https:\/\/ostelandet.no\/kremost-naturell-og-med-provenceurter\/\",\"url\":\"https:\/\/ostelandet.no\/kremost-naturell-og-med-provenceurter\/\",\"name\":\"Kremost Naturell og med Provenceurter - Ostelandet Norge\",\"isPartOf\":{\"@id\":\"https:\/\/ostelandet.no\/#website\"},\"primaryImageOfPage\":{\"@id\":\"https:\/\/ostelandet.no\/kremost-naturell-og-med-provenceurter\/#primaryimage\"},\"image\":{\"@id\":\"https:\/\/ostelandet.no\/kremost-naturell-og-med-provenceurter\/#primaryimage\"},\"thumbnailUrl\":\"https:\/\/ostelandet.no\/wp-content\/uploads\/2023\/02\/kremost__naturell_og_med_provence_urter.jpg\",\"datePublished\":\"2023-02-07T12:22:34+00:00\",\"dateModified\":\"2023-05-02T11:13:40+00:00\",\"description\":\"En frisk ost laget av nysila upasteurisert geitemelk. Lettsaltet. naturell eller med krydder fra Aukrust Gard og Urteri. Denne osten er helt nydelig som desertost med ferske b\u00e6r eller en god syltet\u00f8y! Eller klassisk med valn\u00f8tter og honning!\",\"breadcrumb\":{\"@id\":\"https:\/\/ostelandet.no\/kremost-naturell-og-med-provenceurter\/#breadcrumb\"},\"inLanguage\":\"en-US\",\"potentialAction\":[{\"@type\":\"ReadAction\",\"target\":[\"https:\/\/ostelandet.no\/kremost-naturell-og-med-provenceurter\/\"]}]},{\"@type\":\"ImageObject\",\"inLanguage\":\"en-US\",\"@id\":\"https:\/\/ostelandet.no\/kremost-naturell-og-med-provenceurter\/#primaryimage\",\"url\":\"https:\/\/ostelandet.no\/wp-content\/uploads\/2023\/02\/kremost__naturell_og_med_provence_urter.jpg\",\"contentUrl\":\"https:\/\/ostelandet.no\/wp-content\/uploads\/2023\/02\/kremost__naturell_og_med_provence_urter.jpg\",\"width\":600,\"height\":600},{\"@type\":\"BreadcrumbList\",\"@id\":\"https:\/\/ostelandet.no\/kremost-naturell-og-med-provenceurter\/#breadcrumb\",\"itemListElement\":[{\"@type\":\"ListItem\",\"position\":1,\"name\":\"Hjem\",\"item\":\"https:\/\/ostelandet.no\/\"},{\"@type\":\"ListItem\",\"position\":2,\"name\":\"Kremost Naturell og med Provenceurter\"}]},{\"@type\":\"WebSite\",\"@id\":\"https:\/\/ostelandet.no\/#website\",\"url\":\"https:\/\/ostelandet.no\/\",\"name\":\"Ostelandet Norge\",\"description\":\"- L\u00e6r mer om norsk ost\",\"publisher\":{\"@id\":\"https:\/\/ostelandet.no\/#organization\"},\"potentialAction\":[{\"@type\":\"SearchAction\",\"target\":{\"@type\":\"EntryPoint\",\"urlTemplate\":\"https:\/\/ostelandet.no\/?s={search_term_string}\"},\"query-input\":{\"@type\":\"PropertyValueSpecification\",\"valueRequired\":true,\"valueName\":\"search_term_string\"}}],\"inLanguage\":\"en-US\"},{\"@type\":\"Organization\",\"@id\":\"https:\/\/ostelandet.no\/#organization\",\"name\":\"HANEN\",\"url\":\"https:\/\/ostelandet.no\/\",\"logo\":{\"@type\":\"ImageObject\",\"inLanguage\":\"en-US\",\"@id\":\"https:\/\/ostelandet.no\/#\/schema\/logo\/image\/\",\"url\":\"https:\/\/ostelandet.no\/wp-content\/uploads\/2021\/09\/ostelandet_norge_2farger_mork_hierarkisk.png\",\"contentUrl\":\"https:\/\/ostelandet.no\/wp-content\/uploads\/2021\/09\/ostelandet_norge_2farger_mork_hierarkisk.png\",\"width\":2062,\"height\":1223,\"caption\":\"HANEN\"},\"image\":{\"@id\":\"https:\/\/ostelandet.no\/#\/schema\/logo\/image\/\"},\"sameAs\":[\"https:\/\/www.facebook.com\/ostelandet-101474925294974\",\"https:\/\/www.instagram.com\/ostelandet\/\",\"https:\/\/www.linkedin.com\/showcase\/ostelandet-norge\/\"]},{\"@type\":\"Person\",\"@id\":\"https:\/\/ostelandet.no\/#\/schema\/person\/f985ce81d2968ff96c216ca1a514a5d7\",\"name\":\"Anette\",\"image\":{\"@type\":\"ImageObject\",\"inLanguage\":\"en-US\",\"@id\":\"https:\/\/ostelandet.no\/#\/schema\/person\/image\/\",\"url\":\"https:\/\/secure.gravatar.com\/avatar\/47871c780e28de464a585d8a6985a805c0494a27f00dd9d7711eb11af0d7cdc3?s=96&d=mm&r=g\",\"contentUrl\":\"https:\/\/secure.gravatar.com\/avatar\/47871c780e28de464a585d8a6985a805c0494a27f00dd9d7711eb11af0d7cdc3?s=96&d=mm&r=g\",\"caption\":\"Anette\"},\"url\":\"https:\/\/ostelandet.no\/en\/author\/anette\/\"}]}<\/script>\n<!-- \/ Yoast SEO plugin. -->","yoast_head_json":{"title":"Kremost Naturell og med Provenceurter - Ostelandet Norge","description":"En frisk ost laget av nysila upasteurisert geitemelk. Lettsaltet. naturell eller med krydder fra Aukrust Gard og Urteri. Denne osten er helt nydelig som desertost med ferske b\u00e6r eller en god syltet\u00f8y! Eller klassisk med valn\u00f8tter og honning!","robots":{"index":"index","follow":"follow","max-snippet":"max-snippet:-1","max-image-preview":"max-image-preview:large","max-video-preview":"max-video-preview:-1"},"canonical":"https:\/\/ostelandet.no\/en\/kremost-naturell-og-med-provenceurter\/","og_locale":"en_US","og_type":"article","og_title":"Kremost Naturell og med Provenceurter - Ostelandet Norge","og_description":"En frisk ost laget av nysila upasteurisert geitemelk. Lettsaltet. naturell eller med krydder fra Aukrust Gard og Urteri. Denne osten er helt nydelig som desertost med ferske b\u00e6r eller en god syltet\u00f8y! Eller klassisk med valn\u00f8tter og honning!","og_url":"https:\/\/ostelandet.no\/en\/kremost-naturell-og-med-provenceurter\/","og_site_name":"Ostelandet Norge","article_publisher":"https:\/\/www.facebook.com\/ostelandet-101474925294974","article_published_time":"2023-02-07T12:22:34+00:00","article_modified_time":"2023-05-02T11:13:40+00:00","og_image":[{"width":600,"height":600,"url":"https:\/\/ostelandet.no\/wp-content\/uploads\/2023\/02\/kremost__naturell_og_med_provence_urter.jpg","type":"image\/jpeg"}],"author":"Anette","twitter_card":"summary_large_image","twitter_misc":{"Written by":"Anette","Est. reading time":"1 minute"},"schema":{"@context":"https:\/\/schema.org","@graph":[{"@type":"Article","@id":"https:\/\/ostelandet.no\/kremost-naturell-og-med-provenceurter\/#article","isPartOf":{"@id":"https:\/\/ostelandet.no\/kremost-naturell-og-med-provenceurter\/"},"author":{"name":"Anette","@id":"https:\/\/ostelandet.no\/#\/schema\/person\/f985ce81d2968ff96c216ca1a514a5d7"},"headline":"Kremost Naturell og med Provenceurter","datePublished":"2023-02-07T12:22:34+00:00","dateModified":"2023-05-02T11:13:40+00:00","mainEntityOfPage":{"@id":"https:\/\/ostelandet.no\/kremost-naturell-og-med-provenceurter\/"},"wordCount":74,"publisher":{"@id":"https:\/\/ostelandet.no\/#organization"},"image":{"@id":"https:\/\/ostelandet.no\/kremost-naturell-og-med-provenceurter\/#primaryimage"},"thumbnailUrl":"https:\/\/ostelandet.no\/wp-content\/uploads\/2023\/02\/kremost__naturell_og_med_provence_urter.jpg","keywords":["ferskost","geitemelk","kremost","krydret","ost fra YsteLyst","Upasteurisert"],"articleSection":["Ferskost"],"inLanguage":"en-US"},{"@type":"WebPage","@id":"https:\/\/ostelandet.no\/kremost-naturell-og-med-provenceurter\/","url":"https:\/\/ostelandet.no\/kremost-naturell-og-med-provenceurter\/","name":"Kremost Naturell og med Provenceurter - Ostelandet Norge","isPartOf":{"@id":"https:\/\/ostelandet.no\/#website"},"primaryImageOfPage":{"@id":"https:\/\/ostelandet.no\/kremost-naturell-og-med-provenceurter\/#primaryimage"},"image":{"@id":"https:\/\/ostelandet.no\/kremost-naturell-og-med-provenceurter\/#primaryimage"},"thumbnailUrl":"https:\/\/ostelandet.no\/wp-content\/uploads\/2023\/02\/kremost__naturell_og_med_provence_urter.jpg","datePublished":"2023-02-07T12:22:34+00:00","dateModified":"2023-05-02T11:13:40+00:00","description":"En frisk ost laget av nysila upasteurisert geitemelk. Lettsaltet. naturell eller med krydder fra Aukrust Gard og Urteri. Denne osten er helt nydelig som desertost med ferske b\u00e6r eller en god syltet\u00f8y! Eller klassisk med valn\u00f8tter og honning!","breadcrumb":{"@id":"https:\/\/ostelandet.no\/kremost-naturell-og-med-provenceurter\/#breadcrumb"},"inLanguage":"en-US","potentialAction":[{"@type":"ReadAction","target":["https:\/\/ostelandet.no\/kremost-naturell-og-med-provenceurter\/"]}]},{"@type":"ImageObject","inLanguage":"en-US","@id":"https:\/\/ostelandet.no\/kremost-naturell-og-med-provenceurter\/#primaryimage","url":"https:\/\/ostelandet.no\/wp-content\/uploads\/2023\/02\/kremost__naturell_og_med_provence_urter.jpg","contentUrl":"https:\/\/ostelandet.no\/wp-content\/uploads\/2023\/02\/kremost__naturell_og_med_provence_urter.jpg","width":600,"height":600},{"@type":"BreadcrumbList","@id":"https:\/\/ostelandet.no\/kremost-naturell-og-med-provenceurter\/#breadcrumb","itemListElement":[{"@type":"ListItem","position":1,"name":"Hjem","item":"https:\/\/ostelandet.no\/"},{"@type":"ListItem","position":2,"name":"Kremost Naturell og med Provenceurter"}]},{"@type":"WebSite","@id":"https:\/\/ostelandet.no\/#website","url":"https:\/\/ostelandet.no\/","name":"Ostelandet Norge","description":"- L\u00e6r mer om norsk ost","publisher":{"@id":"https:\/\/ostelandet.no\/#organization"},"potentialAction":[{"@type":"SearchAction","target":{"@type":"EntryPoint","urlTemplate":"https:\/\/ostelandet.no\/?s={search_term_string}"},"query-input":{"@type":"PropertyValueSpecification","valueRequired":true,"valueName":"search_term_string"}}],"inLanguage":"en-US"},{"@type":"Organization","@id":"https:\/\/ostelandet.no\/#organization","name":"HANEN","url":"https:\/\/ostelandet.no\/","logo":{"@type":"ImageObject","inLanguage":"en-US","@id":"https:\/\/ostelandet.no\/#\/schema\/logo\/image\/","url":"https:\/\/ostelandet.no\/wp-content\/uploads\/2021\/09\/ostelandet_norge_2farger_mork_hierarkisk.png","contentUrl":"https:\/\/ostelandet.no\/wp-content\/uploads\/2021\/09\/ostelandet_norge_2farger_mork_hierarkisk.png","width":2062,"height":1223,"caption":"HANEN"},"image":{"@id":"https:\/\/ostelandet.no\/#\/schema\/logo\/image\/"},"sameAs":["https:\/\/www.facebook.com\/ostelandet-101474925294974","https:\/\/www.instagram.com\/ostelandet\/","https:\/\/www.linkedin.com\/showcase\/ostelandet-norge\/"]},{"@type":"Person","@id":"https:\/\/ostelandet.no\/#\/schema\/person\/f985ce81d2968ff96c216ca1a514a5d7","name":"Anette","image":{"@type":"ImageObject","inLanguage":"en-US","@id":"https:\/\/ostelandet.no\/#\/schema\/person\/image\/","url":"https:\/\/secure.gravatar.com\/avatar\/47871c780e28de464a585d8a6985a805c0494a27f00dd9d7711eb11af0d7cdc3?s=96&d=mm&r=g","contentUrl":"https:\/\/secure.gravatar.com\/avatar\/47871c780e28de464a585d8a6985a805c0494a27f00dd9d7711eb11af0d7cdc3?s=96&d=mm&r=g","caption":"Anette"},"url":"https:\/\/ostelandet.no\/en\/author\/anette\/"}]}},"_links":{"self":[{"href":"https:\/\/ostelandet.no\/en\/wp-json\/wp\/v2\/posts\/7889","targetHints":{"allow":["GET"]}}],"collection":[{"href":"https:\/\/ostelandet.no\/en\/wp-json\/wp\/v2\/posts"}],"about":[{"href":"https:\/\/ostelandet.no\/en\/wp-json\/wp\/v2\/types\/post"}],"author":[{"embeddable":true,"href":"https:\/\/ostelandet.no\/en\/wp-json\/wp\/v2\/users\/9"}],"replies":[{"embeddable":true,"href":"https:\/\/ostelandet.no\/en\/wp-json\/wp\/v2\/comments?post=7889"}],"version-history":[{"count":4,"href":"https:\/\/ostelandet.no\/en\/wp-json\/wp\/v2\/posts\/7889\/revisions"}],"predecessor-version":[{"id":9252,"href":"https:\/\/ostelandet.no\/en\/wp-json\/wp\/v2\/posts\/7889\/revisions\/9252"}],"wp:featuredmedia":[{"embeddable":true,"href":"https:\/\/ostelandet.no\/en\/wp-json\/wp\/v2\/media\/7890"}],"wp:attachment":[{"href":"https:\/\/ostelandet.no\/en\/wp-json\/wp\/v2\/media?parent=7889"}],"wp:term":[{"taxonomy":"category","embeddable":true,"href":"https:\/\/ostelandet.no\/en\/wp-json\/wp\/v2\/categories?post=7889"},{"taxonomy":"post_tag","embeddable":true,"href":"https:\/\/ostelandet.no\/en\/wp-json\/wp\/v2\/tags?post=7889"},{"taxonomy":"produsent-ostetype","embeddable":true,"href":"https:\/\/ostelandet.no\/en\/wp-json\/wp\/v2\/produsent-ostetype?post=7889"},{"taxonomy":"produsentfylke","embeddable":true,"href":"https:\/\/ostelandet.no\/en\/wp-json\/wp\/v2\/produsentfylke?post=7889"}],"curies":[{"name":"wp","href":"https:\/\/api.w.org\/{rel}","templated":true}]}}