{"id":7826,"date":"2023-02-07T13:38:13","date_gmt":"2023-02-07T12:38:13","guid":{"rendered":"https:\/\/ostelandet.no\/?p=7826"},"modified":"2025-10-24T16:39:54","modified_gmt":"2025-10-24T14:39:54","slug":"roykt-hardanger-steikeost","status":"publish","type":"post","link":"https:\/\/ostelandet.no\/en\/roykt-hardanger-steikeost\/","title":{"rendered":"R\u00f8ykt Hardanger steikeost"},"content":{"rendered":"<h2>\n\t\t<a href=\"https:\/\/ostelandet.no\/en\/ferskost\/\" title=\"FRESH CHEESE\"  target=\"_self\">\n\t\t\tFRESH CHEESE\t\t<\/a>\n\t<\/h2>\n<h2>\n\t\t\tR\u00f8ykt Hardanger steikeost\t<\/h2>\n\t<figure>\n\n<\/figure>\n<strong>Producer: <\/strong><a href=\"https:\/\/ostelandet.no\/en\/hardanger-bygdeysteri\/\">Hardanger Bygdeysteri<\/a><br \/>\n<strong>Type:<\/strong> Fresh cheese<br \/>\n<strong>Milk:<\/strong> Cow&#039;s milk\n<p><strong>Flavour:<\/strong> R\u00f8ykt steikeost has a mild, delicate taste of smoked grey alder tree.<\/p>\n<p><strong>Description: <\/strong>Hardanger r\u00f8ykt steikeost is inspired by the Cypriot cheese halloumi. The grey alder tree is traditionally widely used for smoking food in Hardanger. Cut the cheese into slices, feel free to add flavour as desired and fry it. Often used as an alternative to meat.<\/p>\n<p><strong>Retailers:<\/strong> Contact us for information on retailers<\/p>\n<h2>\n\t\t\tMORE PRODUCTS FROM HARDANGER BYGDEYSTERI\t<\/h2>","protected":false},"excerpt":{"rendered":"<p>Hardanger smoked steak cheese has a mild, delicate taste of smoked grayling. Gray alder is traditionally very useful<br \/>\nsmoking food in Hardanger<\/p>","protected":false},"author":9,"featured_media":14097,"comment_status":"closed","ping_status":"closed","sticky":false,"template":"","format":"standard","meta":{"_acf_changed":false,"footnotes":""},"categories":[14],"tags":[43,912,37,26,888,394,300],"produsent-ostetype":[],"produsentfylke":[],"class_list":["post-7826","post","type-post","status-publish","format-standard","has-post-thumbnail","hentry","category-ferskost","tag-ferskost","tag-graor","tag-kumelk","tag-mild","tag-ost-fra-hardanger-bygdeysteri","tag-steikeost","tag-stekeost"],"acf":[],"yoast_head":"<!-- This site is optimized with the Yoast SEO plugin v26.1.1 - https:\/\/yoast.com\/wordpress\/plugins\/seo\/ -->\n<title>R\u00f8ykt Hardanger steikeost - Ostelandet Norge<\/title>\n<meta name=\"description\" content=\"Hardanger r\u00f8ykt steikeost har ei mild, delikat smak av r\u00f8ykt gr\u00e5or. Gr\u00e5or er tradisjonelt mye nytta til r\u00f8yking av mat i Hardanger\" \/>\n<meta name=\"robots\" content=\"index, follow, max-snippet:-1, max-image-preview:large, max-video-preview:-1\" \/>\n<link rel=\"canonical\" href=\"https:\/\/ostelandet.no\/en\/roykt-hardanger-steikeost\/\" \/>\n<meta property=\"og:locale\" content=\"en_US\" \/>\n<meta property=\"og:type\" content=\"article\" \/>\n<meta property=\"og:title\" content=\"R\u00f8ykt Hardanger steikeost - Ostelandet Norge\" \/>\n<meta property=\"og:description\" content=\"Hardanger r\u00f8ykt steikeost har ei mild, delikat smak av r\u00f8ykt gr\u00e5or. Gr\u00e5or er tradisjonelt mye nytta til r\u00f8yking av mat i Hardanger\" \/>\n<meta property=\"og:url\" content=\"https:\/\/ostelandet.no\/en\/roykt-hardanger-steikeost\/\" \/>\n<meta property=\"og:site_name\" content=\"Ostelandet Norge\" \/>\n<meta property=\"article:publisher\" content=\"https:\/\/www.facebook.com\/ostelandet-101474925294974\" \/>\n<meta property=\"article:published_time\" content=\"2023-02-07T12:38:13+00:00\" \/>\n<meta property=\"article:modified_time\" content=\"2025-10-24T14:39:54+00:00\" \/>\n<meta property=\"og:image\" content=\"https:\/\/ostelandet.no\/wp-content\/uploads\/2023\/02\/Steikeost-Roykt-Hardanger-Bygdeysteri_hbg-1.png\" \/>\n\t<meta property=\"og:image:width\" content=\"1200\" \/>\n\t<meta property=\"og:image:height\" content=\"900\" \/>\n\t<meta property=\"og:image:type\" content=\"image\/png\" \/>\n<meta name=\"author\" content=\"Anette\" \/>\n<meta name=\"twitter:card\" content=\"summary_large_image\" \/>\n<meta name=\"twitter:label1\" content=\"Written by\" \/>\n\t<meta name=\"twitter:data1\" content=\"Anette\" \/>\n\t<meta name=\"twitter:label2\" content=\"Est. reading time\" \/>\n\t<meta name=\"twitter:data2\" content=\"2 minutes\" \/>\n<script type=\"application\/ld+json\" class=\"yoast-schema-graph\">{\"@context\":\"https:\/\/schema.org\",\"@graph\":[{\"@type\":\"Article\",\"@id\":\"https:\/\/ostelandet.no\/roykt-hardanger-steikeost\/#article\",\"isPartOf\":{\"@id\":\"https:\/\/ostelandet.no\/roykt-hardanger-steikeost\/\"},\"author\":{\"name\":\"Anette\",\"@id\":\"https:\/\/ostelandet.no\/#\/schema\/person\/f985ce81d2968ff96c216ca1a514a5d7\"},\"headline\":\"R\u00f8ykt Hardanger steikeost\",\"datePublished\":\"2023-02-07T12:38:13+00:00\",\"dateModified\":\"2025-10-24T14:39:54+00:00\",\"mainEntityOfPage\":{\"@id\":\"https:\/\/ostelandet.no\/roykt-hardanger-steikeost\/\"},\"wordCount\":89,\"publisher\":{\"@id\":\"https:\/\/ostelandet.no\/#organization\"},\"image\":{\"@id\":\"https:\/\/ostelandet.no\/roykt-hardanger-steikeost\/#primaryimage\"},\"thumbnailUrl\":\"https:\/\/ostelandet.no\/wp-content\/uploads\/2023\/02\/Steikeost-Roykt-Hardanger-Bygdeysteri_hbg-1.png\",\"keywords\":[\"ferskost\",\"Gr\u00e5or\",\"Kumelk\",\"Mild\",\"ost fra Hardanger Bygdeysteri\",\"steikeost\",\"stekeost\"],\"articleSection\":[\"Ferskost\"],\"inLanguage\":\"en-US\"},{\"@type\":\"WebPage\",\"@id\":\"https:\/\/ostelandet.no\/roykt-hardanger-steikeost\/\",\"url\":\"https:\/\/ostelandet.no\/roykt-hardanger-steikeost\/\",\"name\":\"R\u00f8ykt Hardanger steikeost - Ostelandet Norge\",\"isPartOf\":{\"@id\":\"https:\/\/ostelandet.no\/#website\"},\"primaryImageOfPage\":{\"@id\":\"https:\/\/ostelandet.no\/roykt-hardanger-steikeost\/#primaryimage\"},\"image\":{\"@id\":\"https:\/\/ostelandet.no\/roykt-hardanger-steikeost\/#primaryimage\"},\"thumbnailUrl\":\"https:\/\/ostelandet.no\/wp-content\/uploads\/2023\/02\/Steikeost-Roykt-Hardanger-Bygdeysteri_hbg-1.png\",\"datePublished\":\"2023-02-07T12:38:13+00:00\",\"dateModified\":\"2025-10-24T14:39:54+00:00\",\"description\":\"Hardanger r\u00f8ykt steikeost har ei mild, delikat smak av r\u00f8ykt gr\u00e5or. Gr\u00e5or er tradisjonelt mye nytta til r\u00f8yking av mat i Hardanger\",\"breadcrumb\":{\"@id\":\"https:\/\/ostelandet.no\/roykt-hardanger-steikeost\/#breadcrumb\"},\"inLanguage\":\"en-US\",\"potentialAction\":[{\"@type\":\"ReadAction\",\"target\":[\"https:\/\/ostelandet.no\/roykt-hardanger-steikeost\/\"]}]},{\"@type\":\"ImageObject\",\"inLanguage\":\"en-US\",\"@id\":\"https:\/\/ostelandet.no\/roykt-hardanger-steikeost\/#primaryimage\",\"url\":\"https:\/\/ostelandet.no\/wp-content\/uploads\/2023\/02\/Steikeost-Roykt-Hardanger-Bygdeysteri_hbg-1.png\",\"contentUrl\":\"https:\/\/ostelandet.no\/wp-content\/uploads\/2023\/02\/Steikeost-Roykt-Hardanger-Bygdeysteri_hbg-1.png\",\"width\":1200,\"height\":900},{\"@type\":\"BreadcrumbList\",\"@id\":\"https:\/\/ostelandet.no\/roykt-hardanger-steikeost\/#breadcrumb\",\"itemListElement\":[{\"@type\":\"ListItem\",\"position\":1,\"name\":\"Hjem\",\"item\":\"https:\/\/ostelandet.no\/\"},{\"@type\":\"ListItem\",\"position\":2,\"name\":\"R\u00f8ykt Hardanger steikeost\"}]},{\"@type\":\"WebSite\",\"@id\":\"https:\/\/ostelandet.no\/#website\",\"url\":\"https:\/\/ostelandet.no\/\",\"name\":\"Ostelandet Norge\",\"description\":\"- L\u00e6r mer om norsk ost\",\"publisher\":{\"@id\":\"https:\/\/ostelandet.no\/#organization\"},\"potentialAction\":[{\"@type\":\"SearchAction\",\"target\":{\"@type\":\"EntryPoint\",\"urlTemplate\":\"https:\/\/ostelandet.no\/?s={search_term_string}\"},\"query-input\":{\"@type\":\"PropertyValueSpecification\",\"valueRequired\":true,\"valueName\":\"search_term_string\"}}],\"inLanguage\":\"en-US\"},{\"@type\":\"Organization\",\"@id\":\"https:\/\/ostelandet.no\/#organization\",\"name\":\"HANEN\",\"url\":\"https:\/\/ostelandet.no\/\",\"logo\":{\"@type\":\"ImageObject\",\"inLanguage\":\"en-US\",\"@id\":\"https:\/\/ostelandet.no\/#\/schema\/logo\/image\/\",\"url\":\"https:\/\/ostelandet.no\/wp-content\/uploads\/2021\/09\/ostelandet_norge_2farger_mork_hierarkisk.png\",\"contentUrl\":\"https:\/\/ostelandet.no\/wp-content\/uploads\/2021\/09\/ostelandet_norge_2farger_mork_hierarkisk.png\",\"width\":2062,\"height\":1223,\"caption\":\"HANEN\"},\"image\":{\"@id\":\"https:\/\/ostelandet.no\/#\/schema\/logo\/image\/\"},\"sameAs\":[\"https:\/\/www.facebook.com\/ostelandet-101474925294974\",\"https:\/\/www.instagram.com\/ostelandet\/\",\"https:\/\/www.linkedin.com\/showcase\/ostelandet-norge\/\"]},{\"@type\":\"Person\",\"@id\":\"https:\/\/ostelandet.no\/#\/schema\/person\/f985ce81d2968ff96c216ca1a514a5d7\",\"name\":\"Anette\",\"image\":{\"@type\":\"ImageObject\",\"inLanguage\":\"en-US\",\"@id\":\"https:\/\/ostelandet.no\/#\/schema\/person\/image\/\",\"url\":\"https:\/\/secure.gravatar.com\/avatar\/47871c780e28de464a585d8a6985a805c0494a27f00dd9d7711eb11af0d7cdc3?s=96&d=mm&r=g\",\"contentUrl\":\"https:\/\/secure.gravatar.com\/avatar\/47871c780e28de464a585d8a6985a805c0494a27f00dd9d7711eb11af0d7cdc3?s=96&d=mm&r=g\",\"caption\":\"Anette\"},\"url\":\"https:\/\/ostelandet.no\/en\/author\/anette\/\"}]}<\/script>\n<!-- \/ Yoast SEO plugin. -->","yoast_head_json":{"title":"R\u00f8ykt Hardanger steikeost - Ostelandet Norge","description":"Hardanger r\u00f8ykt steikeost har ei mild, delikat smak av r\u00f8ykt gr\u00e5or. Gr\u00e5or er tradisjonelt mye nytta til r\u00f8yking av mat i Hardanger","robots":{"index":"index","follow":"follow","max-snippet":"max-snippet:-1","max-image-preview":"max-image-preview:large","max-video-preview":"max-video-preview:-1"},"canonical":"https:\/\/ostelandet.no\/en\/roykt-hardanger-steikeost\/","og_locale":"en_US","og_type":"article","og_title":"R\u00f8ykt Hardanger steikeost - Ostelandet Norge","og_description":"Hardanger r\u00f8ykt steikeost har ei mild, delikat smak av r\u00f8ykt gr\u00e5or. Gr\u00e5or er tradisjonelt mye nytta til r\u00f8yking av mat i Hardanger","og_url":"https:\/\/ostelandet.no\/en\/roykt-hardanger-steikeost\/","og_site_name":"Ostelandet Norge","article_publisher":"https:\/\/www.facebook.com\/ostelandet-101474925294974","article_published_time":"2023-02-07T12:38:13+00:00","article_modified_time":"2025-10-24T14:39:54+00:00","og_image":[{"width":1200,"height":900,"url":"https:\/\/ostelandet.no\/wp-content\/uploads\/2023\/02\/Steikeost-Roykt-Hardanger-Bygdeysteri_hbg-1.png","type":"image\/png"}],"author":"Anette","twitter_card":"summary_large_image","twitter_misc":{"Written by":"Anette","Est. reading time":"2 minutes"},"schema":{"@context":"https:\/\/schema.org","@graph":[{"@type":"Article","@id":"https:\/\/ostelandet.no\/roykt-hardanger-steikeost\/#article","isPartOf":{"@id":"https:\/\/ostelandet.no\/roykt-hardanger-steikeost\/"},"author":{"name":"Anette","@id":"https:\/\/ostelandet.no\/#\/schema\/person\/f985ce81d2968ff96c216ca1a514a5d7"},"headline":"R\u00f8ykt Hardanger steikeost","datePublished":"2023-02-07T12:38:13+00:00","dateModified":"2025-10-24T14:39:54+00:00","mainEntityOfPage":{"@id":"https:\/\/ostelandet.no\/roykt-hardanger-steikeost\/"},"wordCount":89,"publisher":{"@id":"https:\/\/ostelandet.no\/#organization"},"image":{"@id":"https:\/\/ostelandet.no\/roykt-hardanger-steikeost\/#primaryimage"},"thumbnailUrl":"https:\/\/ostelandet.no\/wp-content\/uploads\/2023\/02\/Steikeost-Roykt-Hardanger-Bygdeysteri_hbg-1.png","keywords":["ferskost","Gr\u00e5or","Kumelk","Mild","ost fra Hardanger Bygdeysteri","steikeost","stekeost"],"articleSection":["Ferskost"],"inLanguage":"en-US"},{"@type":"WebPage","@id":"https:\/\/ostelandet.no\/roykt-hardanger-steikeost\/","url":"https:\/\/ostelandet.no\/roykt-hardanger-steikeost\/","name":"R\u00f8ykt Hardanger steikeost - Ostelandet Norge","isPartOf":{"@id":"https:\/\/ostelandet.no\/#website"},"primaryImageOfPage":{"@id":"https:\/\/ostelandet.no\/roykt-hardanger-steikeost\/#primaryimage"},"image":{"@id":"https:\/\/ostelandet.no\/roykt-hardanger-steikeost\/#primaryimage"},"thumbnailUrl":"https:\/\/ostelandet.no\/wp-content\/uploads\/2023\/02\/Steikeost-Roykt-Hardanger-Bygdeysteri_hbg-1.png","datePublished":"2023-02-07T12:38:13+00:00","dateModified":"2025-10-24T14:39:54+00:00","description":"Hardanger r\u00f8ykt steikeost har ei mild, delikat smak av r\u00f8ykt gr\u00e5or. Gr\u00e5or er tradisjonelt mye nytta til r\u00f8yking av mat i Hardanger","breadcrumb":{"@id":"https:\/\/ostelandet.no\/roykt-hardanger-steikeost\/#breadcrumb"},"inLanguage":"en-US","potentialAction":[{"@type":"ReadAction","target":["https:\/\/ostelandet.no\/roykt-hardanger-steikeost\/"]}]},{"@type":"ImageObject","inLanguage":"en-US","@id":"https:\/\/ostelandet.no\/roykt-hardanger-steikeost\/#primaryimage","url":"https:\/\/ostelandet.no\/wp-content\/uploads\/2023\/02\/Steikeost-Roykt-Hardanger-Bygdeysteri_hbg-1.png","contentUrl":"https:\/\/ostelandet.no\/wp-content\/uploads\/2023\/02\/Steikeost-Roykt-Hardanger-Bygdeysteri_hbg-1.png","width":1200,"height":900},{"@type":"BreadcrumbList","@id":"https:\/\/ostelandet.no\/roykt-hardanger-steikeost\/#breadcrumb","itemListElement":[{"@type":"ListItem","position":1,"name":"Hjem","item":"https:\/\/ostelandet.no\/"},{"@type":"ListItem","position":2,"name":"R\u00f8ykt Hardanger steikeost"}]},{"@type":"WebSite","@id":"https:\/\/ostelandet.no\/#website","url":"https:\/\/ostelandet.no\/","name":"Ostelandet Norge","description":"- L\u00e6r mer om norsk ost","publisher":{"@id":"https:\/\/ostelandet.no\/#organization"},"potentialAction":[{"@type":"SearchAction","target":{"@type":"EntryPoint","urlTemplate":"https:\/\/ostelandet.no\/?s={search_term_string}"},"query-input":{"@type":"PropertyValueSpecification","valueRequired":true,"valueName":"search_term_string"}}],"inLanguage":"en-US"},{"@type":"Organization","@id":"https:\/\/ostelandet.no\/#organization","name":"HANEN","url":"https:\/\/ostelandet.no\/","logo":{"@type":"ImageObject","inLanguage":"en-US","@id":"https:\/\/ostelandet.no\/#\/schema\/logo\/image\/","url":"https:\/\/ostelandet.no\/wp-content\/uploads\/2021\/09\/ostelandet_norge_2farger_mork_hierarkisk.png","contentUrl":"https:\/\/ostelandet.no\/wp-content\/uploads\/2021\/09\/ostelandet_norge_2farger_mork_hierarkisk.png","width":2062,"height":1223,"caption":"HANEN"},"image":{"@id":"https:\/\/ostelandet.no\/#\/schema\/logo\/image\/"},"sameAs":["https:\/\/www.facebook.com\/ostelandet-101474925294974","https:\/\/www.instagram.com\/ostelandet\/","https:\/\/www.linkedin.com\/showcase\/ostelandet-norge\/"]},{"@type":"Person","@id":"https:\/\/ostelandet.no\/#\/schema\/person\/f985ce81d2968ff96c216ca1a514a5d7","name":"Anette","image":{"@type":"ImageObject","inLanguage":"en-US","@id":"https:\/\/ostelandet.no\/#\/schema\/person\/image\/","url":"https:\/\/secure.gravatar.com\/avatar\/47871c780e28de464a585d8a6985a805c0494a27f00dd9d7711eb11af0d7cdc3?s=96&d=mm&r=g","contentUrl":"https:\/\/secure.gravatar.com\/avatar\/47871c780e28de464a585d8a6985a805c0494a27f00dd9d7711eb11af0d7cdc3?s=96&d=mm&r=g","caption":"Anette"},"url":"https:\/\/ostelandet.no\/en\/author\/anette\/"}]}},"_links":{"self":[{"href":"https:\/\/ostelandet.no\/en\/wp-json\/wp\/v2\/posts\/7826","targetHints":{"allow":["GET"]}}],"collection":[{"href":"https:\/\/ostelandet.no\/en\/wp-json\/wp\/v2\/posts"}],"about":[{"href":"https:\/\/ostelandet.no\/en\/wp-json\/wp\/v2\/types\/post"}],"author":[{"embeddable":true,"href":"https:\/\/ostelandet.no\/en\/wp-json\/wp\/v2\/users\/9"}],"replies":[{"embeddable":true,"href":"https:\/\/ostelandet.no\/en\/wp-json\/wp\/v2\/comments?post=7826"}],"version-history":[{"count":7,"href":"https:\/\/ostelandet.no\/en\/wp-json\/wp\/v2\/posts\/7826\/revisions"}],"predecessor-version":[{"id":14096,"href":"https:\/\/ostelandet.no\/en\/wp-json\/wp\/v2\/posts\/7826\/revisions\/14096"}],"wp:featuredmedia":[{"embeddable":true,"href":"https:\/\/ostelandet.no\/en\/wp-json\/wp\/v2\/media\/14097"}],"wp:attachment":[{"href":"https:\/\/ostelandet.no\/en\/wp-json\/wp\/v2\/media?parent=7826"}],"wp:term":[{"taxonomy":"category","embeddable":true,"href":"https:\/\/ostelandet.no\/en\/wp-json\/wp\/v2\/categories?post=7826"},{"taxonomy":"post_tag","embeddable":true,"href":"https:\/\/ostelandet.no\/en\/wp-json\/wp\/v2\/tags?post=7826"},{"taxonomy":"produsent-ostetype","embeddable":true,"href":"https:\/\/ostelandet.no\/en\/wp-json\/wp\/v2\/produsent-ostetype?post=7826"},{"taxonomy":"produsentfylke","embeddable":true,"href":"https:\/\/ostelandet.no\/en\/wp-json\/wp\/v2\/produsentfylke?post=7826"}],"curies":[{"name":"wp","href":"https:\/\/api.w.org\/{rel}","templated":true}]}}