{"id":6815,"date":"2018-10-28T15:24:49","date_gmt":"2018-10-28T14:24:49","guid":{"rendered":"https:\/\/ostelandet.no\/viktoria-grimen\/"},"modified":"2022-01-10T15:05:59","modified_gmt":"2022-01-10T14:05:59","slug":"viktoria-grimen","status":"publish","type":"post","link":"https:\/\/ostelandet.no\/en\/viktoria-grimen\/","title":{"rendered":"Victoria Grimen"},"content":{"rendered":"<h2>\n\t\tVictoria Grimen\n\t<\/h2>\n\t\t\t\t<img loading=\"lazy\" decoding=\"async\" src=\"https:\/\/ostelandet.no\/wp-content\/uploads\/2018\/10\/Viktoria-Grimen-174x300.jpg\" alt=\"Viktoria Grimen\" itemprop=\"image\" height=\"300\" width=\"174\" title=\"Victoria Grimen\" onerror=\"this.style.display='none'\">\n\t<p>M\u00f8t Viktoria Grimen, opprinnelig utdannet i \u00f8konomi, markedsf\u00f8ring og spr\u00e5k. Hun ble ansatt hos Meny Solsiden i Trondheim i august 2008 hvor hun fem \u00e5r senere ble osteansvarlig. Osten er blitt hennes lidenskap. Viktoria har brukt mye tid p\u00e5 \u00e5 l\u00e6re seg om ost og har deltatt p\u00e5 diverse kurser, omvisninger p\u00e5 pakkerier, ysterier, grossister mm.&nbsp;Hun har lest seg opp p\u00e5 alt fra produksjonsmetoder, lagringsmetoder til serveringstips, modningskultur, ostefatkunst etc. Hun er i tillegg opptatt av historien bak hver ost, &#8211; det er det som gj\u00f8r hver enkel ost spesiell, gir den egen personlighet. Hun plukker ut noen spennende detaljer om enten ostens historie, produsenten, produksjonsmetoden, omr\u00e5de osten kommer fra eller navnet etc og &laquo;selger&raquo; dette sammen med osten til sine kunder. Viktoriia er i dag osteansvarlig hos Meny Oasen og har som ambisjon \u00e5 gj\u00f8re den til en av de beste i landet.<\/p>\n<p>&nbsp;<\/p>\n<p>-Hvordan er det \u00e5 skulle v\u00e6re dommer i Oste-VM, en av de viktigste konkurranser for ost i verden? &#8211; For meg \u00e5 v\u00e6re en dommer i Oste-VM er en \u00e6refullt og utrolig spennende rolle som jeg gleder meg til. Det betyr veldig mye for en person som meg som har ost som sin lidenskap. Dette er rett og slett en unik mulighet for meg \u00e5 v\u00e6re med p\u00e5 en s\u00e5 stor og viktig konkurranse for ost i hele verden. Jeg brenner enormt mye for \u00e5 f\u00e5 flere til oppdage osteverden , at flere f\u00e5r smake mangfoldet og hvilke uendelige muligheter det er n\u00e5r det gleder ost.<\/p>\n<p>-Hva kan v\u00e6re verdien av at Oste-VM arrangeres i Norge? &#8211; Verdien \u00e5 arrangere Oste-VM i Norge er f\u00f8rst og fremst muligheten til \u00e5 introdusere Norge som osteland til flere i verden. At Norge kommer mer og mer fram som et land hvor det lages mange oster av verdenklasse og v\u00e5re ostetradisjoner og oster blir bedre kjent i verden, nemlig fordi vi har mye mer \u00e5 by p\u00e5 enn bare Jarlsberg.<\/p>\n<p>&#8211; Hvordan kan vi inspireres til \u00e5 smake nye norske oster? &#8211; \u00c5 lage ost krever mye kunnskap, t\u00e5lmodighet, mye arbeid, tid og kj\u00e6rlighet. Jeg tenker at det fleste kan inspireres av historien som ligger bak produksjon av en ost. Hvor kommer osten fra?, Hvorfor fikk den det navnet valgt den har? Hvem lager osten? Hvor lenge har osten v\u00e6rt produsert? Er det en spesiell m\u00e5te osten produseres p\u00e5? etc. Jeg vil at n\u00e5r man endelig tar seg en bit er det ikke bare smaken man f\u00e5r, men en hel opplevelse.<\/p>\n<p>&#8211; Hva er ditt beste osteminne? &#8211; En av de beste osteminnene jeg har, er bes\u00f8ket til Gangstad g\u00e5rd (Inder\u00f8y, Tr\u00f8ndelag). Jeg fikk v\u00e6re med en hel dag p\u00e5 ysting av Edel bl\u00e5. Jeg har alltid v\u00e6rt fascinert av prosessen som gj\u00f8r melk til ost, men \u00e5 kunne kjenne, lukte, r\u00f8re og lage ost selv var utrolig spennende. Jeg f\u00f8lte rett og slett &laquo;magien&raquo; i luften og tenkte hvor givende er det \u00e5 drive med ysting. Hvor mye man legger til av arbeid, tid, kj\u00e6rlighet og kunnskap i hver batch og hvor mye det betyr for de som lager ost, for oss som selger den og de som kj\u00f8per den.<\/p>\n<p>&#8211; Hva er ditt beste serveringstips til ost? &#8211; Jeg bruker en enkel regel mtp serveringstips til ost. Ost kan brukes bokstavelig talt til alt og kan lett gj\u00f8re en kjedelig hverdagsmat til en smakfull gourmet m\u00e5ltid. Til et ostefat anbefaler jeg alltid \u00e5 la osten bestemme tilbeh\u00f8ret og ikke omvendt &#8211; noe s\u00f8tt, noe crunchy og noe friskt. Det er viktig \u00e5 velge noe som komplementerer osten, og ikke en som overd\u00f8ver den.<\/p>","protected":false},"excerpt":{"rendered":"<p>Viktoria Grimen was one of around 230 judges who were to choose the world&#039;s best cheese in Bergen in 2018. <\/p>","protected":false},"author":1,"featured_media":6894,"comment_status":"closed","ping_status":"open","sticky":false,"template":"","format":"standard","meta":{"_acf_changed":false,"footnotes":""},"categories":[894],"tags":[896],"produsent-ostetype":[],"produsentfylke":[],"class_list":["post-6815","post","type-post","status-publish","format-standard","has-post-thumbnail","hentry","category-dommere-ostevm2018","tag-dommer-ostevm-2018"],"acf":[],"yoast_head":"<!-- This site is optimized with the Yoast SEO plugin v26.1.1 - https:\/\/yoast.com\/wordpress\/plugins\/seo\/ -->\n<title>Viktoria Grimen - Ostelandet Norge<\/title>\n<meta name=\"description\" content=\"Viktoria Grimen var en av omlag 230 dommere som skulle k\u00e5re verdens beste ost i Bergen i 2018.\" \/>\n<meta name=\"robots\" content=\"index, follow, max-snippet:-1, max-image-preview:large, max-video-preview:-1\" \/>\n<link rel=\"canonical\" href=\"https:\/\/ostelandet.no\/en\/viktoria-grimen\/\" \/>\n<meta property=\"og:locale\" content=\"en_US\" \/>\n<meta property=\"og:type\" content=\"article\" \/>\n<meta property=\"og:title\" content=\"Viktoria Grimen - Ostelandet Norge\" \/>\n<meta property=\"og:description\" content=\"Viktoria Grimen var en av omlag 230 dommere som skulle k\u00e5re verdens beste ost i Bergen i 2018.\" \/>\n<meta property=\"og:url\" content=\"https:\/\/ostelandet.no\/en\/viktoria-grimen\/\" \/>\n<meta property=\"og:site_name\" content=\"Ostelandet Norge\" \/>\n<meta property=\"article:publisher\" content=\"https:\/\/www.facebook.com\/ostelandet-101474925294974\" \/>\n<meta property=\"article:published_time\" content=\"2018-10-28T14:24:49+00:00\" \/>\n<meta property=\"article:modified_time\" content=\"2022-01-10T14:05:59+00:00\" \/>\n<meta property=\"og:image\" content=\"https:\/\/ostelandet.no\/wp-content\/uploads\/2018\/10\/Viktoria-Grimen.jpg\" \/>\n\t<meta property=\"og:image:width\" content=\"988\" \/>\n\t<meta property=\"og:image:height\" content=\"1702\" \/>\n\t<meta property=\"og:image:type\" content=\"image\/jpeg\" \/>\n<meta name=\"author\" content=\"eliho\" \/>\n<meta name=\"twitter:card\" content=\"summary_large_image\" \/>\n<meta name=\"twitter:label1\" content=\"Written by\" \/>\n\t<meta name=\"twitter:data1\" content=\"eliho\" \/>\n\t<meta name=\"twitter:label2\" content=\"Est. reading time\" \/>\n\t<meta name=\"twitter:data2\" content=\"3 minutes\" \/>\n<script type=\"application\/ld+json\" class=\"yoast-schema-graph\">{\"@context\":\"https:\/\/schema.org\",\"@graph\":[{\"@type\":\"Article\",\"@id\":\"https:\/\/ostelandet.no\/viktoria-grimen\/#article\",\"isPartOf\":{\"@id\":\"https:\/\/ostelandet.no\/viktoria-grimen\/\"},\"author\":{\"name\":\"eliho\",\"@id\":\"https:\/\/ostelandet.no\/#\/schema\/person\/5875f248502ea0794dca05f9ea518440\"},\"headline\":\"Viktoria Grimen\",\"datePublished\":\"2018-10-28T14:24:49+00:00\",\"dateModified\":\"2022-01-10T14:05:59+00:00\",\"mainEntityOfPage\":{\"@id\":\"https:\/\/ostelandet.no\/viktoria-grimen\/\"},\"wordCount\":623,\"publisher\":{\"@id\":\"https:\/\/ostelandet.no\/#organization\"},\"image\":{\"@id\":\"https:\/\/ostelandet.no\/viktoria-grimen\/#primaryimage\"},\"thumbnailUrl\":\"https:\/\/ostelandet.no\/wp-content\/uploads\/2018\/10\/Viktoria-Grimen.jpg\",\"keywords\":[\"dommer osteVM 2018\"],\"articleSection\":[\"Dommere-OsteVM2018\"],\"inLanguage\":\"en-US\"},{\"@type\":\"WebPage\",\"@id\":\"https:\/\/ostelandet.no\/viktoria-grimen\/\",\"url\":\"https:\/\/ostelandet.no\/viktoria-grimen\/\",\"name\":\"Viktoria Grimen - Ostelandet Norge\",\"isPartOf\":{\"@id\":\"https:\/\/ostelandet.no\/#website\"},\"primaryImageOfPage\":{\"@id\":\"https:\/\/ostelandet.no\/viktoria-grimen\/#primaryimage\"},\"image\":{\"@id\":\"https:\/\/ostelandet.no\/viktoria-grimen\/#primaryimage\"},\"thumbnailUrl\":\"https:\/\/ostelandet.no\/wp-content\/uploads\/2018\/10\/Viktoria-Grimen.jpg\",\"datePublished\":\"2018-10-28T14:24:49+00:00\",\"dateModified\":\"2022-01-10T14:05:59+00:00\",\"description\":\"Viktoria Grimen var en av omlag 230 dommere som skulle k\u00e5re verdens beste ost i Bergen i 2018.\",\"breadcrumb\":{\"@id\":\"https:\/\/ostelandet.no\/viktoria-grimen\/#breadcrumb\"},\"inLanguage\":\"en-US\",\"potentialAction\":[{\"@type\":\"ReadAction\",\"target\":[\"https:\/\/ostelandet.no\/viktoria-grimen\/\"]}]},{\"@type\":\"ImageObject\",\"inLanguage\":\"en-US\",\"@id\":\"https:\/\/ostelandet.no\/viktoria-grimen\/#primaryimage\",\"url\":\"https:\/\/ostelandet.no\/wp-content\/uploads\/2018\/10\/Viktoria-Grimen.jpg\",\"contentUrl\":\"https:\/\/ostelandet.no\/wp-content\/uploads\/2018\/10\/Viktoria-Grimen.jpg\",\"width\":988,\"height\":1702},{\"@type\":\"BreadcrumbList\",\"@id\":\"https:\/\/ostelandet.no\/viktoria-grimen\/#breadcrumb\",\"itemListElement\":[{\"@type\":\"ListItem\",\"position\":1,\"name\":\"Hjem\",\"item\":\"https:\/\/ostelandet.no\/\"},{\"@type\":\"ListItem\",\"position\":2,\"name\":\"Viktoria Grimen\"}]},{\"@type\":\"WebSite\",\"@id\":\"https:\/\/ostelandet.no\/#website\",\"url\":\"https:\/\/ostelandet.no\/\",\"name\":\"Ostelandet Norge\",\"description\":\"- L\u00e6r mer om norsk ost\",\"publisher\":{\"@id\":\"https:\/\/ostelandet.no\/#organization\"},\"potentialAction\":[{\"@type\":\"SearchAction\",\"target\":{\"@type\":\"EntryPoint\",\"urlTemplate\":\"https:\/\/ostelandet.no\/?s={search_term_string}\"},\"query-input\":{\"@type\":\"PropertyValueSpecification\",\"valueRequired\":true,\"valueName\":\"search_term_string\"}}],\"inLanguage\":\"en-US\"},{\"@type\":\"Organization\",\"@id\":\"https:\/\/ostelandet.no\/#organization\",\"name\":\"HANEN\",\"url\":\"https:\/\/ostelandet.no\/\",\"logo\":{\"@type\":\"ImageObject\",\"inLanguage\":\"en-US\",\"@id\":\"https:\/\/ostelandet.no\/#\/schema\/logo\/image\/\",\"url\":\"https:\/\/ostelandet.no\/wp-content\/uploads\/2021\/09\/ostelandet_norge_2farger_mork_hierarkisk.png\",\"contentUrl\":\"https:\/\/ostelandet.no\/wp-content\/uploads\/2021\/09\/ostelandet_norge_2farger_mork_hierarkisk.png\",\"width\":2062,\"height\":1223,\"caption\":\"HANEN\"},\"image\":{\"@id\":\"https:\/\/ostelandet.no\/#\/schema\/logo\/image\/\"},\"sameAs\":[\"https:\/\/www.facebook.com\/ostelandet-101474925294974\",\"https:\/\/www.instagram.com\/ostelandet\/\",\"https:\/\/www.linkedin.com\/showcase\/ostelandet-norge\/\"]},{\"@type\":\"Person\",\"@id\":\"https:\/\/ostelandet.no\/#\/schema\/person\/5875f248502ea0794dca05f9ea518440\",\"name\":\"eliho\",\"image\":{\"@type\":\"ImageObject\",\"inLanguage\":\"en-US\",\"@id\":\"https:\/\/ostelandet.no\/#\/schema\/person\/image\/\",\"url\":\"https:\/\/secure.gravatar.com\/avatar\/ea2d2e46de429e0415a330ea57f41bc101fea116d020ec3116a6fc2817d801cc?s=96&d=mm&r=g\",\"contentUrl\":\"https:\/\/secure.gravatar.com\/avatar\/ea2d2e46de429e0415a330ea57f41bc101fea116d020ec3116a6fc2817d801cc?s=96&d=mm&r=g\",\"caption\":\"eliho\"},\"url\":\"https:\/\/ostelandet.no\/en\/author\/eliho\/\"}]}<\/script>\n<!-- \/ Yoast SEO plugin. -->","yoast_head_json":{"title":"Viktoria Grimen - Ostelandet Norge","description":"Viktoria Grimen var en av omlag 230 dommere som skulle k\u00e5re verdens beste ost i Bergen i 2018.","robots":{"index":"index","follow":"follow","max-snippet":"max-snippet:-1","max-image-preview":"max-image-preview:large","max-video-preview":"max-video-preview:-1"},"canonical":"https:\/\/ostelandet.no\/en\/viktoria-grimen\/","og_locale":"en_US","og_type":"article","og_title":"Viktoria Grimen - Ostelandet Norge","og_description":"Viktoria Grimen var en av omlag 230 dommere som skulle k\u00e5re verdens beste ost i Bergen i 2018.","og_url":"https:\/\/ostelandet.no\/en\/viktoria-grimen\/","og_site_name":"Ostelandet Norge","article_publisher":"https:\/\/www.facebook.com\/ostelandet-101474925294974","article_published_time":"2018-10-28T14:24:49+00:00","article_modified_time":"2022-01-10T14:05:59+00:00","og_image":[{"width":988,"height":1702,"url":"https:\/\/ostelandet.no\/wp-content\/uploads\/2018\/10\/Viktoria-Grimen.jpg","type":"image\/jpeg"}],"author":"eliho","twitter_card":"summary_large_image","twitter_misc":{"Written by":"eliho","Est. reading time":"3 minutes"},"schema":{"@context":"https:\/\/schema.org","@graph":[{"@type":"Article","@id":"https:\/\/ostelandet.no\/viktoria-grimen\/#article","isPartOf":{"@id":"https:\/\/ostelandet.no\/viktoria-grimen\/"},"author":{"name":"eliho","@id":"https:\/\/ostelandet.no\/#\/schema\/person\/5875f248502ea0794dca05f9ea518440"},"headline":"Viktoria Grimen","datePublished":"2018-10-28T14:24:49+00:00","dateModified":"2022-01-10T14:05:59+00:00","mainEntityOfPage":{"@id":"https:\/\/ostelandet.no\/viktoria-grimen\/"},"wordCount":623,"publisher":{"@id":"https:\/\/ostelandet.no\/#organization"},"image":{"@id":"https:\/\/ostelandet.no\/viktoria-grimen\/#primaryimage"},"thumbnailUrl":"https:\/\/ostelandet.no\/wp-content\/uploads\/2018\/10\/Viktoria-Grimen.jpg","keywords":["dommer osteVM 2018"],"articleSection":["Dommere-OsteVM2018"],"inLanguage":"en-US"},{"@type":"WebPage","@id":"https:\/\/ostelandet.no\/viktoria-grimen\/","url":"https:\/\/ostelandet.no\/viktoria-grimen\/","name":"Viktoria Grimen - Ostelandet Norge","isPartOf":{"@id":"https:\/\/ostelandet.no\/#website"},"primaryImageOfPage":{"@id":"https:\/\/ostelandet.no\/viktoria-grimen\/#primaryimage"},"image":{"@id":"https:\/\/ostelandet.no\/viktoria-grimen\/#primaryimage"},"thumbnailUrl":"https:\/\/ostelandet.no\/wp-content\/uploads\/2018\/10\/Viktoria-Grimen.jpg","datePublished":"2018-10-28T14:24:49+00:00","dateModified":"2022-01-10T14:05:59+00:00","description":"Viktoria Grimen var en av omlag 230 dommere som skulle k\u00e5re verdens beste ost i Bergen i 2018.","breadcrumb":{"@id":"https:\/\/ostelandet.no\/viktoria-grimen\/#breadcrumb"},"inLanguage":"en-US","potentialAction":[{"@type":"ReadAction","target":["https:\/\/ostelandet.no\/viktoria-grimen\/"]}]},{"@type":"ImageObject","inLanguage":"en-US","@id":"https:\/\/ostelandet.no\/viktoria-grimen\/#primaryimage","url":"https:\/\/ostelandet.no\/wp-content\/uploads\/2018\/10\/Viktoria-Grimen.jpg","contentUrl":"https:\/\/ostelandet.no\/wp-content\/uploads\/2018\/10\/Viktoria-Grimen.jpg","width":988,"height":1702},{"@type":"BreadcrumbList","@id":"https:\/\/ostelandet.no\/viktoria-grimen\/#breadcrumb","itemListElement":[{"@type":"ListItem","position":1,"name":"Hjem","item":"https:\/\/ostelandet.no\/"},{"@type":"ListItem","position":2,"name":"Viktoria Grimen"}]},{"@type":"WebSite","@id":"https:\/\/ostelandet.no\/#website","url":"https:\/\/ostelandet.no\/","name":"Ostelandet Norge","description":"- L\u00e6r mer om norsk ost","publisher":{"@id":"https:\/\/ostelandet.no\/#organization"},"potentialAction":[{"@type":"SearchAction","target":{"@type":"EntryPoint","urlTemplate":"https:\/\/ostelandet.no\/?s={search_term_string}"},"query-input":{"@type":"PropertyValueSpecification","valueRequired":true,"valueName":"search_term_string"}}],"inLanguage":"en-US"},{"@type":"Organization","@id":"https:\/\/ostelandet.no\/#organization","name":"HANEN","url":"https:\/\/ostelandet.no\/","logo":{"@type":"ImageObject","inLanguage":"en-US","@id":"https:\/\/ostelandet.no\/#\/schema\/logo\/image\/","url":"https:\/\/ostelandet.no\/wp-content\/uploads\/2021\/09\/ostelandet_norge_2farger_mork_hierarkisk.png","contentUrl":"https:\/\/ostelandet.no\/wp-content\/uploads\/2021\/09\/ostelandet_norge_2farger_mork_hierarkisk.png","width":2062,"height":1223,"caption":"HANEN"},"image":{"@id":"https:\/\/ostelandet.no\/#\/schema\/logo\/image\/"},"sameAs":["https:\/\/www.facebook.com\/ostelandet-101474925294974","https:\/\/www.instagram.com\/ostelandet\/","https:\/\/www.linkedin.com\/showcase\/ostelandet-norge\/"]},{"@type":"Person","@id":"https:\/\/ostelandet.no\/#\/schema\/person\/5875f248502ea0794dca05f9ea518440","name":"eliho","image":{"@type":"ImageObject","inLanguage":"en-US","@id":"https:\/\/ostelandet.no\/#\/schema\/person\/image\/","url":"https:\/\/secure.gravatar.com\/avatar\/ea2d2e46de429e0415a330ea57f41bc101fea116d020ec3116a6fc2817d801cc?s=96&d=mm&r=g","contentUrl":"https:\/\/secure.gravatar.com\/avatar\/ea2d2e46de429e0415a330ea57f41bc101fea116d020ec3116a6fc2817d801cc?s=96&d=mm&r=g","caption":"eliho"},"url":"https:\/\/ostelandet.no\/en\/author\/eliho\/"}]}},"_links":{"self":[{"href":"https:\/\/ostelandet.no\/en\/wp-json\/wp\/v2\/posts\/6815","targetHints":{"allow":["GET"]}}],"collection":[{"href":"https:\/\/ostelandet.no\/en\/wp-json\/wp\/v2\/posts"}],"about":[{"href":"https:\/\/ostelandet.no\/en\/wp-json\/wp\/v2\/types\/post"}],"author":[{"embeddable":true,"href":"https:\/\/ostelandet.no\/en\/wp-json\/wp\/v2\/users\/1"}],"replies":[{"embeddable":true,"href":"https:\/\/ostelandet.no\/en\/wp-json\/wp\/v2\/comments?post=6815"}],"version-history":[{"count":4,"href":"https:\/\/ostelandet.no\/en\/wp-json\/wp\/v2\/posts\/6815\/revisions"}],"predecessor-version":[{"id":6960,"href":"https:\/\/ostelandet.no\/en\/wp-json\/wp\/v2\/posts\/6815\/revisions\/6960"}],"wp:featuredmedia":[{"embeddable":true,"href":"https:\/\/ostelandet.no\/en\/wp-json\/wp\/v2\/media\/6894"}],"wp:attachment":[{"href":"https:\/\/ostelandet.no\/en\/wp-json\/wp\/v2\/media?parent=6815"}],"wp:term":[{"taxonomy":"category","embeddable":true,"href":"https:\/\/ostelandet.no\/en\/wp-json\/wp\/v2\/categories?post=6815"},{"taxonomy":"post_tag","embeddable":true,"href":"https:\/\/ostelandet.no\/en\/wp-json\/wp\/v2\/tags?post=6815"},{"taxonomy":"produsent-ostetype","embeddable":true,"href":"https:\/\/ostelandet.no\/en\/wp-json\/wp\/v2\/produsent-ostetype?post=6815"},{"taxonomy":"produsentfylke","embeddable":true,"href":"https:\/\/ostelandet.no\/en\/wp-json\/wp\/v2\/produsentfylke?post=6815"}],"curies":[{"name":"wp","href":"https:\/\/api.w.org\/{rel}","templated":true}]}}