{"id":6814,"date":"2022-01-05T10:08:47","date_gmt":"2022-01-05T09:08:47","guid":{"rendered":"https:\/\/ostelandet.no\/henrik-henriksen\/"},"modified":"2022-01-10T15:04:57","modified_gmt":"2022-01-10T14:04:57","slug":"henrik-henriksen","status":"publish","type":"post","link":"https:\/\/ostelandet.no\/en\/henrik-henriksen\/","title":{"rendered":"Henrik Henriksen"},"content":{"rendered":"<h2>\n\t\tHenrik Henriksen\n\t<\/h2>\n\t\t\t\t<img loading=\"lazy\" decoding=\"async\" src=\"https:\/\/ostelandet.no\/wp-content\/uploads\/2022\/01\/Henrik-Henriksen-300x167.png\" alt=\"Henrik Henriksen\" itemprop=\"image\" height=\"167\" width=\"300\" title=\"Henrik Henriksen\" onerror=\"this.style.display='none'\"  \/>\n\t<p>We spoke to Henrik Henriksen before the Cheese WC in Bergen 2018 when he was to be a judge. Here&#039;s what he said then.<\/p>\n<p>Henrik Henriksen has a background as a chef and, despite a detour of 13 years as a film producer, found his way back to the profession. In the last five years, he has written regularly about food for a-magazine and other magazines, communicated food culture and politics through lectures and also helped to promote the Taco Republica restaurant in Oslo. So far this year, he has started the more restaurant Ben Reddik in Grunerl\u00f8kka and is about to open Mangelsg\u00e5rden in Storgata.<\/p>\n<p>&nbsp;<\/p>\n<p>&#8211; Hvordan er det \u00e5 skulle v\u00e6re dommer i Oste-VM, en av de viktigste konkurranser for ost i verden? &#8211; Det er selvf\u00f8lgelig en \u00e6re. Ost er for meg et slags symbol p\u00e5 den menneskelige sivilisasjons historie. Det gj\u00f8r ost helt utrolig interessant!<\/p>\n&#8211; Hva kan v\u00e6re verdien av at OsteVM arrangeres i Norge? Jeg tenker at det m\u00e5 v\u00e6re at vi bygger opp en selvtillit p\u00e5 \u00e5 lage v\u00e5r egen ost. oster som ikke fors\u00f8ker \u00e5 ligne p\u00e5 andre internasjonale st\u00f8rrelser. Vi har fortsatt st\u00f8lsdrift (!) og beite i noen av verdens reneste omr\u00e5der og her det ingen grenser for hvor bra det kan bli.<br \/>\n&#8211; Hvordan kan vi inspireres til \u00e5 smake nye norske oster? &#8211; Igjen, jeg tror det m\u00e5 satses st\u00f8rre og tyngre p\u00e5 norske s\u00e6regne oster. Produsenter m\u00e5 f\u00e5 insentiver for \u00e5 gj\u00f8re vanskelige grep som l\u00f8fter ostene opp: Upasteurisert melk, store volumer, lengre lagringstid, mer geit og sau etc. Her bor det ikke bare potensiale i kvalitet, men ogs\u00e5 st\u00f8rre og bedre historier!<br \/>\n&#8211; Hva er ditt beste osteminne? &#8211; Oj, jeg har s\u00e5 mange: queso fundido, smeltet ost med chorizo og tortillas p\u00e5 gaten i Guadalajara i Mexico i 1986, \u00e5 g\u00e5 agurk i disken p\u00e5 Neils Yard I London I 2001; engelskmennene lager kanskje de beste faste ostene i verden? \u00c5 spise middag med Neils Yard -folka p\u00e5 Gubbeen i West Cork i 2017; En av Irlands aller beste osteprodusenter og sjukt hyggelige folk!. My god; baby gubbeen!! Hvit geitostfondue med gode venner p\u00e5 Lofoten g\u00e5rdsysteri i 2015? Manoushe med shelal p\u00e5 vei hjem fra ei nattlig kule i Beirut i 2016? Jeg kunne bare ha fortsatt&#8230;<br \/>\n&#8211; Hva er ditt beste serveringstips til ost? &#8211; Det er et umulig sp\u00f8rsm\u00e5l, det er som \u00e5 sp\u00f8rre om hva er beste tilbeh\u00f8r til kj\u00f8tt; ost er s\u00e5 mye. N\u00e5r det er sagt b\u00f8r en lagret ost av topp kvalitet i de aller fleste tilfeller serveres ganske alene.","protected":false},"excerpt":{"rendered":"<p>Henrik Henriksen was one of 230 judges during the World Cheese Championship in Bergen in 2018.<\/p>","protected":false},"author":1,"featured_media":6889,"comment_status":"closed","ping_status":"open","sticky":false,"template":"","format":"standard","meta":{"_acf_changed":false,"footnotes":""},"categories":[894],"tags":[896],"produsent-ostetype":[],"produsentfylke":[],"class_list":["post-6814","post","type-post","status-publish","format-standard","has-post-thumbnail","hentry","category-dommere-ostevm2018","tag-dommer-ostevm-2018"],"acf":[],"yoast_head":"<!-- This site is optimized with the Yoast SEO plugin v26.1.1 - https:\/\/yoast.com\/wordpress\/plugins\/seo\/ -->\n<title>Henrik Henriksen - Ostelandet Norge<\/title>\n<meta name=\"description\" content=\"Henrik Henriksen var en av 230 dommere under oste-VM i Bergen i 2018.\" \/>\n<meta name=\"robots\" content=\"index, follow, max-snippet:-1, max-image-preview:large, max-video-preview:-1\" \/>\n<link rel=\"canonical\" href=\"https:\/\/ostelandet.no\/en\/henrik-henriksen\/\" \/>\n<meta property=\"og:locale\" content=\"en_US\" \/>\n<meta property=\"og:type\" content=\"article\" \/>\n<meta property=\"og:title\" content=\"Henrik Henriksen - Ostelandet Norge\" \/>\n<meta property=\"og:description\" content=\"Henrik Henriksen var en av 230 dommere under oste-VM i Bergen i 2018.\" \/>\n<meta property=\"og:url\" content=\"https:\/\/ostelandet.no\/en\/henrik-henriksen\/\" \/>\n<meta property=\"og:site_name\" content=\"Ostelandet Norge\" \/>\n<meta property=\"article:publisher\" content=\"https:\/\/www.facebook.com\/ostelandet-101474925294974\" \/>\n<meta property=\"article:published_time\" content=\"2022-01-05T09:08:47+00:00\" \/>\n<meta property=\"article:modified_time\" content=\"2022-01-10T14:04:57+00:00\" \/>\n<meta property=\"og:image\" content=\"https:\/\/ostelandet.no\/wp-content\/uploads\/2022\/01\/Henrik-Henriksen.png\" \/>\n\t<meta property=\"og:image:width\" content=\"1238\" \/>\n\t<meta property=\"og:image:height\" content=\"690\" \/>\n\t<meta property=\"og:image:type\" content=\"image\/png\" \/>\n<meta name=\"author\" content=\"eliho\" \/>\n<meta name=\"twitter:card\" content=\"summary_large_image\" \/>\n<meta name=\"twitter:label1\" content=\"Written by\" \/>\n\t<meta name=\"twitter:data1\" content=\"eliho\" \/>\n\t<meta name=\"twitter:label2\" content=\"Est. reading time\" \/>\n\t<meta name=\"twitter:data2\" content=\"3 minutes\" \/>\n<script type=\"application\/ld+json\" class=\"yoast-schema-graph\">{\"@context\":\"https:\/\/schema.org\",\"@graph\":[{\"@type\":\"Article\",\"@id\":\"https:\/\/ostelandet.no\/henrik-henriksen\/#article\",\"isPartOf\":{\"@id\":\"https:\/\/ostelandet.no\/henrik-henriksen\/\"},\"author\":{\"name\":\"eliho\",\"@id\":\"https:\/\/ostelandet.no\/#\/schema\/person\/5875f248502ea0794dca05f9ea518440\"},\"headline\":\"Henrik Henriksen\",\"datePublished\":\"2022-01-05T09:08:47+00:00\",\"dateModified\":\"2022-01-10T14:04:57+00:00\",\"mainEntityOfPage\":{\"@id\":\"https:\/\/ostelandet.no\/henrik-henriksen\/\"},\"wordCount\":437,\"publisher\":{\"@id\":\"https:\/\/ostelandet.no\/#organization\"},\"image\":{\"@id\":\"https:\/\/ostelandet.no\/henrik-henriksen\/#primaryimage\"},\"thumbnailUrl\":\"https:\/\/ostelandet.no\/wp-content\/uploads\/2022\/01\/Henrik-Henriksen-e1764856171278.png\",\"keywords\":[\"dommer osteVM 2018\"],\"articleSection\":[\"Dommere-OsteVM2018\"],\"inLanguage\":\"en-US\"},{\"@type\":\"WebPage\",\"@id\":\"https:\/\/ostelandet.no\/henrik-henriksen\/\",\"url\":\"https:\/\/ostelandet.no\/henrik-henriksen\/\",\"name\":\"Henrik Henriksen - Ostelandet Norge\",\"isPartOf\":{\"@id\":\"https:\/\/ostelandet.no\/#website\"},\"primaryImageOfPage\":{\"@id\":\"https:\/\/ostelandet.no\/henrik-henriksen\/#primaryimage\"},\"image\":{\"@id\":\"https:\/\/ostelandet.no\/henrik-henriksen\/#primaryimage\"},\"thumbnailUrl\":\"https:\/\/ostelandet.no\/wp-content\/uploads\/2022\/01\/Henrik-Henriksen-e1764856171278.png\",\"datePublished\":\"2022-01-05T09:08:47+00:00\",\"dateModified\":\"2022-01-10T14:04:57+00:00\",\"description\":\"Henrik Henriksen var en av 230 dommere under oste-VM i Bergen i 2018.\",\"breadcrumb\":{\"@id\":\"https:\/\/ostelandet.no\/henrik-henriksen\/#breadcrumb\"},\"inLanguage\":\"en-US\",\"potentialAction\":[{\"@type\":\"ReadAction\",\"target\":[\"https:\/\/ostelandet.no\/henrik-henriksen\/\"]}]},{\"@type\":\"ImageObject\",\"inLanguage\":\"en-US\",\"@id\":\"https:\/\/ostelandet.no\/henrik-henriksen\/#primaryimage\",\"url\":\"https:\/\/ostelandet.no\/wp-content\/uploads\/2022\/01\/Henrik-Henriksen-e1764856171278.png\",\"contentUrl\":\"https:\/\/ostelandet.no\/wp-content\/uploads\/2022\/01\/Henrik-Henriksen-e1764856171278.png\",\"width\":1000,\"height\":557},{\"@type\":\"BreadcrumbList\",\"@id\":\"https:\/\/ostelandet.no\/henrik-henriksen\/#breadcrumb\",\"itemListElement\":[{\"@type\":\"ListItem\",\"position\":1,\"name\":\"Hjem\",\"item\":\"https:\/\/ostelandet.no\/\"},{\"@type\":\"ListItem\",\"position\":2,\"name\":\"Henrik Henriksen\"}]},{\"@type\":\"WebSite\",\"@id\":\"https:\/\/ostelandet.no\/#website\",\"url\":\"https:\/\/ostelandet.no\/\",\"name\":\"Ostelandet Norge\",\"description\":\"- L\u00e6r mer om norsk ost\",\"publisher\":{\"@id\":\"https:\/\/ostelandet.no\/#organization\"},\"potentialAction\":[{\"@type\":\"SearchAction\",\"target\":{\"@type\":\"EntryPoint\",\"urlTemplate\":\"https:\/\/ostelandet.no\/?s={search_term_string}\"},\"query-input\":{\"@type\":\"PropertyValueSpecification\",\"valueRequired\":true,\"valueName\":\"search_term_string\"}}],\"inLanguage\":\"en-US\"},{\"@type\":\"Organization\",\"@id\":\"https:\/\/ostelandet.no\/#organization\",\"name\":\"HANEN\",\"url\":\"https:\/\/ostelandet.no\/\",\"logo\":{\"@type\":\"ImageObject\",\"inLanguage\":\"en-US\",\"@id\":\"https:\/\/ostelandet.no\/#\/schema\/logo\/image\/\",\"url\":\"https:\/\/ostelandet.no\/wp-content\/uploads\/2021\/09\/ostelandet_norge_2farger_mork_hierarkisk.png\",\"contentUrl\":\"https:\/\/ostelandet.no\/wp-content\/uploads\/2021\/09\/ostelandet_norge_2farger_mork_hierarkisk.png\",\"width\":2062,\"height\":1223,\"caption\":\"HANEN\"},\"image\":{\"@id\":\"https:\/\/ostelandet.no\/#\/schema\/logo\/image\/\"},\"sameAs\":[\"https:\/\/www.facebook.com\/ostelandet-101474925294974\",\"https:\/\/www.instagram.com\/ostelandet\/\",\"https:\/\/www.linkedin.com\/showcase\/ostelandet-norge\/\"]},{\"@type\":\"Person\",\"@id\":\"https:\/\/ostelandet.no\/#\/schema\/person\/5875f248502ea0794dca05f9ea518440\",\"name\":\"eliho\",\"image\":{\"@type\":\"ImageObject\",\"inLanguage\":\"en-US\",\"@id\":\"https:\/\/ostelandet.no\/#\/schema\/person\/image\/\",\"url\":\"https:\/\/secure.gravatar.com\/avatar\/ea2d2e46de429e0415a330ea57f41bc101fea116d020ec3116a6fc2817d801cc?s=96&d=mm&r=g\",\"contentUrl\":\"https:\/\/secure.gravatar.com\/avatar\/ea2d2e46de429e0415a330ea57f41bc101fea116d020ec3116a6fc2817d801cc?s=96&d=mm&r=g\",\"caption\":\"eliho\"},\"url\":\"https:\/\/ostelandet.no\/en\/author\/eliho\/\"}]}<\/script>\n<!-- \/ Yoast SEO plugin. -->","yoast_head_json":{"title":"Henrik Henriksen - Ostelandet Norge","description":"Henrik Henriksen var en av 230 dommere under oste-VM i Bergen i 2018.","robots":{"index":"index","follow":"follow","max-snippet":"max-snippet:-1","max-image-preview":"max-image-preview:large","max-video-preview":"max-video-preview:-1"},"canonical":"https:\/\/ostelandet.no\/en\/henrik-henriksen\/","og_locale":"en_US","og_type":"article","og_title":"Henrik Henriksen - Ostelandet Norge","og_description":"Henrik Henriksen var en av 230 dommere under oste-VM i Bergen i 2018.","og_url":"https:\/\/ostelandet.no\/en\/henrik-henriksen\/","og_site_name":"Ostelandet Norge","article_publisher":"https:\/\/www.facebook.com\/ostelandet-101474925294974","article_published_time":"2022-01-05T09:08:47+00:00","article_modified_time":"2022-01-10T14:04:57+00:00","og_image":[{"width":1238,"height":690,"url":"https:\/\/ostelandet.no\/wp-content\/uploads\/2022\/01\/Henrik-Henriksen.png","type":"image\/png"}],"author":"eliho","twitter_card":"summary_large_image","twitter_misc":{"Written by":"eliho","Est. reading time":"3 minutes"},"schema":{"@context":"https:\/\/schema.org","@graph":[{"@type":"Article","@id":"https:\/\/ostelandet.no\/henrik-henriksen\/#article","isPartOf":{"@id":"https:\/\/ostelandet.no\/henrik-henriksen\/"},"author":{"name":"eliho","@id":"https:\/\/ostelandet.no\/#\/schema\/person\/5875f248502ea0794dca05f9ea518440"},"headline":"Henrik Henriksen","datePublished":"2022-01-05T09:08:47+00:00","dateModified":"2022-01-10T14:04:57+00:00","mainEntityOfPage":{"@id":"https:\/\/ostelandet.no\/henrik-henriksen\/"},"wordCount":437,"publisher":{"@id":"https:\/\/ostelandet.no\/#organization"},"image":{"@id":"https:\/\/ostelandet.no\/henrik-henriksen\/#primaryimage"},"thumbnailUrl":"https:\/\/ostelandet.no\/wp-content\/uploads\/2022\/01\/Henrik-Henriksen-e1764856171278.png","keywords":["dommer osteVM 2018"],"articleSection":["Dommere-OsteVM2018"],"inLanguage":"en-US"},{"@type":"WebPage","@id":"https:\/\/ostelandet.no\/henrik-henriksen\/","url":"https:\/\/ostelandet.no\/henrik-henriksen\/","name":"Henrik Henriksen - Ostelandet Norge","isPartOf":{"@id":"https:\/\/ostelandet.no\/#website"},"primaryImageOfPage":{"@id":"https:\/\/ostelandet.no\/henrik-henriksen\/#primaryimage"},"image":{"@id":"https:\/\/ostelandet.no\/henrik-henriksen\/#primaryimage"},"thumbnailUrl":"https:\/\/ostelandet.no\/wp-content\/uploads\/2022\/01\/Henrik-Henriksen-e1764856171278.png","datePublished":"2022-01-05T09:08:47+00:00","dateModified":"2022-01-10T14:04:57+00:00","description":"Henrik Henriksen var en av 230 dommere under oste-VM i Bergen i 2018.","breadcrumb":{"@id":"https:\/\/ostelandet.no\/henrik-henriksen\/#breadcrumb"},"inLanguage":"en-US","potentialAction":[{"@type":"ReadAction","target":["https:\/\/ostelandet.no\/henrik-henriksen\/"]}]},{"@type":"ImageObject","inLanguage":"en-US","@id":"https:\/\/ostelandet.no\/henrik-henriksen\/#primaryimage","url":"https:\/\/ostelandet.no\/wp-content\/uploads\/2022\/01\/Henrik-Henriksen-e1764856171278.png","contentUrl":"https:\/\/ostelandet.no\/wp-content\/uploads\/2022\/01\/Henrik-Henriksen-e1764856171278.png","width":1000,"height":557},{"@type":"BreadcrumbList","@id":"https:\/\/ostelandet.no\/henrik-henriksen\/#breadcrumb","itemListElement":[{"@type":"ListItem","position":1,"name":"Hjem","item":"https:\/\/ostelandet.no\/"},{"@type":"ListItem","position":2,"name":"Henrik Henriksen"}]},{"@type":"WebSite","@id":"https:\/\/ostelandet.no\/#website","url":"https:\/\/ostelandet.no\/","name":"Ostelandet Norge","description":"- L\u00e6r mer om norsk ost","publisher":{"@id":"https:\/\/ostelandet.no\/#organization"},"potentialAction":[{"@type":"SearchAction","target":{"@type":"EntryPoint","urlTemplate":"https:\/\/ostelandet.no\/?s={search_term_string}"},"query-input":{"@type":"PropertyValueSpecification","valueRequired":true,"valueName":"search_term_string"}}],"inLanguage":"en-US"},{"@type":"Organization","@id":"https:\/\/ostelandet.no\/#organization","name":"HANEN","url":"https:\/\/ostelandet.no\/","logo":{"@type":"ImageObject","inLanguage":"en-US","@id":"https:\/\/ostelandet.no\/#\/schema\/logo\/image\/","url":"https:\/\/ostelandet.no\/wp-content\/uploads\/2021\/09\/ostelandet_norge_2farger_mork_hierarkisk.png","contentUrl":"https:\/\/ostelandet.no\/wp-content\/uploads\/2021\/09\/ostelandet_norge_2farger_mork_hierarkisk.png","width":2062,"height":1223,"caption":"HANEN"},"image":{"@id":"https:\/\/ostelandet.no\/#\/schema\/logo\/image\/"},"sameAs":["https:\/\/www.facebook.com\/ostelandet-101474925294974","https:\/\/www.instagram.com\/ostelandet\/","https:\/\/www.linkedin.com\/showcase\/ostelandet-norge\/"]},{"@type":"Person","@id":"https:\/\/ostelandet.no\/#\/schema\/person\/5875f248502ea0794dca05f9ea518440","name":"eliho","image":{"@type":"ImageObject","inLanguage":"en-US","@id":"https:\/\/ostelandet.no\/#\/schema\/person\/image\/","url":"https:\/\/secure.gravatar.com\/avatar\/ea2d2e46de429e0415a330ea57f41bc101fea116d020ec3116a6fc2817d801cc?s=96&d=mm&r=g","contentUrl":"https:\/\/secure.gravatar.com\/avatar\/ea2d2e46de429e0415a330ea57f41bc101fea116d020ec3116a6fc2817d801cc?s=96&d=mm&r=g","caption":"eliho"},"url":"https:\/\/ostelandet.no\/en\/author\/eliho\/"}]}},"_links":{"self":[{"href":"https:\/\/ostelandet.no\/en\/wp-json\/wp\/v2\/posts\/6814","targetHints":{"allow":["GET"]}}],"collection":[{"href":"https:\/\/ostelandet.no\/en\/wp-json\/wp\/v2\/posts"}],"about":[{"href":"https:\/\/ostelandet.no\/en\/wp-json\/wp\/v2\/types\/post"}],"author":[{"embeddable":true,"href":"https:\/\/ostelandet.no\/en\/wp-json\/wp\/v2\/users\/1"}],"replies":[{"embeddable":true,"href":"https:\/\/ostelandet.no\/en\/wp-json\/wp\/v2\/comments?post=6814"}],"version-history":[{"count":3,"href":"https:\/\/ostelandet.no\/en\/wp-json\/wp\/v2\/posts\/6814\/revisions"}],"predecessor-version":[{"id":6959,"href":"https:\/\/ostelandet.no\/en\/wp-json\/wp\/v2\/posts\/6814\/revisions\/6959"}],"wp:featuredmedia":[{"embeddable":true,"href":"https:\/\/ostelandet.no\/en\/wp-json\/wp\/v2\/media\/6889"}],"wp:attachment":[{"href":"https:\/\/ostelandet.no\/en\/wp-json\/wp\/v2\/media?parent=6814"}],"wp:term":[{"taxonomy":"category","embeddable":true,"href":"https:\/\/ostelandet.no\/en\/wp-json\/wp\/v2\/categories?post=6814"},{"taxonomy":"post_tag","embeddable":true,"href":"https:\/\/ostelandet.no\/en\/wp-json\/wp\/v2\/tags?post=6814"},{"taxonomy":"produsent-ostetype","embeddable":true,"href":"https:\/\/ostelandet.no\/en\/wp-json\/wp\/v2\/produsent-ostetype?post=6814"},{"taxonomy":"produsentfylke","embeddable":true,"href":"https:\/\/ostelandet.no\/en\/wp-json\/wp\/v2\/produsentfylke?post=6814"}],"curies":[{"name":"wp","href":"https:\/\/api.w.org\/{rel}","templated":true}]}}