{"id":6813,"date":"2018-10-30T09:16:49","date_gmt":"2018-10-30T08:16:49","guid":{"rendered":"https:\/\/ostelandet.no\/oste-vm-som-skapt-for-matbyen\/"},"modified":"2025-11-20T12:11:49","modified_gmt":"2025-11-20T11:11:49","slug":"oste-vm-som-skapt-for-matbyen","status":"publish","type":"post","link":"https:\/\/ostelandet.no\/en\/oste-vm-som-skapt-for-matbyen\/","title":{"rendered":"Oste-VM som skapt for matbyen"},"content":{"rendered":"<p>&#8216;-At Oste-VM ble lagt til Bergen, er langt ifra tilfeldig. Byen er nemlig medlem av UNESCOs nettverk for kreative byer, i gruppen som kalles Cities of Gastronomy. -N\u00e5r verdens beste osteprodusenter kommer til Bergen, f\u00e5r vi vist frem byen og satt fokus p\u00e5 bergenske mattradisjoner. Vi er opptatte av \u00e5 satse p\u00e5 UNESCO-matbyen Bergen b\u00e5de for \u00e5 gj\u00f8re bergenserne mer bevisste p\u00e5 all den gode maten som produseres her, og for \u00e5 gj\u00f8re byen v\u00e5r enda mer attraktiv for bes\u00f8kende, sier byr\u00e5d for klima, kultur og n\u00e6ring, Julie Anderland. &#8211; Oste-VM er som skapt til dette. -Hva betyr medlemskapet for byen? Det er en stor anerkjennelse for Bergensregionen \u00e5 bli medlem i UNESCO-nettverket Creative Cities of Gastronomy, og det plasserer oss p\u00e5 kartet som matby. Medlemskapet i dette globale nettverket er viktig for det videre arbeidet med \u00e5 fremme matglede, sier Andersland. Perfekt ramme \u2013 Vi kunne ikke f\u00e5tt flottere rammer rundt konkurransen, sier Bernt Bucher Johannesen, daglig leder i HANEN som sammen med Norsk Gardsost er hovedarrang\u00f8r for OsteVM. &#8211; Bergen har de siste 10 \u00e5rene utviklet seg meget positivt gastronomisk med spennende restauranter, catering selskaper, flinke fagfolk og nye delikatessebutikker osv. Og med Grieghallen i sin midte,  passer Bergen perfekt til \u00e5 gjennomf\u00f8re et Oste-VM. Fakta: Bergen i UNESCOs matbynettverk I 2015 ble Bergen medlem av UNESCOs nettverk for kreative byer (UNESCO Creative City Network).  Bergen er dermed en av 26 byer som skal samarbeide om tilrettelegging for mat, kreativitet og gastronomi, s\u00e5kalte \u00abCities of Gastronomy\u00bb. Begrepet oversettes gjerne til \u00abmatbyer\u00bb p\u00e5 norsk, ettersom UNESCO \u00f8nsker at byene fokuserer p\u00e5 b\u00e5de lokalmat, lokal matidentitet, b\u00e6rekraft og mat og kreativitet i by- og regionsutviklingen. Les mer p\u00e5 UNESCOs internasjonale nettside her og om UNESCO-matbyen Bergen her<\/p>","protected":false},"excerpt":{"rendered":"<p>&#8216;-At Oste-VM ble lagt til Bergen, er langt ifra tilfeldig. Byen er nemlig medlem av UNESCOs nettverk for kreative byer, i gruppen som&#8230;<\/p>","protected":false},"author":1,"featured_media":0,"comment_status":"closed","ping_status":"open","sticky":false,"template":"","format":"standard","meta":{"_acf_changed":false,"footnotes":""},"categories":[895],"tags":[228],"produsent-ostetype":[],"produsentfylke":[],"class_list":["post-6813","post","type-post","status-publish","format-standard","hentry","category-artikler-ostevm2018","tag-oste-vm"],"acf":[],"yoast_head":"<!-- This site is optimized with the Yoast SEO plugin v26.1.1 - https:\/\/yoast.com\/wordpress\/plugins\/seo\/ -->\n<title>Oste-VM som skapt for matbyen - Ostelandet Norge<\/title>\n<meta name=\"description\" content=\"&#039;-At Oste-VM ble lagt til Bergen, er langt ifra tilfeldig. Byen er nemlig medlem av UNESCOs nettverk for kreative byer, i gruppen som...\" \/>\n<meta name=\"robots\" content=\"index, follow, max-snippet:-1, max-image-preview:large, max-video-preview:-1\" \/>\n<link rel=\"canonical\" href=\"https:\/\/ostelandet.no\/en\/oste-vm-som-skapt-for-matbyen\/\" \/>\n<meta property=\"og:locale\" content=\"en_US\" \/>\n<meta property=\"og:type\" content=\"article\" \/>\n<meta property=\"og:title\" content=\"Oste-VM som skapt for matbyen - Ostelandet Norge\" \/>\n<meta property=\"og:description\" content=\"&#039;-At Oste-VM ble lagt til Bergen, er langt ifra tilfeldig. Byen er nemlig medlem av UNESCOs nettverk for kreative byer, i gruppen som...\" \/>\n<meta property=\"og:url\" content=\"https:\/\/ostelandet.no\/en\/oste-vm-som-skapt-for-matbyen\/\" \/>\n<meta property=\"og:site_name\" content=\"Ostelandet Norge\" \/>\n<meta property=\"article:publisher\" content=\"https:\/\/www.facebook.com\/ostelandet-101474925294974\" \/>\n<meta property=\"article:published_time\" content=\"2018-10-30T08:16:49+00:00\" \/>\n<meta property=\"article:modified_time\" content=\"2025-11-20T11:11:49+00:00\" \/>\n<meta name=\"author\" content=\"eliho\" \/>\n<meta name=\"twitter:card\" content=\"summary_large_image\" \/>\n<meta name=\"twitter:label1\" content=\"Written by\" \/>\n\t<meta name=\"twitter:data1\" content=\"eliho\" \/>\n\t<meta name=\"twitter:label2\" content=\"Est. reading time\" \/>\n\t<meta name=\"twitter:data2\" content=\"1 minute\" \/>\n<script type=\"application\/ld+json\" class=\"yoast-schema-graph\">{\"@context\":\"https:\/\/schema.org\",\"@graph\":[{\"@type\":\"Article\",\"@id\":\"https:\/\/ostelandet.no\/oste-vm-som-skapt-for-matbyen\/#article\",\"isPartOf\":{\"@id\":\"https:\/\/ostelandet.no\/oste-vm-som-skapt-for-matbyen\/\"},\"author\":{\"name\":\"eliho\",\"@id\":\"https:\/\/ostelandet.no\/#\/schema\/person\/5875f248502ea0794dca05f9ea518440\"},\"headline\":\"Oste-VM som skapt for matbyen\",\"datePublished\":\"2018-10-30T08:16:49+00:00\",\"dateModified\":\"2025-11-20T11:11:49+00:00\",\"mainEntityOfPage\":{\"@id\":\"https:\/\/ostelandet.no\/oste-vm-som-skapt-for-matbyen\/\"},\"wordCount\":297,\"publisher\":{\"@id\":\"https:\/\/ostelandet.no\/#organization\"},\"keywords\":[\"oste-vm\"],\"articleSection\":[\"Artikler-OsteVM2018\"],\"inLanguage\":\"en-US\"},{\"@type\":\"WebPage\",\"@id\":\"https:\/\/ostelandet.no\/oste-vm-som-skapt-for-matbyen\/\",\"url\":\"https:\/\/ostelandet.no\/oste-vm-som-skapt-for-matbyen\/\",\"name\":\"Oste-VM som skapt for matbyen - Ostelandet Norge\",\"isPartOf\":{\"@id\":\"https:\/\/ostelandet.no\/#website\"},\"datePublished\":\"2018-10-30T08:16:49+00:00\",\"dateModified\":\"2025-11-20T11:11:49+00:00\",\"description\":\"'-At Oste-VM ble lagt til Bergen, er langt ifra tilfeldig. Byen er nemlig medlem av UNESCOs nettverk for kreative byer, i gruppen som...\",\"breadcrumb\":{\"@id\":\"https:\/\/ostelandet.no\/oste-vm-som-skapt-for-matbyen\/#breadcrumb\"},\"inLanguage\":\"en-US\",\"potentialAction\":[{\"@type\":\"ReadAction\",\"target\":[\"https:\/\/ostelandet.no\/oste-vm-som-skapt-for-matbyen\/\"]}]},{\"@type\":\"BreadcrumbList\",\"@id\":\"https:\/\/ostelandet.no\/oste-vm-som-skapt-for-matbyen\/#breadcrumb\",\"itemListElement\":[{\"@type\":\"ListItem\",\"position\":1,\"name\":\"Hjem\",\"item\":\"https:\/\/ostelandet.no\/\"},{\"@type\":\"ListItem\",\"position\":2,\"name\":\"Oste-VM som skapt for matbyen\"}]},{\"@type\":\"WebSite\",\"@id\":\"https:\/\/ostelandet.no\/#website\",\"url\":\"https:\/\/ostelandet.no\/\",\"name\":\"Ostelandet Norge\",\"description\":\"- L\u00e6r mer om norsk ost\",\"publisher\":{\"@id\":\"https:\/\/ostelandet.no\/#organization\"},\"potentialAction\":[{\"@type\":\"SearchAction\",\"target\":{\"@type\":\"EntryPoint\",\"urlTemplate\":\"https:\/\/ostelandet.no\/?s={search_term_string}\"},\"query-input\":{\"@type\":\"PropertyValueSpecification\",\"valueRequired\":true,\"valueName\":\"search_term_string\"}}],\"inLanguage\":\"en-US\"},{\"@type\":\"Organization\",\"@id\":\"https:\/\/ostelandet.no\/#organization\",\"name\":\"HANEN\",\"url\":\"https:\/\/ostelandet.no\/\",\"logo\":{\"@type\":\"ImageObject\",\"inLanguage\":\"en-US\",\"@id\":\"https:\/\/ostelandet.no\/#\/schema\/logo\/image\/\",\"url\":\"https:\/\/ostelandet.no\/wp-content\/uploads\/2021\/09\/ostelandet_norge_2farger_mork_hierarkisk.png\",\"contentUrl\":\"https:\/\/ostelandet.no\/wp-content\/uploads\/2021\/09\/ostelandet_norge_2farger_mork_hierarkisk.png\",\"width\":2062,\"height\":1223,\"caption\":\"HANEN\"},\"image\":{\"@id\":\"https:\/\/ostelandet.no\/#\/schema\/logo\/image\/\"},\"sameAs\":[\"https:\/\/www.facebook.com\/ostelandet-101474925294974\",\"https:\/\/www.instagram.com\/ostelandet\/\",\"https:\/\/www.linkedin.com\/showcase\/ostelandet-norge\/\"]},{\"@type\":\"Person\",\"@id\":\"https:\/\/ostelandet.no\/#\/schema\/person\/5875f248502ea0794dca05f9ea518440\",\"name\":\"eliho\",\"image\":{\"@type\":\"ImageObject\",\"inLanguage\":\"en-US\",\"@id\":\"https:\/\/ostelandet.no\/#\/schema\/person\/image\/\",\"url\":\"https:\/\/secure.gravatar.com\/avatar\/ea2d2e46de429e0415a330ea57f41bc101fea116d020ec3116a6fc2817d801cc?s=96&d=mm&r=g\",\"contentUrl\":\"https:\/\/secure.gravatar.com\/avatar\/ea2d2e46de429e0415a330ea57f41bc101fea116d020ec3116a6fc2817d801cc?s=96&d=mm&r=g\",\"caption\":\"eliho\"},\"url\":\"https:\/\/ostelandet.no\/en\/author\/eliho\/\"}]}<\/script>\n<!-- \/ Yoast SEO plugin. -->","yoast_head_json":{"title":"Oste-VM som skapt for matbyen - Ostelandet Norge","description":"'-At Oste-VM ble lagt til Bergen, er langt ifra tilfeldig. Byen er nemlig medlem av UNESCOs nettverk for kreative byer, i gruppen som...","robots":{"index":"index","follow":"follow","max-snippet":"max-snippet:-1","max-image-preview":"max-image-preview:large","max-video-preview":"max-video-preview:-1"},"canonical":"https:\/\/ostelandet.no\/en\/oste-vm-som-skapt-for-matbyen\/","og_locale":"en_US","og_type":"article","og_title":"Oste-VM som skapt for matbyen - Ostelandet Norge","og_description":"'-At Oste-VM ble lagt til Bergen, er langt ifra tilfeldig. Byen er nemlig medlem av UNESCOs nettverk for kreative byer, i gruppen som...","og_url":"https:\/\/ostelandet.no\/en\/oste-vm-som-skapt-for-matbyen\/","og_site_name":"Ostelandet Norge","article_publisher":"https:\/\/www.facebook.com\/ostelandet-101474925294974","article_published_time":"2018-10-30T08:16:49+00:00","article_modified_time":"2025-11-20T11:11:49+00:00","author":"eliho","twitter_card":"summary_large_image","twitter_misc":{"Written by":"eliho","Est. reading time":"1 minute"},"schema":{"@context":"https:\/\/schema.org","@graph":[{"@type":"Article","@id":"https:\/\/ostelandet.no\/oste-vm-som-skapt-for-matbyen\/#article","isPartOf":{"@id":"https:\/\/ostelandet.no\/oste-vm-som-skapt-for-matbyen\/"},"author":{"name":"eliho","@id":"https:\/\/ostelandet.no\/#\/schema\/person\/5875f248502ea0794dca05f9ea518440"},"headline":"Oste-VM som skapt for matbyen","datePublished":"2018-10-30T08:16:49+00:00","dateModified":"2025-11-20T11:11:49+00:00","mainEntityOfPage":{"@id":"https:\/\/ostelandet.no\/oste-vm-som-skapt-for-matbyen\/"},"wordCount":297,"publisher":{"@id":"https:\/\/ostelandet.no\/#organization"},"keywords":["oste-vm"],"articleSection":["Artikler-OsteVM2018"],"inLanguage":"en-US"},{"@type":"WebPage","@id":"https:\/\/ostelandet.no\/oste-vm-som-skapt-for-matbyen\/","url":"https:\/\/ostelandet.no\/oste-vm-som-skapt-for-matbyen\/","name":"Oste-VM som skapt for matbyen - Ostelandet Norge","isPartOf":{"@id":"https:\/\/ostelandet.no\/#website"},"datePublished":"2018-10-30T08:16:49+00:00","dateModified":"2025-11-20T11:11:49+00:00","description":"'-At Oste-VM ble lagt til Bergen, er langt ifra tilfeldig. Byen er nemlig medlem av UNESCOs nettverk for kreative byer, i gruppen som...","breadcrumb":{"@id":"https:\/\/ostelandet.no\/oste-vm-som-skapt-for-matbyen\/#breadcrumb"},"inLanguage":"en-US","potentialAction":[{"@type":"ReadAction","target":["https:\/\/ostelandet.no\/oste-vm-som-skapt-for-matbyen\/"]}]},{"@type":"BreadcrumbList","@id":"https:\/\/ostelandet.no\/oste-vm-som-skapt-for-matbyen\/#breadcrumb","itemListElement":[{"@type":"ListItem","position":1,"name":"Hjem","item":"https:\/\/ostelandet.no\/"},{"@type":"ListItem","position":2,"name":"Oste-VM som skapt for matbyen"}]},{"@type":"WebSite","@id":"https:\/\/ostelandet.no\/#website","url":"https:\/\/ostelandet.no\/","name":"Ostelandet Norge","description":"- L\u00e6r mer om norsk ost","publisher":{"@id":"https:\/\/ostelandet.no\/#organization"},"potentialAction":[{"@type":"SearchAction","target":{"@type":"EntryPoint","urlTemplate":"https:\/\/ostelandet.no\/?s={search_term_string}"},"query-input":{"@type":"PropertyValueSpecification","valueRequired":true,"valueName":"search_term_string"}}],"inLanguage":"en-US"},{"@type":"Organization","@id":"https:\/\/ostelandet.no\/#organization","name":"HANEN","url":"https:\/\/ostelandet.no\/","logo":{"@type":"ImageObject","inLanguage":"en-US","@id":"https:\/\/ostelandet.no\/#\/schema\/logo\/image\/","url":"https:\/\/ostelandet.no\/wp-content\/uploads\/2021\/09\/ostelandet_norge_2farger_mork_hierarkisk.png","contentUrl":"https:\/\/ostelandet.no\/wp-content\/uploads\/2021\/09\/ostelandet_norge_2farger_mork_hierarkisk.png","width":2062,"height":1223,"caption":"HANEN"},"image":{"@id":"https:\/\/ostelandet.no\/#\/schema\/logo\/image\/"},"sameAs":["https:\/\/www.facebook.com\/ostelandet-101474925294974","https:\/\/www.instagram.com\/ostelandet\/","https:\/\/www.linkedin.com\/showcase\/ostelandet-norge\/"]},{"@type":"Person","@id":"https:\/\/ostelandet.no\/#\/schema\/person\/5875f248502ea0794dca05f9ea518440","name":"eliho","image":{"@type":"ImageObject","inLanguage":"en-US","@id":"https:\/\/ostelandet.no\/#\/schema\/person\/image\/","url":"https:\/\/secure.gravatar.com\/avatar\/ea2d2e46de429e0415a330ea57f41bc101fea116d020ec3116a6fc2817d801cc?s=96&d=mm&r=g","contentUrl":"https:\/\/secure.gravatar.com\/avatar\/ea2d2e46de429e0415a330ea57f41bc101fea116d020ec3116a6fc2817d801cc?s=96&d=mm&r=g","caption":"eliho"},"url":"https:\/\/ostelandet.no\/en\/author\/eliho\/"}]}},"_links":{"self":[{"href":"https:\/\/ostelandet.no\/en\/wp-json\/wp\/v2\/posts\/6813","targetHints":{"allow":["GET"]}}],"collection":[{"href":"https:\/\/ostelandet.no\/en\/wp-json\/wp\/v2\/posts"}],"about":[{"href":"https:\/\/ostelandet.no\/en\/wp-json\/wp\/v2\/types\/post"}],"author":[{"embeddable":true,"href":"https:\/\/ostelandet.no\/en\/wp-json\/wp\/v2\/users\/1"}],"replies":[{"embeddable":true,"href":"https:\/\/ostelandet.no\/en\/wp-json\/wp\/v2\/comments?post=6813"}],"version-history":[{"count":1,"href":"https:\/\/ostelandet.no\/en\/wp-json\/wp\/v2\/posts\/6813\/revisions"}],"predecessor-version":[{"id":14538,"href":"https:\/\/ostelandet.no\/en\/wp-json\/wp\/v2\/posts\/6813\/revisions\/14538"}],"wp:attachment":[{"href":"https:\/\/ostelandet.no\/en\/wp-json\/wp\/v2\/media?parent=6813"}],"wp:term":[{"taxonomy":"category","embeddable":true,"href":"https:\/\/ostelandet.no\/en\/wp-json\/wp\/v2\/categories?post=6813"},{"taxonomy":"post_tag","embeddable":true,"href":"https:\/\/ostelandet.no\/en\/wp-json\/wp\/v2\/tags?post=6813"},{"taxonomy":"produsent-ostetype","embeddable":true,"href":"https:\/\/ostelandet.no\/en\/wp-json\/wp\/v2\/produsent-ostetype?post=6813"},{"taxonomy":"produsentfylke","embeddable":true,"href":"https:\/\/ostelandet.no\/en\/wp-json\/wp\/v2\/produsentfylke?post=6813"}],"curies":[{"name":"wp","href":"https:\/\/api.w.org\/{rel}","templated":true}]}}