{"id":6812,"date":"2018-10-30T14:22:02","date_gmt":"2018-10-30T13:22:02","guid":{"rendered":"https:\/\/ostelandet.no\/einar-alme\/"},"modified":"2022-01-10T14:47:09","modified_gmt":"2022-01-10T13:47:09","slug":"einar-alme","status":"publish","type":"post","link":"https:\/\/ostelandet.no\/en\/einar-alme\/","title":{"rendered":"Einar Alme"},"content":{"rendered":"<h2>\n\t\tEinar Alme\n\t<\/h2>\n\t\t\t\t<img loading=\"lazy\" decoding=\"async\" src=\"https:\/\/ostelandet.no\/wp-content\/uploads\/2018\/10\/Einar-226x300.jpg\" alt=\"Einar\" itemprop=\"image\" height=\"300\" width=\"226\" title=\"Einar\" onerror=\"this.style.display='none'\"  \/>\n\t<p>Vi snakket med Einar Alme f\u00f8r Oste-VM i Bergen 2018 da han skulle v\u00e6re med som dommer. Her er hva han sa da.<\/p>\n<p>Einar Alme, bedrifts\u00f8konom fra BI og meieriingeni\u00f8r fra NLH (N\u00e5 NMBU) Har de siste 23 \u00e5rene jobbet med lokalmat i Mattilsynet og Innovasjon Norge. Einar har de siste 15 \u00e5rene v\u00e6rt ostedommer i Norgesmesterskapet for lokalprodusert ost (tidligere Landsutstillingen for gardsost), og de fleste \u00e5rene ogs\u00e5 i gulljuryen.<\/p>\n<p>&#8211; Hvordan er det \u00e5 skulle v\u00e6re dommer i Oste-VM, en av de viktigste konkurranser for ost i verden? &#8211; Det skal bli stort \u00e5 v\u00e6re dommer i WCA, og treffe andre fagfolk fra hele verden og se det beste som produseres av ost i en rekke land. Det blir ogs\u00e5 interessant \u00e5 se hvordan norsk lokalprodusert oster st\u00e5r i forhold til oster fra andre viktige osteland.<\/p>\n<p>-Hva kan v\u00e6re verdien av at Oste-VM arrangeres i Norge? &#8211; WCA i Norge vil b\u00e5de inspirere norske produsenter til \u00e5 utvikle seg videre, og vil skape nettverk med produsenter i andre land for utveksling av kompetanse og erfaring. Den st\u00f8rste verdien vil v\u00e6re den oppmerksomhet det blir omkring ost i media i Norge og forbrukerinteresse for mer variert ostebruk. Jeg tror ikke det blir noen stor internasjonal oppmerksomhet utenom fagmilj\u00f8ene, bortsett fra i det landet der vinneren kommer fra.<\/p>\n<p>&#8211; Hvordan kan vi inspireres til \u00e5 smake nye norske oster? &#8211; Det viktigste er \u00e5 v\u00e6re tilstede i media og ikke minst i sosiale media. Popul\u00e6re matblogger er sv\u00e6rt viktig.<\/p>\n<p>&#8211; Hva er ditt beste osteminne? &#8211; Jeg har mange gode osteminner, men det sterkeste osteminnet er fra praksistiden p\u00e5 J\u00e6ren Meieri. Tidlig s\u00f8ndag morgen p\u00e5 gj\u00e6ringsbua og snu svette Jarlsbergost, og vite at dette er levende vesener som gjennom min nitid pleie vil bli et matprodukt av rang. Et godt minne er et bes\u00f8k p\u00e5 et ysteri i Portugal der jeg satt til \u00e5 fylle formene med Serra da Estrela, og etterp\u00e5 smake p\u00e5 denne herlige sauemelksosten.<\/p>\n<p>&#8211; Hva er ditt beste serveringstips til ost? &#8211; Raclette er en spennende m\u00e5te \u00e5 servere ost p\u00e5, men da med all slags ost og ikke bare dedikert Raclette ost (Raclette er b\u00e5de navnet p\u00e5 en ost og metoden for \u00e5 grille ost). Med masse ulikt tilbeh\u00f8r blir det en stor variasjon av smaksopplevelser.<\/p>","protected":false},"excerpt":{"rendered":"<p>Vi snakket med Einar Alme f\u00f8r Oste-VM i Bergen 2018 da han skulle v\u00e6re med som dommer. Her er hva han sa da.<\/p>","protected":false},"author":1,"featured_media":6885,"comment_status":"closed","ping_status":"open","sticky":false,"template":"","format":"standard","meta":{"_acf_changed":false,"footnotes":""},"categories":[894],"tags":[896],"produsent-ostetype":[],"produsentfylke":[],"class_list":["post-6812","post","type-post","status-publish","format-standard","has-post-thumbnail","hentry","category-dommere-ostevm2018","tag-dommer-ostevm-2018"],"acf":[],"yoast_head":"<!-- This site is optimized with the Yoast SEO plugin v26.1.1 - https:\/\/yoast.com\/wordpress\/plugins\/seo\/ -->\n<title>Einar Alme - Ostelandet Norge<\/title>\n<meta name=\"description\" content=\"Vi snakket med Einar Alme f\u00f8r Oste-VM i Bergen 2018 da han skulle v\u00e6re med som dommer. Her er hva han sa da.\" \/>\n<meta name=\"robots\" content=\"index, follow, max-snippet:-1, max-image-preview:large, max-video-preview:-1\" \/>\n<link rel=\"canonical\" href=\"https:\/\/ostelandet.no\/en\/einar-alme\/\" \/>\n<meta property=\"og:locale\" content=\"en_US\" \/>\n<meta property=\"og:type\" content=\"article\" \/>\n<meta property=\"og:title\" content=\"Einar Alme - Ostelandet Norge\" \/>\n<meta property=\"og:description\" content=\"Vi snakket med Einar Alme f\u00f8r Oste-VM i Bergen 2018 da han skulle v\u00e6re med som dommer. Her er hva han sa da.\" \/>\n<meta property=\"og:url\" content=\"https:\/\/ostelandet.no\/en\/einar-alme\/\" \/>\n<meta property=\"og:site_name\" content=\"Ostelandet Norge\" \/>\n<meta property=\"article:publisher\" content=\"https:\/\/www.facebook.com\/ostelandet-101474925294974\" \/>\n<meta property=\"article:published_time\" content=\"2018-10-30T13:22:02+00:00\" \/>\n<meta property=\"article:modified_time\" content=\"2022-01-10T13:47:09+00:00\" \/>\n<meta property=\"og:image\" content=\"https:\/\/ostelandet.no\/wp-content\/uploads\/2018\/10\/Einar-scaled.jpg\" \/>\n\t<meta property=\"og:image:width\" content=\"1929\" \/>\n\t<meta property=\"og:image:height\" content=\"2560\" \/>\n\t<meta property=\"og:image:type\" content=\"image\/jpeg\" \/>\n<meta name=\"author\" content=\"eliho\" \/>\n<meta name=\"twitter:card\" content=\"summary_large_image\" \/>\n<meta name=\"twitter:label1\" content=\"Written by\" \/>\n\t<meta name=\"twitter:data1\" content=\"eliho\" \/>\n\t<meta name=\"twitter:label2\" content=\"Est. reading time\" \/>\n\t<meta name=\"twitter:data2\" content=\"3 minutes\" \/>\n<script type=\"application\/ld+json\" class=\"yoast-schema-graph\">{\"@context\":\"https:\/\/schema.org\",\"@graph\":[{\"@type\":\"Article\",\"@id\":\"https:\/\/ostelandet.no\/einar-alme\/#article\",\"isPartOf\":{\"@id\":\"https:\/\/ostelandet.no\/einar-alme\/\"},\"author\":{\"name\":\"eliho\",\"@id\":\"https:\/\/ostelandet.no\/#\/schema\/person\/5875f248502ea0794dca05f9ea518440\"},\"headline\":\"Einar Alme\",\"datePublished\":\"2018-10-30T13:22:02+00:00\",\"dateModified\":\"2022-01-10T13:47:09+00:00\",\"mainEntityOfPage\":{\"@id\":\"https:\/\/ostelandet.no\/einar-alme\/\"},\"wordCount\":396,\"publisher\":{\"@id\":\"https:\/\/ostelandet.no\/#organization\"},\"image\":{\"@id\":\"https:\/\/ostelandet.no\/einar-alme\/#primaryimage\"},\"thumbnailUrl\":\"https:\/\/ostelandet.no\/wp-content\/uploads\/2018\/10\/Einar-scaled.jpg\",\"keywords\":[\"dommer osteVM 2018\"],\"articleSection\":[\"Dommere-OsteVM2018\"],\"inLanguage\":\"en-US\"},{\"@type\":\"WebPage\",\"@id\":\"https:\/\/ostelandet.no\/einar-alme\/\",\"url\":\"https:\/\/ostelandet.no\/einar-alme\/\",\"name\":\"Einar Alme - Ostelandet Norge\",\"isPartOf\":{\"@id\":\"https:\/\/ostelandet.no\/#website\"},\"primaryImageOfPage\":{\"@id\":\"https:\/\/ostelandet.no\/einar-alme\/#primaryimage\"},\"image\":{\"@id\":\"https:\/\/ostelandet.no\/einar-alme\/#primaryimage\"},\"thumbnailUrl\":\"https:\/\/ostelandet.no\/wp-content\/uploads\/2018\/10\/Einar-scaled.jpg\",\"datePublished\":\"2018-10-30T13:22:02+00:00\",\"dateModified\":\"2022-01-10T13:47:09+00:00\",\"description\":\"Vi snakket med Einar Alme f\u00f8r Oste-VM i Bergen 2018 da han skulle v\u00e6re med som dommer. Her er hva han sa da.\",\"breadcrumb\":{\"@id\":\"https:\/\/ostelandet.no\/einar-alme\/#breadcrumb\"},\"inLanguage\":\"en-US\",\"potentialAction\":[{\"@type\":\"ReadAction\",\"target\":[\"https:\/\/ostelandet.no\/einar-alme\/\"]}]},{\"@type\":\"ImageObject\",\"inLanguage\":\"en-US\",\"@id\":\"https:\/\/ostelandet.no\/einar-alme\/#primaryimage\",\"url\":\"https:\/\/ostelandet.no\/wp-content\/uploads\/2018\/10\/Einar-scaled.jpg\",\"contentUrl\":\"https:\/\/ostelandet.no\/wp-content\/uploads\/2018\/10\/Einar-scaled.jpg\",\"width\":1929,\"height\":2560},{\"@type\":\"BreadcrumbList\",\"@id\":\"https:\/\/ostelandet.no\/einar-alme\/#breadcrumb\",\"itemListElement\":[{\"@type\":\"ListItem\",\"position\":1,\"name\":\"Hjem\",\"item\":\"https:\/\/ostelandet.no\/\"},{\"@type\":\"ListItem\",\"position\":2,\"name\":\"Einar Alme\"}]},{\"@type\":\"WebSite\",\"@id\":\"https:\/\/ostelandet.no\/#website\",\"url\":\"https:\/\/ostelandet.no\/\",\"name\":\"Ostelandet Norge\",\"description\":\"- L\u00e6r mer om norsk ost\",\"publisher\":{\"@id\":\"https:\/\/ostelandet.no\/#organization\"},\"potentialAction\":[{\"@type\":\"SearchAction\",\"target\":{\"@type\":\"EntryPoint\",\"urlTemplate\":\"https:\/\/ostelandet.no\/?s={search_term_string}\"},\"query-input\":{\"@type\":\"PropertyValueSpecification\",\"valueRequired\":true,\"valueName\":\"search_term_string\"}}],\"inLanguage\":\"en-US\"},{\"@type\":\"Organization\",\"@id\":\"https:\/\/ostelandet.no\/#organization\",\"name\":\"HANEN\",\"url\":\"https:\/\/ostelandet.no\/\",\"logo\":{\"@type\":\"ImageObject\",\"inLanguage\":\"en-US\",\"@id\":\"https:\/\/ostelandet.no\/#\/schema\/logo\/image\/\",\"url\":\"https:\/\/ostelandet.no\/wp-content\/uploads\/2021\/09\/ostelandet_norge_2farger_mork_hierarkisk.png\",\"contentUrl\":\"https:\/\/ostelandet.no\/wp-content\/uploads\/2021\/09\/ostelandet_norge_2farger_mork_hierarkisk.png\",\"width\":2062,\"height\":1223,\"caption\":\"HANEN\"},\"image\":{\"@id\":\"https:\/\/ostelandet.no\/#\/schema\/logo\/image\/\"},\"sameAs\":[\"https:\/\/www.facebook.com\/ostelandet-101474925294974\",\"https:\/\/www.instagram.com\/ostelandet\/\",\"https:\/\/www.linkedin.com\/showcase\/ostelandet-norge\/\"]},{\"@type\":\"Person\",\"@id\":\"https:\/\/ostelandet.no\/#\/schema\/person\/5875f248502ea0794dca05f9ea518440\",\"name\":\"eliho\",\"image\":{\"@type\":\"ImageObject\",\"inLanguage\":\"en-US\",\"@id\":\"https:\/\/ostelandet.no\/#\/schema\/person\/image\/\",\"url\":\"https:\/\/secure.gravatar.com\/avatar\/ea2d2e46de429e0415a330ea57f41bc101fea116d020ec3116a6fc2817d801cc?s=96&d=mm&r=g\",\"contentUrl\":\"https:\/\/secure.gravatar.com\/avatar\/ea2d2e46de429e0415a330ea57f41bc101fea116d020ec3116a6fc2817d801cc?s=96&d=mm&r=g\",\"caption\":\"eliho\"},\"url\":\"https:\/\/ostelandet.no\/en\/author\/eliho\/\"}]}<\/script>\n<!-- \/ Yoast SEO plugin. -->","yoast_head_json":{"title":"Einar Alme - Ostelandet Norge","description":"Vi snakket med Einar Alme f\u00f8r Oste-VM i Bergen 2018 da han skulle v\u00e6re med som dommer. Her er hva han sa da.","robots":{"index":"index","follow":"follow","max-snippet":"max-snippet:-1","max-image-preview":"max-image-preview:large","max-video-preview":"max-video-preview:-1"},"canonical":"https:\/\/ostelandet.no\/en\/einar-alme\/","og_locale":"en_US","og_type":"article","og_title":"Einar Alme - Ostelandet Norge","og_description":"Vi snakket med Einar Alme f\u00f8r Oste-VM i Bergen 2018 da han skulle v\u00e6re med som dommer. Her er hva han sa da.","og_url":"https:\/\/ostelandet.no\/en\/einar-alme\/","og_site_name":"Ostelandet Norge","article_publisher":"https:\/\/www.facebook.com\/ostelandet-101474925294974","article_published_time":"2018-10-30T13:22:02+00:00","article_modified_time":"2022-01-10T13:47:09+00:00","og_image":[{"width":1929,"height":2560,"url":"https:\/\/ostelandet.no\/wp-content\/uploads\/2018\/10\/Einar-scaled.jpg","type":"image\/jpeg"}],"author":"eliho","twitter_card":"summary_large_image","twitter_misc":{"Written by":"eliho","Est. reading time":"3 minutes"},"schema":{"@context":"https:\/\/schema.org","@graph":[{"@type":"Article","@id":"https:\/\/ostelandet.no\/einar-alme\/#article","isPartOf":{"@id":"https:\/\/ostelandet.no\/einar-alme\/"},"author":{"name":"eliho","@id":"https:\/\/ostelandet.no\/#\/schema\/person\/5875f248502ea0794dca05f9ea518440"},"headline":"Einar Alme","datePublished":"2018-10-30T13:22:02+00:00","dateModified":"2022-01-10T13:47:09+00:00","mainEntityOfPage":{"@id":"https:\/\/ostelandet.no\/einar-alme\/"},"wordCount":396,"publisher":{"@id":"https:\/\/ostelandet.no\/#organization"},"image":{"@id":"https:\/\/ostelandet.no\/einar-alme\/#primaryimage"},"thumbnailUrl":"https:\/\/ostelandet.no\/wp-content\/uploads\/2018\/10\/Einar-scaled.jpg","keywords":["dommer osteVM 2018"],"articleSection":["Dommere-OsteVM2018"],"inLanguage":"en-US"},{"@type":"WebPage","@id":"https:\/\/ostelandet.no\/einar-alme\/","url":"https:\/\/ostelandet.no\/einar-alme\/","name":"Einar Alme - Ostelandet Norge","isPartOf":{"@id":"https:\/\/ostelandet.no\/#website"},"primaryImageOfPage":{"@id":"https:\/\/ostelandet.no\/einar-alme\/#primaryimage"},"image":{"@id":"https:\/\/ostelandet.no\/einar-alme\/#primaryimage"},"thumbnailUrl":"https:\/\/ostelandet.no\/wp-content\/uploads\/2018\/10\/Einar-scaled.jpg","datePublished":"2018-10-30T13:22:02+00:00","dateModified":"2022-01-10T13:47:09+00:00","description":"Vi snakket med Einar Alme f\u00f8r Oste-VM i Bergen 2018 da han skulle v\u00e6re med som dommer. Her er hva han sa da.","breadcrumb":{"@id":"https:\/\/ostelandet.no\/einar-alme\/#breadcrumb"},"inLanguage":"en-US","potentialAction":[{"@type":"ReadAction","target":["https:\/\/ostelandet.no\/einar-alme\/"]}]},{"@type":"ImageObject","inLanguage":"en-US","@id":"https:\/\/ostelandet.no\/einar-alme\/#primaryimage","url":"https:\/\/ostelandet.no\/wp-content\/uploads\/2018\/10\/Einar-scaled.jpg","contentUrl":"https:\/\/ostelandet.no\/wp-content\/uploads\/2018\/10\/Einar-scaled.jpg","width":1929,"height":2560},{"@type":"BreadcrumbList","@id":"https:\/\/ostelandet.no\/einar-alme\/#breadcrumb","itemListElement":[{"@type":"ListItem","position":1,"name":"Hjem","item":"https:\/\/ostelandet.no\/"},{"@type":"ListItem","position":2,"name":"Einar Alme"}]},{"@type":"WebSite","@id":"https:\/\/ostelandet.no\/#website","url":"https:\/\/ostelandet.no\/","name":"Ostelandet Norge","description":"- L\u00e6r mer om norsk ost","publisher":{"@id":"https:\/\/ostelandet.no\/#organization"},"potentialAction":[{"@type":"SearchAction","target":{"@type":"EntryPoint","urlTemplate":"https:\/\/ostelandet.no\/?s={search_term_string}"},"query-input":{"@type":"PropertyValueSpecification","valueRequired":true,"valueName":"search_term_string"}}],"inLanguage":"en-US"},{"@type":"Organization","@id":"https:\/\/ostelandet.no\/#organization","name":"HANEN","url":"https:\/\/ostelandet.no\/","logo":{"@type":"ImageObject","inLanguage":"en-US","@id":"https:\/\/ostelandet.no\/#\/schema\/logo\/image\/","url":"https:\/\/ostelandet.no\/wp-content\/uploads\/2021\/09\/ostelandet_norge_2farger_mork_hierarkisk.png","contentUrl":"https:\/\/ostelandet.no\/wp-content\/uploads\/2021\/09\/ostelandet_norge_2farger_mork_hierarkisk.png","width":2062,"height":1223,"caption":"HANEN"},"image":{"@id":"https:\/\/ostelandet.no\/#\/schema\/logo\/image\/"},"sameAs":["https:\/\/www.facebook.com\/ostelandet-101474925294974","https:\/\/www.instagram.com\/ostelandet\/","https:\/\/www.linkedin.com\/showcase\/ostelandet-norge\/"]},{"@type":"Person","@id":"https:\/\/ostelandet.no\/#\/schema\/person\/5875f248502ea0794dca05f9ea518440","name":"eliho","image":{"@type":"ImageObject","inLanguage":"en-US","@id":"https:\/\/ostelandet.no\/#\/schema\/person\/image\/","url":"https:\/\/secure.gravatar.com\/avatar\/ea2d2e46de429e0415a330ea57f41bc101fea116d020ec3116a6fc2817d801cc?s=96&d=mm&r=g","contentUrl":"https:\/\/secure.gravatar.com\/avatar\/ea2d2e46de429e0415a330ea57f41bc101fea116d020ec3116a6fc2817d801cc?s=96&d=mm&r=g","caption":"eliho"},"url":"https:\/\/ostelandet.no\/en\/author\/eliho\/"}]}},"_links":{"self":[{"href":"https:\/\/ostelandet.no\/en\/wp-json\/wp\/v2\/posts\/6812","targetHints":{"allow":["GET"]}}],"collection":[{"href":"https:\/\/ostelandet.no\/en\/wp-json\/wp\/v2\/posts"}],"about":[{"href":"https:\/\/ostelandet.no\/en\/wp-json\/wp\/v2\/types\/post"}],"author":[{"embeddable":true,"href":"https:\/\/ostelandet.no\/en\/wp-json\/wp\/v2\/users\/1"}],"replies":[{"embeddable":true,"href":"https:\/\/ostelandet.no\/en\/wp-json\/wp\/v2\/comments?post=6812"}],"version-history":[{"count":5,"href":"https:\/\/ostelandet.no\/en\/wp-json\/wp\/v2\/posts\/6812\/revisions"}],"predecessor-version":[{"id":6958,"href":"https:\/\/ostelandet.no\/en\/wp-json\/wp\/v2\/posts\/6812\/revisions\/6958"}],"wp:featuredmedia":[{"embeddable":true,"href":"https:\/\/ostelandet.no\/en\/wp-json\/wp\/v2\/media\/6885"}],"wp:attachment":[{"href":"https:\/\/ostelandet.no\/en\/wp-json\/wp\/v2\/media?parent=6812"}],"wp:term":[{"taxonomy":"category","embeddable":true,"href":"https:\/\/ostelandet.no\/en\/wp-json\/wp\/v2\/categories?post=6812"},{"taxonomy":"post_tag","embeddable":true,"href":"https:\/\/ostelandet.no\/en\/wp-json\/wp\/v2\/tags?post=6812"},{"taxonomy":"produsent-ostetype","embeddable":true,"href":"https:\/\/ostelandet.no\/en\/wp-json\/wp\/v2\/produsent-ostetype?post=6812"},{"taxonomy":"produsentfylke","embeddable":true,"href":"https:\/\/ostelandet.no\/en\/wp-json\/wp\/v2\/produsentfylke?post=6812"}],"curies":[{"name":"wp","href":"https:\/\/api.w.org\/{rel}","templated":true}]}}