{"id":6809,"date":"2018-10-31T14:56:34","date_gmt":"2018-10-31T13:56:34","guid":{"rendered":"https:\/\/ostelandet.no\/bernt-bucher-johannessen\/"},"modified":"2018-10-31T14:56:34","modified_gmt":"2018-10-31T13:56:34","slug":"bernt-bucher-johannessen","status":"publish","type":"post","link":"https:\/\/ostelandet.no\/en\/bernt-bucher-johannessen\/","title":{"rendered":"Bernt Bucher Johannessen"},"content":{"rendered":"<p>Bernt is general manager at HANEN and restaurant operator for many years. - How is it, in collaboration with Norsk Gardsost, to be the main organizer of the Cheese WC, one of the most important competitions for cheese in the world? - It is both very satisfying and motivating. This is the crowning achievement in relation to having worked on this since we were in London for the first time in 2014. - What could be the value of the Cheese World Cup being organized in Norway? &#039; - The value is that Norwegian consumers are made aware of the great variety of cheeses and the high quality of Norwegian cheeses, - and in that way are tempted to buy the cheese. \u00b7 -How can we be inspired to taste new Norwegian cheeses? - By showcasing the diversity and quality and history of the cheeses. - What is your best cheese memory? It is my father&#039;s old cheese, around which many pleasant memories follow. - What is your best serving tip for cheese? Take the cheese out long before you are going to eat it.<\/p>","protected":false},"excerpt":{"rendered":"<p>Bernt er daglig leder i HANEN og restaurantdriver gjennom mange \u00e5r. &#8211; Hvordan er det i samarbeid med Norsk Gardsost, \u00e5 v\u00e6re hovedarrang\u00f8r&#8230;<\/p>","protected":false},"author":1,"featured_media":0,"comment_status":"closed","ping_status":"open","sticky":false,"template":"","format":"standard","meta":{"_acf_changed":false,"footnotes":""},"categories":[895],"tags":[],"produsent-ostetype":[],"produsentfylke":[],"class_list":["post-6809","post","type-post","status-publish","format-standard","hentry","category-artikler-ostevm2018"],"acf":[],"yoast_head":"<!-- This site is optimized with the Yoast SEO plugin v26.1.1 - https:\/\/yoast.com\/wordpress\/plugins\/seo\/ -->\n<title>Bernt Bucher Johannessen - Ostelandet Norge<\/title>\n<meta name=\"description\" content=\"Bernt er daglig leder i HANEN og restaurantdriver gjennom mange \u00e5r. - Hvordan er det i samarbeid med Norsk Gardsost, \u00e5 v\u00e6re hovedarrang\u00f8r...\" \/>\n<meta name=\"robots\" content=\"index, follow, max-snippet:-1, max-image-preview:large, max-video-preview:-1\" \/>\n<link rel=\"canonical\" href=\"https:\/\/ostelandet.no\/en\/bernt-bucher-johannessen\/\" \/>\n<meta property=\"og:locale\" content=\"en_US\" \/>\n<meta property=\"og:type\" content=\"article\" \/>\n<meta property=\"og:title\" content=\"Bernt Bucher Johannessen - Ostelandet Norge\" \/>\n<meta property=\"og:description\" content=\"Bernt er daglig leder i HANEN og restaurantdriver gjennom mange \u00e5r. - Hvordan er det i samarbeid med Norsk Gardsost, \u00e5 v\u00e6re hovedarrang\u00f8r...\" \/>\n<meta property=\"og:url\" content=\"https:\/\/ostelandet.no\/en\/bernt-bucher-johannessen\/\" \/>\n<meta property=\"og:site_name\" content=\"Ostelandet Norge\" \/>\n<meta property=\"article:publisher\" content=\"https:\/\/www.facebook.com\/ostelandet-101474925294974\" \/>\n<meta property=\"article:published_time\" content=\"2018-10-31T13:56:34+00:00\" \/>\n<meta name=\"author\" content=\"eliho\" \/>\n<meta name=\"twitter:card\" content=\"summary_large_image\" \/>\n<meta name=\"twitter:label1\" content=\"Written by\" \/>\n\t<meta name=\"twitter:data1\" content=\"eliho\" \/>\n\t<meta name=\"twitter:label2\" content=\"Est. reading time\" \/>\n\t<meta name=\"twitter:data2\" content=\"1 minute\" \/>\n<script type=\"application\/ld+json\" class=\"yoast-schema-graph\">{\"@context\":\"https:\/\/schema.org\",\"@graph\":[{\"@type\":\"Article\",\"@id\":\"https:\/\/ostelandet.no\/bernt-bucher-johannessen\/#article\",\"isPartOf\":{\"@id\":\"https:\/\/ostelandet.no\/bernt-bucher-johannessen\/\"},\"author\":{\"name\":\"eliho\",\"@id\":\"https:\/\/ostelandet.no\/#\/schema\/person\/5875f248502ea0794dca05f9ea518440\"},\"headline\":\"Bernt Bucher Johannessen\",\"datePublished\":\"2018-10-31T13:56:34+00:00\",\"mainEntityOfPage\":{\"@id\":\"https:\/\/ostelandet.no\/bernt-bucher-johannessen\/\"},\"wordCount\":170,\"publisher\":{\"@id\":\"https:\/\/ostelandet.no\/#organization\"},\"articleSection\":[\"Artikler-OsteVM2018\"],\"inLanguage\":\"en-US\"},{\"@type\":\"WebPage\",\"@id\":\"https:\/\/ostelandet.no\/bernt-bucher-johannessen\/\",\"url\":\"https:\/\/ostelandet.no\/bernt-bucher-johannessen\/\",\"name\":\"Bernt Bucher Johannessen - Ostelandet Norge\",\"isPartOf\":{\"@id\":\"https:\/\/ostelandet.no\/#website\"},\"datePublished\":\"2018-10-31T13:56:34+00:00\",\"description\":\"Bernt er daglig leder i HANEN og restaurantdriver gjennom mange \u00e5r. - Hvordan er det i samarbeid med Norsk Gardsost, \u00e5 v\u00e6re hovedarrang\u00f8r...\",\"breadcrumb\":{\"@id\":\"https:\/\/ostelandet.no\/bernt-bucher-johannessen\/#breadcrumb\"},\"inLanguage\":\"en-US\",\"potentialAction\":[{\"@type\":\"ReadAction\",\"target\":[\"https:\/\/ostelandet.no\/bernt-bucher-johannessen\/\"]}]},{\"@type\":\"BreadcrumbList\",\"@id\":\"https:\/\/ostelandet.no\/bernt-bucher-johannessen\/#breadcrumb\",\"itemListElement\":[{\"@type\":\"ListItem\",\"position\":1,\"name\":\"Hjem\",\"item\":\"https:\/\/ostelandet.no\/\"},{\"@type\":\"ListItem\",\"position\":2,\"name\":\"Bernt Bucher Johannessen\"}]},{\"@type\":\"WebSite\",\"@id\":\"https:\/\/ostelandet.no\/#website\",\"url\":\"https:\/\/ostelandet.no\/\",\"name\":\"Ostelandet Norge\",\"description\":\"- L\u00e6r mer om norsk ost\",\"publisher\":{\"@id\":\"https:\/\/ostelandet.no\/#organization\"},\"potentialAction\":[{\"@type\":\"SearchAction\",\"target\":{\"@type\":\"EntryPoint\",\"urlTemplate\":\"https:\/\/ostelandet.no\/?s={search_term_string}\"},\"query-input\":{\"@type\":\"PropertyValueSpecification\",\"valueRequired\":true,\"valueName\":\"search_term_string\"}}],\"inLanguage\":\"en-US\"},{\"@type\":\"Organization\",\"@id\":\"https:\/\/ostelandet.no\/#organization\",\"name\":\"HANEN\",\"url\":\"https:\/\/ostelandet.no\/\",\"logo\":{\"@type\":\"ImageObject\",\"inLanguage\":\"en-US\",\"@id\":\"https:\/\/ostelandet.no\/#\/schema\/logo\/image\/\",\"url\":\"https:\/\/ostelandet.no\/wp-content\/uploads\/2021\/09\/ostelandet_norge_2farger_mork_hierarkisk.png\",\"contentUrl\":\"https:\/\/ostelandet.no\/wp-content\/uploads\/2021\/09\/ostelandet_norge_2farger_mork_hierarkisk.png\",\"width\":2062,\"height\":1223,\"caption\":\"HANEN\"},\"image\":{\"@id\":\"https:\/\/ostelandet.no\/#\/schema\/logo\/image\/\"},\"sameAs\":[\"https:\/\/www.facebook.com\/ostelandet-101474925294974\",\"https:\/\/www.instagram.com\/ostelandet\/\",\"https:\/\/www.linkedin.com\/showcase\/ostelandet-norge\/\"]},{\"@type\":\"Person\",\"@id\":\"https:\/\/ostelandet.no\/#\/schema\/person\/5875f248502ea0794dca05f9ea518440\",\"name\":\"eliho\",\"image\":{\"@type\":\"ImageObject\",\"inLanguage\":\"en-US\",\"@id\":\"https:\/\/ostelandet.no\/#\/schema\/person\/image\/\",\"url\":\"https:\/\/secure.gravatar.com\/avatar\/ea2d2e46de429e0415a330ea57f41bc101fea116d020ec3116a6fc2817d801cc?s=96&d=mm&r=g\",\"contentUrl\":\"https:\/\/secure.gravatar.com\/avatar\/ea2d2e46de429e0415a330ea57f41bc101fea116d020ec3116a6fc2817d801cc?s=96&d=mm&r=g\",\"caption\":\"eliho\"},\"url\":\"https:\/\/ostelandet.no\/en\/author\/eliho\/\"}]}<\/script>\n<!-- \/ Yoast SEO plugin. -->","yoast_head_json":{"title":"Bernt Bucher Johannessen - Ostelandet Norge","description":"Bernt er daglig leder i HANEN og restaurantdriver gjennom mange \u00e5r. - Hvordan er det i samarbeid med Norsk Gardsost, \u00e5 v\u00e6re hovedarrang\u00f8r...","robots":{"index":"index","follow":"follow","max-snippet":"max-snippet:-1","max-image-preview":"max-image-preview:large","max-video-preview":"max-video-preview:-1"},"canonical":"https:\/\/ostelandet.no\/en\/bernt-bucher-johannessen\/","og_locale":"en_US","og_type":"article","og_title":"Bernt Bucher Johannessen - Ostelandet Norge","og_description":"Bernt er daglig leder i HANEN og restaurantdriver gjennom mange \u00e5r. - Hvordan er det i samarbeid med Norsk Gardsost, \u00e5 v\u00e6re hovedarrang\u00f8r...","og_url":"https:\/\/ostelandet.no\/en\/bernt-bucher-johannessen\/","og_site_name":"Ostelandet Norge","article_publisher":"https:\/\/www.facebook.com\/ostelandet-101474925294974","article_published_time":"2018-10-31T13:56:34+00:00","author":"eliho","twitter_card":"summary_large_image","twitter_misc":{"Written by":"eliho","Est. reading time":"1 minute"},"schema":{"@context":"https:\/\/schema.org","@graph":[{"@type":"Article","@id":"https:\/\/ostelandet.no\/bernt-bucher-johannessen\/#article","isPartOf":{"@id":"https:\/\/ostelandet.no\/bernt-bucher-johannessen\/"},"author":{"name":"eliho","@id":"https:\/\/ostelandet.no\/#\/schema\/person\/5875f248502ea0794dca05f9ea518440"},"headline":"Bernt Bucher Johannessen","datePublished":"2018-10-31T13:56:34+00:00","mainEntityOfPage":{"@id":"https:\/\/ostelandet.no\/bernt-bucher-johannessen\/"},"wordCount":170,"publisher":{"@id":"https:\/\/ostelandet.no\/#organization"},"articleSection":["Artikler-OsteVM2018"],"inLanguage":"en-US"},{"@type":"WebPage","@id":"https:\/\/ostelandet.no\/bernt-bucher-johannessen\/","url":"https:\/\/ostelandet.no\/bernt-bucher-johannessen\/","name":"Bernt Bucher Johannessen - Ostelandet Norge","isPartOf":{"@id":"https:\/\/ostelandet.no\/#website"},"datePublished":"2018-10-31T13:56:34+00:00","description":"Bernt er daglig leder i HANEN og restaurantdriver gjennom mange \u00e5r. - Hvordan er det i samarbeid med Norsk Gardsost, \u00e5 v\u00e6re hovedarrang\u00f8r...","breadcrumb":{"@id":"https:\/\/ostelandet.no\/bernt-bucher-johannessen\/#breadcrumb"},"inLanguage":"en-US","potentialAction":[{"@type":"ReadAction","target":["https:\/\/ostelandet.no\/bernt-bucher-johannessen\/"]}]},{"@type":"BreadcrumbList","@id":"https:\/\/ostelandet.no\/bernt-bucher-johannessen\/#breadcrumb","itemListElement":[{"@type":"ListItem","position":1,"name":"Hjem","item":"https:\/\/ostelandet.no\/"},{"@type":"ListItem","position":2,"name":"Bernt Bucher Johannessen"}]},{"@type":"WebSite","@id":"https:\/\/ostelandet.no\/#website","url":"https:\/\/ostelandet.no\/","name":"Ostelandet Norge","description":"- L\u00e6r mer om norsk ost","publisher":{"@id":"https:\/\/ostelandet.no\/#organization"},"potentialAction":[{"@type":"SearchAction","target":{"@type":"EntryPoint","urlTemplate":"https:\/\/ostelandet.no\/?s={search_term_string}"},"query-input":{"@type":"PropertyValueSpecification","valueRequired":true,"valueName":"search_term_string"}}],"inLanguage":"en-US"},{"@type":"Organization","@id":"https:\/\/ostelandet.no\/#organization","name":"HANEN","url":"https:\/\/ostelandet.no\/","logo":{"@type":"ImageObject","inLanguage":"en-US","@id":"https:\/\/ostelandet.no\/#\/schema\/logo\/image\/","url":"https:\/\/ostelandet.no\/wp-content\/uploads\/2021\/09\/ostelandet_norge_2farger_mork_hierarkisk.png","contentUrl":"https:\/\/ostelandet.no\/wp-content\/uploads\/2021\/09\/ostelandet_norge_2farger_mork_hierarkisk.png","width":2062,"height":1223,"caption":"HANEN"},"image":{"@id":"https:\/\/ostelandet.no\/#\/schema\/logo\/image\/"},"sameAs":["https:\/\/www.facebook.com\/ostelandet-101474925294974","https:\/\/www.instagram.com\/ostelandet\/","https:\/\/www.linkedin.com\/showcase\/ostelandet-norge\/"]},{"@type":"Person","@id":"https:\/\/ostelandet.no\/#\/schema\/person\/5875f248502ea0794dca05f9ea518440","name":"eliho","image":{"@type":"ImageObject","inLanguage":"en-US","@id":"https:\/\/ostelandet.no\/#\/schema\/person\/image\/","url":"https:\/\/secure.gravatar.com\/avatar\/ea2d2e46de429e0415a330ea57f41bc101fea116d020ec3116a6fc2817d801cc?s=96&d=mm&r=g","contentUrl":"https:\/\/secure.gravatar.com\/avatar\/ea2d2e46de429e0415a330ea57f41bc101fea116d020ec3116a6fc2817d801cc?s=96&d=mm&r=g","caption":"eliho"},"url":"https:\/\/ostelandet.no\/en\/author\/eliho\/"}]}},"_links":{"self":[{"href":"https:\/\/ostelandet.no\/en\/wp-json\/wp\/v2\/posts\/6809","targetHints":{"allow":["GET"]}}],"collection":[{"href":"https:\/\/ostelandet.no\/en\/wp-json\/wp\/v2\/posts"}],"about":[{"href":"https:\/\/ostelandet.no\/en\/wp-json\/wp\/v2\/types\/post"}],"author":[{"embeddable":true,"href":"https:\/\/ostelandet.no\/en\/wp-json\/wp\/v2\/users\/1"}],"replies":[{"embeddable":true,"href":"https:\/\/ostelandet.no\/en\/wp-json\/wp\/v2\/comments?post=6809"}],"version-history":[{"count":0,"href":"https:\/\/ostelandet.no\/en\/wp-json\/wp\/v2\/posts\/6809\/revisions"}],"wp:attachment":[{"href":"https:\/\/ostelandet.no\/en\/wp-json\/wp\/v2\/media?parent=6809"}],"wp:term":[{"taxonomy":"category","embeddable":true,"href":"https:\/\/ostelandet.no\/en\/wp-json\/wp\/v2\/categories?post=6809"},{"taxonomy":"post_tag","embeddable":true,"href":"https:\/\/ostelandet.no\/en\/wp-json\/wp\/v2\/tags?post=6809"},{"taxonomy":"produsent-ostetype","embeddable":true,"href":"https:\/\/ostelandet.no\/en\/wp-json\/wp\/v2\/produsent-ostetype?post=6809"},{"taxonomy":"produsentfylke","embeddable":true,"href":"https:\/\/ostelandet.no\/en\/wp-json\/wp\/v2\/produsentfylke?post=6809"}],"curies":[{"name":"wp","href":"https:\/\/api.w.org\/{rel}","templated":true}]}}