{"id":6806,"date":"2018-11-02T11:31:49","date_gmt":"2018-11-02T10:31:49","guid":{"rendered":"https:\/\/ostelandet.no\/claus-meyer\/"},"modified":"2022-01-10T13:01:50","modified_gmt":"2022-01-10T12:01:50","slug":"claus-meyer","status":"publish","type":"post","link":"https:\/\/ostelandet.no\/en\/claus-meyer\/","title":{"rendered":"Claus Meyer"},"content":{"rendered":"<h2>\n\t\tClaus Meyer\n\t<\/h2>\n\t\t\t\t<img loading=\"lazy\" decoding=\"async\" src=\"https:\/\/ostelandet.no\/wp-content\/uploads\/2018\/11\/Claus-Meyer-300x200.jpg\" alt=\"Claus Meyer\" itemprop=\"image\" height=\"200\" width=\"300\" title=\"Claus Meyer\" onerror=\"this.style.display='none'\">\n\t<p>We spoke to Claus Meyer before the Cheese WC in Bergen 2018 when he was to be a judge. Here&#039;s what he said then. Meet Danish Claus Meyer, entrepreneur, chef, cookbook author, restaurateur and food activist. He himself calls himself a culinary entrepreneur.<\/p>\n<p>&#8211; Hvordan er det \u00e5 skulle v\u00e6re dommer i Oste-VM, en av de viktigste konkurranser for ost i verden? &#8211; Top cremet. Jeg er fuld af forventning og stolt over at v\u00e6re inviteret med. En af de bedst bevarede hemmeligheder i mit professionelle liv er at det var m\u00f8det med de franske ost der gjorde mig til den jeg er.<\/p>\n<p>&#8211; Hva kan v\u00e6re verdien av at OsteVM arrangeres i Norge? &#8211; Skabe opm\u00e6rksomhed omkring s\u00e5vel vores egen produktion som &#8211; nok s\u00e5 meget &#8211; potentialet i forarbejdning af m\u00e6lk i bred forstand!<\/p>\n<p>&#8211; Hvordan kan vi inspireres til \u00e5 smake nye norske oster? &#8211; Det starter med at vi \u00e5bner vores hjerte og sind for selve ideen og s\u00e5 skal vi jo ogs\u00e5 snuble over muligheden. Ostene skal distribueres, eller p\u00e5 anden vis f\u00e5 &laquo;taletid&raquo;.<\/p>\n<p>&#8211; Hva er ditt beste osteminne? &#8211; Da jeg spiste Gaperon f\u00f8rste gang, t\u00e6t forfulgt af et m\u00f8de med Brebis de Pyreneess i starterne af firserne. Idag er Beaufort lait d&#8217;ete et de montagne nok min yndlingsost. &#8211; Hva er ditt beste serveringstips til ost? &#8211; Kv\u00e6depure til salte karakterfulde oste synes jeg kan v\u00e6re forrygende.<\/p>","protected":false},"excerpt":{"rendered":"<p>Vi snakket med Claus Meyer f\u00f8r Oste-VM i Bergen 2018 da han skulle v\u00e6re med som dommer. Her er hva han sa da.<\/p>","protected":false},"author":1,"featured_media":6856,"comment_status":"closed","ping_status":"open","sticky":false,"template":"","format":"standard","meta":{"_acf_changed":false,"footnotes":""},"categories":[894],"tags":[896],"produsent-ostetype":[],"produsentfylke":[],"class_list":["post-6806","post","type-post","status-publish","format-standard","has-post-thumbnail","hentry","category-dommere-ostevm2018","tag-dommer-ostevm-2018"],"acf":[],"yoast_head":"<!-- This site is optimized with the Yoast SEO plugin v26.1.1 - https:\/\/yoast.com\/wordpress\/plugins\/seo\/ -->\n<title>Claus Meyer - Ostelandet Norge<\/title>\n<meta name=\"description\" content=\"Vi snakket med Claus Meyer f\u00f8r Oste-VM i Bergen 2018 da han skulle v\u00e6re med som dommer. Her er hva han sa da.\" \/>\n<meta name=\"robots\" content=\"index, follow, max-snippet:-1, max-image-preview:large, max-video-preview:-1\" \/>\n<link rel=\"canonical\" href=\"https:\/\/ostelandet.no\/en\/claus-meyer\/\" \/>\n<meta property=\"og:locale\" content=\"en_US\" \/>\n<meta property=\"og:type\" content=\"article\" \/>\n<meta property=\"og:title\" content=\"Claus Meyer - Ostelandet Norge\" \/>\n<meta property=\"og:description\" content=\"Vi snakket med Claus Meyer f\u00f8r Oste-VM i Bergen 2018 da han skulle v\u00e6re med som dommer. Her er hva han sa da.\" \/>\n<meta property=\"og:url\" content=\"https:\/\/ostelandet.no\/en\/claus-meyer\/\" \/>\n<meta property=\"og:site_name\" content=\"Ostelandet Norge\" \/>\n<meta property=\"article:publisher\" content=\"https:\/\/www.facebook.com\/ostelandet-101474925294974\" \/>\n<meta property=\"article:published_time\" content=\"2018-11-02T10:31:49+00:00\" \/>\n<meta property=\"article:modified_time\" content=\"2022-01-10T12:01:50+00:00\" \/>\n<meta property=\"og:image\" content=\"https:\/\/ostelandet.no\/wp-content\/uploads\/2018\/11\/Claus-Meyer-scaled.jpg\" \/>\n\t<meta property=\"og:image:width\" content=\"2560\" \/>\n\t<meta property=\"og:image:height\" content=\"1708\" \/>\n\t<meta property=\"og:image:type\" content=\"image\/jpeg\" \/>\n<meta name=\"author\" content=\"eliho\" \/>\n<meta name=\"twitter:card\" content=\"summary_large_image\" \/>\n<meta name=\"twitter:label1\" content=\"Written by\" \/>\n\t<meta name=\"twitter:data1\" content=\"eliho\" \/>\n\t<meta name=\"twitter:label2\" content=\"Est. reading time\" \/>\n\t<meta name=\"twitter:data2\" content=\"2 minutes\" \/>\n<script type=\"application\/ld+json\" class=\"yoast-schema-graph\">{\"@context\":\"https:\/\/schema.org\",\"@graph\":[{\"@type\":\"Article\",\"@id\":\"https:\/\/ostelandet.no\/claus-meyer\/#article\",\"isPartOf\":{\"@id\":\"https:\/\/ostelandet.no\/claus-meyer\/\"},\"author\":{\"name\":\"eliho\",\"@id\":\"https:\/\/ostelandet.no\/#\/schema\/person\/5875f248502ea0794dca05f9ea518440\"},\"headline\":\"Claus Meyer\",\"datePublished\":\"2018-11-02T10:31:49+00:00\",\"dateModified\":\"2022-01-10T12:01:50+00:00\",\"mainEntityOfPage\":{\"@id\":\"https:\/\/ostelandet.no\/claus-meyer\/\"},\"wordCount\":254,\"publisher\":{\"@id\":\"https:\/\/ostelandet.no\/#organization\"},\"image\":{\"@id\":\"https:\/\/ostelandet.no\/claus-meyer\/#primaryimage\"},\"thumbnailUrl\":\"https:\/\/ostelandet.no\/wp-content\/uploads\/2018\/11\/Claus-Meyer-scaled.jpg\",\"keywords\":[\"dommer osteVM 2018\"],\"articleSection\":[\"Dommere-OsteVM2018\"],\"inLanguage\":\"en-US\"},{\"@type\":\"WebPage\",\"@id\":\"https:\/\/ostelandet.no\/claus-meyer\/\",\"url\":\"https:\/\/ostelandet.no\/claus-meyer\/\",\"name\":\"Claus Meyer - Ostelandet Norge\",\"isPartOf\":{\"@id\":\"https:\/\/ostelandet.no\/#website\"},\"primaryImageOfPage\":{\"@id\":\"https:\/\/ostelandet.no\/claus-meyer\/#primaryimage\"},\"image\":{\"@id\":\"https:\/\/ostelandet.no\/claus-meyer\/#primaryimage\"},\"thumbnailUrl\":\"https:\/\/ostelandet.no\/wp-content\/uploads\/2018\/11\/Claus-Meyer-scaled.jpg\",\"datePublished\":\"2018-11-02T10:31:49+00:00\",\"dateModified\":\"2022-01-10T12:01:50+00:00\",\"description\":\"Vi snakket med Claus Meyer f\u00f8r Oste-VM i Bergen 2018 da han skulle v\u00e6re med som dommer. Her er hva han sa da.\",\"breadcrumb\":{\"@id\":\"https:\/\/ostelandet.no\/claus-meyer\/#breadcrumb\"},\"inLanguage\":\"en-US\",\"potentialAction\":[{\"@type\":\"ReadAction\",\"target\":[\"https:\/\/ostelandet.no\/claus-meyer\/\"]}]},{\"@type\":\"ImageObject\",\"inLanguage\":\"en-US\",\"@id\":\"https:\/\/ostelandet.no\/claus-meyer\/#primaryimage\",\"url\":\"https:\/\/ostelandet.no\/wp-content\/uploads\/2018\/11\/Claus-Meyer-scaled.jpg\",\"contentUrl\":\"https:\/\/ostelandet.no\/wp-content\/uploads\/2018\/11\/Claus-Meyer-scaled.jpg\",\"width\":2560,\"height\":1708},{\"@type\":\"BreadcrumbList\",\"@id\":\"https:\/\/ostelandet.no\/claus-meyer\/#breadcrumb\",\"itemListElement\":[{\"@type\":\"ListItem\",\"position\":1,\"name\":\"Hjem\",\"item\":\"https:\/\/ostelandet.no\/\"},{\"@type\":\"ListItem\",\"position\":2,\"name\":\"Claus Meyer\"}]},{\"@type\":\"WebSite\",\"@id\":\"https:\/\/ostelandet.no\/#website\",\"url\":\"https:\/\/ostelandet.no\/\",\"name\":\"Ostelandet Norge\",\"description\":\"- L\u00e6r mer om norsk ost\",\"publisher\":{\"@id\":\"https:\/\/ostelandet.no\/#organization\"},\"potentialAction\":[{\"@type\":\"SearchAction\",\"target\":{\"@type\":\"EntryPoint\",\"urlTemplate\":\"https:\/\/ostelandet.no\/?s={search_term_string}\"},\"query-input\":{\"@type\":\"PropertyValueSpecification\",\"valueRequired\":true,\"valueName\":\"search_term_string\"}}],\"inLanguage\":\"en-US\"},{\"@type\":\"Organization\",\"@id\":\"https:\/\/ostelandet.no\/#organization\",\"name\":\"HANEN\",\"url\":\"https:\/\/ostelandet.no\/\",\"logo\":{\"@type\":\"ImageObject\",\"inLanguage\":\"en-US\",\"@id\":\"https:\/\/ostelandet.no\/#\/schema\/logo\/image\/\",\"url\":\"https:\/\/ostelandet.no\/wp-content\/uploads\/2021\/09\/ostelandet_norge_2farger_mork_hierarkisk.png\",\"contentUrl\":\"https:\/\/ostelandet.no\/wp-content\/uploads\/2021\/09\/ostelandet_norge_2farger_mork_hierarkisk.png\",\"width\":2062,\"height\":1223,\"caption\":\"HANEN\"},\"image\":{\"@id\":\"https:\/\/ostelandet.no\/#\/schema\/logo\/image\/\"},\"sameAs\":[\"https:\/\/www.facebook.com\/ostelandet-101474925294974\",\"https:\/\/www.instagram.com\/ostelandet\/\",\"https:\/\/www.linkedin.com\/showcase\/ostelandet-norge\/\"]},{\"@type\":\"Person\",\"@id\":\"https:\/\/ostelandet.no\/#\/schema\/person\/5875f248502ea0794dca05f9ea518440\",\"name\":\"eliho\",\"image\":{\"@type\":\"ImageObject\",\"inLanguage\":\"en-US\",\"@id\":\"https:\/\/ostelandet.no\/#\/schema\/person\/image\/\",\"url\":\"https:\/\/secure.gravatar.com\/avatar\/ea2d2e46de429e0415a330ea57f41bc101fea116d020ec3116a6fc2817d801cc?s=96&d=mm&r=g\",\"contentUrl\":\"https:\/\/secure.gravatar.com\/avatar\/ea2d2e46de429e0415a330ea57f41bc101fea116d020ec3116a6fc2817d801cc?s=96&d=mm&r=g\",\"caption\":\"eliho\"},\"url\":\"https:\/\/ostelandet.no\/en\/author\/eliho\/\"}]}<\/script>\n<!-- \/ Yoast SEO plugin. -->","yoast_head_json":{"title":"Claus Meyer - Ostelandet Norge","description":"Vi snakket med Claus Meyer f\u00f8r Oste-VM i Bergen 2018 da han skulle v\u00e6re med som dommer. Her er hva han sa da.","robots":{"index":"index","follow":"follow","max-snippet":"max-snippet:-1","max-image-preview":"max-image-preview:large","max-video-preview":"max-video-preview:-1"},"canonical":"https:\/\/ostelandet.no\/en\/claus-meyer\/","og_locale":"en_US","og_type":"article","og_title":"Claus Meyer - Ostelandet Norge","og_description":"Vi snakket med Claus Meyer f\u00f8r Oste-VM i Bergen 2018 da han skulle v\u00e6re med som dommer. Her er hva han sa da.","og_url":"https:\/\/ostelandet.no\/en\/claus-meyer\/","og_site_name":"Ostelandet Norge","article_publisher":"https:\/\/www.facebook.com\/ostelandet-101474925294974","article_published_time":"2018-11-02T10:31:49+00:00","article_modified_time":"2022-01-10T12:01:50+00:00","og_image":[{"width":2560,"height":1708,"url":"https:\/\/ostelandet.no\/wp-content\/uploads\/2018\/11\/Claus-Meyer-scaled.jpg","type":"image\/jpeg"}],"author":"eliho","twitter_card":"summary_large_image","twitter_misc":{"Written by":"eliho","Est. reading time":"2 minutes"},"schema":{"@context":"https:\/\/schema.org","@graph":[{"@type":"Article","@id":"https:\/\/ostelandet.no\/claus-meyer\/#article","isPartOf":{"@id":"https:\/\/ostelandet.no\/claus-meyer\/"},"author":{"name":"eliho","@id":"https:\/\/ostelandet.no\/#\/schema\/person\/5875f248502ea0794dca05f9ea518440"},"headline":"Claus Meyer","datePublished":"2018-11-02T10:31:49+00:00","dateModified":"2022-01-10T12:01:50+00:00","mainEntityOfPage":{"@id":"https:\/\/ostelandet.no\/claus-meyer\/"},"wordCount":254,"publisher":{"@id":"https:\/\/ostelandet.no\/#organization"},"image":{"@id":"https:\/\/ostelandet.no\/claus-meyer\/#primaryimage"},"thumbnailUrl":"https:\/\/ostelandet.no\/wp-content\/uploads\/2018\/11\/Claus-Meyer-scaled.jpg","keywords":["dommer osteVM 2018"],"articleSection":["Dommere-OsteVM2018"],"inLanguage":"en-US"},{"@type":"WebPage","@id":"https:\/\/ostelandet.no\/claus-meyer\/","url":"https:\/\/ostelandet.no\/claus-meyer\/","name":"Claus Meyer - Ostelandet Norge","isPartOf":{"@id":"https:\/\/ostelandet.no\/#website"},"primaryImageOfPage":{"@id":"https:\/\/ostelandet.no\/claus-meyer\/#primaryimage"},"image":{"@id":"https:\/\/ostelandet.no\/claus-meyer\/#primaryimage"},"thumbnailUrl":"https:\/\/ostelandet.no\/wp-content\/uploads\/2018\/11\/Claus-Meyer-scaled.jpg","datePublished":"2018-11-02T10:31:49+00:00","dateModified":"2022-01-10T12:01:50+00:00","description":"Vi snakket med Claus Meyer f\u00f8r Oste-VM i Bergen 2018 da han skulle v\u00e6re med som dommer. Her er hva han sa da.","breadcrumb":{"@id":"https:\/\/ostelandet.no\/claus-meyer\/#breadcrumb"},"inLanguage":"en-US","potentialAction":[{"@type":"ReadAction","target":["https:\/\/ostelandet.no\/claus-meyer\/"]}]},{"@type":"ImageObject","inLanguage":"en-US","@id":"https:\/\/ostelandet.no\/claus-meyer\/#primaryimage","url":"https:\/\/ostelandet.no\/wp-content\/uploads\/2018\/11\/Claus-Meyer-scaled.jpg","contentUrl":"https:\/\/ostelandet.no\/wp-content\/uploads\/2018\/11\/Claus-Meyer-scaled.jpg","width":2560,"height":1708},{"@type":"BreadcrumbList","@id":"https:\/\/ostelandet.no\/claus-meyer\/#breadcrumb","itemListElement":[{"@type":"ListItem","position":1,"name":"Hjem","item":"https:\/\/ostelandet.no\/"},{"@type":"ListItem","position":2,"name":"Claus Meyer"}]},{"@type":"WebSite","@id":"https:\/\/ostelandet.no\/#website","url":"https:\/\/ostelandet.no\/","name":"Ostelandet Norge","description":"- L\u00e6r mer om norsk ost","publisher":{"@id":"https:\/\/ostelandet.no\/#organization"},"potentialAction":[{"@type":"SearchAction","target":{"@type":"EntryPoint","urlTemplate":"https:\/\/ostelandet.no\/?s={search_term_string}"},"query-input":{"@type":"PropertyValueSpecification","valueRequired":true,"valueName":"search_term_string"}}],"inLanguage":"en-US"},{"@type":"Organization","@id":"https:\/\/ostelandet.no\/#organization","name":"HANEN","url":"https:\/\/ostelandet.no\/","logo":{"@type":"ImageObject","inLanguage":"en-US","@id":"https:\/\/ostelandet.no\/#\/schema\/logo\/image\/","url":"https:\/\/ostelandet.no\/wp-content\/uploads\/2021\/09\/ostelandet_norge_2farger_mork_hierarkisk.png","contentUrl":"https:\/\/ostelandet.no\/wp-content\/uploads\/2021\/09\/ostelandet_norge_2farger_mork_hierarkisk.png","width":2062,"height":1223,"caption":"HANEN"},"image":{"@id":"https:\/\/ostelandet.no\/#\/schema\/logo\/image\/"},"sameAs":["https:\/\/www.facebook.com\/ostelandet-101474925294974","https:\/\/www.instagram.com\/ostelandet\/","https:\/\/www.linkedin.com\/showcase\/ostelandet-norge\/"]},{"@type":"Person","@id":"https:\/\/ostelandet.no\/#\/schema\/person\/5875f248502ea0794dca05f9ea518440","name":"eliho","image":{"@type":"ImageObject","inLanguage":"en-US","@id":"https:\/\/ostelandet.no\/#\/schema\/person\/image\/","url":"https:\/\/secure.gravatar.com\/avatar\/ea2d2e46de429e0415a330ea57f41bc101fea116d020ec3116a6fc2817d801cc?s=96&d=mm&r=g","contentUrl":"https:\/\/secure.gravatar.com\/avatar\/ea2d2e46de429e0415a330ea57f41bc101fea116d020ec3116a6fc2817d801cc?s=96&d=mm&r=g","caption":"eliho"},"url":"https:\/\/ostelandet.no\/en\/author\/eliho\/"}]}},"_links":{"self":[{"href":"https:\/\/ostelandet.no\/en\/wp-json\/wp\/v2\/posts\/6806","targetHints":{"allow":["GET"]}}],"collection":[{"href":"https:\/\/ostelandet.no\/en\/wp-json\/wp\/v2\/posts"}],"about":[{"href":"https:\/\/ostelandet.no\/en\/wp-json\/wp\/v2\/types\/post"}],"author":[{"embeddable":true,"href":"https:\/\/ostelandet.no\/en\/wp-json\/wp\/v2\/users\/1"}],"replies":[{"embeddable":true,"href":"https:\/\/ostelandet.no\/en\/wp-json\/wp\/v2\/comments?post=6806"}],"version-history":[{"count":5,"href":"https:\/\/ostelandet.no\/en\/wp-json\/wp\/v2\/posts\/6806\/revisions"}],"predecessor-version":[{"id":6950,"href":"https:\/\/ostelandet.no\/en\/wp-json\/wp\/v2\/posts\/6806\/revisions\/6950"}],"wp:featuredmedia":[{"embeddable":true,"href":"https:\/\/ostelandet.no\/en\/wp-json\/wp\/v2\/media\/6856"}],"wp:attachment":[{"href":"https:\/\/ostelandet.no\/en\/wp-json\/wp\/v2\/media?parent=6806"}],"wp:term":[{"taxonomy":"category","embeddable":true,"href":"https:\/\/ostelandet.no\/en\/wp-json\/wp\/v2\/categories?post=6806"},{"taxonomy":"post_tag","embeddable":true,"href":"https:\/\/ostelandet.no\/en\/wp-json\/wp\/v2\/tags?post=6806"},{"taxonomy":"produsent-ostetype","embeddable":true,"href":"https:\/\/ostelandet.no\/en\/wp-json\/wp\/v2\/produsent-ostetype?post=6806"},{"taxonomy":"produsentfylke","embeddable":true,"href":"https:\/\/ostelandet.no\/en\/wp-json\/wp\/v2\/produsentfylke?post=6806"}],"curies":[{"name":"wp","href":"https:\/\/api.w.org\/{rel}","templated":true}]}}