{"id":5605,"date":"2021-08-18T08:54:16","date_gmt":"2021-08-18T06:54:16","guid":{"rendered":"https:\/\/ostelandet.no\/?p=5605"},"modified":"2025-09-20T14:12:13","modified_gmt":"2025-09-20T12:12:13","slug":"eiker-gardysteri","status":"publish","type":"post","link":"https:\/\/ostelandet.no\/en\/eiker-gardysteri\/","title":{"rendered":"Eiker G\u00e5rdsysteri"},"content":{"rendered":"<h2>\n\t\t<a href=\"\/en\/kategori\/produsent\/\" title=\"PRODUCERS\"  target=\"_self\">\n\t\t\tPRODUCERS\t\t<\/a>\n\t<\/h2>\n<h2>\n\t\t\tEiker G\u00e5rdsysteri\t<\/h2>\n\t<p>Eiker G\u00e5rdsysteri is in quite a central location, only an hour from Oslo towards Kongsberg. Only milk from own cows is used at this dairy, which in the beginning was run as a co-operative with 3 neighbouring farmers. In 2022, the business was sold to Ida and Even Tandberg, who also took over a significant part of the farm dairy. The management of the barn and dairy will mainly be run the same way as before, but new people provide new inspiration, so there will probably be a few changes over time.<\/p>\n<p class=\" translation-block\">In addition to award-winning cheeses, there is also a farm shop with local products to highlight the diversity in our district. Awards include two cheeses with the Speciality label for unique taste, countless medals in the Norwegian Farm Cheese Championships, winner of the competition Det Norske M\u00e5ltid in 2021, Bronze, Silver and Gold in the World Cheese Awards for several of our cheeses. This is world-class cheese.<\/p>\n\t\t\t\t<img decoding=\"async\" src=\"https:\/\/ostelandet.no\/wp-content\/uploads\/2021\/08\/Eiker-0103-1-1024x683.jpg\" alt=\"Eiker-01\" itemprop=\"image\" height=\"683\" width=\"1024\" title=\"Eiker-01\" onerror=\"this.style.display='none'\" loading=\"lazy\" \/>\n<h2>\n\t\t\tEiker G\u00e5rdsysteri:\t<\/h2>\n\t\t\t <p>Adresse: Bermingrudveien 221, 3302 HokksundTelefon: 458 60 177E-post: <a href=\"mailto:bestilling@eikergardsysteri.no\">bestilling@eikergardsysteri.no<\/a>Website: <a href=\"https:\/\/eikergardsysteri.no\/\">https:\/\/eikergardsysteri.no\/<\/a>Farm shop: weekdays from<br \/>11:00 a.m. to 3:00 p.m. Thursday until 5 p.m. Saturday and Sunday closed.<\/p>\t\t\n\t<iframe src=\"https:\/\/www.google.com\/maps\/embed\/v1\/place?q=Bermingrudveien+221%2C+3302+Hokksund&#038;key=AIzaSyD09zQ9PNDNNy9TadMuzRV_UsPUoWKntt8\" aria-hidden=\"true\" title=\"Aalan G\u00e5rd\"><\/iframe>\n<h2>\n\t\t\tCHEESES FROM THIS PRODUCER\t<\/h2>","protected":false},"excerpt":{"rendered":"<p>Award-winning farm dairy in Eiker, cow's milk cheeses from  our co-operative with 3 neighbouring farmers. The farm shop is open every day and cafe by appointment. <\/p>","protected":false},"author":1,"featured_media":12016,"comment_status":"closed","ping_status":"closed","sticky":false,"template":"tpl-full-width.php","format":"standard","meta":{"_acf_changed":false,"footnotes":""},"categories":[45],"tags":[25,867,47,1007],"produsent-ostetype":[1121,1120,1122],"produsentfylke":[1106],"class_list":["post-5605","post","type-post","status-publish","format-standard","has-post-thumbnail","hentry","category-produsent","tag-eiker-gardsysteri","tag-gardsutsalg","tag-produsent","tag-produsentviken","produsent-ostetype-fastost","produsent-ostetype-hvitmugg","produsent-ostetype-rodkitt","produsentfylke-viken"],"acf":[],"yoast_head":"<!-- This site is optimized with the Yoast SEO plugin v26.1.1 - https:\/\/yoast.com\/wordpress\/plugins\/seo\/ -->\n<title>Eiker G\u00e5rdsysteri - Ostelandet Norge - osteprodusent - Holtefjell - kittost -<\/title>\n<meta name=\"description\" content=\"Prisbel\u00f8nt g\u00e5rdsysteri i Eiker, oster av kumelk fra egen samdrift, g\u00e5rdsutsalg er \u00e5pent hver dag og kafe etter avtale. Hvitmugg, tilsiter, Holtefjell kittost\" \/>\n<meta name=\"robots\" content=\"index, follow, max-snippet:-1, max-image-preview:large, max-video-preview:-1\" \/>\n<link rel=\"canonical\" href=\"https:\/\/ostelandet.no\/en\/eiker-gardysteri\/\" \/>\n<meta property=\"og:locale\" content=\"en_US\" \/>\n<meta property=\"og:type\" content=\"article\" \/>\n<meta property=\"og:title\" content=\"Eiker G\u00e5rdsysteri - Ostelandet Norge - osteprodusent - Holtefjell - kittost -\" \/>\n<meta property=\"og:description\" content=\"Prisbel\u00f8nt g\u00e5rdsysteri i Eiker, oster av kumelk fra egen samdrift, g\u00e5rdsutsalg er \u00e5pent hver dag og kafe etter avtale. Hvitmugg, tilsiter, Holtefjell kittost\" \/>\n<meta property=\"og:url\" content=\"https:\/\/ostelandet.no\/en\/eiker-gardysteri\/\" \/>\n<meta property=\"og:site_name\" content=\"Ostelandet Norge\" \/>\n<meta property=\"article:publisher\" content=\"https:\/\/www.facebook.com\/ostelandet-101474925294974\" \/>\n<meta property=\"article:published_time\" content=\"2021-08-18T06:54:16+00:00\" \/>\n<meta property=\"article:modified_time\" content=\"2025-09-20T12:12:13+00:00\" \/>\n<meta property=\"og:image\" content=\"https:\/\/ostelandet.no\/wp-content\/uploads\/2021\/08\/Eiker_719x495-1.jpg\" \/>\n\t<meta property=\"og:image:width\" content=\"719\" \/>\n\t<meta property=\"og:image:height\" content=\"495\" \/>\n\t<meta property=\"og:image:type\" content=\"image\/jpeg\" \/>\n<meta name=\"author\" content=\"eliho\" \/>\n<meta name=\"twitter:card\" content=\"summary_large_image\" \/>\n<meta name=\"twitter:label1\" content=\"Written by\" \/>\n\t<meta name=\"twitter:data1\" content=\"eliho\" \/>\n\t<meta name=\"twitter:label2\" content=\"Est. reading time\" \/>\n\t<meta name=\"twitter:data2\" content=\"3 minutes\" \/>\n<script type=\"application\/ld+json\" class=\"yoast-schema-graph\">{\"@context\":\"https:\/\/schema.org\",\"@graph\":[{\"@type\":\"Article\",\"@id\":\"https:\/\/ostelandet.no\/eiker-gardysteri\/#article\",\"isPartOf\":{\"@id\":\"https:\/\/ostelandet.no\/eiker-gardysteri\/\"},\"author\":{\"name\":\"eliho\",\"@id\":\"https:\/\/ostelandet.no\/#\/schema\/person\/5875f248502ea0794dca05f9ea518440\"},\"headline\":\"Eiker G\u00e5rdsysteri\",\"datePublished\":\"2021-08-18T06:54:16+00:00\",\"dateModified\":\"2025-09-20T12:12:13+00:00\",\"mainEntityOfPage\":{\"@id\":\"https:\/\/ostelandet.no\/eiker-gardysteri\/\"},\"wordCount\":179,\"publisher\":{\"@id\":\"https:\/\/ostelandet.no\/#organization\"},\"image\":{\"@id\":\"https:\/\/ostelandet.no\/eiker-gardysteri\/#primaryimage\"},\"thumbnailUrl\":\"https:\/\/ostelandet.no\/wp-content\/uploads\/2021\/08\/Eiker_719x495-1.jpg\",\"keywords\":[\"Eiker G\u00e5rdsysteri\",\"g\u00e5rdsutsalg\",\"produsent\",\"Produsent Viken\"],\"articleSection\":[\"Produsent\"],\"inLanguage\":\"en-US\"},{\"@type\":\"WebPage\",\"@id\":\"https:\/\/ostelandet.no\/eiker-gardysteri\/\",\"url\":\"https:\/\/ostelandet.no\/eiker-gardysteri\/\",\"name\":\"Eiker G\u00e5rdsysteri - Ostelandet Norge - osteprodusent - Holtefjell - kittost -\",\"isPartOf\":{\"@id\":\"https:\/\/ostelandet.no\/#website\"},\"primaryImageOfPage\":{\"@id\":\"https:\/\/ostelandet.no\/eiker-gardysteri\/#primaryimage\"},\"image\":{\"@id\":\"https:\/\/ostelandet.no\/eiker-gardysteri\/#primaryimage\"},\"thumbnailUrl\":\"https:\/\/ostelandet.no\/wp-content\/uploads\/2021\/08\/Eiker_719x495-1.jpg\",\"datePublished\":\"2021-08-18T06:54:16+00:00\",\"dateModified\":\"2025-09-20T12:12:13+00:00\",\"description\":\"Prisbel\u00f8nt g\u00e5rdsysteri i Eiker, oster av kumelk fra egen samdrift, g\u00e5rdsutsalg er \u00e5pent hver dag og kafe etter avtale. Hvitmugg, tilsiter, Holtefjell kittost\",\"breadcrumb\":{\"@id\":\"https:\/\/ostelandet.no\/eiker-gardysteri\/#breadcrumb\"},\"inLanguage\":\"en-US\",\"potentialAction\":[{\"@type\":\"ReadAction\",\"target\":[\"https:\/\/ostelandet.no\/eiker-gardysteri\/\"]}]},{\"@type\":\"ImageObject\",\"inLanguage\":\"en-US\",\"@id\":\"https:\/\/ostelandet.no\/eiker-gardysteri\/#primaryimage\",\"url\":\"https:\/\/ostelandet.no\/wp-content\/uploads\/2021\/08\/Eiker_719x495-1.jpg\",\"contentUrl\":\"https:\/\/ostelandet.no\/wp-content\/uploads\/2021\/08\/Eiker_719x495-1.jpg\",\"width\":719,\"height\":495},{\"@type\":\"BreadcrumbList\",\"@id\":\"https:\/\/ostelandet.no\/eiker-gardysteri\/#breadcrumb\",\"itemListElement\":[{\"@type\":\"ListItem\",\"position\":1,\"name\":\"Hjem\",\"item\":\"https:\/\/ostelandet.no\/\"},{\"@type\":\"ListItem\",\"position\":2,\"name\":\"Eiker G\u00e5rdsysteri\"}]},{\"@type\":\"WebSite\",\"@id\":\"https:\/\/ostelandet.no\/#website\",\"url\":\"https:\/\/ostelandet.no\/\",\"name\":\"Ostelandet Norge\",\"description\":\"- L\u00e6r mer om norsk ost\",\"publisher\":{\"@id\":\"https:\/\/ostelandet.no\/#organization\"},\"potentialAction\":[{\"@type\":\"SearchAction\",\"target\":{\"@type\":\"EntryPoint\",\"urlTemplate\":\"https:\/\/ostelandet.no\/?s={search_term_string}\"},\"query-input\":{\"@type\":\"PropertyValueSpecification\",\"valueRequired\":true,\"valueName\":\"search_term_string\"}}],\"inLanguage\":\"en-US\"},{\"@type\":\"Organization\",\"@id\":\"https:\/\/ostelandet.no\/#organization\",\"name\":\"HANEN\",\"url\":\"https:\/\/ostelandet.no\/\",\"logo\":{\"@type\":\"ImageObject\",\"inLanguage\":\"en-US\",\"@id\":\"https:\/\/ostelandet.no\/#\/schema\/logo\/image\/\",\"url\":\"https:\/\/ostelandet.no\/wp-content\/uploads\/2021\/09\/ostelandet_norge_2farger_mork_hierarkisk.png\",\"contentUrl\":\"https:\/\/ostelandet.no\/wp-content\/uploads\/2021\/09\/ostelandet_norge_2farger_mork_hierarkisk.png\",\"width\":2062,\"height\":1223,\"caption\":\"HANEN\"},\"image\":{\"@id\":\"https:\/\/ostelandet.no\/#\/schema\/logo\/image\/\"},\"sameAs\":[\"https:\/\/www.facebook.com\/ostelandet-101474925294974\",\"https:\/\/www.instagram.com\/ostelandet\/\",\"https:\/\/www.linkedin.com\/showcase\/ostelandet-norge\/\"]},{\"@type\":\"Person\",\"@id\":\"https:\/\/ostelandet.no\/#\/schema\/person\/5875f248502ea0794dca05f9ea518440\",\"name\":\"eliho\",\"image\":{\"@type\":\"ImageObject\",\"inLanguage\":\"en-US\",\"@id\":\"https:\/\/ostelandet.no\/#\/schema\/person\/image\/\",\"url\":\"https:\/\/secure.gravatar.com\/avatar\/ea2d2e46de429e0415a330ea57f41bc101fea116d020ec3116a6fc2817d801cc?s=96&d=mm&r=g\",\"contentUrl\":\"https:\/\/secure.gravatar.com\/avatar\/ea2d2e46de429e0415a330ea57f41bc101fea116d020ec3116a6fc2817d801cc?s=96&d=mm&r=g\",\"caption\":\"eliho\"},\"url\":\"https:\/\/ostelandet.no\/en\/author\/eliho\/\"}]}<\/script>\n<!-- \/ Yoast SEO plugin. -->","yoast_head_json":{"title":"Eiker G\u00e5rdsysteri - Ostelandet Norge - osteprodusent - Holtefjell - kittost -","description":"Prisbel\u00f8nt g\u00e5rdsysteri i Eiker, oster av kumelk fra egen samdrift, g\u00e5rdsutsalg er \u00e5pent hver dag og kafe etter avtale. Hvitmugg, tilsiter, Holtefjell kittost","robots":{"index":"index","follow":"follow","max-snippet":"max-snippet:-1","max-image-preview":"max-image-preview:large","max-video-preview":"max-video-preview:-1"},"canonical":"https:\/\/ostelandet.no\/en\/eiker-gardysteri\/","og_locale":"en_US","og_type":"article","og_title":"Eiker G\u00e5rdsysteri - Ostelandet Norge - osteprodusent - Holtefjell - kittost -","og_description":"Prisbel\u00f8nt g\u00e5rdsysteri i Eiker, oster av kumelk fra egen samdrift, g\u00e5rdsutsalg er \u00e5pent hver dag og kafe etter avtale. Hvitmugg, tilsiter, Holtefjell kittost","og_url":"https:\/\/ostelandet.no\/en\/eiker-gardysteri\/","og_site_name":"Ostelandet Norge","article_publisher":"https:\/\/www.facebook.com\/ostelandet-101474925294974","article_published_time":"2021-08-18T06:54:16+00:00","article_modified_time":"2025-09-20T12:12:13+00:00","og_image":[{"width":719,"height":495,"url":"https:\/\/ostelandet.no\/wp-content\/uploads\/2021\/08\/Eiker_719x495-1.jpg","type":"image\/jpeg"}],"author":"eliho","twitter_card":"summary_large_image","twitter_misc":{"Written by":"eliho","Est. reading time":"3 minutes"},"schema":{"@context":"https:\/\/schema.org","@graph":[{"@type":"Article","@id":"https:\/\/ostelandet.no\/eiker-gardysteri\/#article","isPartOf":{"@id":"https:\/\/ostelandet.no\/eiker-gardysteri\/"},"author":{"name":"eliho","@id":"https:\/\/ostelandet.no\/#\/schema\/person\/5875f248502ea0794dca05f9ea518440"},"headline":"Eiker G\u00e5rdsysteri","datePublished":"2021-08-18T06:54:16+00:00","dateModified":"2025-09-20T12:12:13+00:00","mainEntityOfPage":{"@id":"https:\/\/ostelandet.no\/eiker-gardysteri\/"},"wordCount":179,"publisher":{"@id":"https:\/\/ostelandet.no\/#organization"},"image":{"@id":"https:\/\/ostelandet.no\/eiker-gardysteri\/#primaryimage"},"thumbnailUrl":"https:\/\/ostelandet.no\/wp-content\/uploads\/2021\/08\/Eiker_719x495-1.jpg","keywords":["Eiker G\u00e5rdsysteri","g\u00e5rdsutsalg","produsent","Produsent Viken"],"articleSection":["Produsent"],"inLanguage":"en-US"},{"@type":"WebPage","@id":"https:\/\/ostelandet.no\/eiker-gardysteri\/","url":"https:\/\/ostelandet.no\/eiker-gardysteri\/","name":"Eiker G\u00e5rdsysteri - Ostelandet Norge - osteprodusent - Holtefjell - kittost -","isPartOf":{"@id":"https:\/\/ostelandet.no\/#website"},"primaryImageOfPage":{"@id":"https:\/\/ostelandet.no\/eiker-gardysteri\/#primaryimage"},"image":{"@id":"https:\/\/ostelandet.no\/eiker-gardysteri\/#primaryimage"},"thumbnailUrl":"https:\/\/ostelandet.no\/wp-content\/uploads\/2021\/08\/Eiker_719x495-1.jpg","datePublished":"2021-08-18T06:54:16+00:00","dateModified":"2025-09-20T12:12:13+00:00","description":"Prisbel\u00f8nt g\u00e5rdsysteri i Eiker, oster av kumelk fra egen samdrift, g\u00e5rdsutsalg er \u00e5pent hver dag og kafe etter avtale. Hvitmugg, tilsiter, Holtefjell kittost","breadcrumb":{"@id":"https:\/\/ostelandet.no\/eiker-gardysteri\/#breadcrumb"},"inLanguage":"en-US","potentialAction":[{"@type":"ReadAction","target":["https:\/\/ostelandet.no\/eiker-gardysteri\/"]}]},{"@type":"ImageObject","inLanguage":"en-US","@id":"https:\/\/ostelandet.no\/eiker-gardysteri\/#primaryimage","url":"https:\/\/ostelandet.no\/wp-content\/uploads\/2021\/08\/Eiker_719x495-1.jpg","contentUrl":"https:\/\/ostelandet.no\/wp-content\/uploads\/2021\/08\/Eiker_719x495-1.jpg","width":719,"height":495},{"@type":"BreadcrumbList","@id":"https:\/\/ostelandet.no\/eiker-gardysteri\/#breadcrumb","itemListElement":[{"@type":"ListItem","position":1,"name":"Hjem","item":"https:\/\/ostelandet.no\/"},{"@type":"ListItem","position":2,"name":"Eiker G\u00e5rdsysteri"}]},{"@type":"WebSite","@id":"https:\/\/ostelandet.no\/#website","url":"https:\/\/ostelandet.no\/","name":"Ostelandet Norge","description":"- L\u00e6r mer om norsk ost","publisher":{"@id":"https:\/\/ostelandet.no\/#organization"},"potentialAction":[{"@type":"SearchAction","target":{"@type":"EntryPoint","urlTemplate":"https:\/\/ostelandet.no\/?s={search_term_string}"},"query-input":{"@type":"PropertyValueSpecification","valueRequired":true,"valueName":"search_term_string"}}],"inLanguage":"en-US"},{"@type":"Organization","@id":"https:\/\/ostelandet.no\/#organization","name":"HANEN","url":"https:\/\/ostelandet.no\/","logo":{"@type":"ImageObject","inLanguage":"en-US","@id":"https:\/\/ostelandet.no\/#\/schema\/logo\/image\/","url":"https:\/\/ostelandet.no\/wp-content\/uploads\/2021\/09\/ostelandet_norge_2farger_mork_hierarkisk.png","contentUrl":"https:\/\/ostelandet.no\/wp-content\/uploads\/2021\/09\/ostelandet_norge_2farger_mork_hierarkisk.png","width":2062,"height":1223,"caption":"HANEN"},"image":{"@id":"https:\/\/ostelandet.no\/#\/schema\/logo\/image\/"},"sameAs":["https:\/\/www.facebook.com\/ostelandet-101474925294974","https:\/\/www.instagram.com\/ostelandet\/","https:\/\/www.linkedin.com\/showcase\/ostelandet-norge\/"]},{"@type":"Person","@id":"https:\/\/ostelandet.no\/#\/schema\/person\/5875f248502ea0794dca05f9ea518440","name":"eliho","image":{"@type":"ImageObject","inLanguage":"en-US","@id":"https:\/\/ostelandet.no\/#\/schema\/person\/image\/","url":"https:\/\/secure.gravatar.com\/avatar\/ea2d2e46de429e0415a330ea57f41bc101fea116d020ec3116a6fc2817d801cc?s=96&d=mm&r=g","contentUrl":"https:\/\/secure.gravatar.com\/avatar\/ea2d2e46de429e0415a330ea57f41bc101fea116d020ec3116a6fc2817d801cc?s=96&d=mm&r=g","caption":"eliho"},"url":"https:\/\/ostelandet.no\/en\/author\/eliho\/"}]}},"_links":{"self":[{"href":"https:\/\/ostelandet.no\/en\/wp-json\/wp\/v2\/posts\/5605","targetHints":{"allow":["GET"]}}],"collection":[{"href":"https:\/\/ostelandet.no\/en\/wp-json\/wp\/v2\/posts"}],"about":[{"href":"https:\/\/ostelandet.no\/en\/wp-json\/wp\/v2\/types\/post"}],"author":[{"embeddable":true,"href":"https:\/\/ostelandet.no\/en\/wp-json\/wp\/v2\/users\/1"}],"replies":[{"embeddable":true,"href":"https:\/\/ostelandet.no\/en\/wp-json\/wp\/v2\/comments?post=5605"}],"version-history":[{"count":23,"href":"https:\/\/ostelandet.no\/en\/wp-json\/wp\/v2\/posts\/5605\/revisions"}],"predecessor-version":[{"id":13566,"href":"https:\/\/ostelandet.no\/en\/wp-json\/wp\/v2\/posts\/5605\/revisions\/13566"}],"wp:featuredmedia":[{"embeddable":true,"href":"https:\/\/ostelandet.no\/en\/wp-json\/wp\/v2\/media\/12016"}],"wp:attachment":[{"href":"https:\/\/ostelandet.no\/en\/wp-json\/wp\/v2\/media?parent=5605"}],"wp:term":[{"taxonomy":"category","embeddable":true,"href":"https:\/\/ostelandet.no\/en\/wp-json\/wp\/v2\/categories?post=5605"},{"taxonomy":"post_tag","embeddable":true,"href":"https:\/\/ostelandet.no\/en\/wp-json\/wp\/v2\/tags?post=5605"},{"taxonomy":"produsent-ostetype","embeddable":true,"href":"https:\/\/ostelandet.no\/en\/wp-json\/wp\/v2\/produsent-ostetype?post=5605"},{"taxonomy":"produsentfylke","embeddable":true,"href":"https:\/\/ostelandet.no\/en\/wp-json\/wp\/v2\/produsentfylke?post=5605"}],"curies":[{"name":"wp","href":"https:\/\/api.w.org\/{rel}","templated":true}]}}