{"id":5106,"date":"2021-06-14T14:33:09","date_gmt":"2021-06-14T12:33:09","guid":{"rendered":"https:\/\/ostelandet.no\/ost\/?p=5106"},"modified":"2023-05-02T21:38:29","modified_gmt":"2023-05-02T19:38:29","slug":"sunnmorssost","status":"publish","type":"post","link":"https:\/\/ostelandet.no\/en\/sunnmorssost\/","title":{"rendered":"Sunnm\u00f8rs\u00f8st"},"content":{"rendered":"<h2>\n\t\tTRADITIONAL CHEESE\n\t<\/h2>\n<h2>\n\t\tSunnm\u00f8rs\u00f8st\n\t<\/h2>\n\t<figure>\n\n<\/figure>\n<strong>Producer<\/strong>:&nbsp;<a href=\"https:\/\/ostelandet.no\/en\/tine\/\">TINE<\/a><br>\n<strong>Type<\/strong>: Traditional cheese<br>\n<strong>Milk<\/strong>: Pasteurised cow\u2019s milk\n<p><strong>Flavour<\/strong>: Fresh, sweet and caramel-like.<\/p>\n<p><strong>Description<\/strong>: Serve plenty of Sunnm\u00f8rss\u00f8st on waffles, lefs, lomps and potato cakes for breakfast, lunch or with coffee. Sunnm\u00f8rss\u00f8st has traditionally been used on festive tables around the country. Sunnm\u00f8rss\u00f8st is also good on bread for breakfast and dinner.<\/p>\n<p><strong>Retailers<\/strong>: Most grocery stores<\/p>\n\t\t\t\t<img loading=\"lazy\" decoding=\"async\" src=\"https:\/\/ostelandet.no\/wp-content\/uploads\/2021\/06\/Sunnmorssost-1024x563.jpeg\" alt=\"Sunnm\u00f8rss\u00f8st fra TINE\" itemprop=\"image\" height=\"563\" width=\"1024\" title=\"Sunnm\u00f8rs\u00f8st\" onerror=\"this.style.display='none'\">\n<h2>\n\t\tMORE PRODUCTS FROM TINE\n\t<\/h2>","protected":false},"excerpt":{"rendered":"<p>Sunnm\u00f8rss\u00f8st has a fresh, sweet and caramel-like taste with a soft, slightly lumpy texture.<\/p>\n<p>Serve plenty of Sunnm\u00f8rss\u00f8st on waffles, lefs, lomps and potato cakes for breakfast, lunch or with coffee. Sunnm\u00f8rss\u00f8st has traditionally been used on festive tables around the country. Sunnm\u00f8rss\u00f8st is also good on bread for breakfast and dinner.<\/p>","protected":false},"author":1,"featured_media":5107,"comment_status":"closed","ping_status":"closed","sticky":false,"template":"","format":"standard","meta":{"_acf_changed":false,"footnotes":""},"categories":[61],"tags":[730,216,398,37,363,377,466,504,160,812,272,776,811,270,505,178,731,81],"produsent-ostetype":[],"produsentfylke":[],"class_list":["post-5106","post","type-post","status-publish","format-standard","has-post-thumbnail","hentry","category-tradisjonsost","tag-dessertost","tag-frisk","tag-karamell","tag-kumelk","tag-myk","tag-ost-fra-tine","tag-pasteurisert","tag-pasteurisert-kumelk","tag-pasteurisert-melk","tag-rosiner","tag-smorbar","tag-sukker","tag-sunnmorssost","tag-sost","tag-sot","tag-sotlig","tag-sotost","tag-tradisjonsost"],"acf":[],"yoast_head":"<!-- This site is optimized with the Yoast SEO plugin v26.1.1 - https:\/\/yoast.com\/wordpress\/plugins\/seo\/ -->\n<title>Sunnm\u00f8rss\u00f8st - Ostelandet Norge<\/title>\n<meta name=\"description\" content=\"Sunnm\u00f8rss\u00f8st har en frisk, s\u00f8t og karamellaktig smak med myk, litt klumpet konsistens. Server Sunnm\u00f8rss\u00f8st rikelig p\u00e5 vafler, lefser, lomper og potetkaker til frokost, lunsj eller til kaffen. Sunnm\u00f8rss\u00f8st har tradisjonelt v\u00e6rt brukt p\u00e5 festbordene rundt i landet. Sunnm\u00f8rss\u00f8st er ogs\u00e5 godt p\u00e5 br\u00f8d til frokost og kvelds. Sunnm\u00f8rss\u00f8st har en frisk, s\u00f8t og karamellaktig smak med myk, litt klumpet konsistens.\" \/>\n<meta name=\"robots\" content=\"index, follow, max-snippet:-1, max-image-preview:large, max-video-preview:-1\" \/>\n<link rel=\"canonical\" href=\"https:\/\/ostelandet.no\/en\/sunnmorssost\/\" \/>\n<meta property=\"og:locale\" content=\"en_US\" \/>\n<meta property=\"og:type\" content=\"article\" \/>\n<meta property=\"og:title\" content=\"Sunnm\u00f8rss\u00f8st - Ostelandet Norge\" \/>\n<meta property=\"og:description\" content=\"Sunnm\u00f8rss\u00f8st har en frisk, s\u00f8t og karamellaktig smak med myk, litt klumpet konsistens. Server Sunnm\u00f8rss\u00f8st rikelig p\u00e5 vafler, lefser, lomper og potetkaker til frokost, lunsj eller til kaffen. Sunnm\u00f8rss\u00f8st har tradisjonelt v\u00e6rt brukt p\u00e5 festbordene rundt i landet. Sunnm\u00f8rss\u00f8st er ogs\u00e5 godt p\u00e5 br\u00f8d til frokost og kvelds. Sunnm\u00f8rss\u00f8st har en frisk, s\u00f8t og karamellaktig smak med myk, litt klumpet konsistens.\" \/>\n<meta property=\"og:url\" content=\"https:\/\/ostelandet.no\/en\/sunnmorssost\/\" \/>\n<meta property=\"og:site_name\" content=\"Ostelandet Norge\" \/>\n<meta property=\"article:publisher\" content=\"https:\/\/www.facebook.com\/ostelandet-101474925294974\" \/>\n<meta property=\"article:published_time\" content=\"2021-06-14T12:33:09+00:00\" \/>\n<meta property=\"article:modified_time\" content=\"2023-05-02T19:38:29+00:00\" \/>\n<meta property=\"og:image\" content=\"https:\/\/ostelandet.no\/wp-content\/uploads\/2021\/06\/Sunnmorssost.jpeg\" \/>\n\t<meta property=\"og:image:width\" content=\"1400\" \/>\n\t<meta property=\"og:image:height\" content=\"770\" \/>\n\t<meta property=\"og:image:type\" content=\"image\/jpeg\" \/>\n<meta name=\"author\" content=\"eliho\" \/>\n<meta name=\"twitter:card\" content=\"summary_large_image\" \/>\n<meta name=\"twitter:label1\" content=\"Written by\" \/>\n\t<meta name=\"twitter:data1\" content=\"eliho\" \/>\n<script type=\"application\/ld+json\" class=\"yoast-schema-graph\">{\"@context\":\"https:\/\/schema.org\",\"@graph\":[{\"@type\":\"Article\",\"@id\":\"https:\/\/ostelandet.no\/sunnmorssost\/#article\",\"isPartOf\":{\"@id\":\"https:\/\/ostelandet.no\/sunnmorssost\/\"},\"author\":{\"name\":\"eliho\",\"@id\":\"https:\/\/ostelandet.no\/#\/schema\/person\/5875f248502ea0794dca05f9ea518440\"},\"headline\":\"Sunnm\u00f8rss\u00f8st\",\"datePublished\":\"2021-06-14T12:33:09+00:00\",\"dateModified\":\"2023-05-02T19:38:29+00:00\",\"mainEntityOfPage\":{\"@id\":\"https:\/\/ostelandet.no\/sunnmorssost\/\"},\"wordCount\":73,\"publisher\":{\"@id\":\"https:\/\/ostelandet.no\/#organization\"},\"image\":{\"@id\":\"https:\/\/ostelandet.no\/sunnmorssost\/#primaryimage\"},\"thumbnailUrl\":\"https:\/\/ostelandet.no\/wp-content\/uploads\/2021\/06\/Sunnmorssost.jpeg\",\"keywords\":[\"dessertost\",\"frisk\",\"karamell\",\"Kumelk\",\"myk\",\"ost fra TINE\",\"pasteurisert\",\"pasteurisert kumelk\",\"Pasteurisert melk\",\"rosiner\",\"sm\u00f8rbar\",\"sukker\",\"Sunnm\u00f8rss\u00f8st\",\"s\u00f8st\",\"s\u00f8t\",\"s\u00f8tlig\",\"s\u00f8tost\",\"Tradisjonsost\"],\"articleSection\":[\"Tradisjonsost\"],\"inLanguage\":\"en-US\"},{\"@type\":\"WebPage\",\"@id\":\"https:\/\/ostelandet.no\/sunnmorssost\/\",\"url\":\"https:\/\/ostelandet.no\/sunnmorssost\/\",\"name\":\"Sunnm\u00f8rss\u00f8st - Ostelandet Norge\",\"isPartOf\":{\"@id\":\"https:\/\/ostelandet.no\/#website\"},\"primaryImageOfPage\":{\"@id\":\"https:\/\/ostelandet.no\/sunnmorssost\/#primaryimage\"},\"image\":{\"@id\":\"https:\/\/ostelandet.no\/sunnmorssost\/#primaryimage\"},\"thumbnailUrl\":\"https:\/\/ostelandet.no\/wp-content\/uploads\/2021\/06\/Sunnmorssost.jpeg\",\"datePublished\":\"2021-06-14T12:33:09+00:00\",\"dateModified\":\"2023-05-02T19:38:29+00:00\",\"description\":\"Sunnm\u00f8rss\u00f8st har en frisk, s\u00f8t og karamellaktig smak med myk, litt klumpet konsistens. Server Sunnm\u00f8rss\u00f8st rikelig p\u00e5 vafler, lefser, lomper og potetkaker til frokost, lunsj eller til kaffen. Sunnm\u00f8rss\u00f8st har tradisjonelt v\u00e6rt brukt p\u00e5 festbordene rundt i landet. Sunnm\u00f8rss\u00f8st er ogs\u00e5 godt p\u00e5 br\u00f8d til frokost og kvelds. Sunnm\u00f8rss\u00f8st har en frisk, s\u00f8t og karamellaktig smak med myk, litt klumpet konsistens.\",\"breadcrumb\":{\"@id\":\"https:\/\/ostelandet.no\/sunnmorssost\/#breadcrumb\"},\"inLanguage\":\"en-US\",\"potentialAction\":[{\"@type\":\"ReadAction\",\"target\":[\"https:\/\/ostelandet.no\/sunnmorssost\/\"]}]},{\"@type\":\"ImageObject\",\"inLanguage\":\"en-US\",\"@id\":\"https:\/\/ostelandet.no\/sunnmorssost\/#primaryimage\",\"url\":\"https:\/\/ostelandet.no\/wp-content\/uploads\/2021\/06\/Sunnmorssost.jpeg\",\"contentUrl\":\"https:\/\/ostelandet.no\/wp-content\/uploads\/2021\/06\/Sunnmorssost.jpeg\",\"width\":1400,\"height\":770,\"caption\":\"Sunnm\u00f8rss\u00f8st fra TINE\"},{\"@type\":\"BreadcrumbList\",\"@id\":\"https:\/\/ostelandet.no\/sunnmorssost\/#breadcrumb\",\"itemListElement\":[{\"@type\":\"ListItem\",\"position\":1,\"name\":\"Hjem\",\"item\":\"https:\/\/ostelandet.no\/\"},{\"@type\":\"ListItem\",\"position\":2,\"name\":\"Sunnm\u00f8rss\u00f8st\"}]},{\"@type\":\"WebSite\",\"@id\":\"https:\/\/ostelandet.no\/#website\",\"url\":\"https:\/\/ostelandet.no\/\",\"name\":\"Ostelandet Norge\",\"description\":\"- L\u00e6r mer om norsk ost\",\"publisher\":{\"@id\":\"https:\/\/ostelandet.no\/#organization\"},\"potentialAction\":[{\"@type\":\"SearchAction\",\"target\":{\"@type\":\"EntryPoint\",\"urlTemplate\":\"https:\/\/ostelandet.no\/?s={search_term_string}\"},\"query-input\":{\"@type\":\"PropertyValueSpecification\",\"valueRequired\":true,\"valueName\":\"search_term_string\"}}],\"inLanguage\":\"en-US\"},{\"@type\":\"Organization\",\"@id\":\"https:\/\/ostelandet.no\/#organization\",\"name\":\"HANEN\",\"url\":\"https:\/\/ostelandet.no\/\",\"logo\":{\"@type\":\"ImageObject\",\"inLanguage\":\"en-US\",\"@id\":\"https:\/\/ostelandet.no\/#\/schema\/logo\/image\/\",\"url\":\"https:\/\/ostelandet.no\/wp-content\/uploads\/2021\/09\/ostelandet_norge_2farger_mork_hierarkisk.png\",\"contentUrl\":\"https:\/\/ostelandet.no\/wp-content\/uploads\/2021\/09\/ostelandet_norge_2farger_mork_hierarkisk.png\",\"width\":2062,\"height\":1223,\"caption\":\"HANEN\"},\"image\":{\"@id\":\"https:\/\/ostelandet.no\/#\/schema\/logo\/image\/\"},\"sameAs\":[\"https:\/\/www.facebook.com\/ostelandet-101474925294974\",\"https:\/\/www.instagram.com\/ostelandet\/\",\"https:\/\/www.linkedin.com\/showcase\/ostelandet-norge\/\"]},{\"@type\":\"Person\",\"@id\":\"https:\/\/ostelandet.no\/#\/schema\/person\/5875f248502ea0794dca05f9ea518440\",\"name\":\"eliho\",\"image\":{\"@type\":\"ImageObject\",\"inLanguage\":\"en-US\",\"@id\":\"https:\/\/ostelandet.no\/#\/schema\/person\/image\/\",\"url\":\"https:\/\/secure.gravatar.com\/avatar\/ea2d2e46de429e0415a330ea57f41bc101fea116d020ec3116a6fc2817d801cc?s=96&d=mm&r=g\",\"contentUrl\":\"https:\/\/secure.gravatar.com\/avatar\/ea2d2e46de429e0415a330ea57f41bc101fea116d020ec3116a6fc2817d801cc?s=96&d=mm&r=g\",\"caption\":\"eliho\"},\"url\":\"https:\/\/ostelandet.no\/en\/author\/eliho\/\"}]}<\/script>\n<!-- \/ Yoast SEO plugin. -->","yoast_head_json":{"title":"Sunnm\u00f8rss\u00f8st - Ostelandet Norge","description":"Sunnm\u00f8rss\u00f8st har en frisk, s\u00f8t og karamellaktig smak med myk, litt klumpet konsistens. Server Sunnm\u00f8rss\u00f8st rikelig p\u00e5 vafler, lefser, lomper og potetkaker til frokost, lunsj eller til kaffen. Sunnm\u00f8rss\u00f8st har tradisjonelt v\u00e6rt brukt p\u00e5 festbordene rundt i landet. Sunnm\u00f8rss\u00f8st er ogs\u00e5 godt p\u00e5 br\u00f8d til frokost og kvelds. Sunnm\u00f8rss\u00f8st har en frisk, s\u00f8t og karamellaktig smak med myk, litt klumpet konsistens.","robots":{"index":"index","follow":"follow","max-snippet":"max-snippet:-1","max-image-preview":"max-image-preview:large","max-video-preview":"max-video-preview:-1"},"canonical":"https:\/\/ostelandet.no\/en\/sunnmorssost\/","og_locale":"en_US","og_type":"article","og_title":"Sunnm\u00f8rss\u00f8st - Ostelandet Norge","og_description":"Sunnm\u00f8rss\u00f8st har en frisk, s\u00f8t og karamellaktig smak med myk, litt klumpet konsistens. Server Sunnm\u00f8rss\u00f8st rikelig p\u00e5 vafler, lefser, lomper og potetkaker til frokost, lunsj eller til kaffen. Sunnm\u00f8rss\u00f8st har tradisjonelt v\u00e6rt brukt p\u00e5 festbordene rundt i landet. Sunnm\u00f8rss\u00f8st er ogs\u00e5 godt p\u00e5 br\u00f8d til frokost og kvelds. Sunnm\u00f8rss\u00f8st har en frisk, s\u00f8t og karamellaktig smak med myk, litt klumpet konsistens.","og_url":"https:\/\/ostelandet.no\/en\/sunnmorssost\/","og_site_name":"Ostelandet Norge","article_publisher":"https:\/\/www.facebook.com\/ostelandet-101474925294974","article_published_time":"2021-06-14T12:33:09+00:00","article_modified_time":"2023-05-02T19:38:29+00:00","og_image":[{"width":1400,"height":770,"url":"https:\/\/ostelandet.no\/wp-content\/uploads\/2021\/06\/Sunnmorssost.jpeg","type":"image\/jpeg"}],"author":"eliho","twitter_card":"summary_large_image","twitter_misc":{"Written by":"eliho"},"schema":{"@context":"https:\/\/schema.org","@graph":[{"@type":"Article","@id":"https:\/\/ostelandet.no\/sunnmorssost\/#article","isPartOf":{"@id":"https:\/\/ostelandet.no\/sunnmorssost\/"},"author":{"name":"eliho","@id":"https:\/\/ostelandet.no\/#\/schema\/person\/5875f248502ea0794dca05f9ea518440"},"headline":"Sunnm\u00f8rss\u00f8st","datePublished":"2021-06-14T12:33:09+00:00","dateModified":"2023-05-02T19:38:29+00:00","mainEntityOfPage":{"@id":"https:\/\/ostelandet.no\/sunnmorssost\/"},"wordCount":73,"publisher":{"@id":"https:\/\/ostelandet.no\/#organization"},"image":{"@id":"https:\/\/ostelandet.no\/sunnmorssost\/#primaryimage"},"thumbnailUrl":"https:\/\/ostelandet.no\/wp-content\/uploads\/2021\/06\/Sunnmorssost.jpeg","keywords":["dessertost","frisk","karamell","Kumelk","myk","ost fra TINE","pasteurisert","pasteurisert kumelk","Pasteurisert melk","rosiner","sm\u00f8rbar","sukker","Sunnm\u00f8rss\u00f8st","s\u00f8st","s\u00f8t","s\u00f8tlig","s\u00f8tost","Tradisjonsost"],"articleSection":["Tradisjonsost"],"inLanguage":"en-US"},{"@type":"WebPage","@id":"https:\/\/ostelandet.no\/sunnmorssost\/","url":"https:\/\/ostelandet.no\/sunnmorssost\/","name":"Sunnm\u00f8rss\u00f8st - Ostelandet Norge","isPartOf":{"@id":"https:\/\/ostelandet.no\/#website"},"primaryImageOfPage":{"@id":"https:\/\/ostelandet.no\/sunnmorssost\/#primaryimage"},"image":{"@id":"https:\/\/ostelandet.no\/sunnmorssost\/#primaryimage"},"thumbnailUrl":"https:\/\/ostelandet.no\/wp-content\/uploads\/2021\/06\/Sunnmorssost.jpeg","datePublished":"2021-06-14T12:33:09+00:00","dateModified":"2023-05-02T19:38:29+00:00","description":"Sunnm\u00f8rss\u00f8st har en frisk, s\u00f8t og karamellaktig smak med myk, litt klumpet konsistens. Server Sunnm\u00f8rss\u00f8st rikelig p\u00e5 vafler, lefser, lomper og potetkaker til frokost, lunsj eller til kaffen. Sunnm\u00f8rss\u00f8st har tradisjonelt v\u00e6rt brukt p\u00e5 festbordene rundt i landet. Sunnm\u00f8rss\u00f8st er ogs\u00e5 godt p\u00e5 br\u00f8d til frokost og kvelds. Sunnm\u00f8rss\u00f8st har en frisk, s\u00f8t og karamellaktig smak med myk, litt klumpet konsistens.","breadcrumb":{"@id":"https:\/\/ostelandet.no\/sunnmorssost\/#breadcrumb"},"inLanguage":"en-US","potentialAction":[{"@type":"ReadAction","target":["https:\/\/ostelandet.no\/sunnmorssost\/"]}]},{"@type":"ImageObject","inLanguage":"en-US","@id":"https:\/\/ostelandet.no\/sunnmorssost\/#primaryimage","url":"https:\/\/ostelandet.no\/wp-content\/uploads\/2021\/06\/Sunnmorssost.jpeg","contentUrl":"https:\/\/ostelandet.no\/wp-content\/uploads\/2021\/06\/Sunnmorssost.jpeg","width":1400,"height":770,"caption":"Sunnm\u00f8rss\u00f8st fra TINE"},{"@type":"BreadcrumbList","@id":"https:\/\/ostelandet.no\/sunnmorssost\/#breadcrumb","itemListElement":[{"@type":"ListItem","position":1,"name":"Hjem","item":"https:\/\/ostelandet.no\/"},{"@type":"ListItem","position":2,"name":"Sunnm\u00f8rss\u00f8st"}]},{"@type":"WebSite","@id":"https:\/\/ostelandet.no\/#website","url":"https:\/\/ostelandet.no\/","name":"Ostelandet Norge","description":"- L\u00e6r mer om norsk ost","publisher":{"@id":"https:\/\/ostelandet.no\/#organization"},"potentialAction":[{"@type":"SearchAction","target":{"@type":"EntryPoint","urlTemplate":"https:\/\/ostelandet.no\/?s={search_term_string}"},"query-input":{"@type":"PropertyValueSpecification","valueRequired":true,"valueName":"search_term_string"}}],"inLanguage":"en-US"},{"@type":"Organization","@id":"https:\/\/ostelandet.no\/#organization","name":"HANEN","url":"https:\/\/ostelandet.no\/","logo":{"@type":"ImageObject","inLanguage":"en-US","@id":"https:\/\/ostelandet.no\/#\/schema\/logo\/image\/","url":"https:\/\/ostelandet.no\/wp-content\/uploads\/2021\/09\/ostelandet_norge_2farger_mork_hierarkisk.png","contentUrl":"https:\/\/ostelandet.no\/wp-content\/uploads\/2021\/09\/ostelandet_norge_2farger_mork_hierarkisk.png","width":2062,"height":1223,"caption":"HANEN"},"image":{"@id":"https:\/\/ostelandet.no\/#\/schema\/logo\/image\/"},"sameAs":["https:\/\/www.facebook.com\/ostelandet-101474925294974","https:\/\/www.instagram.com\/ostelandet\/","https:\/\/www.linkedin.com\/showcase\/ostelandet-norge\/"]},{"@type":"Person","@id":"https:\/\/ostelandet.no\/#\/schema\/person\/5875f248502ea0794dca05f9ea518440","name":"eliho","image":{"@type":"ImageObject","inLanguage":"en-US","@id":"https:\/\/ostelandet.no\/#\/schema\/person\/image\/","url":"https:\/\/secure.gravatar.com\/avatar\/ea2d2e46de429e0415a330ea57f41bc101fea116d020ec3116a6fc2817d801cc?s=96&d=mm&r=g","contentUrl":"https:\/\/secure.gravatar.com\/avatar\/ea2d2e46de429e0415a330ea57f41bc101fea116d020ec3116a6fc2817d801cc?s=96&d=mm&r=g","caption":"eliho"},"url":"https:\/\/ostelandet.no\/en\/author\/eliho\/"}]}},"_links":{"self":[{"href":"https:\/\/ostelandet.no\/en\/wp-json\/wp\/v2\/posts\/5106","targetHints":{"allow":["GET"]}}],"collection":[{"href":"https:\/\/ostelandet.no\/en\/wp-json\/wp\/v2\/posts"}],"about":[{"href":"https:\/\/ostelandet.no\/en\/wp-json\/wp\/v2\/types\/post"}],"author":[{"embeddable":true,"href":"https:\/\/ostelandet.no\/en\/wp-json\/wp\/v2\/users\/1"}],"replies":[{"embeddable":true,"href":"https:\/\/ostelandet.no\/en\/wp-json\/wp\/v2\/comments?post=5106"}],"version-history":[{"count":4,"href":"https:\/\/ostelandet.no\/en\/wp-json\/wp\/v2\/posts\/5106\/revisions"}],"predecessor-version":[{"id":9450,"href":"https:\/\/ostelandet.no\/en\/wp-json\/wp\/v2\/posts\/5106\/revisions\/9450"}],"wp:featuredmedia":[{"embeddable":true,"href":"https:\/\/ostelandet.no\/en\/wp-json\/wp\/v2\/media\/5107"}],"wp:attachment":[{"href":"https:\/\/ostelandet.no\/en\/wp-json\/wp\/v2\/media?parent=5106"}],"wp:term":[{"taxonomy":"category","embeddable":true,"href":"https:\/\/ostelandet.no\/en\/wp-json\/wp\/v2\/categories?post=5106"},{"taxonomy":"post_tag","embeddable":true,"href":"https:\/\/ostelandet.no\/en\/wp-json\/wp\/v2\/tags?post=5106"},{"taxonomy":"produsent-ostetype","embeddable":true,"href":"https:\/\/ostelandet.no\/en\/wp-json\/wp\/v2\/produsent-ostetype?post=5106"},{"taxonomy":"produsentfylke","embeddable":true,"href":"https:\/\/ostelandet.no\/en\/wp-json\/wp\/v2\/produsentfylke?post=5106"}],"curies":[{"name":"wp","href":"https:\/\/api.w.org\/{rel}","templated":true}]}}