{"id":5083,"date":"2021-06-13T11:36:39","date_gmt":"2021-06-13T09:36:39","guid":{"rendered":"https:\/\/ostelandet.no\/ost\/?p=5083"},"modified":"2023-09-22T14:26:34","modified_gmt":"2023-09-22T12:26:34","slug":"mylsa","status":"publish","type":"post","link":"https:\/\/ostelandet.no\/en\/mylsa\/","title":{"rendered":"Mylsa"},"content":{"rendered":"<h2>\n\t\tTRADITIONAL CHEESE\n\t<\/h2>\n<h2>\n\t\tMylsa\n\t<\/h2>\n\t<figure>\n\n<\/figure>\n<strong>Producer:\u00a0<\/strong><a href=\"https:\/\/ostelandet.no\/en\/tine\/\">TINE<\/a><br \/>\n<strong>Type:<\/strong> Traditional cheese<br \/>\n<strong>Milk:<\/strong> Cow&#039;s milk\n<p><strong>Flavour:<\/strong> Mylsa has a slightly sweet caramel-like taste with a light brown colour, with solid lumps in a light liquid.<\/p>\n<p><strong>Description:<\/strong> Mylsa is a traditional cheese, primarily in Sogn and Sunnfjord. Mylse from Vik i Sogn has been made in the villages for generations. Mylsa is used both as an everyday food and as a party food. Mylsa is often on the cake\/dessert table and is often served in a soup bowl. Preferably served with lefse or a roll.<\/p>\n<p><strong>Retailers:<\/strong> Selected grocery stores.<\/p>\n\t\t\t\t<img loading=\"lazy\" decoding=\"async\" src=\"https:\/\/ostelandet.no\/wp-content\/uploads\/2021\/06\/Mylsa_ubg.png\" alt=\"Mylsa_ubg\" itemprop=\"image\" height=\"340\" width=\"443\" title=\"Mylsa_ubg\" onerror=\"this.style.display='none'\"  \/>\n<h2>\n\t\tMORE PRODUCTS FROM TINE\n\t<\/h2>","protected":false},"excerpt":{"rendered":"<p>Mylsa is a traditional cheese, primarily in Sogn and Sunnfjord. Mylse from Vik i Sogn has been made in the villages for generations. Mylsa is used both as an everyday food and as a party food. Remember to turn the box over before use.<\/p>","protected":false},"author":1,"featured_media":10751,"comment_status":"closed","ping_status":"closed","sticky":false,"template":"","format":"standard","meta":{"_acf_changed":false,"footnotes":""},"categories":[61],"tags":[730,805,377,466,504,160,81],"produsent-ostetype":[],"produsentfylke":[],"class_list":["post-5083","post","type-post","status-publish","format-standard","has-post-thumbnail","hentry","category-tradisjonsost","tag-dessertost","tag-mylsa","tag-ost-fra-tine","tag-pasteurisert","tag-pasteurisert-kumelk","tag-pasteurisert-melk","tag-tradisjonsost"],"acf":[],"yoast_head":"<!-- This site is optimized with the Yoast SEO plugin v26.1.1 - https:\/\/yoast.com\/wordpress\/plugins\/seo\/ -->\n<title>Mylsa - Ostelandet Norge<\/title>\n<meta name=\"description\" content=\"Mylsa er en tradisjonsost, f\u00f8rst og fremst i Sogn og Sunnfjord. Mylse fra Vik i Sogn har v\u00e6rt laget i bygdene i generasjoner. Mylsa blir brukt b\u00e5de som hverdagsmat og som festmat. Husk \u00e5 vende boksen f\u00f8r bruk. Mylsa er en tradisjonsost, f\u00f8rst og fremst i Sogn og Sunnfjord. Mylse fra Vik i Sogn har v\u00e6rt laget i bygdene i generasjoner. Mylsa blir brukt b\u00e5de som hverdagsmat og som festmat. Husk \u00e5 vende boksen f\u00f8r bruk.\" \/>\n<meta name=\"robots\" content=\"index, follow, max-snippet:-1, max-image-preview:large, max-video-preview:-1\" \/>\n<link rel=\"canonical\" href=\"https:\/\/ostelandet.no\/en\/mylsa\/\" \/>\n<meta property=\"og:locale\" content=\"en_US\" \/>\n<meta property=\"og:type\" content=\"article\" \/>\n<meta property=\"og:title\" content=\"Mylsa - Ostelandet Norge\" \/>\n<meta property=\"og:description\" content=\"Mylsa er en tradisjonsost, f\u00f8rst og fremst i Sogn og Sunnfjord. Mylse fra Vik i Sogn har v\u00e6rt laget i bygdene i generasjoner. Mylsa blir brukt b\u00e5de som hverdagsmat og som festmat. Husk \u00e5 vende boksen f\u00f8r bruk. Mylsa er en tradisjonsost, f\u00f8rst og fremst i Sogn og Sunnfjord. Mylse fra Vik i Sogn har v\u00e6rt laget i bygdene i generasjoner. Mylsa blir brukt b\u00e5de som hverdagsmat og som festmat. Husk \u00e5 vende boksen f\u00f8r bruk.\" \/>\n<meta property=\"og:url\" content=\"https:\/\/ostelandet.no\/en\/mylsa\/\" \/>\n<meta property=\"og:site_name\" content=\"Ostelandet Norge\" \/>\n<meta property=\"article:publisher\" content=\"https:\/\/www.facebook.com\/ostelandet-101474925294974\" \/>\n<meta property=\"article:published_time\" content=\"2021-06-13T09:36:39+00:00\" \/>\n<meta property=\"article:modified_time\" content=\"2023-09-22T12:26:34+00:00\" \/>\n<meta property=\"og:image\" content=\"https:\/\/ostelandet.no\/wp-content\/uploads\/2021\/06\/Mylsa_mbg.png\" \/>\n\t<meta property=\"og:image:width\" content=\"443\" \/>\n\t<meta property=\"og:image:height\" content=\"340\" \/>\n\t<meta property=\"og:image:type\" content=\"image\/png\" \/>\n<meta name=\"author\" content=\"eliho\" \/>\n<meta name=\"twitter:card\" content=\"summary_large_image\" \/>\n<meta name=\"twitter:label1\" content=\"Written by\" \/>\n\t<meta name=\"twitter:data1\" content=\"eliho\" \/>\n\t<meta name=\"twitter:label2\" content=\"Est. reading time\" \/>\n\t<meta name=\"twitter:data2\" content=\"1 minute\" \/>\n<script type=\"application\/ld+json\" class=\"yoast-schema-graph\">{\"@context\":\"https:\/\/schema.org\",\"@graph\":[{\"@type\":\"Article\",\"@id\":\"https:\/\/ostelandet.no\/mylsa\/#article\",\"isPartOf\":{\"@id\":\"https:\/\/ostelandet.no\/mylsa\/\"},\"author\":{\"name\":\"eliho\",\"@id\":\"https:\/\/ostelandet.no\/#\/schema\/person\/5875f248502ea0794dca05f9ea518440\"},\"headline\":\"Mylsa\",\"datePublished\":\"2021-06-13T09:36:39+00:00\",\"dateModified\":\"2023-09-22T12:26:34+00:00\",\"mainEntityOfPage\":{\"@id\":\"https:\/\/ostelandet.no\/mylsa\/\"},\"wordCount\":95,\"publisher\":{\"@id\":\"https:\/\/ostelandet.no\/#organization\"},\"image\":{\"@id\":\"https:\/\/ostelandet.no\/mylsa\/#primaryimage\"},\"thumbnailUrl\":\"https:\/\/ostelandet.no\/wp-content\/uploads\/2021\/06\/Mylsa_mbg.png\",\"keywords\":[\"dessertost\",\"Mylsa\",\"ost fra TINE\",\"pasteurisert\",\"pasteurisert kumelk\",\"Pasteurisert melk\",\"Tradisjonsost\"],\"articleSection\":[\"Tradisjonsost\"],\"inLanguage\":\"en-US\"},{\"@type\":\"WebPage\",\"@id\":\"https:\/\/ostelandet.no\/mylsa\/\",\"url\":\"https:\/\/ostelandet.no\/mylsa\/\",\"name\":\"Mylsa - Ostelandet Norge\",\"isPartOf\":{\"@id\":\"https:\/\/ostelandet.no\/#website\"},\"primaryImageOfPage\":{\"@id\":\"https:\/\/ostelandet.no\/mylsa\/#primaryimage\"},\"image\":{\"@id\":\"https:\/\/ostelandet.no\/mylsa\/#primaryimage\"},\"thumbnailUrl\":\"https:\/\/ostelandet.no\/wp-content\/uploads\/2021\/06\/Mylsa_mbg.png\",\"datePublished\":\"2021-06-13T09:36:39+00:00\",\"dateModified\":\"2023-09-22T12:26:34+00:00\",\"description\":\"Mylsa er en tradisjonsost, f\u00f8rst og fremst i Sogn og Sunnfjord. Mylse fra Vik i Sogn har v\u00e6rt laget i bygdene i generasjoner. Mylsa blir brukt b\u00e5de som hverdagsmat og som festmat. Husk \u00e5 vende boksen f\u00f8r bruk. Mylsa er en tradisjonsost, f\u00f8rst og fremst i Sogn og Sunnfjord. Mylse fra Vik i Sogn har v\u00e6rt laget i bygdene i generasjoner. Mylsa blir brukt b\u00e5de som hverdagsmat og som festmat. Husk \u00e5 vende boksen f\u00f8r bruk.\",\"breadcrumb\":{\"@id\":\"https:\/\/ostelandet.no\/mylsa\/#breadcrumb\"},\"inLanguage\":\"en-US\",\"potentialAction\":[{\"@type\":\"ReadAction\",\"target\":[\"https:\/\/ostelandet.no\/mylsa\/\"]}]},{\"@type\":\"ImageObject\",\"inLanguage\":\"en-US\",\"@id\":\"https:\/\/ostelandet.no\/mylsa\/#primaryimage\",\"url\":\"https:\/\/ostelandet.no\/wp-content\/uploads\/2021\/06\/Mylsa_mbg.png\",\"contentUrl\":\"https:\/\/ostelandet.no\/wp-content\/uploads\/2021\/06\/Mylsa_mbg.png\",\"width\":443,\"height\":340},{\"@type\":\"BreadcrumbList\",\"@id\":\"https:\/\/ostelandet.no\/mylsa\/#breadcrumb\",\"itemListElement\":[{\"@type\":\"ListItem\",\"position\":1,\"name\":\"Hjem\",\"item\":\"https:\/\/ostelandet.no\/\"},{\"@type\":\"ListItem\",\"position\":2,\"name\":\"Mylsa\"}]},{\"@type\":\"WebSite\",\"@id\":\"https:\/\/ostelandet.no\/#website\",\"url\":\"https:\/\/ostelandet.no\/\",\"name\":\"Ostelandet Norge\",\"description\":\"- L\u00e6r mer om norsk ost\",\"publisher\":{\"@id\":\"https:\/\/ostelandet.no\/#organization\"},\"potentialAction\":[{\"@type\":\"SearchAction\",\"target\":{\"@type\":\"EntryPoint\",\"urlTemplate\":\"https:\/\/ostelandet.no\/?s={search_term_string}\"},\"query-input\":{\"@type\":\"PropertyValueSpecification\",\"valueRequired\":true,\"valueName\":\"search_term_string\"}}],\"inLanguage\":\"en-US\"},{\"@type\":\"Organization\",\"@id\":\"https:\/\/ostelandet.no\/#organization\",\"name\":\"HANEN\",\"url\":\"https:\/\/ostelandet.no\/\",\"logo\":{\"@type\":\"ImageObject\",\"inLanguage\":\"en-US\",\"@id\":\"https:\/\/ostelandet.no\/#\/schema\/logo\/image\/\",\"url\":\"https:\/\/ostelandet.no\/wp-content\/uploads\/2021\/09\/ostelandet_norge_2farger_mork_hierarkisk.png\",\"contentUrl\":\"https:\/\/ostelandet.no\/wp-content\/uploads\/2021\/09\/ostelandet_norge_2farger_mork_hierarkisk.png\",\"width\":2062,\"height\":1223,\"caption\":\"HANEN\"},\"image\":{\"@id\":\"https:\/\/ostelandet.no\/#\/schema\/logo\/image\/\"},\"sameAs\":[\"https:\/\/www.facebook.com\/ostelandet-101474925294974\",\"https:\/\/www.instagram.com\/ostelandet\/\",\"https:\/\/www.linkedin.com\/showcase\/ostelandet-norge\/\"]},{\"@type\":\"Person\",\"@id\":\"https:\/\/ostelandet.no\/#\/schema\/person\/5875f248502ea0794dca05f9ea518440\",\"name\":\"eliho\",\"image\":{\"@type\":\"ImageObject\",\"inLanguage\":\"en-US\",\"@id\":\"https:\/\/ostelandet.no\/#\/schema\/person\/image\/\",\"url\":\"https:\/\/secure.gravatar.com\/avatar\/ea2d2e46de429e0415a330ea57f41bc101fea116d020ec3116a6fc2817d801cc?s=96&d=mm&r=g\",\"contentUrl\":\"https:\/\/secure.gravatar.com\/avatar\/ea2d2e46de429e0415a330ea57f41bc101fea116d020ec3116a6fc2817d801cc?s=96&d=mm&r=g\",\"caption\":\"eliho\"},\"url\":\"https:\/\/ostelandet.no\/en\/author\/eliho\/\"}]}<\/script>\n<!-- \/ Yoast SEO plugin. -->","yoast_head_json":{"title":"Mylsa - Ostelandet Norge","description":"Mylsa er en tradisjonsost, f\u00f8rst og fremst i Sogn og Sunnfjord. Mylse fra Vik i Sogn har v\u00e6rt laget i bygdene i generasjoner. Mylsa blir brukt b\u00e5de som hverdagsmat og som festmat. Husk \u00e5 vende boksen f\u00f8r bruk. Mylsa er en tradisjonsost, f\u00f8rst og fremst i Sogn og Sunnfjord. Mylse fra Vik i Sogn har v\u00e6rt laget i bygdene i generasjoner. Mylsa blir brukt b\u00e5de som hverdagsmat og som festmat. Husk \u00e5 vende boksen f\u00f8r bruk.","robots":{"index":"index","follow":"follow","max-snippet":"max-snippet:-1","max-image-preview":"max-image-preview:large","max-video-preview":"max-video-preview:-1"},"canonical":"https:\/\/ostelandet.no\/en\/mylsa\/","og_locale":"en_US","og_type":"article","og_title":"Mylsa - Ostelandet Norge","og_description":"Mylsa er en tradisjonsost, f\u00f8rst og fremst i Sogn og Sunnfjord. Mylse fra Vik i Sogn har v\u00e6rt laget i bygdene i generasjoner. Mylsa blir brukt b\u00e5de som hverdagsmat og som festmat. Husk \u00e5 vende boksen f\u00f8r bruk. Mylsa er en tradisjonsost, f\u00f8rst og fremst i Sogn og Sunnfjord. Mylse fra Vik i Sogn har v\u00e6rt laget i bygdene i generasjoner. Mylsa blir brukt b\u00e5de som hverdagsmat og som festmat. Husk \u00e5 vende boksen f\u00f8r bruk.","og_url":"https:\/\/ostelandet.no\/en\/mylsa\/","og_site_name":"Ostelandet Norge","article_publisher":"https:\/\/www.facebook.com\/ostelandet-101474925294974","article_published_time":"2021-06-13T09:36:39+00:00","article_modified_time":"2023-09-22T12:26:34+00:00","og_image":[{"width":443,"height":340,"url":"https:\/\/ostelandet.no\/wp-content\/uploads\/2021\/06\/Mylsa_mbg.png","type":"image\/png"}],"author":"eliho","twitter_card":"summary_large_image","twitter_misc":{"Written by":"eliho","Est. reading time":"1 minute"},"schema":{"@context":"https:\/\/schema.org","@graph":[{"@type":"Article","@id":"https:\/\/ostelandet.no\/mylsa\/#article","isPartOf":{"@id":"https:\/\/ostelandet.no\/mylsa\/"},"author":{"name":"eliho","@id":"https:\/\/ostelandet.no\/#\/schema\/person\/5875f248502ea0794dca05f9ea518440"},"headline":"Mylsa","datePublished":"2021-06-13T09:36:39+00:00","dateModified":"2023-09-22T12:26:34+00:00","mainEntityOfPage":{"@id":"https:\/\/ostelandet.no\/mylsa\/"},"wordCount":95,"publisher":{"@id":"https:\/\/ostelandet.no\/#organization"},"image":{"@id":"https:\/\/ostelandet.no\/mylsa\/#primaryimage"},"thumbnailUrl":"https:\/\/ostelandet.no\/wp-content\/uploads\/2021\/06\/Mylsa_mbg.png","keywords":["dessertost","Mylsa","ost fra TINE","pasteurisert","pasteurisert kumelk","Pasteurisert melk","Tradisjonsost"],"articleSection":["Tradisjonsost"],"inLanguage":"en-US"},{"@type":"WebPage","@id":"https:\/\/ostelandet.no\/mylsa\/","url":"https:\/\/ostelandet.no\/mylsa\/","name":"Mylsa - Ostelandet Norge","isPartOf":{"@id":"https:\/\/ostelandet.no\/#website"},"primaryImageOfPage":{"@id":"https:\/\/ostelandet.no\/mylsa\/#primaryimage"},"image":{"@id":"https:\/\/ostelandet.no\/mylsa\/#primaryimage"},"thumbnailUrl":"https:\/\/ostelandet.no\/wp-content\/uploads\/2021\/06\/Mylsa_mbg.png","datePublished":"2021-06-13T09:36:39+00:00","dateModified":"2023-09-22T12:26:34+00:00","description":"Mylsa er en tradisjonsost, f\u00f8rst og fremst i Sogn og Sunnfjord. Mylse fra Vik i Sogn har v\u00e6rt laget i bygdene i generasjoner. Mylsa blir brukt b\u00e5de som hverdagsmat og som festmat. Husk \u00e5 vende boksen f\u00f8r bruk. Mylsa er en tradisjonsost, f\u00f8rst og fremst i Sogn og Sunnfjord. Mylse fra Vik i Sogn har v\u00e6rt laget i bygdene i generasjoner. Mylsa blir brukt b\u00e5de som hverdagsmat og som festmat. Husk \u00e5 vende boksen f\u00f8r bruk.","breadcrumb":{"@id":"https:\/\/ostelandet.no\/mylsa\/#breadcrumb"},"inLanguage":"en-US","potentialAction":[{"@type":"ReadAction","target":["https:\/\/ostelandet.no\/mylsa\/"]}]},{"@type":"ImageObject","inLanguage":"en-US","@id":"https:\/\/ostelandet.no\/mylsa\/#primaryimage","url":"https:\/\/ostelandet.no\/wp-content\/uploads\/2021\/06\/Mylsa_mbg.png","contentUrl":"https:\/\/ostelandet.no\/wp-content\/uploads\/2021\/06\/Mylsa_mbg.png","width":443,"height":340},{"@type":"BreadcrumbList","@id":"https:\/\/ostelandet.no\/mylsa\/#breadcrumb","itemListElement":[{"@type":"ListItem","position":1,"name":"Hjem","item":"https:\/\/ostelandet.no\/"},{"@type":"ListItem","position":2,"name":"Mylsa"}]},{"@type":"WebSite","@id":"https:\/\/ostelandet.no\/#website","url":"https:\/\/ostelandet.no\/","name":"Ostelandet Norge","description":"- L\u00e6r mer om norsk ost","publisher":{"@id":"https:\/\/ostelandet.no\/#organization"},"potentialAction":[{"@type":"SearchAction","target":{"@type":"EntryPoint","urlTemplate":"https:\/\/ostelandet.no\/?s={search_term_string}"},"query-input":{"@type":"PropertyValueSpecification","valueRequired":true,"valueName":"search_term_string"}}],"inLanguage":"en-US"},{"@type":"Organization","@id":"https:\/\/ostelandet.no\/#organization","name":"HANEN","url":"https:\/\/ostelandet.no\/","logo":{"@type":"ImageObject","inLanguage":"en-US","@id":"https:\/\/ostelandet.no\/#\/schema\/logo\/image\/","url":"https:\/\/ostelandet.no\/wp-content\/uploads\/2021\/09\/ostelandet_norge_2farger_mork_hierarkisk.png","contentUrl":"https:\/\/ostelandet.no\/wp-content\/uploads\/2021\/09\/ostelandet_norge_2farger_mork_hierarkisk.png","width":2062,"height":1223,"caption":"HANEN"},"image":{"@id":"https:\/\/ostelandet.no\/#\/schema\/logo\/image\/"},"sameAs":["https:\/\/www.facebook.com\/ostelandet-101474925294974","https:\/\/www.instagram.com\/ostelandet\/","https:\/\/www.linkedin.com\/showcase\/ostelandet-norge\/"]},{"@type":"Person","@id":"https:\/\/ostelandet.no\/#\/schema\/person\/5875f248502ea0794dca05f9ea518440","name":"eliho","image":{"@type":"ImageObject","inLanguage":"en-US","@id":"https:\/\/ostelandet.no\/#\/schema\/person\/image\/","url":"https:\/\/secure.gravatar.com\/avatar\/ea2d2e46de429e0415a330ea57f41bc101fea116d020ec3116a6fc2817d801cc?s=96&d=mm&r=g","contentUrl":"https:\/\/secure.gravatar.com\/avatar\/ea2d2e46de429e0415a330ea57f41bc101fea116d020ec3116a6fc2817d801cc?s=96&d=mm&r=g","caption":"eliho"},"url":"https:\/\/ostelandet.no\/en\/author\/eliho\/"}]}},"_links":{"self":[{"href":"https:\/\/ostelandet.no\/en\/wp-json\/wp\/v2\/posts\/5083","targetHints":{"allow":["GET"]}}],"collection":[{"href":"https:\/\/ostelandet.no\/en\/wp-json\/wp\/v2\/posts"}],"about":[{"href":"https:\/\/ostelandet.no\/en\/wp-json\/wp\/v2\/types\/post"}],"author":[{"embeddable":true,"href":"https:\/\/ostelandet.no\/en\/wp-json\/wp\/v2\/users\/1"}],"replies":[{"embeddable":true,"href":"https:\/\/ostelandet.no\/en\/wp-json\/wp\/v2\/comments?post=5083"}],"version-history":[{"count":8,"href":"https:\/\/ostelandet.no\/en\/wp-json\/wp\/v2\/posts\/5083\/revisions"}],"predecessor-version":[{"id":10754,"href":"https:\/\/ostelandet.no\/en\/wp-json\/wp\/v2\/posts\/5083\/revisions\/10754"}],"wp:featuredmedia":[{"embeddable":true,"href":"https:\/\/ostelandet.no\/en\/wp-json\/wp\/v2\/media\/10751"}],"wp:attachment":[{"href":"https:\/\/ostelandet.no\/en\/wp-json\/wp\/v2\/media?parent=5083"}],"wp:term":[{"taxonomy":"category","embeddable":true,"href":"https:\/\/ostelandet.no\/en\/wp-json\/wp\/v2\/categories?post=5083"},{"taxonomy":"post_tag","embeddable":true,"href":"https:\/\/ostelandet.no\/en\/wp-json\/wp\/v2\/tags?post=5083"},{"taxonomy":"produsent-ostetype","embeddable":true,"href":"https:\/\/ostelandet.no\/en\/wp-json\/wp\/v2\/produsent-ostetype?post=5083"},{"taxonomy":"produsentfylke","embeddable":true,"href":"https:\/\/ostelandet.no\/en\/wp-json\/wp\/v2\/produsentfylke?post=5083"}],"curies":[{"name":"wp","href":"https:\/\/api.w.org\/{rel}","templated":true}]}}