{"id":5079,"date":"2021-06-13T11:31:29","date_gmt":"2021-06-13T09:31:29","guid":{"rendered":"https:\/\/ostelandet.no\/ost\/?p=5079"},"modified":"2025-11-28T17:04:45","modified_gmt":"2025-11-28T16:04:45","slug":"ridder","status":"publish","type":"post","link":"https:\/\/ostelandet.no\/en\/ridder\/","title":{"rendered":"Ridder"},"content":{"rendered":"<h2>\n\t\t<a href=\"https:\/\/ostelandet.no\/en\/rodkittost\/\" title=\"WASHED-RIND CHEESE\"  target=\"_self\">\n\t\t\tWASHED-RIND CHEESE\t\t<\/a>\n\t<\/h2>\n<h2>\n\t\t\tRidder\t<\/h2>\n\t<figure>\n\n<\/figure>\n<strong>Producer<\/strong>:\u00a0<a href=\"https:\/\/ostelandet.no\/en\/tine\/\">TINE<\/a><br \/>\n<strong>Type<\/strong>: Washed-rind cheese<br \/>\n<strong>Milk<\/strong>: Pasteurized cow&#039;s milk and cream\n<p><strong>Flavour<\/strong>: A savoury semi-soft cheese with distinct flavour.<\/p>\n<p><strong>Description<\/strong>: Washed with brine that gives the cheese its orange rind. Enjoy it with bread, sweet fruit, melon and cured ham. Silver medalist in 2021 World Cheese Awards.<\/p>\n<p><strong>Retailers<\/strong>: Most grocery stores<\/p>\n\t\t\t\t<img decoding=\"async\" src=\"https:\/\/ostelandet.no\/wp-content\/uploads\/2021\/06\/Ridderost.webp\" alt=\"Ridderost\" itemprop=\"image\" height=\"320\" width=\"435\" title=\"Ridderost\" onerror=\"this.style.display='none'\" loading=\"lazy\" \/>\n\t\t\t\t<img decoding=\"async\" src=\"https:\/\/ostelandet.no\/wp-content\/uploads\/2025\/11\/WCA-25-26-bronze.png\" alt=\"WCA 25-26 bronze\" itemprop=\"image\" height=\"178\" width=\"178\" title=\"WCA 25-26 bronze\" onerror=\"this.style.display='none'\" loading=\"lazy\" \/>\n\t\t\t\t<img decoding=\"async\" src=\"https:\/\/ostelandet.no\/wp-content\/plugins\/bb-plugin\/img\/pixel.png\" alt=\"\" itemprop=\"image\" onerror=\"this.style.display='none'\" loading=\"lazy\" \/>\n<h2>\n\t\t\tMORE PRODUCTS FROM TINE\t<\/h2>","protected":false},"excerpt":{"rendered":"<p>Ridder\u00ae is a semi-firm, putty-ripened cheese with an exceptionally rich taste and aroma. It has a light yellow, silky texture and a supple consistency which, together with the orange-yellow surface, gives a delicious and inviting appearance.<\/p>\n<p>A very special bacterial culture is applied to the cheese before it is left to ripen for approx. two weeks. This means that the bacterial culture works its way into the cheese during storage and gives the cheese the distinctive character and taste that Ridder\u00ae is so famous for.<\/p>\n<p>Ridder\u00ae goes well with dark and light bread, with sweet and salty biscuits as well as with fruit and vegetables. Feel free to use Ridder\u00ae as a snack on its own, or as an ingredient in salads.<\/p>","protected":false},"author":1,"featured_media":10685,"comment_status":"closed","ping_status":"closed","sticky":false,"template":"","format":"standard","meta":{"_acf_changed":false,"footnotes":""},"categories":[11],"tags":[204,540,158,74,37,166,363,377,466,405,504,160,804,340,24,159,225,431,28,1165],"produsent-ostetype":[],"produsentfylke":[],"class_list":["post-5079","post","type-post","status-publish","format-standard","has-post-thumbnail","hentry","category-rodkitt","tag-aromatisk","tag-fyldig","tag-fyldig-smak","tag-kraftig","tag-kumelk","tag-modna-myke-og-faste-hvite-oster","tag-myk","tag-ost-fra-tine","tag-pasteurisert","tag-pasteurisert-flote","tag-pasteurisert-kumelk","tag-pasteurisert-melk","tag-ridder","tag-rodkitt","tag-rodkittost","tag-rodkittskorpe","tag-salt","tag-skarp","tag-smaksrik","tag-wca-2025-26-bronze"],"acf":[],"yoast_head":"<!-- This site is optimized with the Yoast SEO plugin v26.1.1 - https:\/\/yoast.com\/wordpress\/plugins\/seo\/ -->\n<title>Ridder - Ostelandet Norge<\/title>\n<meta name=\"description\" content=\"Ridder\u00ae er en halvfast, kittmodnet ost med enest\u00e5ende fyldig smak og aroma. Den har en lysgul, silkemyk tekstur og en smidig konsistens som sammen med den orangegule overflaten gir et lekkert og innbydende utseende. En helt spesiell bakteriekultur blir p\u00e5f\u00f8rt osten f\u00f8r den blir lagt til modning i ca. to uker. Dette gj\u00f8r at bakteriekulturen arbeider seg innover i osten under lagringen og gir den s\u00e6regne karakteren og smaken p\u00e5 osten som Ridder\u00ae er s\u00e5 kjent for. Ridder\u00ae passer godt til m\u00f8rkt og lyst br\u00f8d, til s\u00f8t og salt kjeks samt til frukt og gr\u00f8nnsaker. Bruk gjerne Ridder\u00ae som snacks alene, eller som ingrediens i salater. Ridder\u00ae er en halvfast, kittmodnet ost med enest\u00e5ende fyldig smak og aroma. Den har en lysgul, silkemyk tekstur og en smidig konsistens som sammen med den orangegule overflaten gir et lekkert og innbydende utseende.\" \/>\n<meta name=\"robots\" content=\"index, follow, max-snippet:-1, max-image-preview:large, max-video-preview:-1\" \/>\n<link rel=\"canonical\" href=\"https:\/\/ostelandet.no\/en\/ridder\/\" \/>\n<meta property=\"og:locale\" content=\"en_US\" \/>\n<meta property=\"og:type\" content=\"article\" \/>\n<meta property=\"og:title\" content=\"Ridder - Ostelandet Norge\" \/>\n<meta property=\"og:description\" content=\"Ridder\u00ae er en halvfast, kittmodnet ost med enest\u00e5ende fyldig smak og aroma. Den har en lysgul, silkemyk tekstur og en smidig konsistens som sammen med den orangegule overflaten gir et lekkert og innbydende utseende. En helt spesiell bakteriekultur blir p\u00e5f\u00f8rt osten f\u00f8r den blir lagt til modning i ca. to uker. Dette gj\u00f8r at bakteriekulturen arbeider seg innover i osten under lagringen og gir den s\u00e6regne karakteren og smaken p\u00e5 osten som Ridder\u00ae er s\u00e5 kjent for. Ridder\u00ae passer godt til m\u00f8rkt og lyst br\u00f8d, til s\u00f8t og salt kjeks samt til frukt og gr\u00f8nnsaker. Bruk gjerne Ridder\u00ae som snacks alene, eller som ingrediens i salater. Ridder\u00ae er en halvfast, kittmodnet ost med enest\u00e5ende fyldig smak og aroma. Den har en lysgul, silkemyk tekstur og en smidig konsistens som sammen med den orangegule overflaten gir et lekkert og innbydende utseende.\" \/>\n<meta property=\"og:url\" content=\"https:\/\/ostelandet.no\/en\/ridder\/\" \/>\n<meta property=\"og:site_name\" content=\"Ostelandet Norge\" \/>\n<meta property=\"article:publisher\" content=\"https:\/\/www.facebook.com\/ostelandet-101474925294974\" \/>\n<meta property=\"article:published_time\" content=\"2021-06-13T09:31:29+00:00\" \/>\n<meta property=\"article:modified_time\" content=\"2025-11-28T16:04:45+00:00\" \/>\n<meta property=\"og:image\" content=\"https:\/\/ostelandet.no\/wp-content\/uploads\/2021\/06\/Ridderost_mbg.webp\" \/>\n\t<meta property=\"og:image:width\" content=\"435\" \/>\n\t<meta property=\"og:image:height\" content=\"320\" \/>\n\t<meta property=\"og:image:type\" content=\"image\/webp\" \/>\n<meta name=\"author\" content=\"eliho\" \/>\n<meta name=\"twitter:card\" content=\"summary_large_image\" \/>\n<meta name=\"twitter:label1\" content=\"Written by\" \/>\n\t<meta name=\"twitter:data1\" content=\"eliho\" \/>\n\t<meta name=\"twitter:label2\" content=\"Est. reading time\" \/>\n\t<meta name=\"twitter:data2\" content=\"2 minutes\" \/>\n<script type=\"application\/ld+json\" class=\"yoast-schema-graph\">{\"@context\":\"https:\/\/schema.org\",\"@graph\":[{\"@type\":\"Article\",\"@id\":\"https:\/\/ostelandet.no\/ridder\/#article\",\"isPartOf\":{\"@id\":\"https:\/\/ostelandet.no\/ridder\/\"},\"author\":{\"name\":\"eliho\",\"@id\":\"https:\/\/ostelandet.no\/#\/schema\/person\/5875f248502ea0794dca05f9ea518440\"},\"headline\":\"Ridder\",\"datePublished\":\"2021-06-13T09:31:29+00:00\",\"dateModified\":\"2025-11-28T16:04:45+00:00\",\"mainEntityOfPage\":{\"@id\":\"https:\/\/ostelandet.no\/ridder\/\"},\"wordCount\":109,\"publisher\":{\"@id\":\"https:\/\/ostelandet.no\/#organization\"},\"image\":{\"@id\":\"https:\/\/ostelandet.no\/ridder\/#primaryimage\"},\"thumbnailUrl\":\"https:\/\/ostelandet.no\/wp-content\/uploads\/2021\/06\/Ridderost_mbg.webp\",\"keywords\":[\"aromatisk\",\"fyldig\",\"fyldig smak\",\"kraftig\",\"Kumelk\",\"modna myke og faste hvite oster\",\"myk\",\"ost fra TINE\",\"pasteurisert\",\"pasteurisert fl\u00f8te\",\"pasteurisert kumelk\",\"Pasteurisert melk\",\"Ridder\",\"r\u00f8dkitt\",\"R\u00f8dkittost\",\"R\u00f8dkittskorpe\",\"salt\",\"skarp\",\"Smaksrik\",\"WCA 2025\/26 Bronze\"],\"articleSection\":[\"R\u00f8dkitt\"],\"inLanguage\":\"en-US\"},{\"@type\":\"WebPage\",\"@id\":\"https:\/\/ostelandet.no\/ridder\/\",\"url\":\"https:\/\/ostelandet.no\/ridder\/\",\"name\":\"Ridder - Ostelandet Norge\",\"isPartOf\":{\"@id\":\"https:\/\/ostelandet.no\/#website\"},\"primaryImageOfPage\":{\"@id\":\"https:\/\/ostelandet.no\/ridder\/#primaryimage\"},\"image\":{\"@id\":\"https:\/\/ostelandet.no\/ridder\/#primaryimage\"},\"thumbnailUrl\":\"https:\/\/ostelandet.no\/wp-content\/uploads\/2021\/06\/Ridderost_mbg.webp\",\"datePublished\":\"2021-06-13T09:31:29+00:00\",\"dateModified\":\"2025-11-28T16:04:45+00:00\",\"description\":\"Ridder\u00ae er en halvfast, kittmodnet ost med enest\u00e5ende fyldig smak og aroma. Den har en lysgul, silkemyk tekstur og en smidig konsistens som sammen med den orangegule overflaten gir et lekkert og innbydende utseende. En helt spesiell bakteriekultur blir p\u00e5f\u00f8rt osten f\u00f8r den blir lagt til modning i ca. to uker. Dette gj\u00f8r at bakteriekulturen arbeider seg innover i osten under lagringen og gir den s\u00e6regne karakteren og smaken p\u00e5 osten som Ridder\u00ae er s\u00e5 kjent for. Ridder\u00ae passer godt til m\u00f8rkt og lyst br\u00f8d, til s\u00f8t og salt kjeks samt til frukt og gr\u00f8nnsaker. Bruk gjerne Ridder\u00ae som snacks alene, eller som ingrediens i salater. Ridder\u00ae er en halvfast, kittmodnet ost med enest\u00e5ende fyldig smak og aroma. Den har en lysgul, silkemyk tekstur og en smidig konsistens som sammen med den orangegule overflaten gir et lekkert og innbydende utseende.\",\"breadcrumb\":{\"@id\":\"https:\/\/ostelandet.no\/ridder\/#breadcrumb\"},\"inLanguage\":\"en-US\",\"potentialAction\":[{\"@type\":\"ReadAction\",\"target\":[\"https:\/\/ostelandet.no\/ridder\/\"]}]},{\"@type\":\"ImageObject\",\"inLanguage\":\"en-US\",\"@id\":\"https:\/\/ostelandet.no\/ridder\/#primaryimage\",\"url\":\"https:\/\/ostelandet.no\/wp-content\/uploads\/2021\/06\/Ridderost_mbg.webp\",\"contentUrl\":\"https:\/\/ostelandet.no\/wp-content\/uploads\/2021\/06\/Ridderost_mbg.webp\",\"width\":435,\"height\":320},{\"@type\":\"BreadcrumbList\",\"@id\":\"https:\/\/ostelandet.no\/ridder\/#breadcrumb\",\"itemListElement\":[{\"@type\":\"ListItem\",\"position\":1,\"name\":\"Hjem\",\"item\":\"https:\/\/ostelandet.no\/\"},{\"@type\":\"ListItem\",\"position\":2,\"name\":\"Ridder\"}]},{\"@type\":\"WebSite\",\"@id\":\"https:\/\/ostelandet.no\/#website\",\"url\":\"https:\/\/ostelandet.no\/\",\"name\":\"Ostelandet Norge\",\"description\":\"- L\u00e6r mer om norsk ost\",\"publisher\":{\"@id\":\"https:\/\/ostelandet.no\/#organization\"},\"potentialAction\":[{\"@type\":\"SearchAction\",\"target\":{\"@type\":\"EntryPoint\",\"urlTemplate\":\"https:\/\/ostelandet.no\/?s={search_term_string}\"},\"query-input\":{\"@type\":\"PropertyValueSpecification\",\"valueRequired\":true,\"valueName\":\"search_term_string\"}}],\"inLanguage\":\"en-US\"},{\"@type\":\"Organization\",\"@id\":\"https:\/\/ostelandet.no\/#organization\",\"name\":\"HANEN\",\"url\":\"https:\/\/ostelandet.no\/\",\"logo\":{\"@type\":\"ImageObject\",\"inLanguage\":\"en-US\",\"@id\":\"https:\/\/ostelandet.no\/#\/schema\/logo\/image\/\",\"url\":\"https:\/\/ostelandet.no\/wp-content\/uploads\/2021\/09\/ostelandet_norge_2farger_mork_hierarkisk.png\",\"contentUrl\":\"https:\/\/ostelandet.no\/wp-content\/uploads\/2021\/09\/ostelandet_norge_2farger_mork_hierarkisk.png\",\"width\":2062,\"height\":1223,\"caption\":\"HANEN\"},\"image\":{\"@id\":\"https:\/\/ostelandet.no\/#\/schema\/logo\/image\/\"},\"sameAs\":[\"https:\/\/www.facebook.com\/ostelandet-101474925294974\",\"https:\/\/www.instagram.com\/ostelandet\/\",\"https:\/\/www.linkedin.com\/showcase\/ostelandet-norge\/\"]},{\"@type\":\"Person\",\"@id\":\"https:\/\/ostelandet.no\/#\/schema\/person\/5875f248502ea0794dca05f9ea518440\",\"name\":\"eliho\",\"image\":{\"@type\":\"ImageObject\",\"inLanguage\":\"en-US\",\"@id\":\"https:\/\/ostelandet.no\/#\/schema\/person\/image\/\",\"url\":\"https:\/\/secure.gravatar.com\/avatar\/ea2d2e46de429e0415a330ea57f41bc101fea116d020ec3116a6fc2817d801cc?s=96&d=mm&r=g\",\"contentUrl\":\"https:\/\/secure.gravatar.com\/avatar\/ea2d2e46de429e0415a330ea57f41bc101fea116d020ec3116a6fc2817d801cc?s=96&d=mm&r=g\",\"caption\":\"eliho\"},\"url\":\"https:\/\/ostelandet.no\/en\/author\/eliho\/\"}]}<\/script>\n<!-- \/ Yoast SEO plugin. -->","yoast_head_json":{"title":"Ridder - Ostelandet Norge","description":"Ridder\u00ae er en halvfast, kittmodnet ost med enest\u00e5ende fyldig smak og aroma. Den har en lysgul, silkemyk tekstur og en smidig konsistens som sammen med den orangegule overflaten gir et lekkert og innbydende utseende. En helt spesiell bakteriekultur blir p\u00e5f\u00f8rt osten f\u00f8r den blir lagt til modning i ca. to uker. Dette gj\u00f8r at bakteriekulturen arbeider seg innover i osten under lagringen og gir den s\u00e6regne karakteren og smaken p\u00e5 osten som Ridder\u00ae er s\u00e5 kjent for. Ridder\u00ae passer godt til m\u00f8rkt og lyst br\u00f8d, til s\u00f8t og salt kjeks samt til frukt og gr\u00f8nnsaker. Bruk gjerne Ridder\u00ae som snacks alene, eller som ingrediens i salater. Ridder\u00ae er en halvfast, kittmodnet ost med enest\u00e5ende fyldig smak og aroma. Den har en lysgul, silkemyk tekstur og en smidig konsistens som sammen med den orangegule overflaten gir et lekkert og innbydende utseende.","robots":{"index":"index","follow":"follow","max-snippet":"max-snippet:-1","max-image-preview":"max-image-preview:large","max-video-preview":"max-video-preview:-1"},"canonical":"https:\/\/ostelandet.no\/en\/ridder\/","og_locale":"en_US","og_type":"article","og_title":"Ridder - Ostelandet Norge","og_description":"Ridder\u00ae er en halvfast, kittmodnet ost med enest\u00e5ende fyldig smak og aroma. Den har en lysgul, silkemyk tekstur og en smidig konsistens som sammen med den orangegule overflaten gir et lekkert og innbydende utseende. En helt spesiell bakteriekultur blir p\u00e5f\u00f8rt osten f\u00f8r den blir lagt til modning i ca. to uker. Dette gj\u00f8r at bakteriekulturen arbeider seg innover i osten under lagringen og gir den s\u00e6regne karakteren og smaken p\u00e5 osten som Ridder\u00ae er s\u00e5 kjent for. Ridder\u00ae passer godt til m\u00f8rkt og lyst br\u00f8d, til s\u00f8t og salt kjeks samt til frukt og gr\u00f8nnsaker. Bruk gjerne Ridder\u00ae som snacks alene, eller som ingrediens i salater. Ridder\u00ae er en halvfast, kittmodnet ost med enest\u00e5ende fyldig smak og aroma. Den har en lysgul, silkemyk tekstur og en smidig konsistens som sammen med den orangegule overflaten gir et lekkert og innbydende utseende.","og_url":"https:\/\/ostelandet.no\/en\/ridder\/","og_site_name":"Ostelandet Norge","article_publisher":"https:\/\/www.facebook.com\/ostelandet-101474925294974","article_published_time":"2021-06-13T09:31:29+00:00","article_modified_time":"2025-11-28T16:04:45+00:00","og_image":[{"width":435,"height":320,"url":"https:\/\/ostelandet.no\/wp-content\/uploads\/2021\/06\/Ridderost_mbg.webp","type":"image\/webp"}],"author":"eliho","twitter_card":"summary_large_image","twitter_misc":{"Written by":"eliho","Est. reading time":"2 minutes"},"schema":{"@context":"https:\/\/schema.org","@graph":[{"@type":"Article","@id":"https:\/\/ostelandet.no\/ridder\/#article","isPartOf":{"@id":"https:\/\/ostelandet.no\/ridder\/"},"author":{"name":"eliho","@id":"https:\/\/ostelandet.no\/#\/schema\/person\/5875f248502ea0794dca05f9ea518440"},"headline":"Ridder","datePublished":"2021-06-13T09:31:29+00:00","dateModified":"2025-11-28T16:04:45+00:00","mainEntityOfPage":{"@id":"https:\/\/ostelandet.no\/ridder\/"},"wordCount":109,"publisher":{"@id":"https:\/\/ostelandet.no\/#organization"},"image":{"@id":"https:\/\/ostelandet.no\/ridder\/#primaryimage"},"thumbnailUrl":"https:\/\/ostelandet.no\/wp-content\/uploads\/2021\/06\/Ridderost_mbg.webp","keywords":["aromatisk","fyldig","fyldig smak","kraftig","Kumelk","modna myke og faste hvite oster","myk","ost fra TINE","pasteurisert","pasteurisert fl\u00f8te","pasteurisert kumelk","Pasteurisert melk","Ridder","r\u00f8dkitt","R\u00f8dkittost","R\u00f8dkittskorpe","salt","skarp","Smaksrik","WCA 2025\/26 Bronze"],"articleSection":["R\u00f8dkitt"],"inLanguage":"en-US"},{"@type":"WebPage","@id":"https:\/\/ostelandet.no\/ridder\/","url":"https:\/\/ostelandet.no\/ridder\/","name":"Ridder - Ostelandet Norge","isPartOf":{"@id":"https:\/\/ostelandet.no\/#website"},"primaryImageOfPage":{"@id":"https:\/\/ostelandet.no\/ridder\/#primaryimage"},"image":{"@id":"https:\/\/ostelandet.no\/ridder\/#primaryimage"},"thumbnailUrl":"https:\/\/ostelandet.no\/wp-content\/uploads\/2021\/06\/Ridderost_mbg.webp","datePublished":"2021-06-13T09:31:29+00:00","dateModified":"2025-11-28T16:04:45+00:00","description":"Ridder\u00ae er en halvfast, kittmodnet ost med enest\u00e5ende fyldig smak og aroma. Den har en lysgul, silkemyk tekstur og en smidig konsistens som sammen med den orangegule overflaten gir et lekkert og innbydende utseende. En helt spesiell bakteriekultur blir p\u00e5f\u00f8rt osten f\u00f8r den blir lagt til modning i ca. to uker. Dette gj\u00f8r at bakteriekulturen arbeider seg innover i osten under lagringen og gir den s\u00e6regne karakteren og smaken p\u00e5 osten som Ridder\u00ae er s\u00e5 kjent for. Ridder\u00ae passer godt til m\u00f8rkt og lyst br\u00f8d, til s\u00f8t og salt kjeks samt til frukt og gr\u00f8nnsaker. Bruk gjerne Ridder\u00ae som snacks alene, eller som ingrediens i salater. Ridder\u00ae er en halvfast, kittmodnet ost med enest\u00e5ende fyldig smak og aroma. Den har en lysgul, silkemyk tekstur og en smidig konsistens som sammen med den orangegule overflaten gir et lekkert og innbydende utseende.","breadcrumb":{"@id":"https:\/\/ostelandet.no\/ridder\/#breadcrumb"},"inLanguage":"en-US","potentialAction":[{"@type":"ReadAction","target":["https:\/\/ostelandet.no\/ridder\/"]}]},{"@type":"ImageObject","inLanguage":"en-US","@id":"https:\/\/ostelandet.no\/ridder\/#primaryimage","url":"https:\/\/ostelandet.no\/wp-content\/uploads\/2021\/06\/Ridderost_mbg.webp","contentUrl":"https:\/\/ostelandet.no\/wp-content\/uploads\/2021\/06\/Ridderost_mbg.webp","width":435,"height":320},{"@type":"BreadcrumbList","@id":"https:\/\/ostelandet.no\/ridder\/#breadcrumb","itemListElement":[{"@type":"ListItem","position":1,"name":"Hjem","item":"https:\/\/ostelandet.no\/"},{"@type":"ListItem","position":2,"name":"Ridder"}]},{"@type":"WebSite","@id":"https:\/\/ostelandet.no\/#website","url":"https:\/\/ostelandet.no\/","name":"Ostelandet Norge","description":"- L\u00e6r mer om norsk ost","publisher":{"@id":"https:\/\/ostelandet.no\/#organization"},"potentialAction":[{"@type":"SearchAction","target":{"@type":"EntryPoint","urlTemplate":"https:\/\/ostelandet.no\/?s={search_term_string}"},"query-input":{"@type":"PropertyValueSpecification","valueRequired":true,"valueName":"search_term_string"}}],"inLanguage":"en-US"},{"@type":"Organization","@id":"https:\/\/ostelandet.no\/#organization","name":"HANEN","url":"https:\/\/ostelandet.no\/","logo":{"@type":"ImageObject","inLanguage":"en-US","@id":"https:\/\/ostelandet.no\/#\/schema\/logo\/image\/","url":"https:\/\/ostelandet.no\/wp-content\/uploads\/2021\/09\/ostelandet_norge_2farger_mork_hierarkisk.png","contentUrl":"https:\/\/ostelandet.no\/wp-content\/uploads\/2021\/09\/ostelandet_norge_2farger_mork_hierarkisk.png","width":2062,"height":1223,"caption":"HANEN"},"image":{"@id":"https:\/\/ostelandet.no\/#\/schema\/logo\/image\/"},"sameAs":["https:\/\/www.facebook.com\/ostelandet-101474925294974","https:\/\/www.instagram.com\/ostelandet\/","https:\/\/www.linkedin.com\/showcase\/ostelandet-norge\/"]},{"@type":"Person","@id":"https:\/\/ostelandet.no\/#\/schema\/person\/5875f248502ea0794dca05f9ea518440","name":"eliho","image":{"@type":"ImageObject","inLanguage":"en-US","@id":"https:\/\/ostelandet.no\/#\/schema\/person\/image\/","url":"https:\/\/secure.gravatar.com\/avatar\/ea2d2e46de429e0415a330ea57f41bc101fea116d020ec3116a6fc2817d801cc?s=96&d=mm&r=g","contentUrl":"https:\/\/secure.gravatar.com\/avatar\/ea2d2e46de429e0415a330ea57f41bc101fea116d020ec3116a6fc2817d801cc?s=96&d=mm&r=g","caption":"eliho"},"url":"https:\/\/ostelandet.no\/en\/author\/eliho\/"}]}},"_links":{"self":[{"href":"https:\/\/ostelandet.no\/en\/wp-json\/wp\/v2\/posts\/5079","targetHints":{"allow":["GET"]}}],"collection":[{"href":"https:\/\/ostelandet.no\/en\/wp-json\/wp\/v2\/posts"}],"about":[{"href":"https:\/\/ostelandet.no\/en\/wp-json\/wp\/v2\/types\/post"}],"author":[{"embeddable":true,"href":"https:\/\/ostelandet.no\/en\/wp-json\/wp\/v2\/users\/1"}],"replies":[{"embeddable":true,"href":"https:\/\/ostelandet.no\/en\/wp-json\/wp\/v2\/comments?post=5079"}],"version-history":[{"count":9,"href":"https:\/\/ostelandet.no\/en\/wp-json\/wp\/v2\/posts\/5079\/revisions"}],"predecessor-version":[{"id":14643,"href":"https:\/\/ostelandet.no\/en\/wp-json\/wp\/v2\/posts\/5079\/revisions\/14643"}],"wp:featuredmedia":[{"embeddable":true,"href":"https:\/\/ostelandet.no\/en\/wp-json\/wp\/v2\/media\/10685"}],"wp:attachment":[{"href":"https:\/\/ostelandet.no\/en\/wp-json\/wp\/v2\/media?parent=5079"}],"wp:term":[{"taxonomy":"category","embeddable":true,"href":"https:\/\/ostelandet.no\/en\/wp-json\/wp\/v2\/categories?post=5079"},{"taxonomy":"post_tag","embeddable":true,"href":"https:\/\/ostelandet.no\/en\/wp-json\/wp\/v2\/tags?post=5079"},{"taxonomy":"produsent-ostetype","embeddable":true,"href":"https:\/\/ostelandet.no\/en\/wp-json\/wp\/v2\/produsent-ostetype?post=5079"},{"taxonomy":"produsentfylke","embeddable":true,"href":"https:\/\/ostelandet.no\/en\/wp-json\/wp\/v2\/produsentfylke?post=5079"}],"curies":[{"name":"wp","href":"https:\/\/api.w.org\/{rel}","templated":true}]}}