{"id":5028,"date":"2021-06-13T09:21:02","date_gmt":"2021-06-13T07:21:02","guid":{"rendered":"https:\/\/ostelandet.no\/ost\/?p=5028"},"modified":"2025-09-20T14:14:25","modified_gmt":"2025-09-20T12:14:25","slug":"valmsnes-gard","status":"publish","type":"post","link":"https:\/\/ostelandet.no\/en\/valmsnes-gard\/","title":{"rendered":"Valmsnes G\u00e5rd"},"content":{"rendered":"<h2>\n\t\t<a href=\"\/en\/kategori\/produsent\/\" title=\"PRODUCERS\"  target=\"_self\">\n\t\t\tPRODUCERS\t\t<\/a>\n\t<\/h2>\n<h2>\n\t\t\tValmsnes G\u00e5rd\t<\/h2>\n\t<p>Jonas and Julie and our two sons Sebastian and Ole Jakob live at Valmsnes G\u00e5rd. We moved here in 2011. At that time, Julie's mother Anne lived on the farm, which she had bought from the company Glommen og Laagen's brukseierforening a few years earlier. Both Jonas and Julie were born and raised in Oslo, so moving to a small place like Osen was a big step. We have never regretted that choice! We make cheese using raw milk from the farm's own cows.<\/p>\n<p>We have a herd of NRF cows, which provides high-quality cheese milk. The milk is transported into the dairy immediately after milking, still warm from the cow. There, the milk is separated, and from the skimmed milk we make the traditional cheese pultost. The cream is turned into butter or nice, thick soured cream.<\/p>\n<p>We also produce white cheese, soured milk, yogurt and bottled pasteurised milk, salad cheese and grill cheese\/halloumi.<\/p>\n\t\t\t\t<img decoding=\"async\" src=\"https:\/\/ostelandet.no\/wp-content\/uploads\/2021\/06\/Valmsnes_Web-85-967x1024.jpg\" alt=\"Valmsnes Gaard\" itemprop=\"image\" height=\"1024\" width=\"967\" onerror=\"this.style.display='none'\" loading=\"lazy\" \/>\n<h2>\n\t\t\tValmsnes G\u00e5rd:\t<\/h2>\n\t\t\t Address: Valmen 54, 2460 Osen<br \/>\nTelephone: 98018027<br \/>\nEmail: julie.valmsnes@gmail.com<br \/>\nWebsite: <a href=\"https:\/\/valmsnes.no\/\">https:\/\/valmsnes.no\/<\/a>\n<p>Farm shop: No. The products are sold via REKO-rings in Hamar, Rena, Trysil, Lillestr\u00f8m, Eidsvoll and Oslo.<\/p>\n\t<iframe src=\"https:\/\/www.google.com\/maps\/embed\/v1\/place?q=Valmsness+Gaard&#038;key=AIzaSyD09zQ9PNDNNy9TadMuzRV_UsPUoWKntt8\" aria-hidden=\"true\"><\/iframe>\n<h2>\n\t\t\tCHEESES FROM THIS PRODUCER\t<\/h2>","protected":false},"excerpt":{"rendered":"<p>P\u00e5 Valmsnes g\u00e5rd bor Jonas og Julie sammen med s\u00f8nnene Sebastian og Ole Jakob. De har valgt \u00e5 satse p\u00e5 den tradisjonsrike osten pultost, som er en av norges eldste oster og en ost med lange tradisjoner i Hedmark. I tillegg har de en rekke andre produkter \u2013 flere typer ost, melk og sm\u00f8r. Sm\u00f8ret fra Valmsnes G\u00e5rd har h\u00f8stet den gjeve prisen \u00ab\u00c5rets Meieriprodukt 2020<\/p>","protected":false},"author":1,"featured_media":11094,"comment_status":"closed","ping_status":"closed","sticky":false,"template":"tpl-full-width.php","format":"standard","meta":{"_acf_changed":false,"footnotes":""},"categories":[45],"tags":[47,1003,785,46],"produsent-ostetype":[1121,1123,1120,1127,1124,1126],"produsentfylke":[1113],"class_list":["post-5028","post","type-post","status-publish","format-standard","has-post-thumbnail","hentry","category-produsent","tag-produsent","tag-produsentinnland","tag-valmsnes-gard","tag-ysteri","produsent-ostetype-fastost","produsent-ostetype-ferskost","produsent-ostetype-hvitmugg","produsent-ostetype-modna-kremost","produsent-ostetype-salatost","produsent-ostetype-tradisjonsost","produsentfylke-innland"],"acf":[],"yoast_head":"<!-- This site is optimized with the Yoast SEO plugin v26.1.1 - https:\/\/yoast.com\/wordpress\/plugins\/seo\/ -->\n<title>Valmsnes G\u00e5rd - Ostelandet Norge<\/title>\n<meta name=\"description\" content=\"P\u00e5 Valmsnes g\u00e5rd bor Jonas og Julie sammen med s\u00f8nnene Sebastian og Ole Jakob. De har valgt \u00e5 satse p\u00e5 den tradisjonsrike osten pultost, som er en av norges eldste oster og en ost med lange tradisjoner i Hedmark.\" \/>\n<meta name=\"robots\" content=\"index, follow, max-snippet:-1, max-image-preview:large, max-video-preview:-1\" \/>\n<link rel=\"canonical\" href=\"https:\/\/ostelandet.no\/en\/valmsnes-gard\/\" \/>\n<meta property=\"og:locale\" content=\"en_US\" \/>\n<meta property=\"og:type\" content=\"article\" \/>\n<meta property=\"og:title\" content=\"Valmsnes G\u00e5rd - Ostelandet Norge\" \/>\n<meta property=\"og:description\" content=\"P\u00e5 Valmsnes g\u00e5rd bor Jonas og Julie sammen med s\u00f8nnene Sebastian og Ole Jakob. De har valgt \u00e5 satse p\u00e5 den tradisjonsrike osten pultost, som er en av norges eldste oster og en ost med lange tradisjoner i Hedmark.\" \/>\n<meta property=\"og:url\" content=\"https:\/\/ostelandet.no\/en\/valmsnes-gard\/\" \/>\n<meta property=\"og:site_name\" content=\"Ostelandet Norge\" \/>\n<meta property=\"article:publisher\" content=\"https:\/\/www.facebook.com\/ostelandet-101474925294974\" \/>\n<meta property=\"article:published_time\" content=\"2021-06-13T07:21:02+00:00\" \/>\n<meta property=\"article:modified_time\" content=\"2025-09-20T12:14:25+00:00\" \/>\n<meta property=\"og:image\" content=\"https:\/\/ostelandet.no\/wp-content\/uploads\/2021\/06\/Valmsnes_gard_719x495.jpg\" \/>\n\t<meta property=\"og:image:width\" content=\"719\" \/>\n\t<meta property=\"og:image:height\" content=\"495\" \/>\n\t<meta property=\"og:image:type\" content=\"image\/jpeg\" \/>\n<meta name=\"author\" content=\"eliho\" \/>\n<meta name=\"twitter:card\" content=\"summary_large_image\" \/>\n<meta name=\"twitter:label1\" content=\"Written by\" \/>\n\t<meta name=\"twitter:data1\" content=\"eliho\" \/>\n\t<meta name=\"twitter:label2\" content=\"Est. reading time\" \/>\n\t<meta name=\"twitter:data2\" content=\"3 minutes\" \/>\n<script type=\"application\/ld+json\" class=\"yoast-schema-graph\">{\"@context\":\"https:\/\/schema.org\",\"@graph\":[{\"@type\":\"Article\",\"@id\":\"https:\/\/ostelandet.no\/valmsnes-gard\/#article\",\"isPartOf\":{\"@id\":\"https:\/\/ostelandet.no\/valmsnes-gard\/\"},\"author\":{\"name\":\"eliho\",\"@id\":\"https:\/\/ostelandet.no\/#\/schema\/person\/5875f248502ea0794dca05f9ea518440\"},\"headline\":\"Valmsnes G\u00e5rd\",\"datePublished\":\"2021-06-13T07:21:02+00:00\",\"dateModified\":\"2025-09-20T12:14:25+00:00\",\"mainEntityOfPage\":{\"@id\":\"https:\/\/ostelandet.no\/valmsnes-gard\/\"},\"wordCount\":200,\"publisher\":{\"@id\":\"https:\/\/ostelandet.no\/#organization\"},\"image\":{\"@id\":\"https:\/\/ostelandet.no\/valmsnes-gard\/#primaryimage\"},\"thumbnailUrl\":\"https:\/\/ostelandet.no\/wp-content\/uploads\/2021\/06\/Valmsnes_gard_719x495.jpg\",\"keywords\":[\"produsent\",\"Produsent Innland\",\"Valmsnes G\u00e5rd\",\"ysteri\"],\"articleSection\":[\"Produsent\"],\"inLanguage\":\"en-US\"},{\"@type\":\"WebPage\",\"@id\":\"https:\/\/ostelandet.no\/valmsnes-gard\/\",\"url\":\"https:\/\/ostelandet.no\/valmsnes-gard\/\",\"name\":\"Valmsnes G\u00e5rd - Ostelandet Norge\",\"isPartOf\":{\"@id\":\"https:\/\/ostelandet.no\/#website\"},\"primaryImageOfPage\":{\"@id\":\"https:\/\/ostelandet.no\/valmsnes-gard\/#primaryimage\"},\"image\":{\"@id\":\"https:\/\/ostelandet.no\/valmsnes-gard\/#primaryimage\"},\"thumbnailUrl\":\"https:\/\/ostelandet.no\/wp-content\/uploads\/2021\/06\/Valmsnes_gard_719x495.jpg\",\"datePublished\":\"2021-06-13T07:21:02+00:00\",\"dateModified\":\"2025-09-20T12:14:25+00:00\",\"description\":\"P\u00e5 Valmsnes g\u00e5rd bor Jonas og Julie sammen med s\u00f8nnene Sebastian og Ole Jakob. De har valgt \u00e5 satse p\u00e5 den tradisjonsrike osten pultost, som er en av norges eldste oster og en ost med lange tradisjoner i Hedmark.\",\"breadcrumb\":{\"@id\":\"https:\/\/ostelandet.no\/valmsnes-gard\/#breadcrumb\"},\"inLanguage\":\"en-US\",\"potentialAction\":[{\"@type\":\"ReadAction\",\"target\":[\"https:\/\/ostelandet.no\/valmsnes-gard\/\"]}]},{\"@type\":\"ImageObject\",\"inLanguage\":\"en-US\",\"@id\":\"https:\/\/ostelandet.no\/valmsnes-gard\/#primaryimage\",\"url\":\"https:\/\/ostelandet.no\/wp-content\/uploads\/2021\/06\/Valmsnes_gard_719x495.jpg\",\"contentUrl\":\"https:\/\/ostelandet.no\/wp-content\/uploads\/2021\/06\/Valmsnes_gard_719x495.jpg\",\"width\":719,\"height\":495},{\"@type\":\"BreadcrumbList\",\"@id\":\"https:\/\/ostelandet.no\/valmsnes-gard\/#breadcrumb\",\"itemListElement\":[{\"@type\":\"ListItem\",\"position\":1,\"name\":\"Hjem\",\"item\":\"https:\/\/ostelandet.no\/\"},{\"@type\":\"ListItem\",\"position\":2,\"name\":\"Valmsnes G\u00e5rd\"}]},{\"@type\":\"WebSite\",\"@id\":\"https:\/\/ostelandet.no\/#website\",\"url\":\"https:\/\/ostelandet.no\/\",\"name\":\"Ostelandet Norge\",\"description\":\"- L\u00e6r mer om norsk ost\",\"publisher\":{\"@id\":\"https:\/\/ostelandet.no\/#organization\"},\"potentialAction\":[{\"@type\":\"SearchAction\",\"target\":{\"@type\":\"EntryPoint\",\"urlTemplate\":\"https:\/\/ostelandet.no\/?s={search_term_string}\"},\"query-input\":{\"@type\":\"PropertyValueSpecification\",\"valueRequired\":true,\"valueName\":\"search_term_string\"}}],\"inLanguage\":\"en-US\"},{\"@type\":\"Organization\",\"@id\":\"https:\/\/ostelandet.no\/#organization\",\"name\":\"HANEN\",\"url\":\"https:\/\/ostelandet.no\/\",\"logo\":{\"@type\":\"ImageObject\",\"inLanguage\":\"en-US\",\"@id\":\"https:\/\/ostelandet.no\/#\/schema\/logo\/image\/\",\"url\":\"https:\/\/ostelandet.no\/wp-content\/uploads\/2021\/09\/ostelandet_norge_2farger_mork_hierarkisk.png\",\"contentUrl\":\"https:\/\/ostelandet.no\/wp-content\/uploads\/2021\/09\/ostelandet_norge_2farger_mork_hierarkisk.png\",\"width\":2062,\"height\":1223,\"caption\":\"HANEN\"},\"image\":{\"@id\":\"https:\/\/ostelandet.no\/#\/schema\/logo\/image\/\"},\"sameAs\":[\"https:\/\/www.facebook.com\/ostelandet-101474925294974\",\"https:\/\/www.instagram.com\/ostelandet\/\",\"https:\/\/www.linkedin.com\/showcase\/ostelandet-norge\/\"]},{\"@type\":\"Person\",\"@id\":\"https:\/\/ostelandet.no\/#\/schema\/person\/5875f248502ea0794dca05f9ea518440\",\"name\":\"eliho\",\"image\":{\"@type\":\"ImageObject\",\"inLanguage\":\"en-US\",\"@id\":\"https:\/\/ostelandet.no\/#\/schema\/person\/image\/\",\"url\":\"https:\/\/secure.gravatar.com\/avatar\/ea2d2e46de429e0415a330ea57f41bc101fea116d020ec3116a6fc2817d801cc?s=96&d=mm&r=g\",\"contentUrl\":\"https:\/\/secure.gravatar.com\/avatar\/ea2d2e46de429e0415a330ea57f41bc101fea116d020ec3116a6fc2817d801cc?s=96&d=mm&r=g\",\"caption\":\"eliho\"},\"url\":\"https:\/\/ostelandet.no\/en\/author\/eliho\/\"}]}<\/script>\n<!-- \/ Yoast SEO plugin. -->","yoast_head_json":{"title":"Valmsnes G\u00e5rd - Ostelandet Norge","description":"P\u00e5 Valmsnes g\u00e5rd bor Jonas og Julie sammen med s\u00f8nnene Sebastian og Ole Jakob. De har valgt \u00e5 satse p\u00e5 den tradisjonsrike osten pultost, som er en av norges eldste oster og en ost med lange tradisjoner i Hedmark.","robots":{"index":"index","follow":"follow","max-snippet":"max-snippet:-1","max-image-preview":"max-image-preview:large","max-video-preview":"max-video-preview:-1"},"canonical":"https:\/\/ostelandet.no\/en\/valmsnes-gard\/","og_locale":"en_US","og_type":"article","og_title":"Valmsnes G\u00e5rd - Ostelandet Norge","og_description":"P\u00e5 Valmsnes g\u00e5rd bor Jonas og Julie sammen med s\u00f8nnene Sebastian og Ole Jakob. De har valgt \u00e5 satse p\u00e5 den tradisjonsrike osten pultost, som er en av norges eldste oster og en ost med lange tradisjoner i Hedmark.","og_url":"https:\/\/ostelandet.no\/en\/valmsnes-gard\/","og_site_name":"Ostelandet Norge","article_publisher":"https:\/\/www.facebook.com\/ostelandet-101474925294974","article_published_time":"2021-06-13T07:21:02+00:00","article_modified_time":"2025-09-20T12:14:25+00:00","og_image":[{"width":719,"height":495,"url":"https:\/\/ostelandet.no\/wp-content\/uploads\/2021\/06\/Valmsnes_gard_719x495.jpg","type":"image\/jpeg"}],"author":"eliho","twitter_card":"summary_large_image","twitter_misc":{"Written by":"eliho","Est. reading time":"3 minutes"},"schema":{"@context":"https:\/\/schema.org","@graph":[{"@type":"Article","@id":"https:\/\/ostelandet.no\/valmsnes-gard\/#article","isPartOf":{"@id":"https:\/\/ostelandet.no\/valmsnes-gard\/"},"author":{"name":"eliho","@id":"https:\/\/ostelandet.no\/#\/schema\/person\/5875f248502ea0794dca05f9ea518440"},"headline":"Valmsnes G\u00e5rd","datePublished":"2021-06-13T07:21:02+00:00","dateModified":"2025-09-20T12:14:25+00:00","mainEntityOfPage":{"@id":"https:\/\/ostelandet.no\/valmsnes-gard\/"},"wordCount":200,"publisher":{"@id":"https:\/\/ostelandet.no\/#organization"},"image":{"@id":"https:\/\/ostelandet.no\/valmsnes-gard\/#primaryimage"},"thumbnailUrl":"https:\/\/ostelandet.no\/wp-content\/uploads\/2021\/06\/Valmsnes_gard_719x495.jpg","keywords":["produsent","Produsent Innland","Valmsnes G\u00e5rd","ysteri"],"articleSection":["Produsent"],"inLanguage":"en-US"},{"@type":"WebPage","@id":"https:\/\/ostelandet.no\/valmsnes-gard\/","url":"https:\/\/ostelandet.no\/valmsnes-gard\/","name":"Valmsnes G\u00e5rd - Ostelandet Norge","isPartOf":{"@id":"https:\/\/ostelandet.no\/#website"},"primaryImageOfPage":{"@id":"https:\/\/ostelandet.no\/valmsnes-gard\/#primaryimage"},"image":{"@id":"https:\/\/ostelandet.no\/valmsnes-gard\/#primaryimage"},"thumbnailUrl":"https:\/\/ostelandet.no\/wp-content\/uploads\/2021\/06\/Valmsnes_gard_719x495.jpg","datePublished":"2021-06-13T07:21:02+00:00","dateModified":"2025-09-20T12:14:25+00:00","description":"P\u00e5 Valmsnes g\u00e5rd bor Jonas og Julie sammen med s\u00f8nnene Sebastian og Ole Jakob. De har valgt \u00e5 satse p\u00e5 den tradisjonsrike osten pultost, som er en av norges eldste oster og en ost med lange tradisjoner i Hedmark.","breadcrumb":{"@id":"https:\/\/ostelandet.no\/valmsnes-gard\/#breadcrumb"},"inLanguage":"en-US","potentialAction":[{"@type":"ReadAction","target":["https:\/\/ostelandet.no\/valmsnes-gard\/"]}]},{"@type":"ImageObject","inLanguage":"en-US","@id":"https:\/\/ostelandet.no\/valmsnes-gard\/#primaryimage","url":"https:\/\/ostelandet.no\/wp-content\/uploads\/2021\/06\/Valmsnes_gard_719x495.jpg","contentUrl":"https:\/\/ostelandet.no\/wp-content\/uploads\/2021\/06\/Valmsnes_gard_719x495.jpg","width":719,"height":495},{"@type":"BreadcrumbList","@id":"https:\/\/ostelandet.no\/valmsnes-gard\/#breadcrumb","itemListElement":[{"@type":"ListItem","position":1,"name":"Hjem","item":"https:\/\/ostelandet.no\/"},{"@type":"ListItem","position":2,"name":"Valmsnes G\u00e5rd"}]},{"@type":"WebSite","@id":"https:\/\/ostelandet.no\/#website","url":"https:\/\/ostelandet.no\/","name":"Ostelandet Norge","description":"- L\u00e6r mer om norsk ost","publisher":{"@id":"https:\/\/ostelandet.no\/#organization"},"potentialAction":[{"@type":"SearchAction","target":{"@type":"EntryPoint","urlTemplate":"https:\/\/ostelandet.no\/?s={search_term_string}"},"query-input":{"@type":"PropertyValueSpecification","valueRequired":true,"valueName":"search_term_string"}}],"inLanguage":"en-US"},{"@type":"Organization","@id":"https:\/\/ostelandet.no\/#organization","name":"HANEN","url":"https:\/\/ostelandet.no\/","logo":{"@type":"ImageObject","inLanguage":"en-US","@id":"https:\/\/ostelandet.no\/#\/schema\/logo\/image\/","url":"https:\/\/ostelandet.no\/wp-content\/uploads\/2021\/09\/ostelandet_norge_2farger_mork_hierarkisk.png","contentUrl":"https:\/\/ostelandet.no\/wp-content\/uploads\/2021\/09\/ostelandet_norge_2farger_mork_hierarkisk.png","width":2062,"height":1223,"caption":"HANEN"},"image":{"@id":"https:\/\/ostelandet.no\/#\/schema\/logo\/image\/"},"sameAs":["https:\/\/www.facebook.com\/ostelandet-101474925294974","https:\/\/www.instagram.com\/ostelandet\/","https:\/\/www.linkedin.com\/showcase\/ostelandet-norge\/"]},{"@type":"Person","@id":"https:\/\/ostelandet.no\/#\/schema\/person\/5875f248502ea0794dca05f9ea518440","name":"eliho","image":{"@type":"ImageObject","inLanguage":"en-US","@id":"https:\/\/ostelandet.no\/#\/schema\/person\/image\/","url":"https:\/\/secure.gravatar.com\/avatar\/ea2d2e46de429e0415a330ea57f41bc101fea116d020ec3116a6fc2817d801cc?s=96&d=mm&r=g","contentUrl":"https:\/\/secure.gravatar.com\/avatar\/ea2d2e46de429e0415a330ea57f41bc101fea116d020ec3116a6fc2817d801cc?s=96&d=mm&r=g","caption":"eliho"},"url":"https:\/\/ostelandet.no\/en\/author\/eliho\/"}]}},"_links":{"self":[{"href":"https:\/\/ostelandet.no\/en\/wp-json\/wp\/v2\/posts\/5028","targetHints":{"allow":["GET"]}}],"collection":[{"href":"https:\/\/ostelandet.no\/en\/wp-json\/wp\/v2\/posts"}],"about":[{"href":"https:\/\/ostelandet.no\/en\/wp-json\/wp\/v2\/types\/post"}],"author":[{"embeddable":true,"href":"https:\/\/ostelandet.no\/en\/wp-json\/wp\/v2\/users\/1"}],"replies":[{"embeddable":true,"href":"https:\/\/ostelandet.no\/en\/wp-json\/wp\/v2\/comments?post=5028"}],"version-history":[{"count":17,"href":"https:\/\/ostelandet.no\/en\/wp-json\/wp\/v2\/posts\/5028\/revisions"}],"predecessor-version":[{"id":13569,"href":"https:\/\/ostelandet.no\/en\/wp-json\/wp\/v2\/posts\/5028\/revisions\/13569"}],"wp:featuredmedia":[{"embeddable":true,"href":"https:\/\/ostelandet.no\/en\/wp-json\/wp\/v2\/media\/11094"}],"wp:attachment":[{"href":"https:\/\/ostelandet.no\/en\/wp-json\/wp\/v2\/media?parent=5028"}],"wp:term":[{"taxonomy":"category","embeddable":true,"href":"https:\/\/ostelandet.no\/en\/wp-json\/wp\/v2\/categories?post=5028"},{"taxonomy":"post_tag","embeddable":true,"href":"https:\/\/ostelandet.no\/en\/wp-json\/wp\/v2\/tags?post=5028"},{"taxonomy":"produsent-ostetype","embeddable":true,"href":"https:\/\/ostelandet.no\/en\/wp-json\/wp\/v2\/produsent-ostetype?post=5028"},{"taxonomy":"produsentfylke","embeddable":true,"href":"https:\/\/ostelandet.no\/en\/wp-json\/wp\/v2\/produsentfylke?post=5028"}],"curies":[{"name":"wp","href":"https:\/\/api.w.org\/{rel}","templated":true}]}}