{"id":4843,"date":"2021-06-03T07:57:59","date_gmt":"2021-06-03T05:57:59","guid":{"rendered":"https:\/\/ostelandet.no\/ost\/?p=4843"},"modified":"2025-09-20T14:17:51","modified_gmt":"2025-09-20T12:17:51","slug":"avdem-gardsysteri","status":"publish","type":"post","link":"https:\/\/ostelandet.no\/en\/avdem-gardsysteri\/","title":{"rendered":"Avdem Gardsysteri"},"content":{"rendered":"<h2>\n\t\t<a href=\"\/en\/kategori\/produsent\/\" title=\"PRODUCERS\"  target=\"_self\">\n\t\t\tPRODUCERS\t\t<\/a>\n\t<\/h2>\n<h2>\n\t\t\tAvdem Gardsysteri\t<\/h2>\n\t<p>Avdem ligg i fjellbygda Lesja &#8211; \u00f8vst i Gudbrandsdalen, 600 m.o.h. Den opphavlege namneforma AbifahaimaR (den innbringande heimen) tyder p\u00e5 at garden er blant dei aller eldste i bygda, om lag like gammal som v\u00e5r tidsrekning. Sidan slutten av 1700-talet har garden vore i same slekta, og dagens\u00a0brukarar er \u00e5ttande generasjon.<\/p>\n<p>Traditionally, it was the women who milked the cows, made cheese and churned butter, and in the summer this important work took place on the mountain farm. In the late 1800s, a local dairy was also founded here in the village.\u00a0It was Siems Meieriforening, which sold butter to Kristiania (today\u2019s Oslo) and even exported to England! Avdem Gardsysteri is therefore based on a diverse tradition.<\/p>\n<h2>\n\t\t\tAvdem Gardsysteri:\t<\/h2>\n\t\t\t <p>Address: Avdemsvegen 40<br \/>Telephone: <a href=\"http:\/\/477 57 573\" data-wplink-url-error=\"true\">+47 477 57 573<\/a><br \/>E-mail: <a href=\"mailto:gardsysteri@avdem.no\">gardsysteri@avdem.no<\/a><br \/><a href=\"https:\/\/www.avdem.no\/\">https:\/\/www.avdem.no\/<\/a><br \/>Farm shop: Yes<\/p>\t\t\n\t<iframe src=\"https:\/\/www.google.com\/maps\/embed\/v1\/place?q=2665+Lesja&#038;key=AIzaSyD09zQ9PNDNNy9TadMuzRV_UsPUoWKntt8\" aria-hidden=\"true\" title=\"Avdem Gardsysteri\"><\/iframe>\n<h2>\n\t\t\tCHEESES FROM THIS PRODUCER\t<\/h2>","protected":false},"excerpt":{"rendered":"<p>Avdem is located in the mountain village of Lesja \u2013 at the top of Gudbrandsdalen, 600 meters above sea level. The farm is among the oldest in the village, around 2000 years old. Since the late 1700s, the farm has been in the same family, and today's farmers are the eighth generation.<\/p>","protected":false},"author":1,"featured_media":11267,"comment_status":"closed","ping_status":"closed","sticky":false,"template":"tpl-full-width.php","format":"standard","meta":{"_acf_changed":false,"footnotes":""},"categories":[45],"tags":[686,867,879,47,1003,46],"produsent-ostetype":[1125,1122,1126],"produsentfylke":[1113],"class_list":["post-4843","post","type-post","status-publish","format-standard","has-post-thumbnail","hentry","category-produsent","tag-avdem-gardsysteri","tag-gardsutsalg","tag-kart_osteadresser","tag-produsent","tag-produsentinnland","tag-ysteri","produsent-ostetype-brunost","produsent-ostetype-rodkitt","produsent-ostetype-tradisjonsost","produsentfylke-innland"],"acf":[],"yoast_head":"<!-- This site is optimized with the Yoast SEO plugin v26.1.1 - https:\/\/yoast.com\/wordpress\/plugins\/seo\/ -->\n<title>Avdem Gardsysteri - Ostelandet Norge - osteprodusent - osteguide<\/title>\n<meta name=\"description\" content=\"oster av upasteurisert melk - Kittmodnet ost - Mor \u00c5se - Fjelldronning - G\u00e5rdsbutikk og kafe -\" \/>\n<meta name=\"robots\" content=\"index, follow, max-snippet:-1, max-image-preview:large, max-video-preview:-1\" \/>\n<link rel=\"canonical\" href=\"https:\/\/ostelandet.no\/en\/avdem-gardsysteri\/\" \/>\n<meta property=\"og:locale\" content=\"en_US\" \/>\n<meta property=\"og:type\" content=\"article\" \/>\n<meta property=\"og:title\" content=\"Avdem Gardsysteri - Ostelandet Norge - osteprodusent - osteguide\" \/>\n<meta property=\"og:description\" content=\"oster av upasteurisert melk - Kittmodnet ost - Mor \u00c5se - Fjelldronning - G\u00e5rdsbutikk og kafe -\" \/>\n<meta property=\"og:url\" content=\"https:\/\/ostelandet.no\/en\/avdem-gardsysteri\/\" \/>\n<meta property=\"og:site_name\" content=\"Ostelandet Norge\" \/>\n<meta property=\"article:publisher\" content=\"https:\/\/www.facebook.com\/ostelandet-101474925294974\" \/>\n<meta property=\"article:published_time\" content=\"2021-06-03T05:57:59+00:00\" \/>\n<meta property=\"article:modified_time\" content=\"2025-09-20T12:17:51+00:00\" \/>\n<meta property=\"og:image\" content=\"https:\/\/ostelandet.no\/wp-content\/uploads\/2021\/06\/Avdem_gaard_719x495.jpg\" \/>\n\t<meta property=\"og:image:width\" content=\"719\" \/>\n\t<meta property=\"og:image:height\" content=\"495\" \/>\n\t<meta property=\"og:image:type\" content=\"image\/jpeg\" \/>\n<meta name=\"author\" content=\"eliho\" \/>\n<meta name=\"twitter:card\" content=\"summary_large_image\" \/>\n<meta name=\"twitter:label1\" content=\"Written by\" \/>\n\t<meta name=\"twitter:data1\" content=\"eliho\" \/>\n\t<meta name=\"twitter:label2\" content=\"Est. reading time\" \/>\n\t<meta name=\"twitter:data2\" content=\"3 minutes\" \/>\n<script type=\"application\/ld+json\" class=\"yoast-schema-graph\">{\"@context\":\"https:\/\/schema.org\",\"@graph\":[{\"@type\":\"Article\",\"@id\":\"https:\/\/ostelandet.no\/avdem-gardsysteri\/#article\",\"isPartOf\":{\"@id\":\"https:\/\/ostelandet.no\/avdem-gardsysteri\/\"},\"author\":{\"name\":\"eliho\",\"@id\":\"https:\/\/ostelandet.no\/#\/schema\/person\/5875f248502ea0794dca05f9ea518440\"},\"headline\":\"Avdem Gardsysteri\",\"datePublished\":\"2021-06-03T05:57:59+00:00\",\"dateModified\":\"2025-09-20T12:17:51+00:00\",\"mainEntityOfPage\":{\"@id\":\"https:\/\/ostelandet.no\/avdem-gardsysteri\/\"},\"wordCount\":140,\"publisher\":{\"@id\":\"https:\/\/ostelandet.no\/#organization\"},\"image\":{\"@id\":\"https:\/\/ostelandet.no\/avdem-gardsysteri\/#primaryimage\"},\"thumbnailUrl\":\"https:\/\/ostelandet.no\/wp-content\/uploads\/2021\/06\/Avdem_gaard_719x495.jpg\",\"keywords\":[\"Avdem Gardsysteri\",\"g\u00e5rdsutsalg\",\"kart_osteadresser\",\"produsent\",\"Produsent Innland\",\"ysteri\"],\"articleSection\":[\"Produsent\"],\"inLanguage\":\"en-US\"},{\"@type\":\"WebPage\",\"@id\":\"https:\/\/ostelandet.no\/avdem-gardsysteri\/\",\"url\":\"https:\/\/ostelandet.no\/avdem-gardsysteri\/\",\"name\":\"Avdem Gardsysteri - Ostelandet Norge - osteprodusent - osteguide\",\"isPartOf\":{\"@id\":\"https:\/\/ostelandet.no\/#website\"},\"primaryImageOfPage\":{\"@id\":\"https:\/\/ostelandet.no\/avdem-gardsysteri\/#primaryimage\"},\"image\":{\"@id\":\"https:\/\/ostelandet.no\/avdem-gardsysteri\/#primaryimage\"},\"thumbnailUrl\":\"https:\/\/ostelandet.no\/wp-content\/uploads\/2021\/06\/Avdem_gaard_719x495.jpg\",\"datePublished\":\"2021-06-03T05:57:59+00:00\",\"dateModified\":\"2025-09-20T12:17:51+00:00\",\"description\":\"oster av upasteurisert melk - Kittmodnet ost - Mor \u00c5se - Fjelldronning - G\u00e5rdsbutikk og kafe -\",\"breadcrumb\":{\"@id\":\"https:\/\/ostelandet.no\/avdem-gardsysteri\/#breadcrumb\"},\"inLanguage\":\"en-US\",\"potentialAction\":[{\"@type\":\"ReadAction\",\"target\":[\"https:\/\/ostelandet.no\/avdem-gardsysteri\/\"]}]},{\"@type\":\"ImageObject\",\"inLanguage\":\"en-US\",\"@id\":\"https:\/\/ostelandet.no\/avdem-gardsysteri\/#primaryimage\",\"url\":\"https:\/\/ostelandet.no\/wp-content\/uploads\/2021\/06\/Avdem_gaard_719x495.jpg\",\"contentUrl\":\"https:\/\/ostelandet.no\/wp-content\/uploads\/2021\/06\/Avdem_gaard_719x495.jpg\",\"width\":719,\"height\":495},{\"@type\":\"BreadcrumbList\",\"@id\":\"https:\/\/ostelandet.no\/avdem-gardsysteri\/#breadcrumb\",\"itemListElement\":[{\"@type\":\"ListItem\",\"position\":1,\"name\":\"Hjem\",\"item\":\"https:\/\/ostelandet.no\/\"},{\"@type\":\"ListItem\",\"position\":2,\"name\":\"Avdem Gardsysteri\"}]},{\"@type\":\"WebSite\",\"@id\":\"https:\/\/ostelandet.no\/#website\",\"url\":\"https:\/\/ostelandet.no\/\",\"name\":\"Ostelandet Norge\",\"description\":\"- L\u00e6r mer om norsk ost\",\"publisher\":{\"@id\":\"https:\/\/ostelandet.no\/#organization\"},\"potentialAction\":[{\"@type\":\"SearchAction\",\"target\":{\"@type\":\"EntryPoint\",\"urlTemplate\":\"https:\/\/ostelandet.no\/?s={search_term_string}\"},\"query-input\":{\"@type\":\"PropertyValueSpecification\",\"valueRequired\":true,\"valueName\":\"search_term_string\"}}],\"inLanguage\":\"en-US\"},{\"@type\":\"Organization\",\"@id\":\"https:\/\/ostelandet.no\/#organization\",\"name\":\"HANEN\",\"url\":\"https:\/\/ostelandet.no\/\",\"logo\":{\"@type\":\"ImageObject\",\"inLanguage\":\"en-US\",\"@id\":\"https:\/\/ostelandet.no\/#\/schema\/logo\/image\/\",\"url\":\"https:\/\/ostelandet.no\/wp-content\/uploads\/2021\/09\/ostelandet_norge_2farger_mork_hierarkisk.png\",\"contentUrl\":\"https:\/\/ostelandet.no\/wp-content\/uploads\/2021\/09\/ostelandet_norge_2farger_mork_hierarkisk.png\",\"width\":2062,\"height\":1223,\"caption\":\"HANEN\"},\"image\":{\"@id\":\"https:\/\/ostelandet.no\/#\/schema\/logo\/image\/\"},\"sameAs\":[\"https:\/\/www.facebook.com\/ostelandet-101474925294974\",\"https:\/\/www.instagram.com\/ostelandet\/\",\"https:\/\/www.linkedin.com\/showcase\/ostelandet-norge\/\"]},{\"@type\":\"Person\",\"@id\":\"https:\/\/ostelandet.no\/#\/schema\/person\/5875f248502ea0794dca05f9ea518440\",\"name\":\"eliho\",\"image\":{\"@type\":\"ImageObject\",\"inLanguage\":\"en-US\",\"@id\":\"https:\/\/ostelandet.no\/#\/schema\/person\/image\/\",\"url\":\"https:\/\/secure.gravatar.com\/avatar\/ea2d2e46de429e0415a330ea57f41bc101fea116d020ec3116a6fc2817d801cc?s=96&d=mm&r=g\",\"contentUrl\":\"https:\/\/secure.gravatar.com\/avatar\/ea2d2e46de429e0415a330ea57f41bc101fea116d020ec3116a6fc2817d801cc?s=96&d=mm&r=g\",\"caption\":\"eliho\"},\"url\":\"https:\/\/ostelandet.no\/en\/author\/eliho\/\"}]}<\/script>\n<!-- \/ Yoast SEO plugin. -->","yoast_head_json":{"title":"Avdem Gardsysteri - Ostelandet Norge - osteprodusent - osteguide","description":"oster av upasteurisert melk - Kittmodnet ost - Mor \u00c5se - Fjelldronning - G\u00e5rdsbutikk og kafe -","robots":{"index":"index","follow":"follow","max-snippet":"max-snippet:-1","max-image-preview":"max-image-preview:large","max-video-preview":"max-video-preview:-1"},"canonical":"https:\/\/ostelandet.no\/en\/avdem-gardsysteri\/","og_locale":"en_US","og_type":"article","og_title":"Avdem Gardsysteri - Ostelandet Norge - osteprodusent - osteguide","og_description":"oster av upasteurisert melk - Kittmodnet ost - Mor \u00c5se - Fjelldronning - G\u00e5rdsbutikk og kafe -","og_url":"https:\/\/ostelandet.no\/en\/avdem-gardsysteri\/","og_site_name":"Ostelandet Norge","article_publisher":"https:\/\/www.facebook.com\/ostelandet-101474925294974","article_published_time":"2021-06-03T05:57:59+00:00","article_modified_time":"2025-09-20T12:17:51+00:00","og_image":[{"width":719,"height":495,"url":"https:\/\/ostelandet.no\/wp-content\/uploads\/2021\/06\/Avdem_gaard_719x495.jpg","type":"image\/jpeg"}],"author":"eliho","twitter_card":"summary_large_image","twitter_misc":{"Written by":"eliho","Est. reading time":"3 minutes"},"schema":{"@context":"https:\/\/schema.org","@graph":[{"@type":"Article","@id":"https:\/\/ostelandet.no\/avdem-gardsysteri\/#article","isPartOf":{"@id":"https:\/\/ostelandet.no\/avdem-gardsysteri\/"},"author":{"name":"eliho","@id":"https:\/\/ostelandet.no\/#\/schema\/person\/5875f248502ea0794dca05f9ea518440"},"headline":"Avdem Gardsysteri","datePublished":"2021-06-03T05:57:59+00:00","dateModified":"2025-09-20T12:17:51+00:00","mainEntityOfPage":{"@id":"https:\/\/ostelandet.no\/avdem-gardsysteri\/"},"wordCount":140,"publisher":{"@id":"https:\/\/ostelandet.no\/#organization"},"image":{"@id":"https:\/\/ostelandet.no\/avdem-gardsysteri\/#primaryimage"},"thumbnailUrl":"https:\/\/ostelandet.no\/wp-content\/uploads\/2021\/06\/Avdem_gaard_719x495.jpg","keywords":["Avdem Gardsysteri","g\u00e5rdsutsalg","kart_osteadresser","produsent","Produsent Innland","ysteri"],"articleSection":["Produsent"],"inLanguage":"en-US"},{"@type":"WebPage","@id":"https:\/\/ostelandet.no\/avdem-gardsysteri\/","url":"https:\/\/ostelandet.no\/avdem-gardsysteri\/","name":"Avdem Gardsysteri - Ostelandet Norge - osteprodusent - osteguide","isPartOf":{"@id":"https:\/\/ostelandet.no\/#website"},"primaryImageOfPage":{"@id":"https:\/\/ostelandet.no\/avdem-gardsysteri\/#primaryimage"},"image":{"@id":"https:\/\/ostelandet.no\/avdem-gardsysteri\/#primaryimage"},"thumbnailUrl":"https:\/\/ostelandet.no\/wp-content\/uploads\/2021\/06\/Avdem_gaard_719x495.jpg","datePublished":"2021-06-03T05:57:59+00:00","dateModified":"2025-09-20T12:17:51+00:00","description":"oster av upasteurisert melk - Kittmodnet ost - Mor \u00c5se - Fjelldronning - G\u00e5rdsbutikk og kafe -","breadcrumb":{"@id":"https:\/\/ostelandet.no\/avdem-gardsysteri\/#breadcrumb"},"inLanguage":"en-US","potentialAction":[{"@type":"ReadAction","target":["https:\/\/ostelandet.no\/avdem-gardsysteri\/"]}]},{"@type":"ImageObject","inLanguage":"en-US","@id":"https:\/\/ostelandet.no\/avdem-gardsysteri\/#primaryimage","url":"https:\/\/ostelandet.no\/wp-content\/uploads\/2021\/06\/Avdem_gaard_719x495.jpg","contentUrl":"https:\/\/ostelandet.no\/wp-content\/uploads\/2021\/06\/Avdem_gaard_719x495.jpg","width":719,"height":495},{"@type":"BreadcrumbList","@id":"https:\/\/ostelandet.no\/avdem-gardsysteri\/#breadcrumb","itemListElement":[{"@type":"ListItem","position":1,"name":"Hjem","item":"https:\/\/ostelandet.no\/"},{"@type":"ListItem","position":2,"name":"Avdem Gardsysteri"}]},{"@type":"WebSite","@id":"https:\/\/ostelandet.no\/#website","url":"https:\/\/ostelandet.no\/","name":"Ostelandet Norge","description":"- L\u00e6r mer om norsk ost","publisher":{"@id":"https:\/\/ostelandet.no\/#organization"},"potentialAction":[{"@type":"SearchAction","target":{"@type":"EntryPoint","urlTemplate":"https:\/\/ostelandet.no\/?s={search_term_string}"},"query-input":{"@type":"PropertyValueSpecification","valueRequired":true,"valueName":"search_term_string"}}],"inLanguage":"en-US"},{"@type":"Organization","@id":"https:\/\/ostelandet.no\/#organization","name":"HANEN","url":"https:\/\/ostelandet.no\/","logo":{"@type":"ImageObject","inLanguage":"en-US","@id":"https:\/\/ostelandet.no\/#\/schema\/logo\/image\/","url":"https:\/\/ostelandet.no\/wp-content\/uploads\/2021\/09\/ostelandet_norge_2farger_mork_hierarkisk.png","contentUrl":"https:\/\/ostelandet.no\/wp-content\/uploads\/2021\/09\/ostelandet_norge_2farger_mork_hierarkisk.png","width":2062,"height":1223,"caption":"HANEN"},"image":{"@id":"https:\/\/ostelandet.no\/#\/schema\/logo\/image\/"},"sameAs":["https:\/\/www.facebook.com\/ostelandet-101474925294974","https:\/\/www.instagram.com\/ostelandet\/","https:\/\/www.linkedin.com\/showcase\/ostelandet-norge\/"]},{"@type":"Person","@id":"https:\/\/ostelandet.no\/#\/schema\/person\/5875f248502ea0794dca05f9ea518440","name":"eliho","image":{"@type":"ImageObject","inLanguage":"en-US","@id":"https:\/\/ostelandet.no\/#\/schema\/person\/image\/","url":"https:\/\/secure.gravatar.com\/avatar\/ea2d2e46de429e0415a330ea57f41bc101fea116d020ec3116a6fc2817d801cc?s=96&d=mm&r=g","contentUrl":"https:\/\/secure.gravatar.com\/avatar\/ea2d2e46de429e0415a330ea57f41bc101fea116d020ec3116a6fc2817d801cc?s=96&d=mm&r=g","caption":"eliho"},"url":"https:\/\/ostelandet.no\/en\/author\/eliho\/"}]}},"_links":{"self":[{"href":"https:\/\/ostelandet.no\/en\/wp-json\/wp\/v2\/posts\/4843","targetHints":{"allow":["GET"]}}],"collection":[{"href":"https:\/\/ostelandet.no\/en\/wp-json\/wp\/v2\/posts"}],"about":[{"href":"https:\/\/ostelandet.no\/en\/wp-json\/wp\/v2\/types\/post"}],"author":[{"embeddable":true,"href":"https:\/\/ostelandet.no\/en\/wp-json\/wp\/v2\/users\/1"}],"replies":[{"embeddable":true,"href":"https:\/\/ostelandet.no\/en\/wp-json\/wp\/v2\/comments?post=4843"}],"version-history":[{"count":16,"href":"https:\/\/ostelandet.no\/en\/wp-json\/wp\/v2\/posts\/4843\/revisions"}],"predecessor-version":[{"id":13573,"href":"https:\/\/ostelandet.no\/en\/wp-json\/wp\/v2\/posts\/4843\/revisions\/13573"}],"wp:featuredmedia":[{"embeddable":true,"href":"https:\/\/ostelandet.no\/en\/wp-json\/wp\/v2\/media\/11267"}],"wp:attachment":[{"href":"https:\/\/ostelandet.no\/en\/wp-json\/wp\/v2\/media?parent=4843"}],"wp:term":[{"taxonomy":"category","embeddable":true,"href":"https:\/\/ostelandet.no\/en\/wp-json\/wp\/v2\/categories?post=4843"},{"taxonomy":"post_tag","embeddable":true,"href":"https:\/\/ostelandet.no\/en\/wp-json\/wp\/v2\/tags?post=4843"},{"taxonomy":"produsent-ostetype","embeddable":true,"href":"https:\/\/ostelandet.no\/en\/wp-json\/wp\/v2\/produsent-ostetype?post=4843"},{"taxonomy":"produsentfylke","embeddable":true,"href":"https:\/\/ostelandet.no\/en\/wp-json\/wp\/v2\/produsentfylke?post=4843"}],"curies":[{"name":"wp","href":"https:\/\/api.w.org\/{rel}","templated":true}]}}