{"id":4704,"date":"2021-05-28T09:00:58","date_gmt":"2021-05-28T07:00:58","guid":{"rendered":"https:\/\/ostelandet.no\/ost\/?p=4704"},"modified":"2025-09-20T14:18:50","modified_gmt":"2025-09-20T12:18:50","slug":"tjamsland-gard-ysteri","status":"publish","type":"post","link":"https:\/\/ostelandet.no\/en\/tjamsland-gard-ysteri\/","title":{"rendered":"Tjamsland G\u00e5rd Ysteri"},"content":{"rendered":"<h2>\n\t\t<a href=\"\/en\/kategori\/produsent\/\" title=\"PRODUCERS\"  target=\"_self\">\n\t\t\tPRODUCERS\t\t<\/a>\n\t<\/h2>\n<h2>\n\t\t\tTjamsland G\u00e5rd Ysteri\t<\/h2>\n\t<p>We produce cheese and yogurt using cow's milk from our own cows. We currently have six dairy cows, which means that we can take extra good care of the cows. We also believe that the taste of the milk from Sidet Tr\u00f8nder and Nordlandsfe is particularly good, which of course characterises the flavour of our products. Jersey milk is known for its high protein and fat content, and its mild and delicious taste. Milk from these two cow breeds together helps to give our cheeses and our yogurt their unique and delicious taste. Our philosophy is that we will make the best cheeses and the best yogurt.<\/p>\n<p>Therefore, we do not add spices or jams or oils to any of our products. We make them plain and they are organic. All products we produce are approved by Debio.<\/p>\n<p>The cheeses Rosalita and R\u00f8dlin have been given the Speciality label for unique taste. Rosalita won gold in the World Cheese Awards 2018, gold in the Norwegian Cheese Championships 2015 and silver in 2016 and 2017. R\u00f8dlin won silver at the 2018 World Cheese Awards.<\/p>\n\t\t\t\t<img decoding=\"async\" src=\"https:\/\/ostelandet.no\/wp-content\/uploads\/2021\/05\/Tjamsl-244-kopi-4-041.09.05-1024x683.jpg\" alt=\"Tjamsland G\u00e5rd Ysteri\" itemprop=\"image\" height=\"683\" width=\"1024\" onerror=\"this.style.display='none'\" loading=\"lazy\" \/>\n<h2>\n\t\t\tTjamsland G\u00e5rd Ysteri\t<\/h2>\n\t\t\t <p>Address: Steinsvannsveien 242<br \/>Telephone: 47277739<br \/>E-post: jorn.martinsen@gmail.comNettsted: http:\/\/www.tjamsland.noG\u00e5rdsutsalg: Ja<\/p>\t\t\n\t<iframe src=\"https:\/\/www.google.com\/maps\/embed\/v1\/place?q=Tjamsland+G%C3%A5rd+Kafe&#038;key=AIzaSyD09zQ9PNDNNy9TadMuzRV_UsPUoWKntt8\" aria-hidden=\"true\"><\/iframe>\n<h2>\n\t\t\tCHEESES FROM THIS PRODUCER\t<\/h2>","protected":false},"excerpt":{"rendered":"<p>We produce cheese and yogurt using cow's milk from our own cows. We currently have six dairy cows, which means that we can take extra good care of the cows. We also believe that the taste of the milk from Sidet Tr\u00f8nder and Nordlandsfe is particularly good, which of course characterises the flavour of our products. <\/p>","protected":false},"author":1,"featured_media":11128,"comment_status":"closed","ping_status":"closed","sticky":false,"template":"tpl-full-width.php","format":"standard","meta":{"_acf_changed":false,"footnotes":""},"categories":[45],"tags":[868,867,47,1009,718,46],"produsent-ostetype":[1127,1122],"produsentfylke":[1115],"class_list":["post-4704","post","type-post","status-publish","format-standard","has-post-thumbnail","hentry","category-produsent","tag-gardsbutikk","tag-gardsutsalg","tag-produsent","tag-produsentagder","tag-tjamsland-gard-ysteri","tag-ysteri","produsent-ostetype-modna-kremost","produsent-ostetype-rodkitt","produsentfylke-agder"],"acf":[],"yoast_head":"<!-- This site is optimized with the Yoast SEO plugin v26.1.1 - https:\/\/yoast.com\/wordpress\/plugins\/seo\/ -->\n<title>Tjamsland G\u00e5rd Ysteri - Ostelandet Norge<\/title>\n<meta name=\"description\" content=\"Vi produserer ost og yoghurt p\u00e5 kumelk fra egne kuer. Vi har per i dag seks kuer som melker, noe som gj\u00f8r at vi kan stelle ekstra godt med kuene. Vi mener ogs\u00e5 smaken p\u00e5 melka fra Sidet Tr\u00f8nder og Nordlandsfe er spesielt god, noe som selvsagt preger smaken p\u00e5 produktene v\u00e5re. Vi produserer ost og yoghurt p\u00e5 kumelk fra egne kuer. Vi har per i dag seks kuer som melker, noe som gj\u00f8r at vi kan stelle ekstra godt med kuene. Vi mener ogs\u00e5 smaken p\u00e5 melka fra Sidet Tr\u00f8nder og Nordlandsfe er spesielt god, noe som selvsagt preger smaken p\u00e5 produktene v\u00e5re.\" \/>\n<meta name=\"robots\" content=\"index, follow, max-snippet:-1, max-image-preview:large, max-video-preview:-1\" \/>\n<link rel=\"canonical\" href=\"https:\/\/ostelandet.no\/en\/tjamsland-gard-ysteri\/\" \/>\n<meta property=\"og:locale\" content=\"en_US\" \/>\n<meta property=\"og:type\" content=\"article\" \/>\n<meta property=\"og:title\" content=\"Tjamsland G\u00e5rd Ysteri - Ostelandet Norge\" \/>\n<meta property=\"og:description\" content=\"Vi produserer ost og yoghurt p\u00e5 kumelk fra egne kuer. Vi har per i dag seks kuer som melker, noe som gj\u00f8r at vi kan stelle ekstra godt med kuene. Vi mener ogs\u00e5 smaken p\u00e5 melka fra Sidet Tr\u00f8nder og Nordlandsfe er spesielt god, noe som selvsagt preger smaken p\u00e5 produktene v\u00e5re. Vi produserer ost og yoghurt p\u00e5 kumelk fra egne kuer. Vi har per i dag seks kuer som melker, noe som gj\u00f8r at vi kan stelle ekstra godt med kuene. Vi mener ogs\u00e5 smaken p\u00e5 melka fra Sidet Tr\u00f8nder og Nordlandsfe er spesielt god, noe som selvsagt preger smaken p\u00e5 produktene v\u00e5re.\" \/>\n<meta property=\"og:url\" content=\"https:\/\/ostelandet.no\/en\/tjamsland-gard-ysteri\/\" \/>\n<meta property=\"og:site_name\" content=\"Ostelandet Norge\" \/>\n<meta property=\"article:publisher\" content=\"https:\/\/www.facebook.com\/ostelandet-101474925294974\" \/>\n<meta property=\"article:published_time\" content=\"2021-05-28T07:00:58+00:00\" \/>\n<meta property=\"article:modified_time\" content=\"2025-09-20T12:18:50+00:00\" \/>\n<meta property=\"og:image\" content=\"https:\/\/ostelandet.no\/wp-content\/uploads\/2021\/05\/Tjamsland_719x495.jpg\" \/>\n\t<meta property=\"og:image:width\" content=\"719\" \/>\n\t<meta property=\"og:image:height\" content=\"495\" \/>\n\t<meta property=\"og:image:type\" content=\"image\/jpeg\" \/>\n<meta name=\"author\" content=\"eliho\" \/>\n<meta name=\"twitter:card\" content=\"summary_large_image\" \/>\n<meta name=\"twitter:label1\" content=\"Written by\" \/>\n\t<meta name=\"twitter:data1\" content=\"eliho\" \/>\n\t<meta name=\"twitter:label2\" content=\"Est. reading time\" \/>\n\t<meta name=\"twitter:data2\" content=\"2 minutes\" \/>\n<script type=\"application\/ld+json\" class=\"yoast-schema-graph\">{\"@context\":\"https:\/\/schema.org\",\"@graph\":[{\"@type\":\"Article\",\"@id\":\"https:\/\/ostelandet.no\/tjamsland-gard-ysteri\/#article\",\"isPartOf\":{\"@id\":\"https:\/\/ostelandet.no\/tjamsland-gard-ysteri\/\"},\"author\":{\"name\":\"eliho\",\"@id\":\"https:\/\/ostelandet.no\/#\/schema\/person\/5875f248502ea0794dca05f9ea518440\"},\"headline\":\"Tjamsland G\u00e5rd Ysteri\",\"datePublished\":\"2021-05-28T07:00:58+00:00\",\"dateModified\":\"2025-09-20T12:18:50+00:00\",\"mainEntityOfPage\":{\"@id\":\"https:\/\/ostelandet.no\/tjamsland-gard-ysteri\/\"},\"wordCount\":201,\"publisher\":{\"@id\":\"https:\/\/ostelandet.no\/#organization\"},\"image\":{\"@id\":\"https:\/\/ostelandet.no\/tjamsland-gard-ysteri\/#primaryimage\"},\"thumbnailUrl\":\"https:\/\/ostelandet.no\/wp-content\/uploads\/2021\/05\/Tjamsland_719x495.jpg\",\"keywords\":[\"g\u00e5rdsbutikk\",\"g\u00e5rdsutsalg\",\"produsent\",\"Produsent Agder\",\"Tjamsland G\u00e5rd Ysteri\",\"ysteri\"],\"articleSection\":[\"Produsent\"],\"inLanguage\":\"en-US\"},{\"@type\":\"WebPage\",\"@id\":\"https:\/\/ostelandet.no\/tjamsland-gard-ysteri\/\",\"url\":\"https:\/\/ostelandet.no\/tjamsland-gard-ysteri\/\",\"name\":\"Tjamsland G\u00e5rd Ysteri - Ostelandet Norge\",\"isPartOf\":{\"@id\":\"https:\/\/ostelandet.no\/#website\"},\"primaryImageOfPage\":{\"@id\":\"https:\/\/ostelandet.no\/tjamsland-gard-ysteri\/#primaryimage\"},\"image\":{\"@id\":\"https:\/\/ostelandet.no\/tjamsland-gard-ysteri\/#primaryimage\"},\"thumbnailUrl\":\"https:\/\/ostelandet.no\/wp-content\/uploads\/2021\/05\/Tjamsland_719x495.jpg\",\"datePublished\":\"2021-05-28T07:00:58+00:00\",\"dateModified\":\"2025-09-20T12:18:50+00:00\",\"description\":\"Vi produserer ost og yoghurt p\u00e5 kumelk fra egne kuer. Vi har per i dag seks kuer som melker, noe som gj\u00f8r at vi kan stelle ekstra godt med kuene. Vi mener ogs\u00e5 smaken p\u00e5 melka fra Sidet Tr\u00f8nder og Nordlandsfe er spesielt god, noe som selvsagt preger smaken p\u00e5 produktene v\u00e5re. Vi produserer ost og yoghurt p\u00e5 kumelk fra egne kuer. Vi har per i dag seks kuer som melker, noe som gj\u00f8r at vi kan stelle ekstra godt med kuene. Vi mener ogs\u00e5 smaken p\u00e5 melka fra Sidet Tr\u00f8nder og Nordlandsfe er spesielt god, noe som selvsagt preger smaken p\u00e5 produktene v\u00e5re.\",\"breadcrumb\":{\"@id\":\"https:\/\/ostelandet.no\/tjamsland-gard-ysteri\/#breadcrumb\"},\"inLanguage\":\"en-US\",\"potentialAction\":[{\"@type\":\"ReadAction\",\"target\":[\"https:\/\/ostelandet.no\/tjamsland-gard-ysteri\/\"]}]},{\"@type\":\"ImageObject\",\"inLanguage\":\"en-US\",\"@id\":\"https:\/\/ostelandet.no\/tjamsland-gard-ysteri\/#primaryimage\",\"url\":\"https:\/\/ostelandet.no\/wp-content\/uploads\/2021\/05\/Tjamsland_719x495.jpg\",\"contentUrl\":\"https:\/\/ostelandet.no\/wp-content\/uploads\/2021\/05\/Tjamsland_719x495.jpg\",\"width\":719,\"height\":495},{\"@type\":\"BreadcrumbList\",\"@id\":\"https:\/\/ostelandet.no\/tjamsland-gard-ysteri\/#breadcrumb\",\"itemListElement\":[{\"@type\":\"ListItem\",\"position\":1,\"name\":\"Hjem\",\"item\":\"https:\/\/ostelandet.no\/\"},{\"@type\":\"ListItem\",\"position\":2,\"name\":\"Tjamsland G\u00e5rd Ysteri\"}]},{\"@type\":\"WebSite\",\"@id\":\"https:\/\/ostelandet.no\/#website\",\"url\":\"https:\/\/ostelandet.no\/\",\"name\":\"Ostelandet Norge\",\"description\":\"- L\u00e6r mer om norsk ost\",\"publisher\":{\"@id\":\"https:\/\/ostelandet.no\/#organization\"},\"potentialAction\":[{\"@type\":\"SearchAction\",\"target\":{\"@type\":\"EntryPoint\",\"urlTemplate\":\"https:\/\/ostelandet.no\/?s={search_term_string}\"},\"query-input\":{\"@type\":\"PropertyValueSpecification\",\"valueRequired\":true,\"valueName\":\"search_term_string\"}}],\"inLanguage\":\"en-US\"},{\"@type\":\"Organization\",\"@id\":\"https:\/\/ostelandet.no\/#organization\",\"name\":\"HANEN\",\"url\":\"https:\/\/ostelandet.no\/\",\"logo\":{\"@type\":\"ImageObject\",\"inLanguage\":\"en-US\",\"@id\":\"https:\/\/ostelandet.no\/#\/schema\/logo\/image\/\",\"url\":\"https:\/\/ostelandet.no\/wp-content\/uploads\/2021\/09\/ostelandet_norge_2farger_mork_hierarkisk.png\",\"contentUrl\":\"https:\/\/ostelandet.no\/wp-content\/uploads\/2021\/09\/ostelandet_norge_2farger_mork_hierarkisk.png\",\"width\":2062,\"height\":1223,\"caption\":\"HANEN\"},\"image\":{\"@id\":\"https:\/\/ostelandet.no\/#\/schema\/logo\/image\/\"},\"sameAs\":[\"https:\/\/www.facebook.com\/ostelandet-101474925294974\",\"https:\/\/www.instagram.com\/ostelandet\/\",\"https:\/\/www.linkedin.com\/showcase\/ostelandet-norge\/\"]},{\"@type\":\"Person\",\"@id\":\"https:\/\/ostelandet.no\/#\/schema\/person\/5875f248502ea0794dca05f9ea518440\",\"name\":\"eliho\",\"image\":{\"@type\":\"ImageObject\",\"inLanguage\":\"en-US\",\"@id\":\"https:\/\/ostelandet.no\/#\/schema\/person\/image\/\",\"url\":\"https:\/\/secure.gravatar.com\/avatar\/ea2d2e46de429e0415a330ea57f41bc101fea116d020ec3116a6fc2817d801cc?s=96&d=mm&r=g\",\"contentUrl\":\"https:\/\/secure.gravatar.com\/avatar\/ea2d2e46de429e0415a330ea57f41bc101fea116d020ec3116a6fc2817d801cc?s=96&d=mm&r=g\",\"caption\":\"eliho\"},\"url\":\"https:\/\/ostelandet.no\/en\/author\/eliho\/\"}]}<\/script>\n<!-- \/ Yoast SEO plugin. -->","yoast_head_json":{"title":"Tjamsland G\u00e5rd Ysteri - Ostelandet Norge","description":"Vi produserer ost og yoghurt p\u00e5 kumelk fra egne kuer. Vi har per i dag seks kuer som melker, noe som gj\u00f8r at vi kan stelle ekstra godt med kuene. Vi mener ogs\u00e5 smaken p\u00e5 melka fra Sidet Tr\u00f8nder og Nordlandsfe er spesielt god, noe som selvsagt preger smaken p\u00e5 produktene v\u00e5re. Vi produserer ost og yoghurt p\u00e5 kumelk fra egne kuer. Vi har per i dag seks kuer som melker, noe som gj\u00f8r at vi kan stelle ekstra godt med kuene. Vi mener ogs\u00e5 smaken p\u00e5 melka fra Sidet Tr\u00f8nder og Nordlandsfe er spesielt god, noe som selvsagt preger smaken p\u00e5 produktene v\u00e5re.","robots":{"index":"index","follow":"follow","max-snippet":"max-snippet:-1","max-image-preview":"max-image-preview:large","max-video-preview":"max-video-preview:-1"},"canonical":"https:\/\/ostelandet.no\/en\/tjamsland-gard-ysteri\/","og_locale":"en_US","og_type":"article","og_title":"Tjamsland G\u00e5rd Ysteri - Ostelandet Norge","og_description":"Vi produserer ost og yoghurt p\u00e5 kumelk fra egne kuer. Vi har per i dag seks kuer som melker, noe som gj\u00f8r at vi kan stelle ekstra godt med kuene. Vi mener ogs\u00e5 smaken p\u00e5 melka fra Sidet Tr\u00f8nder og Nordlandsfe er spesielt god, noe som selvsagt preger smaken p\u00e5 produktene v\u00e5re. Vi produserer ost og yoghurt p\u00e5 kumelk fra egne kuer. Vi har per i dag seks kuer som melker, noe som gj\u00f8r at vi kan stelle ekstra godt med kuene. Vi mener ogs\u00e5 smaken p\u00e5 melka fra Sidet Tr\u00f8nder og Nordlandsfe er spesielt god, noe som selvsagt preger smaken p\u00e5 produktene v\u00e5re.","og_url":"https:\/\/ostelandet.no\/en\/tjamsland-gard-ysteri\/","og_site_name":"Ostelandet Norge","article_publisher":"https:\/\/www.facebook.com\/ostelandet-101474925294974","article_published_time":"2021-05-28T07:00:58+00:00","article_modified_time":"2025-09-20T12:18:50+00:00","og_image":[{"width":719,"height":495,"url":"https:\/\/ostelandet.no\/wp-content\/uploads\/2021\/05\/Tjamsland_719x495.jpg","type":"image\/jpeg"}],"author":"eliho","twitter_card":"summary_large_image","twitter_misc":{"Written by":"eliho","Est. reading time":"2 minutes"},"schema":{"@context":"https:\/\/schema.org","@graph":[{"@type":"Article","@id":"https:\/\/ostelandet.no\/tjamsland-gard-ysteri\/#article","isPartOf":{"@id":"https:\/\/ostelandet.no\/tjamsland-gard-ysteri\/"},"author":{"name":"eliho","@id":"https:\/\/ostelandet.no\/#\/schema\/person\/5875f248502ea0794dca05f9ea518440"},"headline":"Tjamsland G\u00e5rd Ysteri","datePublished":"2021-05-28T07:00:58+00:00","dateModified":"2025-09-20T12:18:50+00:00","mainEntityOfPage":{"@id":"https:\/\/ostelandet.no\/tjamsland-gard-ysteri\/"},"wordCount":201,"publisher":{"@id":"https:\/\/ostelandet.no\/#organization"},"image":{"@id":"https:\/\/ostelandet.no\/tjamsland-gard-ysteri\/#primaryimage"},"thumbnailUrl":"https:\/\/ostelandet.no\/wp-content\/uploads\/2021\/05\/Tjamsland_719x495.jpg","keywords":["g\u00e5rdsbutikk","g\u00e5rdsutsalg","produsent","Produsent Agder","Tjamsland G\u00e5rd Ysteri","ysteri"],"articleSection":["Produsent"],"inLanguage":"en-US"},{"@type":"WebPage","@id":"https:\/\/ostelandet.no\/tjamsland-gard-ysteri\/","url":"https:\/\/ostelandet.no\/tjamsland-gard-ysteri\/","name":"Tjamsland G\u00e5rd Ysteri - Ostelandet Norge","isPartOf":{"@id":"https:\/\/ostelandet.no\/#website"},"primaryImageOfPage":{"@id":"https:\/\/ostelandet.no\/tjamsland-gard-ysteri\/#primaryimage"},"image":{"@id":"https:\/\/ostelandet.no\/tjamsland-gard-ysteri\/#primaryimage"},"thumbnailUrl":"https:\/\/ostelandet.no\/wp-content\/uploads\/2021\/05\/Tjamsland_719x495.jpg","datePublished":"2021-05-28T07:00:58+00:00","dateModified":"2025-09-20T12:18:50+00:00","description":"Vi produserer ost og yoghurt p\u00e5 kumelk fra egne kuer. Vi har per i dag seks kuer som melker, noe som gj\u00f8r at vi kan stelle ekstra godt med kuene. Vi mener ogs\u00e5 smaken p\u00e5 melka fra Sidet Tr\u00f8nder og Nordlandsfe er spesielt god, noe som selvsagt preger smaken p\u00e5 produktene v\u00e5re. Vi produserer ost og yoghurt p\u00e5 kumelk fra egne kuer. Vi har per i dag seks kuer som melker, noe som gj\u00f8r at vi kan stelle ekstra godt med kuene. Vi mener ogs\u00e5 smaken p\u00e5 melka fra Sidet Tr\u00f8nder og Nordlandsfe er spesielt god, noe som selvsagt preger smaken p\u00e5 produktene v\u00e5re.","breadcrumb":{"@id":"https:\/\/ostelandet.no\/tjamsland-gard-ysteri\/#breadcrumb"},"inLanguage":"en-US","potentialAction":[{"@type":"ReadAction","target":["https:\/\/ostelandet.no\/tjamsland-gard-ysteri\/"]}]},{"@type":"ImageObject","inLanguage":"en-US","@id":"https:\/\/ostelandet.no\/tjamsland-gard-ysteri\/#primaryimage","url":"https:\/\/ostelandet.no\/wp-content\/uploads\/2021\/05\/Tjamsland_719x495.jpg","contentUrl":"https:\/\/ostelandet.no\/wp-content\/uploads\/2021\/05\/Tjamsland_719x495.jpg","width":719,"height":495},{"@type":"BreadcrumbList","@id":"https:\/\/ostelandet.no\/tjamsland-gard-ysteri\/#breadcrumb","itemListElement":[{"@type":"ListItem","position":1,"name":"Hjem","item":"https:\/\/ostelandet.no\/"},{"@type":"ListItem","position":2,"name":"Tjamsland G\u00e5rd Ysteri"}]},{"@type":"WebSite","@id":"https:\/\/ostelandet.no\/#website","url":"https:\/\/ostelandet.no\/","name":"Ostelandet Norge","description":"- L\u00e6r mer om norsk ost","publisher":{"@id":"https:\/\/ostelandet.no\/#organization"},"potentialAction":[{"@type":"SearchAction","target":{"@type":"EntryPoint","urlTemplate":"https:\/\/ostelandet.no\/?s={search_term_string}"},"query-input":{"@type":"PropertyValueSpecification","valueRequired":true,"valueName":"search_term_string"}}],"inLanguage":"en-US"},{"@type":"Organization","@id":"https:\/\/ostelandet.no\/#organization","name":"HANEN","url":"https:\/\/ostelandet.no\/","logo":{"@type":"ImageObject","inLanguage":"en-US","@id":"https:\/\/ostelandet.no\/#\/schema\/logo\/image\/","url":"https:\/\/ostelandet.no\/wp-content\/uploads\/2021\/09\/ostelandet_norge_2farger_mork_hierarkisk.png","contentUrl":"https:\/\/ostelandet.no\/wp-content\/uploads\/2021\/09\/ostelandet_norge_2farger_mork_hierarkisk.png","width":2062,"height":1223,"caption":"HANEN"},"image":{"@id":"https:\/\/ostelandet.no\/#\/schema\/logo\/image\/"},"sameAs":["https:\/\/www.facebook.com\/ostelandet-101474925294974","https:\/\/www.instagram.com\/ostelandet\/","https:\/\/www.linkedin.com\/showcase\/ostelandet-norge\/"]},{"@type":"Person","@id":"https:\/\/ostelandet.no\/#\/schema\/person\/5875f248502ea0794dca05f9ea518440","name":"eliho","image":{"@type":"ImageObject","inLanguage":"en-US","@id":"https:\/\/ostelandet.no\/#\/schema\/person\/image\/","url":"https:\/\/secure.gravatar.com\/avatar\/ea2d2e46de429e0415a330ea57f41bc101fea116d020ec3116a6fc2817d801cc?s=96&d=mm&r=g","contentUrl":"https:\/\/secure.gravatar.com\/avatar\/ea2d2e46de429e0415a330ea57f41bc101fea116d020ec3116a6fc2817d801cc?s=96&d=mm&r=g","caption":"eliho"},"url":"https:\/\/ostelandet.no\/en\/author\/eliho\/"}]}},"_links":{"self":[{"href":"https:\/\/ostelandet.no\/en\/wp-json\/wp\/v2\/posts\/4704","targetHints":{"allow":["GET"]}}],"collection":[{"href":"https:\/\/ostelandet.no\/en\/wp-json\/wp\/v2\/posts"}],"about":[{"href":"https:\/\/ostelandet.no\/en\/wp-json\/wp\/v2\/types\/post"}],"author":[{"embeddable":true,"href":"https:\/\/ostelandet.no\/en\/wp-json\/wp\/v2\/users\/1"}],"replies":[{"embeddable":true,"href":"https:\/\/ostelandet.no\/en\/wp-json\/wp\/v2\/comments?post=4704"}],"version-history":[{"count":19,"href":"https:\/\/ostelandet.no\/en\/wp-json\/wp\/v2\/posts\/4704\/revisions"}],"predecessor-version":[{"id":13576,"href":"https:\/\/ostelandet.no\/en\/wp-json\/wp\/v2\/posts\/4704\/revisions\/13576"}],"wp:featuredmedia":[{"embeddable":true,"href":"https:\/\/ostelandet.no\/en\/wp-json\/wp\/v2\/media\/11128"}],"wp:attachment":[{"href":"https:\/\/ostelandet.no\/en\/wp-json\/wp\/v2\/media?parent=4704"}],"wp:term":[{"taxonomy":"category","embeddable":true,"href":"https:\/\/ostelandet.no\/en\/wp-json\/wp\/v2\/categories?post=4704"},{"taxonomy":"post_tag","embeddable":true,"href":"https:\/\/ostelandet.no\/en\/wp-json\/wp\/v2\/tags?post=4704"},{"taxonomy":"produsent-ostetype","embeddable":true,"href":"https:\/\/ostelandet.no\/en\/wp-json\/wp\/v2\/produsent-ostetype?post=4704"},{"taxonomy":"produsentfylke","embeddable":true,"href":"https:\/\/ostelandet.no\/en\/wp-json\/wp\/v2\/produsentfylke?post=4704"}],"curies":[{"name":"wp","href":"https:\/\/api.w.org\/{rel}","templated":true}]}}