{"id":4361,"date":"2021-05-10T09:52:57","date_gmt":"2021-05-10T07:52:57","guid":{"rendered":"https:\/\/ostelandet.no\/ost\/?p=4361"},"modified":"2025-09-20T14:21:09","modified_gmt":"2025-09-20T12:21:09","slug":"brubekken-gardsmeieri","status":"publish","type":"post","link":"https:\/\/ostelandet.no\/en\/brubekken-gardsmeieri\/","title":{"rendered":"Brubekken G\u00e5rdsmeieri"},"content":{"rendered":"<h2>\n\t\t<a href=\"https:\/\/ostelandet.no\/en\/produsenter\/\" title=\"PRODUCERS\" target=\"_self\" rel=\"noopener\">\n\t\tPRODUCERS\n\t\t<\/a>\n\t<\/h2>\n<h2>\n\t\tBrubekken G\u00e5rdsmeieri\n\t<\/h2>\n\t<p>rubekken is a small farm with cows and goats that processes and sells all the milk and meat produced by the farm locally. The management is based on agroecological principles, including using only Norwegian raw materials for feeding. We use maximal wild grazing from May to November, including spending July and August on the mountain farm in Torbudalen in Sunndal municipality (Aursj\u00f8vegen.)<\/p>\n<p>All products are made with traditional craftsmanship from Nordm\u00f8re. It is important for us to highlight and pass on the knowledge and culture that has been associated with our district. The dairy was established in 1995 when local processing was both ridiculed and opposed. But we held our ground and believed in what we were doing. Now we have a high demand for our products that have received many awards in the Norwegian Cheese Championships. The farm was also awarded M\u00f8re og Romsdal's cultural landscape award in 2016 for the work that has been done to preserve traditions with old cow breeds, farming methods and products.<\/p>\n<p>he farm produces white cheese from goat's milk (young and matured), brown cheese from goat's milk, soured cream and butter from cow's milk, white cheese and brown cheese from cow's milk and \u201cgammelost\u201d (traditional cheese).<\/p>\n\t\t\t\t<img loading=\"lazy\" decoding=\"async\" src=\"https:\/\/ostelandet.no\/wp-content\/uploads\/2021\/05\/Brubekken-Gardsmeieri.nedskalert.-jpg-1024x602.jpg\" alt=\"Brubekken Gardsmeieri\" itemprop=\"image\" height=\"602\" width=\"1024\" title=\"Brubekken Gardsmeieri.scaled down. jpg\" onerror=\"this.style.display='none'\"  \/>\n<h2>\n\t\tBrubekken Gardsmeieri \/ Torbuvollen\n\t<\/h2>\n\t\t\t <p>Address: Brakstadstranda 345<br \/>Phone: 91563259<br \/>Email: stein359@gmail.com<br \/>Nettsted: http:\/\/www.brubekken.noG\u00e5rdsutsalg: Ja &#8211; vi har egen butikk i Eidsv\u00e5g (B\u00e6stes Bakeri). \u00c5pent fra tirsdag &#8211; l\u00f8rdag fra kl. 11-18.<\/p>\t\t\n\t<iframe src=\"https:\/\/www.google.com\/maps\/embed\/v1\/place?q=Torbuvollen&#038;key=AIzaSyD09zQ9PNDNNy9TadMuzRV_UsPUoWKntt8\" aria-hidden=\"true\"><\/iframe>\n<h2>\n\t\tCHEESES FROM THIS PRODUCER\n\t<\/h2>","protected":false},"excerpt":{"rendered":"<p>Brubekken gardsmeieri  i Angvik foredler melk og kj\u00f8tt fra ku og geit. Her produseres brun og kvitost, r\u00f8mme, sm\u00f8r, pultost og gammelost.<\/p>","protected":false},"author":1,"featured_media":11274,"comment_status":"closed","ping_status":"closed","sticky":false,"template":"tpl-full-width.php","format":"standard","meta":{"_acf_changed":false,"footnotes":""},"categories":[45],"tags":[867,103,865,37,963,47,1005,164,1018,46],"produsent-ostetype":[1125,1121,1126],"produsentfylke":[1112],"class_list":["post-4361","post","type-post","status-publish","format-standard","has-post-thumbnail","hentry","category-produsent","tag-gardsutsalg","tag-geitemelk","tag-kart_stol","tag-kumelk","tag-ost-fra-brubekken-gardsmeieri","tag-produsent","tag-produsentmore-og-romsdal","tag-stol","tag-torbuvollen","tag-ysteri","produsent-ostetype-brunost","produsent-ostetype-fastost","produsent-ostetype-tradisjonsost","produsentfylke-more-og-romsdal"],"acf":[],"yoast_head":"<!-- This site is optimized with the Yoast SEO plugin v26.1.1 - https:\/\/yoast.com\/wordpress\/plugins\/seo\/ -->\n<title>Brubekken G\u00e5rdsmeieri - Ostelandet Norge<\/title>\n<meta name=\"description\" content=\"Brubekken gardsmeieri i Angvik foredler melk og kj\u00f8tt fra ku og geit. Her produseres brun og kvitost, r\u00f8mme, sm\u00f8r, pultost og gammelost. G\u00e5rdsmeieri - Angvik i M\u00f8re og Romsdal -\" \/>\n<meta name=\"robots\" content=\"index, follow, max-snippet:-1, max-image-preview:large, max-video-preview:-1\" \/>\n<link rel=\"canonical\" href=\"https:\/\/ostelandet.no\/en\/brubekken-gardsmeieri\/\" \/>\n<meta property=\"og:locale\" content=\"en_US\" \/>\n<meta property=\"og:type\" content=\"article\" \/>\n<meta property=\"og:title\" content=\"Brubekken G\u00e5rdsmeieri - Ostelandet Norge\" \/>\n<meta property=\"og:description\" content=\"Brubekken gardsmeieri i Angvik foredler melk og kj\u00f8tt fra ku og geit. Her produseres brun og kvitost, r\u00f8mme, sm\u00f8r, pultost og gammelost. G\u00e5rdsmeieri - Angvik i M\u00f8re og Romsdal -\" \/>\n<meta property=\"og:url\" content=\"https:\/\/ostelandet.no\/en\/brubekken-gardsmeieri\/\" \/>\n<meta property=\"og:site_name\" content=\"Ostelandet Norge\" \/>\n<meta property=\"article:publisher\" content=\"https:\/\/www.facebook.com\/ostelandet-101474925294974\" \/>\n<meta property=\"article:published_time\" content=\"2021-05-10T07:52:57+00:00\" \/>\n<meta property=\"article:modified_time\" content=\"2025-09-20T12:21:09+00:00\" \/>\n<meta property=\"og:image\" content=\"https:\/\/ostelandet.no\/wp-content\/uploads\/2021\/05\/Brubekken-Gardsmeieri_719x495.jpg\" \/>\n\t<meta property=\"og:image:width\" content=\"719\" \/>\n\t<meta property=\"og:image:height\" content=\"495\" \/>\n\t<meta property=\"og:image:type\" content=\"image\/jpeg\" \/>\n<meta name=\"author\" content=\"eliho\" \/>\n<meta name=\"twitter:card\" content=\"summary_large_image\" \/>\n<meta name=\"twitter:label1\" content=\"Written by\" \/>\n\t<meta name=\"twitter:data1\" content=\"eliho\" \/>\n\t<meta name=\"twitter:label2\" content=\"Est. reading time\" \/>\n\t<meta name=\"twitter:data2\" content=\"2 minutes\" \/>\n<script type=\"application\/ld+json\" class=\"yoast-schema-graph\">{\"@context\":\"https:\/\/schema.org\",\"@graph\":[{\"@type\":\"Article\",\"@id\":\"https:\/\/ostelandet.no\/brubekken-gardsmeieri\/#article\",\"isPartOf\":{\"@id\":\"https:\/\/ostelandet.no\/brubekken-gardsmeieri\/\"},\"author\":{\"name\":\"eliho\",\"@id\":\"https:\/\/ostelandet.no\/#\/schema\/person\/5875f248502ea0794dca05f9ea518440\"},\"headline\":\"Brubekken G\u00e5rdsmeieri\",\"datePublished\":\"2021-05-10T07:52:57+00:00\",\"dateModified\":\"2025-09-20T12:21:09+00:00\",\"mainEntityOfPage\":{\"@id\":\"https:\/\/ostelandet.no\/brubekken-gardsmeieri\/\"},\"wordCount\":238,\"publisher\":{\"@id\":\"https:\/\/ostelandet.no\/#organization\"},\"image\":{\"@id\":\"https:\/\/ostelandet.no\/brubekken-gardsmeieri\/#primaryimage\"},\"thumbnailUrl\":\"https:\/\/ostelandet.no\/wp-content\/uploads\/2021\/05\/Brubekken-Gardsmeieri_719x495.jpg\",\"keywords\":[\"g\u00e5rdsutsalg\",\"geitemelk\",\"kart_St\u00f8l\",\"Kumelk\",\"ost fra Brubekken G\u00e5rdsmeieri\",\"produsent\",\"Produsent M\u00f8re og Romsdal\",\"st\u00f8l\",\"Torbuvollen\",\"ysteri\"],\"articleSection\":[\"Produsent\"],\"inLanguage\":\"en-US\"},{\"@type\":\"WebPage\",\"@id\":\"https:\/\/ostelandet.no\/brubekken-gardsmeieri\/\",\"url\":\"https:\/\/ostelandet.no\/brubekken-gardsmeieri\/\",\"name\":\"Brubekken G\u00e5rdsmeieri - Ostelandet Norge\",\"isPartOf\":{\"@id\":\"https:\/\/ostelandet.no\/#website\"},\"primaryImageOfPage\":{\"@id\":\"https:\/\/ostelandet.no\/brubekken-gardsmeieri\/#primaryimage\"},\"image\":{\"@id\":\"https:\/\/ostelandet.no\/brubekken-gardsmeieri\/#primaryimage\"},\"thumbnailUrl\":\"https:\/\/ostelandet.no\/wp-content\/uploads\/2021\/05\/Brubekken-Gardsmeieri_719x495.jpg\",\"datePublished\":\"2021-05-10T07:52:57+00:00\",\"dateModified\":\"2025-09-20T12:21:09+00:00\",\"description\":\"Brubekken gardsmeieri i Angvik foredler melk og kj\u00f8tt fra ku og geit. Her produseres brun og kvitost, r\u00f8mme, sm\u00f8r, pultost og gammelost. G\u00e5rdsmeieri - Angvik i M\u00f8re og Romsdal -\",\"breadcrumb\":{\"@id\":\"https:\/\/ostelandet.no\/brubekken-gardsmeieri\/#breadcrumb\"},\"inLanguage\":\"en-US\",\"potentialAction\":[{\"@type\":\"ReadAction\",\"target\":[\"https:\/\/ostelandet.no\/brubekken-gardsmeieri\/\"]}]},{\"@type\":\"ImageObject\",\"inLanguage\":\"en-US\",\"@id\":\"https:\/\/ostelandet.no\/brubekken-gardsmeieri\/#primaryimage\",\"url\":\"https:\/\/ostelandet.no\/wp-content\/uploads\/2021\/05\/Brubekken-Gardsmeieri_719x495.jpg\",\"contentUrl\":\"https:\/\/ostelandet.no\/wp-content\/uploads\/2021\/05\/Brubekken-Gardsmeieri_719x495.jpg\",\"width\":719,\"height\":495},{\"@type\":\"BreadcrumbList\",\"@id\":\"https:\/\/ostelandet.no\/brubekken-gardsmeieri\/#breadcrumb\",\"itemListElement\":[{\"@type\":\"ListItem\",\"position\":1,\"name\":\"Hjem\",\"item\":\"https:\/\/ostelandet.no\/\"},{\"@type\":\"ListItem\",\"position\":2,\"name\":\"Brubekken G\u00e5rdsmeieri\"}]},{\"@type\":\"WebSite\",\"@id\":\"https:\/\/ostelandet.no\/#website\",\"url\":\"https:\/\/ostelandet.no\/\",\"name\":\"Ostelandet Norge\",\"description\":\"- L\u00e6r mer om norsk ost\",\"publisher\":{\"@id\":\"https:\/\/ostelandet.no\/#organization\"},\"potentialAction\":[{\"@type\":\"SearchAction\",\"target\":{\"@type\":\"EntryPoint\",\"urlTemplate\":\"https:\/\/ostelandet.no\/?s={search_term_string}\"},\"query-input\":{\"@type\":\"PropertyValueSpecification\",\"valueRequired\":true,\"valueName\":\"search_term_string\"}}],\"inLanguage\":\"en-US\"},{\"@type\":\"Organization\",\"@id\":\"https:\/\/ostelandet.no\/#organization\",\"name\":\"HANEN\",\"url\":\"https:\/\/ostelandet.no\/\",\"logo\":{\"@type\":\"ImageObject\",\"inLanguage\":\"en-US\",\"@id\":\"https:\/\/ostelandet.no\/#\/schema\/logo\/image\/\",\"url\":\"https:\/\/ostelandet.no\/wp-content\/uploads\/2021\/09\/ostelandet_norge_2farger_mork_hierarkisk.png\",\"contentUrl\":\"https:\/\/ostelandet.no\/wp-content\/uploads\/2021\/09\/ostelandet_norge_2farger_mork_hierarkisk.png\",\"width\":2062,\"height\":1223,\"caption\":\"HANEN\"},\"image\":{\"@id\":\"https:\/\/ostelandet.no\/#\/schema\/logo\/image\/\"},\"sameAs\":[\"https:\/\/www.facebook.com\/ostelandet-101474925294974\",\"https:\/\/www.instagram.com\/ostelandet\/\",\"https:\/\/www.linkedin.com\/showcase\/ostelandet-norge\/\"]},{\"@type\":\"Person\",\"@id\":\"https:\/\/ostelandet.no\/#\/schema\/person\/5875f248502ea0794dca05f9ea518440\",\"name\":\"eliho\",\"image\":{\"@type\":\"ImageObject\",\"inLanguage\":\"en-US\",\"@id\":\"https:\/\/ostelandet.no\/#\/schema\/person\/image\/\",\"url\":\"https:\/\/secure.gravatar.com\/avatar\/ea2d2e46de429e0415a330ea57f41bc101fea116d020ec3116a6fc2817d801cc?s=96&d=mm&r=g\",\"contentUrl\":\"https:\/\/secure.gravatar.com\/avatar\/ea2d2e46de429e0415a330ea57f41bc101fea116d020ec3116a6fc2817d801cc?s=96&d=mm&r=g\",\"caption\":\"eliho\"},\"url\":\"https:\/\/ostelandet.no\/en\/author\/eliho\/\"}]}<\/script>\n<!-- \/ Yoast SEO plugin. -->","yoast_head_json":{"title":"Brubekken G\u00e5rdsmeieri - Ostelandet Norge","description":"Brubekken gardsmeieri i Angvik foredler melk og kj\u00f8tt fra ku og geit. Her produseres brun og kvitost, r\u00f8mme, sm\u00f8r, pultost og gammelost. G\u00e5rdsmeieri - Angvik i M\u00f8re og Romsdal -","robots":{"index":"index","follow":"follow","max-snippet":"max-snippet:-1","max-image-preview":"max-image-preview:large","max-video-preview":"max-video-preview:-1"},"canonical":"https:\/\/ostelandet.no\/en\/brubekken-gardsmeieri\/","og_locale":"en_US","og_type":"article","og_title":"Brubekken G\u00e5rdsmeieri - Ostelandet Norge","og_description":"Brubekken gardsmeieri i Angvik foredler melk og kj\u00f8tt fra ku og geit. Her produseres brun og kvitost, r\u00f8mme, sm\u00f8r, pultost og gammelost. G\u00e5rdsmeieri - Angvik i M\u00f8re og Romsdal -","og_url":"https:\/\/ostelandet.no\/en\/brubekken-gardsmeieri\/","og_site_name":"Ostelandet Norge","article_publisher":"https:\/\/www.facebook.com\/ostelandet-101474925294974","article_published_time":"2021-05-10T07:52:57+00:00","article_modified_time":"2025-09-20T12:21:09+00:00","og_image":[{"width":719,"height":495,"url":"https:\/\/ostelandet.no\/wp-content\/uploads\/2021\/05\/Brubekken-Gardsmeieri_719x495.jpg","type":"image\/jpeg"}],"author":"eliho","twitter_card":"summary_large_image","twitter_misc":{"Written by":"eliho","Est. reading time":"2 minutes"},"schema":{"@context":"https:\/\/schema.org","@graph":[{"@type":"Article","@id":"https:\/\/ostelandet.no\/brubekken-gardsmeieri\/#article","isPartOf":{"@id":"https:\/\/ostelandet.no\/brubekken-gardsmeieri\/"},"author":{"name":"eliho","@id":"https:\/\/ostelandet.no\/#\/schema\/person\/5875f248502ea0794dca05f9ea518440"},"headline":"Brubekken G\u00e5rdsmeieri","datePublished":"2021-05-10T07:52:57+00:00","dateModified":"2025-09-20T12:21:09+00:00","mainEntityOfPage":{"@id":"https:\/\/ostelandet.no\/brubekken-gardsmeieri\/"},"wordCount":238,"publisher":{"@id":"https:\/\/ostelandet.no\/#organization"},"image":{"@id":"https:\/\/ostelandet.no\/brubekken-gardsmeieri\/#primaryimage"},"thumbnailUrl":"https:\/\/ostelandet.no\/wp-content\/uploads\/2021\/05\/Brubekken-Gardsmeieri_719x495.jpg","keywords":["g\u00e5rdsutsalg","geitemelk","kart_St\u00f8l","Kumelk","ost fra Brubekken G\u00e5rdsmeieri","produsent","Produsent M\u00f8re og Romsdal","st\u00f8l","Torbuvollen","ysteri"],"articleSection":["Produsent"],"inLanguage":"en-US"},{"@type":"WebPage","@id":"https:\/\/ostelandet.no\/brubekken-gardsmeieri\/","url":"https:\/\/ostelandet.no\/brubekken-gardsmeieri\/","name":"Brubekken G\u00e5rdsmeieri - Ostelandet Norge","isPartOf":{"@id":"https:\/\/ostelandet.no\/#website"},"primaryImageOfPage":{"@id":"https:\/\/ostelandet.no\/brubekken-gardsmeieri\/#primaryimage"},"image":{"@id":"https:\/\/ostelandet.no\/brubekken-gardsmeieri\/#primaryimage"},"thumbnailUrl":"https:\/\/ostelandet.no\/wp-content\/uploads\/2021\/05\/Brubekken-Gardsmeieri_719x495.jpg","datePublished":"2021-05-10T07:52:57+00:00","dateModified":"2025-09-20T12:21:09+00:00","description":"Brubekken gardsmeieri i Angvik foredler melk og kj\u00f8tt fra ku og geit. Her produseres brun og kvitost, r\u00f8mme, sm\u00f8r, pultost og gammelost. G\u00e5rdsmeieri - Angvik i M\u00f8re og Romsdal -","breadcrumb":{"@id":"https:\/\/ostelandet.no\/brubekken-gardsmeieri\/#breadcrumb"},"inLanguage":"en-US","potentialAction":[{"@type":"ReadAction","target":["https:\/\/ostelandet.no\/brubekken-gardsmeieri\/"]}]},{"@type":"ImageObject","inLanguage":"en-US","@id":"https:\/\/ostelandet.no\/brubekken-gardsmeieri\/#primaryimage","url":"https:\/\/ostelandet.no\/wp-content\/uploads\/2021\/05\/Brubekken-Gardsmeieri_719x495.jpg","contentUrl":"https:\/\/ostelandet.no\/wp-content\/uploads\/2021\/05\/Brubekken-Gardsmeieri_719x495.jpg","width":719,"height":495},{"@type":"BreadcrumbList","@id":"https:\/\/ostelandet.no\/brubekken-gardsmeieri\/#breadcrumb","itemListElement":[{"@type":"ListItem","position":1,"name":"Hjem","item":"https:\/\/ostelandet.no\/"},{"@type":"ListItem","position":2,"name":"Brubekken G\u00e5rdsmeieri"}]},{"@type":"WebSite","@id":"https:\/\/ostelandet.no\/#website","url":"https:\/\/ostelandet.no\/","name":"Ostelandet Norge","description":"- L\u00e6r mer om norsk ost","publisher":{"@id":"https:\/\/ostelandet.no\/#organization"},"potentialAction":[{"@type":"SearchAction","target":{"@type":"EntryPoint","urlTemplate":"https:\/\/ostelandet.no\/?s={search_term_string}"},"query-input":{"@type":"PropertyValueSpecification","valueRequired":true,"valueName":"search_term_string"}}],"inLanguage":"en-US"},{"@type":"Organization","@id":"https:\/\/ostelandet.no\/#organization","name":"HANEN","url":"https:\/\/ostelandet.no\/","logo":{"@type":"ImageObject","inLanguage":"en-US","@id":"https:\/\/ostelandet.no\/#\/schema\/logo\/image\/","url":"https:\/\/ostelandet.no\/wp-content\/uploads\/2021\/09\/ostelandet_norge_2farger_mork_hierarkisk.png","contentUrl":"https:\/\/ostelandet.no\/wp-content\/uploads\/2021\/09\/ostelandet_norge_2farger_mork_hierarkisk.png","width":2062,"height":1223,"caption":"HANEN"},"image":{"@id":"https:\/\/ostelandet.no\/#\/schema\/logo\/image\/"},"sameAs":["https:\/\/www.facebook.com\/ostelandet-101474925294974","https:\/\/www.instagram.com\/ostelandet\/","https:\/\/www.linkedin.com\/showcase\/ostelandet-norge\/"]},{"@type":"Person","@id":"https:\/\/ostelandet.no\/#\/schema\/person\/5875f248502ea0794dca05f9ea518440","name":"eliho","image":{"@type":"ImageObject","inLanguage":"en-US","@id":"https:\/\/ostelandet.no\/#\/schema\/person\/image\/","url":"https:\/\/secure.gravatar.com\/avatar\/ea2d2e46de429e0415a330ea57f41bc101fea116d020ec3116a6fc2817d801cc?s=96&d=mm&r=g","contentUrl":"https:\/\/secure.gravatar.com\/avatar\/ea2d2e46de429e0415a330ea57f41bc101fea116d020ec3116a6fc2817d801cc?s=96&d=mm&r=g","caption":"eliho"},"url":"https:\/\/ostelandet.no\/en\/author\/eliho\/"}]}},"_links":{"self":[{"href":"https:\/\/ostelandet.no\/en\/wp-json\/wp\/v2\/posts\/4361","targetHints":{"allow":["GET"]}}],"collection":[{"href":"https:\/\/ostelandet.no\/en\/wp-json\/wp\/v2\/posts"}],"about":[{"href":"https:\/\/ostelandet.no\/en\/wp-json\/wp\/v2\/types\/post"}],"author":[{"embeddable":true,"href":"https:\/\/ostelandet.no\/en\/wp-json\/wp\/v2\/users\/1"}],"replies":[{"embeddable":true,"href":"https:\/\/ostelandet.no\/en\/wp-json\/wp\/v2\/comments?post=4361"}],"version-history":[{"count":18,"href":"https:\/\/ostelandet.no\/en\/wp-json\/wp\/v2\/posts\/4361\/revisions"}],"predecessor-version":[{"id":12652,"href":"https:\/\/ostelandet.no\/en\/wp-json\/wp\/v2\/posts\/4361\/revisions\/12652"}],"wp:featuredmedia":[{"embeddable":true,"href":"https:\/\/ostelandet.no\/en\/wp-json\/wp\/v2\/media\/11274"}],"wp:attachment":[{"href":"https:\/\/ostelandet.no\/en\/wp-json\/wp\/v2\/media?parent=4361"}],"wp:term":[{"taxonomy":"category","embeddable":true,"href":"https:\/\/ostelandet.no\/en\/wp-json\/wp\/v2\/categories?post=4361"},{"taxonomy":"post_tag","embeddable":true,"href":"https:\/\/ostelandet.no\/en\/wp-json\/wp\/v2\/tags?post=4361"},{"taxonomy":"produsent-ostetype","embeddable":true,"href":"https:\/\/ostelandet.no\/en\/wp-json\/wp\/v2\/produsent-ostetype?post=4361"},{"taxonomy":"produsentfylke","embeddable":true,"href":"https:\/\/ostelandet.no\/en\/wp-json\/wp\/v2\/produsentfylke?post=4361"}],"curies":[{"name":"wp","href":"https:\/\/api.w.org\/{rel}","templated":true}]}}