{"id":4287,"date":"2021-05-08T08:45:25","date_gmt":"2021-05-08T06:45:25","guid":{"rendered":"https:\/\/ostelandet.no\/ost\/?p=4287"},"modified":"2025-09-20T19:34:41","modified_gmt":"2025-09-20T17:34:41","slug":"kandal-ysteri","status":"publish","type":"post","link":"https:\/\/ostelandet.no\/en\/kandal-ysteri\/","title":{"rendered":"Kandal Ysteri"},"content":{"rendered":"<h2>\n\t\t<a href=\"https:\/\/ostelandet.no\/en\/produsenter\/\" title=\"PRODUCERS\" target=\"_self\" rel=\"noopener\">\n\t\tPRODUCERS\n\t\t<\/a>\n\t<\/h2>\n<h2>\n\t\tKandal Ysteri\n\t<\/h2>\n\t<p>Kandal is a village with long traditions of goat farming, and goat\u2019s cheese was made here until 1954. There was also a dairy school here, which trained over 200 dairy workers.<\/p>\n<p>Up until now, tourists have been asking for goat\u2019s cheese from Kandal, but we haven't had any cheese to offer (until now). At the beginning of 2021, we started producing brown goat\u2019s cheese according to Kandal tradition. The goats graze in spectacular scenery and they go to the mountain farm Myklandsst\u00f8ylen in the summer.<\/p>\n\t\t\t\t<img loading=\"lazy\" decoding=\"async\" src=\"https:\/\/ostelandet.no\/wp-content\/uploads\/2021\/05\/bilde_ostelandet_3-1024x516.jpg\" alt=\"Kandal Ysteri\" itemprop=\"image\" height=\"516\" width=\"1024\" title=\"Kandal Ysteri\" onerror=\"this.style.display='none'\"  \/>\n<h2>\n\t\tKandal Ysteri:\n\t<\/h2>\n\t\t\t <p>Address: Kandalsvegen 1362<br \/>Telephone: 95463034<br \/>E-mail: kontakt@kandalysteri.no<br \/>Website: See <a href=\"https:\/\/www.kandalysteri.no\/\">website<\/a> for full oversikt.G\u00e5rdsutsalg: Ja<\/p>\t\t\n\t<iframe src=\"https:\/\/www.google.com\/maps\/embed\/v1\/place?q=Kandal+Ysteri&#038;key=AIzaSyD09zQ9PNDNNy9TadMuzRV_UsPUoWKntt8\" aria-hidden=\"true\" title=\"Kandal Ysteri\"><\/iframe>\n<h2>\n\t\tCHEESES FROM THIS PRODUCER\n\t<\/h2>","protected":false},"excerpt":{"rendered":"<p>Kandal is a village with long traditions of goat farming, and goat\u2019s cheese was made here until 1954. There was also a dairy school here, which trained over 200 dairy workers.<\/p>","protected":false},"author":1,"featured_media":11240,"comment_status":"closed","ping_status":"closed","sticky":false,"template":"tpl-full-width.php","format":"standard","meta":{"_acf_changed":false,"footnotes":""},"categories":[45],"tags":[867,627,47,1002],"produsent-ostetype":[1125],"produsentfylke":[1107],"class_list":["post-4287","post","type-post","status-publish","format-standard","has-post-thumbnail","hentry","category-produsent","tag-gardsutsalg","tag-kandal-ysteri","tag-produsent","tag-produsentvestland","produsent-ostetype-brunost","produsentfylke-vestland"],"acf":[],"yoast_head":"<!-- This site is optimized with the Yoast SEO plugin v26.1.1 - https:\/\/yoast.com\/wordpress\/plugins\/seo\/ -->\n<title>Kandal Ysteri - Ostelandet Norge<\/title>\n<meta name=\"description\" content=\"I bakkene mellom Skjortefjellet og Breimsvatnet finner du Kandal. Bygda har lange tradisjonar for foredling av melk, og har blant annet huset en meieriskole.&#039; Kandal Ysteri i bakkane mellom Skjortefjellet og Breimsvatnet- Bygda har lange tradisjonar for foredling av mj\u00f8lk og mellom anna husa ein meieriskule. - I dag er det Solveig og Erlend som ystar av mj\u00f8lk fr\u00e5 eigne geiter i Neretunet. Det er mor og son som held den 130 \u00e5r gamle tradisjonen i hevd. - Bes\u00f8k gjerne ysteriet, som ligg spektakul\u00e6rt og naturskj\u00f8nt til like ved ein hemmeleg foss omgjeven av nysgjerrige geiter og sauer.\" \/>\n<meta name=\"robots\" content=\"index, follow, max-snippet:-1, max-image-preview:large, max-video-preview:-1\" \/>\n<link rel=\"canonical\" href=\"https:\/\/ostelandet.no\/en\/kandal-ysteri\/\" \/>\n<meta property=\"og:locale\" content=\"en_US\" \/>\n<meta property=\"og:type\" content=\"article\" \/>\n<meta property=\"og:title\" content=\"Kandal Ysteri - Ostelandet Norge\" \/>\n<meta property=\"og:description\" content=\"I bakkene mellom Skjortefjellet og Breimsvatnet finner du Kandal. Bygda har lange tradisjonar for foredling av melk, og har blant annet huset en meieriskole.&#039; Kandal Ysteri i bakkane mellom Skjortefjellet og Breimsvatnet- Bygda har lange tradisjonar for foredling av mj\u00f8lk og mellom anna husa ein meieriskule. - I dag er det Solveig og Erlend som ystar av mj\u00f8lk fr\u00e5 eigne geiter i Neretunet. Det er mor og son som held den 130 \u00e5r gamle tradisjonen i hevd. - Bes\u00f8k gjerne ysteriet, som ligg spektakul\u00e6rt og naturskj\u00f8nt til like ved ein hemmeleg foss omgjeven av nysgjerrige geiter og sauer.\" \/>\n<meta property=\"og:url\" content=\"https:\/\/ostelandet.no\/en\/kandal-ysteri\/\" \/>\n<meta property=\"og:site_name\" content=\"Ostelandet Norge\" \/>\n<meta property=\"article:publisher\" content=\"https:\/\/www.facebook.com\/ostelandet-101474925294974\" \/>\n<meta property=\"article:published_time\" content=\"2021-05-08T06:45:25+00:00\" \/>\n<meta property=\"article:modified_time\" content=\"2025-09-20T17:34:41+00:00\" \/>\n<meta property=\"og:image\" content=\"https:\/\/ostelandet.no\/wp-content\/uploads\/2021\/05\/Kandal_719x495.jpg\" \/>\n\t<meta property=\"og:image:width\" content=\"719\" \/>\n\t<meta property=\"og:image:height\" content=\"495\" \/>\n\t<meta property=\"og:image:type\" content=\"image\/jpeg\" \/>\n<meta name=\"author\" content=\"eliho\" \/>\n<meta name=\"twitter:card\" content=\"summary_large_image\" \/>\n<meta name=\"twitter:label1\" content=\"Written by\" \/>\n\t<meta name=\"twitter:data1\" content=\"eliho\" \/>\n\t<meta name=\"twitter:label2\" content=\"Est. reading time\" \/>\n\t<meta name=\"twitter:data2\" content=\"1 minute\" \/>\n<script type=\"application\/ld+json\" class=\"yoast-schema-graph\">{\"@context\":\"https:\/\/schema.org\",\"@graph\":[{\"@type\":\"Article\",\"@id\":\"https:\/\/ostelandet.no\/kandal-ysteri\/#article\",\"isPartOf\":{\"@id\":\"https:\/\/ostelandet.no\/kandal-ysteri\/\"},\"author\":{\"name\":\"eliho\",\"@id\":\"https:\/\/ostelandet.no\/#\/schema\/person\/5875f248502ea0794dca05f9ea518440\"},\"headline\":\"Kandal Ysteri\",\"datePublished\":\"2021-05-08T06:45:25+00:00\",\"dateModified\":\"2025-09-20T17:34:41+00:00\",\"mainEntityOfPage\":{\"@id\":\"https:\/\/ostelandet.no\/kandal-ysteri\/\"},\"wordCount\":98,\"publisher\":{\"@id\":\"https:\/\/ostelandet.no\/#organization\"},\"image\":{\"@id\":\"https:\/\/ostelandet.no\/kandal-ysteri\/#primaryimage\"},\"thumbnailUrl\":\"https:\/\/ostelandet.no\/wp-content\/uploads\/2021\/05\/Kandal_719x495.jpg\",\"keywords\":[\"g\u00e5rdsutsalg\",\"Kandal Ysteri\",\"produsent\",\"Produsent Vestland\"],\"articleSection\":[\"Produsent\"],\"inLanguage\":\"en-US\"},{\"@type\":\"WebPage\",\"@id\":\"https:\/\/ostelandet.no\/kandal-ysteri\/\",\"url\":\"https:\/\/ostelandet.no\/kandal-ysteri\/\",\"name\":\"Kandal Ysteri - Ostelandet Norge\",\"isPartOf\":{\"@id\":\"https:\/\/ostelandet.no\/#website\"},\"primaryImageOfPage\":{\"@id\":\"https:\/\/ostelandet.no\/kandal-ysteri\/#primaryimage\"},\"image\":{\"@id\":\"https:\/\/ostelandet.no\/kandal-ysteri\/#primaryimage\"},\"thumbnailUrl\":\"https:\/\/ostelandet.no\/wp-content\/uploads\/2021\/05\/Kandal_719x495.jpg\",\"datePublished\":\"2021-05-08T06:45:25+00:00\",\"dateModified\":\"2025-09-20T17:34:41+00:00\",\"description\":\"I bakkene mellom Skjortefjellet og Breimsvatnet finner du Kandal. Bygda har lange tradisjonar for foredling av melk, og har blant annet huset en meieriskole.' Kandal Ysteri i bakkane mellom Skjortefjellet og Breimsvatnet- Bygda har lange tradisjonar for foredling av mj\u00f8lk og mellom anna husa ein meieriskule. - I dag er det Solveig og Erlend som ystar av mj\u00f8lk fr\u00e5 eigne geiter i Neretunet. Det er mor og son som held den 130 \u00e5r gamle tradisjonen i hevd. - Bes\u00f8k gjerne ysteriet, som ligg spektakul\u00e6rt og naturskj\u00f8nt til like ved ein hemmeleg foss omgjeven av nysgjerrige geiter og sauer.\",\"breadcrumb\":{\"@id\":\"https:\/\/ostelandet.no\/kandal-ysteri\/#breadcrumb\"},\"inLanguage\":\"en-US\",\"potentialAction\":[{\"@type\":\"ReadAction\",\"target\":[\"https:\/\/ostelandet.no\/kandal-ysteri\/\"]}]},{\"@type\":\"ImageObject\",\"inLanguage\":\"en-US\",\"@id\":\"https:\/\/ostelandet.no\/kandal-ysteri\/#primaryimage\",\"url\":\"https:\/\/ostelandet.no\/wp-content\/uploads\/2021\/05\/Kandal_719x495.jpg\",\"contentUrl\":\"https:\/\/ostelandet.no\/wp-content\/uploads\/2021\/05\/Kandal_719x495.jpg\",\"width\":719,\"height\":495},{\"@type\":\"BreadcrumbList\",\"@id\":\"https:\/\/ostelandet.no\/kandal-ysteri\/#breadcrumb\",\"itemListElement\":[{\"@type\":\"ListItem\",\"position\":1,\"name\":\"Hjem\",\"item\":\"https:\/\/ostelandet.no\/\"},{\"@type\":\"ListItem\",\"position\":2,\"name\":\"Kandal Ysteri\"}]},{\"@type\":\"WebSite\",\"@id\":\"https:\/\/ostelandet.no\/#website\",\"url\":\"https:\/\/ostelandet.no\/\",\"name\":\"Ostelandet Norge\",\"description\":\"- L\u00e6r mer om norsk ost\",\"publisher\":{\"@id\":\"https:\/\/ostelandet.no\/#organization\"},\"potentialAction\":[{\"@type\":\"SearchAction\",\"target\":{\"@type\":\"EntryPoint\",\"urlTemplate\":\"https:\/\/ostelandet.no\/?s={search_term_string}\"},\"query-input\":{\"@type\":\"PropertyValueSpecification\",\"valueRequired\":true,\"valueName\":\"search_term_string\"}}],\"inLanguage\":\"en-US\"},{\"@type\":\"Organization\",\"@id\":\"https:\/\/ostelandet.no\/#organization\",\"name\":\"HANEN\",\"url\":\"https:\/\/ostelandet.no\/\",\"logo\":{\"@type\":\"ImageObject\",\"inLanguage\":\"en-US\",\"@id\":\"https:\/\/ostelandet.no\/#\/schema\/logo\/image\/\",\"url\":\"https:\/\/ostelandet.no\/wp-content\/uploads\/2021\/09\/ostelandet_norge_2farger_mork_hierarkisk.png\",\"contentUrl\":\"https:\/\/ostelandet.no\/wp-content\/uploads\/2021\/09\/ostelandet_norge_2farger_mork_hierarkisk.png\",\"width\":2062,\"height\":1223,\"caption\":\"HANEN\"},\"image\":{\"@id\":\"https:\/\/ostelandet.no\/#\/schema\/logo\/image\/\"},\"sameAs\":[\"https:\/\/www.facebook.com\/ostelandet-101474925294974\",\"https:\/\/www.instagram.com\/ostelandet\/\",\"https:\/\/www.linkedin.com\/showcase\/ostelandet-norge\/\"]},{\"@type\":\"Person\",\"@id\":\"https:\/\/ostelandet.no\/#\/schema\/person\/5875f248502ea0794dca05f9ea518440\",\"name\":\"eliho\",\"image\":{\"@type\":\"ImageObject\",\"inLanguage\":\"en-US\",\"@id\":\"https:\/\/ostelandet.no\/#\/schema\/person\/image\/\",\"url\":\"https:\/\/secure.gravatar.com\/avatar\/ea2d2e46de429e0415a330ea57f41bc101fea116d020ec3116a6fc2817d801cc?s=96&d=mm&r=g\",\"contentUrl\":\"https:\/\/secure.gravatar.com\/avatar\/ea2d2e46de429e0415a330ea57f41bc101fea116d020ec3116a6fc2817d801cc?s=96&d=mm&r=g\",\"caption\":\"eliho\"},\"url\":\"https:\/\/ostelandet.no\/en\/author\/eliho\/\"}]}<\/script>\n<!-- \/ Yoast SEO plugin. -->","yoast_head_json":{"title":"Kandal Ysteri - Ostelandet Norge","description":"I bakkene mellom Skjortefjellet og Breimsvatnet finner du Kandal. Bygda har lange tradisjonar for foredling av melk, og har blant annet huset en meieriskole.' Kandal Ysteri i bakkane mellom Skjortefjellet og Breimsvatnet- Bygda har lange tradisjonar for foredling av mj\u00f8lk og mellom anna husa ein meieriskule. - I dag er det Solveig og Erlend som ystar av mj\u00f8lk fr\u00e5 eigne geiter i Neretunet. Det er mor og son som held den 130 \u00e5r gamle tradisjonen i hevd. - Bes\u00f8k gjerne ysteriet, som ligg spektakul\u00e6rt og naturskj\u00f8nt til like ved ein hemmeleg foss omgjeven av nysgjerrige geiter og sauer.","robots":{"index":"index","follow":"follow","max-snippet":"max-snippet:-1","max-image-preview":"max-image-preview:large","max-video-preview":"max-video-preview:-1"},"canonical":"https:\/\/ostelandet.no\/en\/kandal-ysteri\/","og_locale":"en_US","og_type":"article","og_title":"Kandal Ysteri - Ostelandet Norge","og_description":"I bakkene mellom Skjortefjellet og Breimsvatnet finner du Kandal. Bygda har lange tradisjonar for foredling av melk, og har blant annet huset en meieriskole.' Kandal Ysteri i bakkane mellom Skjortefjellet og Breimsvatnet- Bygda har lange tradisjonar for foredling av mj\u00f8lk og mellom anna husa ein meieriskule. - I dag er det Solveig og Erlend som ystar av mj\u00f8lk fr\u00e5 eigne geiter i Neretunet. Det er mor og son som held den 130 \u00e5r gamle tradisjonen i hevd. - Bes\u00f8k gjerne ysteriet, som ligg spektakul\u00e6rt og naturskj\u00f8nt til like ved ein hemmeleg foss omgjeven av nysgjerrige geiter og sauer.","og_url":"https:\/\/ostelandet.no\/en\/kandal-ysteri\/","og_site_name":"Ostelandet Norge","article_publisher":"https:\/\/www.facebook.com\/ostelandet-101474925294974","article_published_time":"2021-05-08T06:45:25+00:00","article_modified_time":"2025-09-20T17:34:41+00:00","og_image":[{"width":719,"height":495,"url":"https:\/\/ostelandet.no\/wp-content\/uploads\/2021\/05\/Kandal_719x495.jpg","type":"image\/jpeg"}],"author":"eliho","twitter_card":"summary_large_image","twitter_misc":{"Written by":"eliho","Est. reading time":"1 minute"},"schema":{"@context":"https:\/\/schema.org","@graph":[{"@type":"Article","@id":"https:\/\/ostelandet.no\/kandal-ysteri\/#article","isPartOf":{"@id":"https:\/\/ostelandet.no\/kandal-ysteri\/"},"author":{"name":"eliho","@id":"https:\/\/ostelandet.no\/#\/schema\/person\/5875f248502ea0794dca05f9ea518440"},"headline":"Kandal Ysteri","datePublished":"2021-05-08T06:45:25+00:00","dateModified":"2025-09-20T17:34:41+00:00","mainEntityOfPage":{"@id":"https:\/\/ostelandet.no\/kandal-ysteri\/"},"wordCount":98,"publisher":{"@id":"https:\/\/ostelandet.no\/#organization"},"image":{"@id":"https:\/\/ostelandet.no\/kandal-ysteri\/#primaryimage"},"thumbnailUrl":"https:\/\/ostelandet.no\/wp-content\/uploads\/2021\/05\/Kandal_719x495.jpg","keywords":["g\u00e5rdsutsalg","Kandal Ysteri","produsent","Produsent Vestland"],"articleSection":["Produsent"],"inLanguage":"en-US"},{"@type":"WebPage","@id":"https:\/\/ostelandet.no\/kandal-ysteri\/","url":"https:\/\/ostelandet.no\/kandal-ysteri\/","name":"Kandal Ysteri - Ostelandet Norge","isPartOf":{"@id":"https:\/\/ostelandet.no\/#website"},"primaryImageOfPage":{"@id":"https:\/\/ostelandet.no\/kandal-ysteri\/#primaryimage"},"image":{"@id":"https:\/\/ostelandet.no\/kandal-ysteri\/#primaryimage"},"thumbnailUrl":"https:\/\/ostelandet.no\/wp-content\/uploads\/2021\/05\/Kandal_719x495.jpg","datePublished":"2021-05-08T06:45:25+00:00","dateModified":"2025-09-20T17:34:41+00:00","description":"I bakkene mellom Skjortefjellet og Breimsvatnet finner du Kandal. Bygda har lange tradisjonar for foredling av melk, og har blant annet huset en meieriskole.' Kandal Ysteri i bakkane mellom Skjortefjellet og Breimsvatnet- Bygda har lange tradisjonar for foredling av mj\u00f8lk og mellom anna husa ein meieriskule. - I dag er det Solveig og Erlend som ystar av mj\u00f8lk fr\u00e5 eigne geiter i Neretunet. Det er mor og son som held den 130 \u00e5r gamle tradisjonen i hevd. - Bes\u00f8k gjerne ysteriet, som ligg spektakul\u00e6rt og naturskj\u00f8nt til like ved ein hemmeleg foss omgjeven av nysgjerrige geiter og sauer.","breadcrumb":{"@id":"https:\/\/ostelandet.no\/kandal-ysteri\/#breadcrumb"},"inLanguage":"en-US","potentialAction":[{"@type":"ReadAction","target":["https:\/\/ostelandet.no\/kandal-ysteri\/"]}]},{"@type":"ImageObject","inLanguage":"en-US","@id":"https:\/\/ostelandet.no\/kandal-ysteri\/#primaryimage","url":"https:\/\/ostelandet.no\/wp-content\/uploads\/2021\/05\/Kandal_719x495.jpg","contentUrl":"https:\/\/ostelandet.no\/wp-content\/uploads\/2021\/05\/Kandal_719x495.jpg","width":719,"height":495},{"@type":"BreadcrumbList","@id":"https:\/\/ostelandet.no\/kandal-ysteri\/#breadcrumb","itemListElement":[{"@type":"ListItem","position":1,"name":"Hjem","item":"https:\/\/ostelandet.no\/"},{"@type":"ListItem","position":2,"name":"Kandal Ysteri"}]},{"@type":"WebSite","@id":"https:\/\/ostelandet.no\/#website","url":"https:\/\/ostelandet.no\/","name":"Ostelandet Norge","description":"- L\u00e6r mer om norsk ost","publisher":{"@id":"https:\/\/ostelandet.no\/#organization"},"potentialAction":[{"@type":"SearchAction","target":{"@type":"EntryPoint","urlTemplate":"https:\/\/ostelandet.no\/?s={search_term_string}"},"query-input":{"@type":"PropertyValueSpecification","valueRequired":true,"valueName":"search_term_string"}}],"inLanguage":"en-US"},{"@type":"Organization","@id":"https:\/\/ostelandet.no\/#organization","name":"HANEN","url":"https:\/\/ostelandet.no\/","logo":{"@type":"ImageObject","inLanguage":"en-US","@id":"https:\/\/ostelandet.no\/#\/schema\/logo\/image\/","url":"https:\/\/ostelandet.no\/wp-content\/uploads\/2021\/09\/ostelandet_norge_2farger_mork_hierarkisk.png","contentUrl":"https:\/\/ostelandet.no\/wp-content\/uploads\/2021\/09\/ostelandet_norge_2farger_mork_hierarkisk.png","width":2062,"height":1223,"caption":"HANEN"},"image":{"@id":"https:\/\/ostelandet.no\/#\/schema\/logo\/image\/"},"sameAs":["https:\/\/www.facebook.com\/ostelandet-101474925294974","https:\/\/www.instagram.com\/ostelandet\/","https:\/\/www.linkedin.com\/showcase\/ostelandet-norge\/"]},{"@type":"Person","@id":"https:\/\/ostelandet.no\/#\/schema\/person\/5875f248502ea0794dca05f9ea518440","name":"eliho","image":{"@type":"ImageObject","inLanguage":"en-US","@id":"https:\/\/ostelandet.no\/#\/schema\/person\/image\/","url":"https:\/\/secure.gravatar.com\/avatar\/ea2d2e46de429e0415a330ea57f41bc101fea116d020ec3116a6fc2817d801cc?s=96&d=mm&r=g","contentUrl":"https:\/\/secure.gravatar.com\/avatar\/ea2d2e46de429e0415a330ea57f41bc101fea116d020ec3116a6fc2817d801cc?s=96&d=mm&r=g","caption":"eliho"},"url":"https:\/\/ostelandet.no\/en\/author\/eliho\/"}]}},"_links":{"self":[{"href":"https:\/\/ostelandet.no\/en\/wp-json\/wp\/v2\/posts\/4287","targetHints":{"allow":["GET"]}}],"collection":[{"href":"https:\/\/ostelandet.no\/en\/wp-json\/wp\/v2\/posts"}],"about":[{"href":"https:\/\/ostelandet.no\/en\/wp-json\/wp\/v2\/types\/post"}],"author":[{"embeddable":true,"href":"https:\/\/ostelandet.no\/en\/wp-json\/wp\/v2\/users\/1"}],"replies":[{"embeddable":true,"href":"https:\/\/ostelandet.no\/en\/wp-json\/wp\/v2\/comments?post=4287"}],"version-history":[{"count":11,"href":"https:\/\/ostelandet.no\/en\/wp-json\/wp\/v2\/posts\/4287\/revisions"}],"predecessor-version":[{"id":12702,"href":"https:\/\/ostelandet.no\/en\/wp-json\/wp\/v2\/posts\/4287\/revisions\/12702"}],"wp:featuredmedia":[{"embeddable":true,"href":"https:\/\/ostelandet.no\/en\/wp-json\/wp\/v2\/media\/11240"}],"wp:attachment":[{"href":"https:\/\/ostelandet.no\/en\/wp-json\/wp\/v2\/media?parent=4287"}],"wp:term":[{"taxonomy":"category","embeddable":true,"href":"https:\/\/ostelandet.no\/en\/wp-json\/wp\/v2\/categories?post=4287"},{"taxonomy":"post_tag","embeddable":true,"href":"https:\/\/ostelandet.no\/en\/wp-json\/wp\/v2\/tags?post=4287"},{"taxonomy":"produsent-ostetype","embeddable":true,"href":"https:\/\/ostelandet.no\/en\/wp-json\/wp\/v2\/produsent-ostetype?post=4287"},{"taxonomy":"produsentfylke","embeddable":true,"href":"https:\/\/ostelandet.no\/en\/wp-json\/wp\/v2\/produsentfylke?post=4287"}],"curies":[{"name":"wp","href":"https:\/\/api.w.org\/{rel}","templated":true}]}}