{"id":4253,"date":"2021-05-06T22:15:39","date_gmt":"2021-05-06T20:15:39","guid":{"rendered":"https:\/\/ostelandet.no\/ost\/?p=4253"},"modified":"2025-09-20T19:36:53","modified_gmt":"2025-09-20T17:36:53","slug":"tveras-gardsmat","status":"publish","type":"post","link":"https:\/\/ostelandet.no\/en\/tveras-gardsmat\/","title":{"rendered":"Tver\u00e5s G\u00e5rdsmat"},"content":{"rendered":"<h2>\n\t\t<a href=\"https:\/\/ostelandet.no\/en\/produsenter\/\" title=\"PRODUCERS\" target=\"_self\" rel=\"noopener\">\n\t\tPRODUCERS\n\t\t<\/a>\n\t<\/h2>\n<h2>\n\t\tTver\u00e5s G\u00e5rdsmat\n\t<\/h2>\n\t<p>Tver\u00e5s S\u00f8ndre (Tver\u00e5s South) is a farm located at the head of the Trondheim Fjord opposite the village of Malm in Tr\u00f8ndelag. The farm dates all the way back to the 1600s. Old traditions such as cooking \u201cgomme\u201d (traditional cheese) have been preserved through generations. Around the farm is an ecosystem where cows and sheep graze and nurture a lush cultural landscape that is rich in wild plants. The production is organic, and everything is made from our own milk.<\/p>\n<p>Our award-winning Vaniljeprim (vanilla prim, a traditional cheese) has a caramelized and rich flavour with an addition of real vanilla. Mors gomme brings back good childhood memories. Everything is made from our own organic milk production at the family farm Tver\u00e5s S\u00f8ndre. Here we preserve old traditions and bring them into the future.<\/p>\n\t\t\t\t<img loading=\"lazy\" decoding=\"async\" src=\"https:\/\/ostelandet.no\/wp-content\/uploads\/2021\/05\/Tvera\u030as_Kyr-og-Stula\u030an-1024x641.jpg\" alt=\"Tver\u00e5s G\u00e5rdsmat\" itemprop=\"image\" height=\"641\" width=\"1024\" onerror=\"this.style.display='none'\"  \/>\n<h2>\n\t\tTver\u00e5s G\u00e5rdsmat:\n\t<\/h2>\n\t\t\t <p>Address: TVER\u00c5SVEGEN 23, 7790 Malm<br \/>Telephone: <a href=\"http:\/\/95252356\" data-wplink-url-error=\"true\">+47 95252356<\/a><br \/>E-mail:\u00a0 <a href=\"mailto:birgtve@outlook.com\">birgtve@outlook.com<\/a><br \/>Website: <a href=\"https:\/\/www.facebook.com\/tveraasgaardsmat\/\" target=\"_blank\" rel=\"noopener noreferrer\">See our page on Facebook.<\/a><br \/>Farm shop: No\u00a0\u00a0<\/p>\t\t\n\t<iframe src=\"https:\/\/www.google.com\/maps\/embed\/v1\/place?q=TVER%C3%85SVEGEN+23%2C+7790+Malm&#038;key=AIzaSyD09zQ9PNDNNy9TadMuzRV_UsPUoWKntt8\" aria-hidden=\"true\" title=\"Tver\u00e5&#039;s farm food\"><\/iframe>\n<h2>\n\t\tCHEESES FROM THIS PRODUCER\n\t<\/h2>","protected":false},"excerpt":{"rendered":"<p>Tver\u00e5s S\u00f8ndre (Tver\u00e5s South) is a farm located at the head of the Trondheim Fjord opposite the village of Malm in Tr\u00f8ndelag. The farm dates all the way back to the 1600s. <\/p>","protected":false},"author":1,"featured_media":11138,"comment_status":"closed","ping_status":"closed","sticky":false,"template":"tpl-full-width.php","format":"standard","meta":{"_acf_changed":false,"footnotes":""},"categories":[45],"tags":[47,1008,617,46],"produsent-ostetype":[1126],"produsentfylke":[1116],"class_list":["post-4253","post","type-post","status-publish","format-standard","has-post-thumbnail","hentry","category-produsent","tag-produsent","tag-produsenttrondelag","tag-tveras-gardsmat","tag-ysteri","produsent-ostetype-tradisjonsost","produsentfylke-trondelag"],"acf":[],"yoast_head":"<!-- This site is optimized with the Yoast SEO plugin v26.1.1 - https:\/\/yoast.com\/wordpress\/plugins\/seo\/ -->\n<title>Tver\u00e5s G\u00e5rdsmat - Ostelandet Norge<\/title>\n<meta name=\"description\" content=\"Tver\u00e5s S\u00f8ndre er et g\u00e5rdsbruk som ligger innerst i Trondheimsfjorden like overfor tettstedet Malm i Tr\u00f8ndelag. Her har det v\u00e6rt drift helt tilbake til 1600-tallet.\" \/>\n<meta name=\"robots\" content=\"index, follow, max-snippet:-1, max-image-preview:large, max-video-preview:-1\" \/>\n<link rel=\"canonical\" href=\"https:\/\/ostelandet.no\/en\/tveras-gardsmat\/\" \/>\n<meta property=\"og:locale\" content=\"en_US\" \/>\n<meta property=\"og:type\" content=\"article\" \/>\n<meta property=\"og:title\" content=\"Tver\u00e5s G\u00e5rdsmat - Ostelandet Norge\" \/>\n<meta property=\"og:description\" content=\"Tver\u00e5s S\u00f8ndre er et g\u00e5rdsbruk som ligger innerst i Trondheimsfjorden like overfor tettstedet Malm i Tr\u00f8ndelag. Her har det v\u00e6rt drift helt tilbake til 1600-tallet.\" \/>\n<meta property=\"og:url\" content=\"https:\/\/ostelandet.no\/en\/tveras-gardsmat\/\" \/>\n<meta property=\"og:site_name\" content=\"Ostelandet Norge\" \/>\n<meta property=\"article:publisher\" content=\"https:\/\/www.facebook.com\/ostelandet-101474925294974\" \/>\n<meta property=\"article:published_time\" content=\"2021-05-06T20:15:39+00:00\" \/>\n<meta property=\"article:modified_time\" content=\"2025-09-20T17:36:53+00:00\" \/>\n<meta property=\"og:image\" content=\"https:\/\/ostelandet.no\/wp-content\/uploads\/2021\/05\/Tveras_Kyr-og-Stulan_719x495.jpg\" \/>\n\t<meta property=\"og:image:width\" content=\"719\" \/>\n\t<meta property=\"og:image:height\" content=\"495\" \/>\n\t<meta property=\"og:image:type\" content=\"image\/jpeg\" \/>\n<meta name=\"author\" content=\"eliho\" \/>\n<meta name=\"twitter:card\" content=\"summary_large_image\" \/>\n<meta name=\"twitter:label1\" content=\"Written by\" \/>\n\t<meta name=\"twitter:data1\" content=\"eliho\" \/>\n\t<meta name=\"twitter:label2\" content=\"Est. reading time\" \/>\n\t<meta name=\"twitter:data2\" content=\"2 minutes\" \/>\n<script type=\"application\/ld+json\" class=\"yoast-schema-graph\">{\"@context\":\"https:\/\/schema.org\",\"@graph\":[{\"@type\":\"Article\",\"@id\":\"https:\/\/ostelandet.no\/tveras-gardsmat\/#article\",\"isPartOf\":{\"@id\":\"https:\/\/ostelandet.no\/tveras-gardsmat\/\"},\"author\":{\"name\":\"eliho\",\"@id\":\"https:\/\/ostelandet.no\/#\/schema\/person\/5875f248502ea0794dca05f9ea518440\"},\"headline\":\"Tver\u00e5s G\u00e5rdsmat\",\"datePublished\":\"2021-05-06T20:15:39+00:00\",\"dateModified\":\"2025-09-20T17:36:53+00:00\",\"mainEntityOfPage\":{\"@id\":\"https:\/\/ostelandet.no\/tveras-gardsmat\/\"},\"wordCount\":160,\"publisher\":{\"@id\":\"https:\/\/ostelandet.no\/#organization\"},\"image\":{\"@id\":\"https:\/\/ostelandet.no\/tveras-gardsmat\/#primaryimage\"},\"thumbnailUrl\":\"https:\/\/ostelandet.no\/wp-content\/uploads\/2021\/05\/Tveras_Kyr-og-Stulan_719x495.jpg\",\"keywords\":[\"produsent\",\"ProdusentTr\u00f8ndelag\",\"Tver\u00e5s G\u00e5rdsmat\",\"ysteri\"],\"articleSection\":[\"Produsent\"],\"inLanguage\":\"en-US\"},{\"@type\":\"WebPage\",\"@id\":\"https:\/\/ostelandet.no\/tveras-gardsmat\/\",\"url\":\"https:\/\/ostelandet.no\/tveras-gardsmat\/\",\"name\":\"Tver\u00e5s G\u00e5rdsmat - Ostelandet Norge\",\"isPartOf\":{\"@id\":\"https:\/\/ostelandet.no\/#website\"},\"primaryImageOfPage\":{\"@id\":\"https:\/\/ostelandet.no\/tveras-gardsmat\/#primaryimage\"},\"image\":{\"@id\":\"https:\/\/ostelandet.no\/tveras-gardsmat\/#primaryimage\"},\"thumbnailUrl\":\"https:\/\/ostelandet.no\/wp-content\/uploads\/2021\/05\/Tveras_Kyr-og-Stulan_719x495.jpg\",\"datePublished\":\"2021-05-06T20:15:39+00:00\",\"dateModified\":\"2025-09-20T17:36:53+00:00\",\"description\":\"Tver\u00e5s S\u00f8ndre er et g\u00e5rdsbruk som ligger innerst i Trondheimsfjorden like overfor tettstedet Malm i Tr\u00f8ndelag. Her har det v\u00e6rt drift helt tilbake til 1600-tallet.\",\"breadcrumb\":{\"@id\":\"https:\/\/ostelandet.no\/tveras-gardsmat\/#breadcrumb\"},\"inLanguage\":\"en-US\",\"potentialAction\":[{\"@type\":\"ReadAction\",\"target\":[\"https:\/\/ostelandet.no\/tveras-gardsmat\/\"]}]},{\"@type\":\"ImageObject\",\"inLanguage\":\"en-US\",\"@id\":\"https:\/\/ostelandet.no\/tveras-gardsmat\/#primaryimage\",\"url\":\"https:\/\/ostelandet.no\/wp-content\/uploads\/2021\/05\/Tveras_Kyr-og-Stulan_719x495.jpg\",\"contentUrl\":\"https:\/\/ostelandet.no\/wp-content\/uploads\/2021\/05\/Tveras_Kyr-og-Stulan_719x495.jpg\",\"width\":719,\"height\":495},{\"@type\":\"BreadcrumbList\",\"@id\":\"https:\/\/ostelandet.no\/tveras-gardsmat\/#breadcrumb\",\"itemListElement\":[{\"@type\":\"ListItem\",\"position\":1,\"name\":\"Hjem\",\"item\":\"https:\/\/ostelandet.no\/\"},{\"@type\":\"ListItem\",\"position\":2,\"name\":\"Tver\u00e5s G\u00e5rdsmat\"}]},{\"@type\":\"WebSite\",\"@id\":\"https:\/\/ostelandet.no\/#website\",\"url\":\"https:\/\/ostelandet.no\/\",\"name\":\"Ostelandet Norge\",\"description\":\"- L\u00e6r mer om norsk ost\",\"publisher\":{\"@id\":\"https:\/\/ostelandet.no\/#organization\"},\"potentialAction\":[{\"@type\":\"SearchAction\",\"target\":{\"@type\":\"EntryPoint\",\"urlTemplate\":\"https:\/\/ostelandet.no\/?s={search_term_string}\"},\"query-input\":{\"@type\":\"PropertyValueSpecification\",\"valueRequired\":true,\"valueName\":\"search_term_string\"}}],\"inLanguage\":\"en-US\"},{\"@type\":\"Organization\",\"@id\":\"https:\/\/ostelandet.no\/#organization\",\"name\":\"HANEN\",\"url\":\"https:\/\/ostelandet.no\/\",\"logo\":{\"@type\":\"ImageObject\",\"inLanguage\":\"en-US\",\"@id\":\"https:\/\/ostelandet.no\/#\/schema\/logo\/image\/\",\"url\":\"https:\/\/ostelandet.no\/wp-content\/uploads\/2021\/09\/ostelandet_norge_2farger_mork_hierarkisk.png\",\"contentUrl\":\"https:\/\/ostelandet.no\/wp-content\/uploads\/2021\/09\/ostelandet_norge_2farger_mork_hierarkisk.png\",\"width\":2062,\"height\":1223,\"caption\":\"HANEN\"},\"image\":{\"@id\":\"https:\/\/ostelandet.no\/#\/schema\/logo\/image\/\"},\"sameAs\":[\"https:\/\/www.facebook.com\/ostelandet-101474925294974\",\"https:\/\/www.instagram.com\/ostelandet\/\",\"https:\/\/www.linkedin.com\/showcase\/ostelandet-norge\/\"]},{\"@type\":\"Person\",\"@id\":\"https:\/\/ostelandet.no\/#\/schema\/person\/5875f248502ea0794dca05f9ea518440\",\"name\":\"eliho\",\"image\":{\"@type\":\"ImageObject\",\"inLanguage\":\"en-US\",\"@id\":\"https:\/\/ostelandet.no\/#\/schema\/person\/image\/\",\"url\":\"https:\/\/secure.gravatar.com\/avatar\/ea2d2e46de429e0415a330ea57f41bc101fea116d020ec3116a6fc2817d801cc?s=96&d=mm&r=g\",\"contentUrl\":\"https:\/\/secure.gravatar.com\/avatar\/ea2d2e46de429e0415a330ea57f41bc101fea116d020ec3116a6fc2817d801cc?s=96&d=mm&r=g\",\"caption\":\"eliho\"},\"url\":\"https:\/\/ostelandet.no\/en\/author\/eliho\/\"}]}<\/script>\n<!-- \/ Yoast SEO plugin. -->","yoast_head_json":{"title":"Tver\u00e5s G\u00e5rdsmat - Ostelandet Norge","description":"Tver\u00e5s S\u00f8ndre er et g\u00e5rdsbruk som ligger innerst i Trondheimsfjorden like overfor tettstedet Malm i Tr\u00f8ndelag. Her har det v\u00e6rt drift helt tilbake til 1600-tallet.","robots":{"index":"index","follow":"follow","max-snippet":"max-snippet:-1","max-image-preview":"max-image-preview:large","max-video-preview":"max-video-preview:-1"},"canonical":"https:\/\/ostelandet.no\/en\/tveras-gardsmat\/","og_locale":"en_US","og_type":"article","og_title":"Tver\u00e5s G\u00e5rdsmat - Ostelandet Norge","og_description":"Tver\u00e5s S\u00f8ndre er et g\u00e5rdsbruk som ligger innerst i Trondheimsfjorden like overfor tettstedet Malm i Tr\u00f8ndelag. Her har det v\u00e6rt drift helt tilbake til 1600-tallet.","og_url":"https:\/\/ostelandet.no\/en\/tveras-gardsmat\/","og_site_name":"Ostelandet Norge","article_publisher":"https:\/\/www.facebook.com\/ostelandet-101474925294974","article_published_time":"2021-05-06T20:15:39+00:00","article_modified_time":"2025-09-20T17:36:53+00:00","og_image":[{"width":719,"height":495,"url":"https:\/\/ostelandet.no\/wp-content\/uploads\/2021\/05\/Tveras_Kyr-og-Stulan_719x495.jpg","type":"image\/jpeg"}],"author":"eliho","twitter_card":"summary_large_image","twitter_misc":{"Written by":"eliho","Est. reading time":"2 minutes"},"schema":{"@context":"https:\/\/schema.org","@graph":[{"@type":"Article","@id":"https:\/\/ostelandet.no\/tveras-gardsmat\/#article","isPartOf":{"@id":"https:\/\/ostelandet.no\/tveras-gardsmat\/"},"author":{"name":"eliho","@id":"https:\/\/ostelandet.no\/#\/schema\/person\/5875f248502ea0794dca05f9ea518440"},"headline":"Tver\u00e5s G\u00e5rdsmat","datePublished":"2021-05-06T20:15:39+00:00","dateModified":"2025-09-20T17:36:53+00:00","mainEntityOfPage":{"@id":"https:\/\/ostelandet.no\/tveras-gardsmat\/"},"wordCount":160,"publisher":{"@id":"https:\/\/ostelandet.no\/#organization"},"image":{"@id":"https:\/\/ostelandet.no\/tveras-gardsmat\/#primaryimage"},"thumbnailUrl":"https:\/\/ostelandet.no\/wp-content\/uploads\/2021\/05\/Tveras_Kyr-og-Stulan_719x495.jpg","keywords":["produsent","ProdusentTr\u00f8ndelag","Tver\u00e5s G\u00e5rdsmat","ysteri"],"articleSection":["Produsent"],"inLanguage":"en-US"},{"@type":"WebPage","@id":"https:\/\/ostelandet.no\/tveras-gardsmat\/","url":"https:\/\/ostelandet.no\/tveras-gardsmat\/","name":"Tver\u00e5s G\u00e5rdsmat - Ostelandet Norge","isPartOf":{"@id":"https:\/\/ostelandet.no\/#website"},"primaryImageOfPage":{"@id":"https:\/\/ostelandet.no\/tveras-gardsmat\/#primaryimage"},"image":{"@id":"https:\/\/ostelandet.no\/tveras-gardsmat\/#primaryimage"},"thumbnailUrl":"https:\/\/ostelandet.no\/wp-content\/uploads\/2021\/05\/Tveras_Kyr-og-Stulan_719x495.jpg","datePublished":"2021-05-06T20:15:39+00:00","dateModified":"2025-09-20T17:36:53+00:00","description":"Tver\u00e5s S\u00f8ndre er et g\u00e5rdsbruk som ligger innerst i Trondheimsfjorden like overfor tettstedet Malm i Tr\u00f8ndelag. Her har det v\u00e6rt drift helt tilbake til 1600-tallet.","breadcrumb":{"@id":"https:\/\/ostelandet.no\/tveras-gardsmat\/#breadcrumb"},"inLanguage":"en-US","potentialAction":[{"@type":"ReadAction","target":["https:\/\/ostelandet.no\/tveras-gardsmat\/"]}]},{"@type":"ImageObject","inLanguage":"en-US","@id":"https:\/\/ostelandet.no\/tveras-gardsmat\/#primaryimage","url":"https:\/\/ostelandet.no\/wp-content\/uploads\/2021\/05\/Tveras_Kyr-og-Stulan_719x495.jpg","contentUrl":"https:\/\/ostelandet.no\/wp-content\/uploads\/2021\/05\/Tveras_Kyr-og-Stulan_719x495.jpg","width":719,"height":495},{"@type":"BreadcrumbList","@id":"https:\/\/ostelandet.no\/tveras-gardsmat\/#breadcrumb","itemListElement":[{"@type":"ListItem","position":1,"name":"Hjem","item":"https:\/\/ostelandet.no\/"},{"@type":"ListItem","position":2,"name":"Tver\u00e5s G\u00e5rdsmat"}]},{"@type":"WebSite","@id":"https:\/\/ostelandet.no\/#website","url":"https:\/\/ostelandet.no\/","name":"Ostelandet Norge","description":"- L\u00e6r mer om norsk ost","publisher":{"@id":"https:\/\/ostelandet.no\/#organization"},"potentialAction":[{"@type":"SearchAction","target":{"@type":"EntryPoint","urlTemplate":"https:\/\/ostelandet.no\/?s={search_term_string}"},"query-input":{"@type":"PropertyValueSpecification","valueRequired":true,"valueName":"search_term_string"}}],"inLanguage":"en-US"},{"@type":"Organization","@id":"https:\/\/ostelandet.no\/#organization","name":"HANEN","url":"https:\/\/ostelandet.no\/","logo":{"@type":"ImageObject","inLanguage":"en-US","@id":"https:\/\/ostelandet.no\/#\/schema\/logo\/image\/","url":"https:\/\/ostelandet.no\/wp-content\/uploads\/2021\/09\/ostelandet_norge_2farger_mork_hierarkisk.png","contentUrl":"https:\/\/ostelandet.no\/wp-content\/uploads\/2021\/09\/ostelandet_norge_2farger_mork_hierarkisk.png","width":2062,"height":1223,"caption":"HANEN"},"image":{"@id":"https:\/\/ostelandet.no\/#\/schema\/logo\/image\/"},"sameAs":["https:\/\/www.facebook.com\/ostelandet-101474925294974","https:\/\/www.instagram.com\/ostelandet\/","https:\/\/www.linkedin.com\/showcase\/ostelandet-norge\/"]},{"@type":"Person","@id":"https:\/\/ostelandet.no\/#\/schema\/person\/5875f248502ea0794dca05f9ea518440","name":"eliho","image":{"@type":"ImageObject","inLanguage":"en-US","@id":"https:\/\/ostelandet.no\/#\/schema\/person\/image\/","url":"https:\/\/secure.gravatar.com\/avatar\/ea2d2e46de429e0415a330ea57f41bc101fea116d020ec3116a6fc2817d801cc?s=96&d=mm&r=g","contentUrl":"https:\/\/secure.gravatar.com\/avatar\/ea2d2e46de429e0415a330ea57f41bc101fea116d020ec3116a6fc2817d801cc?s=96&d=mm&r=g","caption":"eliho"},"url":"https:\/\/ostelandet.no\/en\/author\/eliho\/"}]}},"_links":{"self":[{"href":"https:\/\/ostelandet.no\/en\/wp-json\/wp\/v2\/posts\/4253","targetHints":{"allow":["GET"]}}],"collection":[{"href":"https:\/\/ostelandet.no\/en\/wp-json\/wp\/v2\/posts"}],"about":[{"href":"https:\/\/ostelandet.no\/en\/wp-json\/wp\/v2\/types\/post"}],"author":[{"embeddable":true,"href":"https:\/\/ostelandet.no\/en\/wp-json\/wp\/v2\/users\/1"}],"replies":[{"embeddable":true,"href":"https:\/\/ostelandet.no\/en\/wp-json\/wp\/v2\/comments?post=4253"}],"version-history":[{"count":16,"href":"https:\/\/ostelandet.no\/en\/wp-json\/wp\/v2\/posts\/4253\/revisions"}],"predecessor-version":[{"id":12767,"href":"https:\/\/ostelandet.no\/en\/wp-json\/wp\/v2\/posts\/4253\/revisions\/12767"}],"wp:featuredmedia":[{"embeddable":true,"href":"https:\/\/ostelandet.no\/en\/wp-json\/wp\/v2\/media\/11138"}],"wp:attachment":[{"href":"https:\/\/ostelandet.no\/en\/wp-json\/wp\/v2\/media?parent=4253"}],"wp:term":[{"taxonomy":"category","embeddable":true,"href":"https:\/\/ostelandet.no\/en\/wp-json\/wp\/v2\/categories?post=4253"},{"taxonomy":"post_tag","embeddable":true,"href":"https:\/\/ostelandet.no\/en\/wp-json\/wp\/v2\/tags?post=4253"},{"taxonomy":"produsent-ostetype","embeddable":true,"href":"https:\/\/ostelandet.no\/en\/wp-json\/wp\/v2\/produsent-ostetype?post=4253"},{"taxonomy":"produsentfylke","embeddable":true,"href":"https:\/\/ostelandet.no\/en\/wp-json\/wp\/v2\/produsentfylke?post=4253"}],"curies":[{"name":"wp","href":"https:\/\/api.w.org\/{rel}","templated":true}]}}