{"id":4215,"date":"2021-05-06T18:04:41","date_gmt":"2021-05-06T16:04:41","guid":{"rendered":"https:\/\/ostelandet.no\/ost\/?p=4215"},"modified":"2025-09-20T19:38:25","modified_gmt":"2025-09-20T17:38:25","slug":"skarrbo-gard","status":"publish","type":"post","link":"https:\/\/ostelandet.no\/en\/skarrbo-gard\/","title":{"rendered":"Skarrbo G\u00e5rd"},"content":{"rendered":"<h2>\n\t\t<a href=\"https:\/\/ostelandet.no\/en\/produsenter\/\" title=\"PRODUCERS\" target=\"_self\" rel=\"noopener\">\n\t\tPRODUCERS\n\t\t<\/a>\n\t<\/h2>\n<h2>\n\t\tSkarrbo G\u00e5rdsysteri\n\t<\/h2>\n\t<p>Skarrbo G\u00e5rd er en familiedrevet g\u00e5rd, med ti melkekyr, 250 h\u00f8ner og et knippe sp\u00e6lsau.<\/p>\n<p>G\u00e5rden har v\u00e6rt drevet med \u00f8kologisk melkeproduksjon siden 1991 og eget ysteri siden 2001. Skarrbo G\u00e5rdsysteri var ogs\u00e5 blant pionerene som jobbet fram muligheten for upasteurisert ysting i Norge.<\/p>\n<p>Markus og Elisabeth driver videre som andre generasjon og satser p\u00e5 de gode melkeproduktene fra de ti Jarlsbergkuene som beiter i skogen hele sommeren. Vi satser p\u00e5 lokal ressursbruk, bruker lite kraftfor og har stor fokus p\u00e5 dyrevelferd. Kalvene f\u00e5r g\u00e5 sammen med mora i 6 uker f\u00f8r avvenning. Alt kj\u00f8tt selges direkte til privatkunder, butikker og restauranter.<\/p>\n<p>V\u00e5re kunder opplever og framhever produktenes kvalitet, og sammen med de tas mange grep for b\u00e6rekraft og dyrevelferd som ligger i g\u00e5rdsdriften. Dette dekker kvalitetsbegrepet og alt som ligger bak selve produktet. Denne historien jobber vi med \u00e5 formidle.<\/p>\n<p>Vi produserer Skarrbo spesial som er en fastost av kumelk, en slags type gouda,\u00a0 Skarrbo N\u00f8kkelost som ogs\u00e5 er en fastost av kumelk, Skarrbo Halloumi, Ricotta, yoghurt og surmelk.<\/p>\n\t\t\t\t<img loading=\"lazy\" decoding=\"async\" src=\"https:\/\/ostelandet.no\/wp-content\/uploads\/2021\/05\/8ef910e0a14f4e9ebc215ad44e3901de.jpg\" alt=\"Skarrbo G\u00e5rdsysteri\" itemprop=\"image\" height=\"638\" width=\"640\" title=\"Skarrbo G\u00e5rdsysteri\" onerror=\"this.style.display='none'\"  \/>\n<h2>\n\t\tSkarrbo G\u00e5rdsysteri:\n\t<\/h2>\n\t\t\t <p>Address: Langeliveien 12, 3089 Holmestrand<br \/>Telephone: 93028263<br \/>Email: markuskoot@hotmail.com<br \/>Nettsted: http:\/\/skarrbo.noG\u00e5rdsutsalg: Ja &#8211; alltid \u00e5pent, men lurt \u00e5 ringe p\u00e5 forh\u00e5nd.<\/p>\t\t\n\t<iframe src=\"https:\/\/www.google.com\/maps\/embed\/v1\/place?q=Skarrbo+G%C3%A5rd&#038;key=AIzaSyD09zQ9PNDNNy9TadMuzRV_UsPUoWKntt8\" aria-hidden=\"true\" title=\"Skarrbo G\u00e5rd\"><\/iframe>\n<h2>\n\t\tCHEESES FROM THIS PRODUCER\n\t<\/h2>","protected":false},"excerpt":{"rendered":"<p>Skarrbo G\u00e5rd is a family-run farm, with ten dairy cows, 250 hens and a handful of sheep of the breed Norwegian Short Tail Landrace. The farm has been run with organic milk production since 1991 and its own dairy since 2001.<\/p>","protected":false},"author":1,"featured_media":11150,"comment_status":"closed","ping_status":"closed","sticky":false,"template":"tpl-full-width.php","format":"standard","meta":{"_acf_changed":false,"footnotes":""},"categories":[45],"tags":[867,47,1011,611,46],"produsent-ostetype":[1121,1123],"produsentfylke":[1108],"class_list":["post-4215","post","type-post","status-publish","format-standard","has-post-thumbnail","hentry","category-produsent","tag-gardsutsalg","tag-produsent","tag-produsentvestfold-og-telemark","tag-skarrbo-gardsysteri","tag-ysteri","produsent-ostetype-fastost","produsent-ostetype-ferskost","produsentfylke-vestfold-og-telemark"],"acf":[],"yoast_head":"<!-- This site is optimized with the Yoast SEO plugin v26.1.1 - https:\/\/yoast.com\/wordpress\/plugins\/seo\/ -->\n<title>Skarrbo G\u00e5rd - Ostelandet Norge<\/title>\n<meta name=\"description\" content=\"Skarrbo G\u00e5rd er en familiedrevet g\u00e5rd, med ti melkekyr, 250 h\u00f8ner og et knippe sp\u00e6lsau. Samt \u00f8kologisk melkeproduksjon siden 1991 og eget ysteri siden 2001.\" \/>\n<meta name=\"robots\" content=\"index, follow, max-snippet:-1, max-image-preview:large, max-video-preview:-1\" \/>\n<link rel=\"canonical\" href=\"https:\/\/ostelandet.no\/en\/skarrbo-gard\/\" \/>\n<meta property=\"og:locale\" content=\"en_US\" \/>\n<meta property=\"og:type\" content=\"article\" \/>\n<meta property=\"og:title\" content=\"Skarrbo G\u00e5rd - Ostelandet Norge\" \/>\n<meta property=\"og:description\" content=\"Skarrbo G\u00e5rd er en familiedrevet g\u00e5rd, med ti melkekyr, 250 h\u00f8ner og et knippe sp\u00e6lsau. Samt \u00f8kologisk melkeproduksjon siden 1991 og eget ysteri siden 2001.\" \/>\n<meta property=\"og:url\" content=\"https:\/\/ostelandet.no\/en\/skarrbo-gard\/\" \/>\n<meta property=\"og:site_name\" content=\"Ostelandet Norge\" \/>\n<meta property=\"article:publisher\" content=\"https:\/\/www.facebook.com\/ostelandet-101474925294974\" \/>\n<meta property=\"article:published_time\" content=\"2021-05-06T16:04:41+00:00\" \/>\n<meta property=\"article:modified_time\" content=\"2025-09-20T17:38:25+00:00\" \/>\n<meta property=\"og:image\" content=\"https:\/\/ostelandet.no\/wp-content\/uploads\/2021\/05\/Skarrbo_gard_719x495.jpg\" \/>\n\t<meta property=\"og:image:width\" content=\"719\" \/>\n\t<meta property=\"og:image:height\" content=\"495\" \/>\n\t<meta property=\"og:image:type\" content=\"image\/jpeg\" \/>\n<meta name=\"author\" content=\"eliho\" \/>\n<meta name=\"twitter:card\" content=\"summary_large_image\" \/>\n<meta name=\"twitter:label1\" content=\"Written by\" \/>\n\t<meta name=\"twitter:data1\" content=\"eliho\" \/>\n\t<meta name=\"twitter:label2\" content=\"Est. reading time\" \/>\n\t<meta name=\"twitter:data2\" content=\"3 minutes\" \/>\n<script type=\"application\/ld+json\" class=\"yoast-schema-graph\">{\"@context\":\"https:\/\/schema.org\",\"@graph\":[{\"@type\":\"Article\",\"@id\":\"https:\/\/ostelandet.no\/skarrbo-gard\/#article\",\"isPartOf\":{\"@id\":\"https:\/\/ostelandet.no\/skarrbo-gard\/\"},\"author\":{\"name\":\"eliho\",\"@id\":\"https:\/\/ostelandet.no\/#\/schema\/person\/5875f248502ea0794dca05f9ea518440\"},\"headline\":\"Skarrbo G\u00e5rd\",\"datePublished\":\"2021-05-06T16:04:41+00:00\",\"dateModified\":\"2025-09-20T17:38:25+00:00\",\"mainEntityOfPage\":{\"@id\":\"https:\/\/ostelandet.no\/skarrbo-gard\/\"},\"wordCount\":214,\"publisher\":{\"@id\":\"https:\/\/ostelandet.no\/#organization\"},\"image\":{\"@id\":\"https:\/\/ostelandet.no\/skarrbo-gard\/#primaryimage\"},\"thumbnailUrl\":\"https:\/\/ostelandet.no\/wp-content\/uploads\/2021\/05\/Skarrbo_gard_719x495.jpg\",\"keywords\":[\"g\u00e5rdsutsalg\",\"produsent\",\"Produsent Vestfold og Telemark\",\"Skarrbo G\u00e5rdsysteri\",\"ysteri\"],\"articleSection\":[\"Produsent\"],\"inLanguage\":\"en-US\"},{\"@type\":\"WebPage\",\"@id\":\"https:\/\/ostelandet.no\/skarrbo-gard\/\",\"url\":\"https:\/\/ostelandet.no\/skarrbo-gard\/\",\"name\":\"Skarrbo G\u00e5rd - Ostelandet Norge\",\"isPartOf\":{\"@id\":\"https:\/\/ostelandet.no\/#website\"},\"primaryImageOfPage\":{\"@id\":\"https:\/\/ostelandet.no\/skarrbo-gard\/#primaryimage\"},\"image\":{\"@id\":\"https:\/\/ostelandet.no\/skarrbo-gard\/#primaryimage\"},\"thumbnailUrl\":\"https:\/\/ostelandet.no\/wp-content\/uploads\/2021\/05\/Skarrbo_gard_719x495.jpg\",\"datePublished\":\"2021-05-06T16:04:41+00:00\",\"dateModified\":\"2025-09-20T17:38:25+00:00\",\"description\":\"Skarrbo G\u00e5rd er en familiedrevet g\u00e5rd, med ti melkekyr, 250 h\u00f8ner og et knippe sp\u00e6lsau. Samt \u00f8kologisk melkeproduksjon siden 1991 og eget ysteri siden 2001.\",\"breadcrumb\":{\"@id\":\"https:\/\/ostelandet.no\/skarrbo-gard\/#breadcrumb\"},\"inLanguage\":\"en-US\",\"potentialAction\":[{\"@type\":\"ReadAction\",\"target\":[\"https:\/\/ostelandet.no\/skarrbo-gard\/\"]}]},{\"@type\":\"ImageObject\",\"inLanguage\":\"en-US\",\"@id\":\"https:\/\/ostelandet.no\/skarrbo-gard\/#primaryimage\",\"url\":\"https:\/\/ostelandet.no\/wp-content\/uploads\/2021\/05\/Skarrbo_gard_719x495.jpg\",\"contentUrl\":\"https:\/\/ostelandet.no\/wp-content\/uploads\/2021\/05\/Skarrbo_gard_719x495.jpg\",\"width\":719,\"height\":495},{\"@type\":\"BreadcrumbList\",\"@id\":\"https:\/\/ostelandet.no\/skarrbo-gard\/#breadcrumb\",\"itemListElement\":[{\"@type\":\"ListItem\",\"position\":1,\"name\":\"Hjem\",\"item\":\"https:\/\/ostelandet.no\/\"},{\"@type\":\"ListItem\",\"position\":2,\"name\":\"Skarrbo G\u00e5rd\"}]},{\"@type\":\"WebSite\",\"@id\":\"https:\/\/ostelandet.no\/#website\",\"url\":\"https:\/\/ostelandet.no\/\",\"name\":\"Ostelandet Norge\",\"description\":\"- L\u00e6r mer om norsk ost\",\"publisher\":{\"@id\":\"https:\/\/ostelandet.no\/#organization\"},\"potentialAction\":[{\"@type\":\"SearchAction\",\"target\":{\"@type\":\"EntryPoint\",\"urlTemplate\":\"https:\/\/ostelandet.no\/?s={search_term_string}\"},\"query-input\":{\"@type\":\"PropertyValueSpecification\",\"valueRequired\":true,\"valueName\":\"search_term_string\"}}],\"inLanguage\":\"en-US\"},{\"@type\":\"Organization\",\"@id\":\"https:\/\/ostelandet.no\/#organization\",\"name\":\"HANEN\",\"url\":\"https:\/\/ostelandet.no\/\",\"logo\":{\"@type\":\"ImageObject\",\"inLanguage\":\"en-US\",\"@id\":\"https:\/\/ostelandet.no\/#\/schema\/logo\/image\/\",\"url\":\"https:\/\/ostelandet.no\/wp-content\/uploads\/2021\/09\/ostelandet_norge_2farger_mork_hierarkisk.png\",\"contentUrl\":\"https:\/\/ostelandet.no\/wp-content\/uploads\/2021\/09\/ostelandet_norge_2farger_mork_hierarkisk.png\",\"width\":2062,\"height\":1223,\"caption\":\"HANEN\"},\"image\":{\"@id\":\"https:\/\/ostelandet.no\/#\/schema\/logo\/image\/\"},\"sameAs\":[\"https:\/\/www.facebook.com\/ostelandet-101474925294974\",\"https:\/\/www.instagram.com\/ostelandet\/\",\"https:\/\/www.linkedin.com\/showcase\/ostelandet-norge\/\"]},{\"@type\":\"Person\",\"@id\":\"https:\/\/ostelandet.no\/#\/schema\/person\/5875f248502ea0794dca05f9ea518440\",\"name\":\"eliho\",\"image\":{\"@type\":\"ImageObject\",\"inLanguage\":\"en-US\",\"@id\":\"https:\/\/ostelandet.no\/#\/schema\/person\/image\/\",\"url\":\"https:\/\/secure.gravatar.com\/avatar\/ea2d2e46de429e0415a330ea57f41bc101fea116d020ec3116a6fc2817d801cc?s=96&d=mm&r=g\",\"contentUrl\":\"https:\/\/secure.gravatar.com\/avatar\/ea2d2e46de429e0415a330ea57f41bc101fea116d020ec3116a6fc2817d801cc?s=96&d=mm&r=g\",\"caption\":\"eliho\"},\"url\":\"https:\/\/ostelandet.no\/en\/author\/eliho\/\"}]}<\/script>\n<!-- \/ Yoast SEO plugin. -->","yoast_head_json":{"title":"Skarrbo G\u00e5rd - Ostelandet Norge","description":"Skarrbo G\u00e5rd er en familiedrevet g\u00e5rd, med ti melkekyr, 250 h\u00f8ner og et knippe sp\u00e6lsau. Samt \u00f8kologisk melkeproduksjon siden 1991 og eget ysteri siden 2001.","robots":{"index":"index","follow":"follow","max-snippet":"max-snippet:-1","max-image-preview":"max-image-preview:large","max-video-preview":"max-video-preview:-1"},"canonical":"https:\/\/ostelandet.no\/en\/skarrbo-gard\/","og_locale":"en_US","og_type":"article","og_title":"Skarrbo G\u00e5rd - Ostelandet Norge","og_description":"Skarrbo G\u00e5rd er en familiedrevet g\u00e5rd, med ti melkekyr, 250 h\u00f8ner og et knippe sp\u00e6lsau. Samt \u00f8kologisk melkeproduksjon siden 1991 og eget ysteri siden 2001.","og_url":"https:\/\/ostelandet.no\/en\/skarrbo-gard\/","og_site_name":"Ostelandet Norge","article_publisher":"https:\/\/www.facebook.com\/ostelandet-101474925294974","article_published_time":"2021-05-06T16:04:41+00:00","article_modified_time":"2025-09-20T17:38:25+00:00","og_image":[{"width":719,"height":495,"url":"https:\/\/ostelandet.no\/wp-content\/uploads\/2021\/05\/Skarrbo_gard_719x495.jpg","type":"image\/jpeg"}],"author":"eliho","twitter_card":"summary_large_image","twitter_misc":{"Written by":"eliho","Est. reading time":"3 minutes"},"schema":{"@context":"https:\/\/schema.org","@graph":[{"@type":"Article","@id":"https:\/\/ostelandet.no\/skarrbo-gard\/#article","isPartOf":{"@id":"https:\/\/ostelandet.no\/skarrbo-gard\/"},"author":{"name":"eliho","@id":"https:\/\/ostelandet.no\/#\/schema\/person\/5875f248502ea0794dca05f9ea518440"},"headline":"Skarrbo G\u00e5rd","datePublished":"2021-05-06T16:04:41+00:00","dateModified":"2025-09-20T17:38:25+00:00","mainEntityOfPage":{"@id":"https:\/\/ostelandet.no\/skarrbo-gard\/"},"wordCount":214,"publisher":{"@id":"https:\/\/ostelandet.no\/#organization"},"image":{"@id":"https:\/\/ostelandet.no\/skarrbo-gard\/#primaryimage"},"thumbnailUrl":"https:\/\/ostelandet.no\/wp-content\/uploads\/2021\/05\/Skarrbo_gard_719x495.jpg","keywords":["g\u00e5rdsutsalg","produsent","Produsent Vestfold og Telemark","Skarrbo G\u00e5rdsysteri","ysteri"],"articleSection":["Produsent"],"inLanguage":"en-US"},{"@type":"WebPage","@id":"https:\/\/ostelandet.no\/skarrbo-gard\/","url":"https:\/\/ostelandet.no\/skarrbo-gard\/","name":"Skarrbo G\u00e5rd - Ostelandet Norge","isPartOf":{"@id":"https:\/\/ostelandet.no\/#website"},"primaryImageOfPage":{"@id":"https:\/\/ostelandet.no\/skarrbo-gard\/#primaryimage"},"image":{"@id":"https:\/\/ostelandet.no\/skarrbo-gard\/#primaryimage"},"thumbnailUrl":"https:\/\/ostelandet.no\/wp-content\/uploads\/2021\/05\/Skarrbo_gard_719x495.jpg","datePublished":"2021-05-06T16:04:41+00:00","dateModified":"2025-09-20T17:38:25+00:00","description":"Skarrbo G\u00e5rd er en familiedrevet g\u00e5rd, med ti melkekyr, 250 h\u00f8ner og et knippe sp\u00e6lsau. Samt \u00f8kologisk melkeproduksjon siden 1991 og eget ysteri siden 2001.","breadcrumb":{"@id":"https:\/\/ostelandet.no\/skarrbo-gard\/#breadcrumb"},"inLanguage":"en-US","potentialAction":[{"@type":"ReadAction","target":["https:\/\/ostelandet.no\/skarrbo-gard\/"]}]},{"@type":"ImageObject","inLanguage":"en-US","@id":"https:\/\/ostelandet.no\/skarrbo-gard\/#primaryimage","url":"https:\/\/ostelandet.no\/wp-content\/uploads\/2021\/05\/Skarrbo_gard_719x495.jpg","contentUrl":"https:\/\/ostelandet.no\/wp-content\/uploads\/2021\/05\/Skarrbo_gard_719x495.jpg","width":719,"height":495},{"@type":"BreadcrumbList","@id":"https:\/\/ostelandet.no\/skarrbo-gard\/#breadcrumb","itemListElement":[{"@type":"ListItem","position":1,"name":"Hjem","item":"https:\/\/ostelandet.no\/"},{"@type":"ListItem","position":2,"name":"Skarrbo G\u00e5rd"}]},{"@type":"WebSite","@id":"https:\/\/ostelandet.no\/#website","url":"https:\/\/ostelandet.no\/","name":"Ostelandet Norge","description":"- L\u00e6r mer om norsk ost","publisher":{"@id":"https:\/\/ostelandet.no\/#organization"},"potentialAction":[{"@type":"SearchAction","target":{"@type":"EntryPoint","urlTemplate":"https:\/\/ostelandet.no\/?s={search_term_string}"},"query-input":{"@type":"PropertyValueSpecification","valueRequired":true,"valueName":"search_term_string"}}],"inLanguage":"en-US"},{"@type":"Organization","@id":"https:\/\/ostelandet.no\/#organization","name":"HANEN","url":"https:\/\/ostelandet.no\/","logo":{"@type":"ImageObject","inLanguage":"en-US","@id":"https:\/\/ostelandet.no\/#\/schema\/logo\/image\/","url":"https:\/\/ostelandet.no\/wp-content\/uploads\/2021\/09\/ostelandet_norge_2farger_mork_hierarkisk.png","contentUrl":"https:\/\/ostelandet.no\/wp-content\/uploads\/2021\/09\/ostelandet_norge_2farger_mork_hierarkisk.png","width":2062,"height":1223,"caption":"HANEN"},"image":{"@id":"https:\/\/ostelandet.no\/#\/schema\/logo\/image\/"},"sameAs":["https:\/\/www.facebook.com\/ostelandet-101474925294974","https:\/\/www.instagram.com\/ostelandet\/","https:\/\/www.linkedin.com\/showcase\/ostelandet-norge\/"]},{"@type":"Person","@id":"https:\/\/ostelandet.no\/#\/schema\/person\/5875f248502ea0794dca05f9ea518440","name":"eliho","image":{"@type":"ImageObject","inLanguage":"en-US","@id":"https:\/\/ostelandet.no\/#\/schema\/person\/image\/","url":"https:\/\/secure.gravatar.com\/avatar\/ea2d2e46de429e0415a330ea57f41bc101fea116d020ec3116a6fc2817d801cc?s=96&d=mm&r=g","contentUrl":"https:\/\/secure.gravatar.com\/avatar\/ea2d2e46de429e0415a330ea57f41bc101fea116d020ec3116a6fc2817d801cc?s=96&d=mm&r=g","caption":"eliho"},"url":"https:\/\/ostelandet.no\/en\/author\/eliho\/"}]}},"_links":{"self":[{"href":"https:\/\/ostelandet.no\/en\/wp-json\/wp\/v2\/posts\/4215","targetHints":{"allow":["GET"]}}],"collection":[{"href":"https:\/\/ostelandet.no\/en\/wp-json\/wp\/v2\/posts"}],"about":[{"href":"https:\/\/ostelandet.no\/en\/wp-json\/wp\/v2\/types\/post"}],"author":[{"embeddable":true,"href":"https:\/\/ostelandet.no\/en\/wp-json\/wp\/v2\/users\/1"}],"replies":[{"embeddable":true,"href":"https:\/\/ostelandet.no\/en\/wp-json\/wp\/v2\/comments?post=4215"}],"version-history":[{"count":16,"href":"https:\/\/ostelandet.no\/en\/wp-json\/wp\/v2\/posts\/4215\/revisions"}],"predecessor-version":[{"id":12739,"href":"https:\/\/ostelandet.no\/en\/wp-json\/wp\/v2\/posts\/4215\/revisions\/12739"}],"wp:featuredmedia":[{"embeddable":true,"href":"https:\/\/ostelandet.no\/en\/wp-json\/wp\/v2\/media\/11150"}],"wp:attachment":[{"href":"https:\/\/ostelandet.no\/en\/wp-json\/wp\/v2\/media?parent=4215"}],"wp:term":[{"taxonomy":"category","embeddable":true,"href":"https:\/\/ostelandet.no\/en\/wp-json\/wp\/v2\/categories?post=4215"},{"taxonomy":"post_tag","embeddable":true,"href":"https:\/\/ostelandet.no\/en\/wp-json\/wp\/v2\/tags?post=4215"},{"taxonomy":"produsent-ostetype","embeddable":true,"href":"https:\/\/ostelandet.no\/en\/wp-json\/wp\/v2\/produsent-ostetype?post=4215"},{"taxonomy":"produsentfylke","embeddable":true,"href":"https:\/\/ostelandet.no\/en\/wp-json\/wp\/v2\/produsentfylke?post=4215"}],"curies":[{"name":"wp","href":"https:\/\/api.w.org\/{rel}","templated":true}]}}