{"id":3918,"date":"2021-05-02T18:55:52","date_gmt":"2021-05-02T16:55:52","guid":{"rendered":"https:\/\/ostelandet.no\/ost\/?p=3918"},"modified":"2023-07-27T13:43:38","modified_gmt":"2023-07-27T11:43:38","slug":"nokkelost","status":"publish","type":"post","link":"https:\/\/ostelandet.no\/en\/nokkelost\/","title":{"rendered":"Snertingdal Ysteri Key cheese"},"content":{"rendered":"<h2>\n\t\tHARD CHEESE\n\t<\/h2>\n<h2>\n\t\tN\u00f8kkelost\n\t<\/h2>\n\t<p><strong>Producer<\/strong>:&nbsp;<a href=\"https:\/\/ostelandet.no\/en\/ost\/snertingdal-ysteri\/\">Snertingdal Ysteri<\/a><\/p>\n<strong>Type<\/strong>: Hard cheese<br>\n<strong>Milk<\/strong>: Pasteurised cow\u2019s milk<br>\n<strong>Maturation time<\/strong>: Medium-matured\n<p><strong>Flavour<\/strong>: Traditional cheese with a taste of caraway. Round and unique flavour.<\/p>\n<p><strong>Description<\/strong>: The Lake Mj\u00f8sa area has a long tradition of caraway cheese. Our N\u00f8kkelost is rooted in local belonging and has a round and unique flavour that was well received by local cheese connoisseurs.<\/p>\n<p><strong>Retailers<\/strong>: <a href=\"https:\/\/snertingdalysteri.no\/#hjem\">Our own farm shop<\/a><\/p>\n\t\t\t\t<img loading=\"lazy\" decoding=\"async\" src=\"https:\/\/ostelandet.no\/wp-content\/uploads\/2021\/05\/rhj05339.jpg_snertingdal_ysteri_nkkelost-scaled-e1683123531294-600x433.jpg\" alt=\"Foto: Roger Hjelmseth\" itemprop=\"image\" height=\"433\" width=\"600\" title=\"rhj05339.jpg_snertingdal_ysteri_nkkelost\" onerror=\"this.style.display='none'\">\n<h2>\n\t\tMORE PRODUCTS FROM SNERTINGDAL YSTERI\n\t<\/h2>","protected":false},"excerpt":{"rendered":"<p>The Mj\u00f8sa area has a long tradition of cheese with caraway. Our key cheese is rooted in local affiliation and has a round and distinctive taste that was well received by local cheese connoisseurs.<\/p>","protected":false},"author":1,"featured_media":6158,"comment_status":"closed","ping_status":"closed","sticky":false,"template":"","format":"standard","meta":{"_acf_changed":false,"footnotes":""},"categories":[10],"tags":[360,41,295,191,162,37,166,240,552,553,466,504,196,551,554],"produsent-ostetype":[],"produsentfylke":[],"class_list":["post-3918","post","type-post","status-publish","format-standard","has-post-thumbnail","hentry","category-fastost","tag-fast","tag-fastost","tag-karve","tag-krydder","tag-krydderost","tag-kumelk","tag-modna-myke-og-faste-hvite-oster","tag-nokkelost","tag-nokkelost-fra-snertingdal-ysteri","tag-ost-fra-snertingdal-ysteri","tag-pasteurisert","tag-pasteurisert-kumelk","tag-rund","tag-snertingdal-ysteri","tag-saeregen"],"acf":[],"yoast_head":"<!-- This site is optimized with the Yoast SEO plugin v26.1.1 - https:\/\/yoast.com\/wordpress\/plugins\/seo\/ -->\n<title>Snertingdal Ysteri N\u00f8kkelost - Ostelandet Norge<\/title>\n<meta name=\"description\" content=\"Mj\u00f8sa-omr\u00e5det har en lang tradisjon for ost med karve. V\u00e5r n\u00f8kkelost har forankring i lokal tilh\u00f8righet og har en rund og s\u00e6regen smak som ble godt mottatt av lokale ostekjennere.\" \/>\n<meta name=\"robots\" content=\"index, follow, max-snippet:-1, max-image-preview:large, max-video-preview:-1\" \/>\n<link rel=\"canonical\" href=\"https:\/\/ostelandet.no\/en\/nokkelost\/\" \/>\n<meta property=\"og:locale\" content=\"en_US\" \/>\n<meta property=\"og:type\" content=\"article\" \/>\n<meta property=\"og:title\" content=\"Snertingdal Ysteri N\u00f8kkelost - Ostelandet Norge\" \/>\n<meta property=\"og:description\" content=\"Mj\u00f8sa-omr\u00e5det har en lang tradisjon for ost med karve. V\u00e5r n\u00f8kkelost har forankring i lokal tilh\u00f8righet og har en rund og s\u00e6regen smak som ble godt mottatt av lokale ostekjennere.\" \/>\n<meta property=\"og:url\" content=\"https:\/\/ostelandet.no\/en\/nokkelost\/\" \/>\n<meta property=\"og:site_name\" content=\"Ostelandet Norge\" \/>\n<meta property=\"article:publisher\" content=\"https:\/\/www.facebook.com\/ostelandet-101474925294974\" \/>\n<meta property=\"article:published_time\" content=\"2021-05-02T16:55:52+00:00\" \/>\n<meta property=\"article:modified_time\" content=\"2023-07-27T11:43:38+00:00\" \/>\n<meta property=\"og:image\" content=\"https:\/\/ostelandet.no\/wp-content\/uploads\/2021\/05\/rhj05339.jpg_snertingdal_ysteri_nkkelost-scaled-e1683123531294.jpg\" \/>\n\t<meta property=\"og:image:width\" content=\"2560\" \/>\n\t<meta property=\"og:image:height\" content=\"1849\" \/>\n\t<meta property=\"og:image:type\" content=\"image\/jpeg\" \/>\n<meta name=\"author\" content=\"eliho\" \/>\n<meta name=\"twitter:card\" content=\"summary_large_image\" \/>\n<meta name=\"twitter:label1\" content=\"Written by\" \/>\n\t<meta name=\"twitter:data1\" content=\"eliho\" \/>\n\t<meta name=\"twitter:label2\" content=\"Est. reading time\" \/>\n\t<meta name=\"twitter:data2\" content=\"1 minute\" \/>\n<script type=\"application\/ld+json\" class=\"yoast-schema-graph\">{\"@context\":\"https:\/\/schema.org\",\"@graph\":[{\"@type\":\"Article\",\"@id\":\"https:\/\/ostelandet.no\/nokkelost\/#article\",\"isPartOf\":{\"@id\":\"https:\/\/ostelandet.no\/nokkelost\/\"},\"author\":{\"name\":\"eliho\",\"@id\":\"https:\/\/ostelandet.no\/#\/schema\/person\/5875f248502ea0794dca05f9ea518440\"},\"headline\":\"Snertingdal Ysteri N\u00f8kkelost\",\"datePublished\":\"2021-05-02T16:55:52+00:00\",\"dateModified\":\"2023-07-27T11:43:38+00:00\",\"mainEntityOfPage\":{\"@id\":\"https:\/\/ostelandet.no\/nokkelost\/\"},\"wordCount\":75,\"publisher\":{\"@id\":\"https:\/\/ostelandet.no\/#organization\"},\"image\":{\"@id\":\"https:\/\/ostelandet.no\/nokkelost\/#primaryimage\"},\"thumbnailUrl\":\"https:\/\/ostelandet.no\/wp-content\/uploads\/2021\/05\/rhj05339.jpg_snertingdal_ysteri_nkkelost-scaled-e1764842946315.jpg\",\"keywords\":[\"fast\",\"fastost\",\"karve\",\"krydder\",\"krydderost\",\"Kumelk\",\"modna myke og faste hvite oster\",\"n\u00f8kkelost\",\"N\u00f8kkelost fra Snertingdal ysteri\",\"ost fra Snertingdal ysteri\",\"pasteurisert\",\"pasteurisert kumelk\",\"rund\",\"Snertingdal Ysteri\",\"s\u00e6regen\"],\"articleSection\":[\"Fastost\"],\"inLanguage\":\"en-US\"},{\"@type\":\"WebPage\",\"@id\":\"https:\/\/ostelandet.no\/nokkelost\/\",\"url\":\"https:\/\/ostelandet.no\/nokkelost\/\",\"name\":\"Snertingdal Ysteri N\u00f8kkelost - Ostelandet Norge\",\"isPartOf\":{\"@id\":\"https:\/\/ostelandet.no\/#website\"},\"primaryImageOfPage\":{\"@id\":\"https:\/\/ostelandet.no\/nokkelost\/#primaryimage\"},\"image\":{\"@id\":\"https:\/\/ostelandet.no\/nokkelost\/#primaryimage\"},\"thumbnailUrl\":\"https:\/\/ostelandet.no\/wp-content\/uploads\/2021\/05\/rhj05339.jpg_snertingdal_ysteri_nkkelost-scaled-e1764842946315.jpg\",\"datePublished\":\"2021-05-02T16:55:52+00:00\",\"dateModified\":\"2023-07-27T11:43:38+00:00\",\"description\":\"Mj\u00f8sa-omr\u00e5det har en lang tradisjon for ost med karve. V\u00e5r n\u00f8kkelost har forankring i lokal tilh\u00f8righet og har en rund og s\u00e6regen smak som ble godt mottatt av lokale ostekjennere.\",\"breadcrumb\":{\"@id\":\"https:\/\/ostelandet.no\/nokkelost\/#breadcrumb\"},\"inLanguage\":\"en-US\",\"potentialAction\":[{\"@type\":\"ReadAction\",\"target\":[\"https:\/\/ostelandet.no\/nokkelost\/\"]}]},{\"@type\":\"ImageObject\",\"inLanguage\":\"en-US\",\"@id\":\"https:\/\/ostelandet.no\/nokkelost\/#primaryimage\",\"url\":\"https:\/\/ostelandet.no\/wp-content\/uploads\/2021\/05\/rhj05339.jpg_snertingdal_ysteri_nkkelost-scaled-e1764842946315.jpg\",\"contentUrl\":\"https:\/\/ostelandet.no\/wp-content\/uploads\/2021\/05\/rhj05339.jpg_snertingdal_ysteri_nkkelost-scaled-e1764842946315.jpg\",\"width\":900,\"height\":650},{\"@type\":\"BreadcrumbList\",\"@id\":\"https:\/\/ostelandet.no\/nokkelost\/#breadcrumb\",\"itemListElement\":[{\"@type\":\"ListItem\",\"position\":1,\"name\":\"Hjem\",\"item\":\"https:\/\/ostelandet.no\/\"},{\"@type\":\"ListItem\",\"position\":2,\"name\":\"Snertingdal Ysteri N\u00f8kkelost\"}]},{\"@type\":\"WebSite\",\"@id\":\"https:\/\/ostelandet.no\/#website\",\"url\":\"https:\/\/ostelandet.no\/\",\"name\":\"Ostelandet Norge\",\"description\":\"- L\u00e6r mer om norsk ost\",\"publisher\":{\"@id\":\"https:\/\/ostelandet.no\/#organization\"},\"potentialAction\":[{\"@type\":\"SearchAction\",\"target\":{\"@type\":\"EntryPoint\",\"urlTemplate\":\"https:\/\/ostelandet.no\/?s={search_term_string}\"},\"query-input\":{\"@type\":\"PropertyValueSpecification\",\"valueRequired\":true,\"valueName\":\"search_term_string\"}}],\"inLanguage\":\"en-US\"},{\"@type\":\"Organization\",\"@id\":\"https:\/\/ostelandet.no\/#organization\",\"name\":\"HANEN\",\"url\":\"https:\/\/ostelandet.no\/\",\"logo\":{\"@type\":\"ImageObject\",\"inLanguage\":\"en-US\",\"@id\":\"https:\/\/ostelandet.no\/#\/schema\/logo\/image\/\",\"url\":\"https:\/\/ostelandet.no\/wp-content\/uploads\/2021\/09\/ostelandet_norge_2farger_mork_hierarkisk.png\",\"contentUrl\":\"https:\/\/ostelandet.no\/wp-content\/uploads\/2021\/09\/ostelandet_norge_2farger_mork_hierarkisk.png\",\"width\":2062,\"height\":1223,\"caption\":\"HANEN\"},\"image\":{\"@id\":\"https:\/\/ostelandet.no\/#\/schema\/logo\/image\/\"},\"sameAs\":[\"https:\/\/www.facebook.com\/ostelandet-101474925294974\",\"https:\/\/www.instagram.com\/ostelandet\/\",\"https:\/\/www.linkedin.com\/showcase\/ostelandet-norge\/\"]},{\"@type\":\"Person\",\"@id\":\"https:\/\/ostelandet.no\/#\/schema\/person\/5875f248502ea0794dca05f9ea518440\",\"name\":\"eliho\",\"image\":{\"@type\":\"ImageObject\",\"inLanguage\":\"en-US\",\"@id\":\"https:\/\/ostelandet.no\/#\/schema\/person\/image\/\",\"url\":\"https:\/\/secure.gravatar.com\/avatar\/ea2d2e46de429e0415a330ea57f41bc101fea116d020ec3116a6fc2817d801cc?s=96&d=mm&r=g\",\"contentUrl\":\"https:\/\/secure.gravatar.com\/avatar\/ea2d2e46de429e0415a330ea57f41bc101fea116d020ec3116a6fc2817d801cc?s=96&d=mm&r=g\",\"caption\":\"eliho\"},\"url\":\"https:\/\/ostelandet.no\/en\/author\/eliho\/\"}]}<\/script>\n<!-- \/ Yoast SEO plugin. -->","yoast_head_json":{"title":"Snertingdal Ysteri N\u00f8kkelost - Ostelandet Norge","description":"Mj\u00f8sa-omr\u00e5det har en lang tradisjon for ost med karve. V\u00e5r n\u00f8kkelost har forankring i lokal tilh\u00f8righet og har en rund og s\u00e6regen smak som ble godt mottatt av lokale ostekjennere.","robots":{"index":"index","follow":"follow","max-snippet":"max-snippet:-1","max-image-preview":"max-image-preview:large","max-video-preview":"max-video-preview:-1"},"canonical":"https:\/\/ostelandet.no\/en\/nokkelost\/","og_locale":"en_US","og_type":"article","og_title":"Snertingdal Ysteri N\u00f8kkelost - Ostelandet Norge","og_description":"Mj\u00f8sa-omr\u00e5det har en lang tradisjon for ost med karve. V\u00e5r n\u00f8kkelost har forankring i lokal tilh\u00f8righet og har en rund og s\u00e6regen smak som ble godt mottatt av lokale ostekjennere.","og_url":"https:\/\/ostelandet.no\/en\/nokkelost\/","og_site_name":"Ostelandet Norge","article_publisher":"https:\/\/www.facebook.com\/ostelandet-101474925294974","article_published_time":"2021-05-02T16:55:52+00:00","article_modified_time":"2023-07-27T11:43:38+00:00","og_image":[{"width":2560,"height":1849,"url":"https:\/\/ostelandet.no\/wp-content\/uploads\/2021\/05\/rhj05339.jpg_snertingdal_ysteri_nkkelost-scaled-e1683123531294.jpg","type":"image\/jpeg"}],"author":"eliho","twitter_card":"summary_large_image","twitter_misc":{"Written by":"eliho","Est. reading time":"1 minute"},"schema":{"@context":"https:\/\/schema.org","@graph":[{"@type":"Article","@id":"https:\/\/ostelandet.no\/nokkelost\/#article","isPartOf":{"@id":"https:\/\/ostelandet.no\/nokkelost\/"},"author":{"name":"eliho","@id":"https:\/\/ostelandet.no\/#\/schema\/person\/5875f248502ea0794dca05f9ea518440"},"headline":"Snertingdal Ysteri N\u00f8kkelost","datePublished":"2021-05-02T16:55:52+00:00","dateModified":"2023-07-27T11:43:38+00:00","mainEntityOfPage":{"@id":"https:\/\/ostelandet.no\/nokkelost\/"},"wordCount":75,"publisher":{"@id":"https:\/\/ostelandet.no\/#organization"},"image":{"@id":"https:\/\/ostelandet.no\/nokkelost\/#primaryimage"},"thumbnailUrl":"https:\/\/ostelandet.no\/wp-content\/uploads\/2021\/05\/rhj05339.jpg_snertingdal_ysteri_nkkelost-scaled-e1764842946315.jpg","keywords":["fast","fastost","karve","krydder","krydderost","Kumelk","modna myke og faste hvite oster","n\u00f8kkelost","N\u00f8kkelost fra Snertingdal ysteri","ost fra Snertingdal ysteri","pasteurisert","pasteurisert kumelk","rund","Snertingdal Ysteri","s\u00e6regen"],"articleSection":["Fastost"],"inLanguage":"en-US"},{"@type":"WebPage","@id":"https:\/\/ostelandet.no\/nokkelost\/","url":"https:\/\/ostelandet.no\/nokkelost\/","name":"Snertingdal Ysteri N\u00f8kkelost - Ostelandet Norge","isPartOf":{"@id":"https:\/\/ostelandet.no\/#website"},"primaryImageOfPage":{"@id":"https:\/\/ostelandet.no\/nokkelost\/#primaryimage"},"image":{"@id":"https:\/\/ostelandet.no\/nokkelost\/#primaryimage"},"thumbnailUrl":"https:\/\/ostelandet.no\/wp-content\/uploads\/2021\/05\/rhj05339.jpg_snertingdal_ysteri_nkkelost-scaled-e1764842946315.jpg","datePublished":"2021-05-02T16:55:52+00:00","dateModified":"2023-07-27T11:43:38+00:00","description":"Mj\u00f8sa-omr\u00e5det har en lang tradisjon for ost med karve. V\u00e5r n\u00f8kkelost har forankring i lokal tilh\u00f8righet og har en rund og s\u00e6regen smak som ble godt mottatt av lokale ostekjennere.","breadcrumb":{"@id":"https:\/\/ostelandet.no\/nokkelost\/#breadcrumb"},"inLanguage":"en-US","potentialAction":[{"@type":"ReadAction","target":["https:\/\/ostelandet.no\/nokkelost\/"]}]},{"@type":"ImageObject","inLanguage":"en-US","@id":"https:\/\/ostelandet.no\/nokkelost\/#primaryimage","url":"https:\/\/ostelandet.no\/wp-content\/uploads\/2021\/05\/rhj05339.jpg_snertingdal_ysteri_nkkelost-scaled-e1764842946315.jpg","contentUrl":"https:\/\/ostelandet.no\/wp-content\/uploads\/2021\/05\/rhj05339.jpg_snertingdal_ysteri_nkkelost-scaled-e1764842946315.jpg","width":900,"height":650},{"@type":"BreadcrumbList","@id":"https:\/\/ostelandet.no\/nokkelost\/#breadcrumb","itemListElement":[{"@type":"ListItem","position":1,"name":"Hjem","item":"https:\/\/ostelandet.no\/"},{"@type":"ListItem","position":2,"name":"Snertingdal Ysteri N\u00f8kkelost"}]},{"@type":"WebSite","@id":"https:\/\/ostelandet.no\/#website","url":"https:\/\/ostelandet.no\/","name":"Ostelandet Norge","description":"- L\u00e6r mer om norsk ost","publisher":{"@id":"https:\/\/ostelandet.no\/#organization"},"potentialAction":[{"@type":"SearchAction","target":{"@type":"EntryPoint","urlTemplate":"https:\/\/ostelandet.no\/?s={search_term_string}"},"query-input":{"@type":"PropertyValueSpecification","valueRequired":true,"valueName":"search_term_string"}}],"inLanguage":"en-US"},{"@type":"Organization","@id":"https:\/\/ostelandet.no\/#organization","name":"HANEN","url":"https:\/\/ostelandet.no\/","logo":{"@type":"ImageObject","inLanguage":"en-US","@id":"https:\/\/ostelandet.no\/#\/schema\/logo\/image\/","url":"https:\/\/ostelandet.no\/wp-content\/uploads\/2021\/09\/ostelandet_norge_2farger_mork_hierarkisk.png","contentUrl":"https:\/\/ostelandet.no\/wp-content\/uploads\/2021\/09\/ostelandet_norge_2farger_mork_hierarkisk.png","width":2062,"height":1223,"caption":"HANEN"},"image":{"@id":"https:\/\/ostelandet.no\/#\/schema\/logo\/image\/"},"sameAs":["https:\/\/www.facebook.com\/ostelandet-101474925294974","https:\/\/www.instagram.com\/ostelandet\/","https:\/\/www.linkedin.com\/showcase\/ostelandet-norge\/"]},{"@type":"Person","@id":"https:\/\/ostelandet.no\/#\/schema\/person\/5875f248502ea0794dca05f9ea518440","name":"eliho","image":{"@type":"ImageObject","inLanguage":"en-US","@id":"https:\/\/ostelandet.no\/#\/schema\/person\/image\/","url":"https:\/\/secure.gravatar.com\/avatar\/ea2d2e46de429e0415a330ea57f41bc101fea116d020ec3116a6fc2817d801cc?s=96&d=mm&r=g","contentUrl":"https:\/\/secure.gravatar.com\/avatar\/ea2d2e46de429e0415a330ea57f41bc101fea116d020ec3116a6fc2817d801cc?s=96&d=mm&r=g","caption":"eliho"},"url":"https:\/\/ostelandet.no\/en\/author\/eliho\/"}]}},"_links":{"self":[{"href":"https:\/\/ostelandet.no\/en\/wp-json\/wp\/v2\/posts\/3918","targetHints":{"allow":["GET"]}}],"collection":[{"href":"https:\/\/ostelandet.no\/en\/wp-json\/wp\/v2\/posts"}],"about":[{"href":"https:\/\/ostelandet.no\/en\/wp-json\/wp\/v2\/types\/post"}],"author":[{"embeddable":true,"href":"https:\/\/ostelandet.no\/en\/wp-json\/wp\/v2\/users\/1"}],"replies":[{"embeddable":true,"href":"https:\/\/ostelandet.no\/en\/wp-json\/wp\/v2\/comments?post=3918"}],"version-history":[{"count":8,"href":"https:\/\/ostelandet.no\/en\/wp-json\/wp\/v2\/posts\/3918\/revisions"}],"predecessor-version":[{"id":10307,"href":"https:\/\/ostelandet.no\/en\/wp-json\/wp\/v2\/posts\/3918\/revisions\/10307"}],"wp:featuredmedia":[{"embeddable":true,"href":"https:\/\/ostelandet.no\/en\/wp-json\/wp\/v2\/media\/6158"}],"wp:attachment":[{"href":"https:\/\/ostelandet.no\/en\/wp-json\/wp\/v2\/media?parent=3918"}],"wp:term":[{"taxonomy":"category","embeddable":true,"href":"https:\/\/ostelandet.no\/en\/wp-json\/wp\/v2\/categories?post=3918"},{"taxonomy":"post_tag","embeddable":true,"href":"https:\/\/ostelandet.no\/en\/wp-json\/wp\/v2\/tags?post=3918"},{"taxonomy":"produsent-ostetype","embeddable":true,"href":"https:\/\/ostelandet.no\/en\/wp-json\/wp\/v2\/produsent-ostetype?post=3918"},{"taxonomy":"produsentfylke","embeddable":true,"href":"https:\/\/ostelandet.no\/en\/wp-json\/wp\/v2\/produsentfylke?post=3918"}],"curies":[{"name":"wp","href":"https:\/\/api.w.org\/{rel}","templated":true}]}}