{"id":3912,"date":"2021-05-02T18:42:08","date_gmt":"2021-05-02T16:42:08","guid":{"rendered":"https:\/\/ostelandet.no\/ost\/?p=3912"},"modified":"2025-09-20T19:44:58","modified_gmt":"2025-09-20T17:44:58","slug":"snertingdal-ysteri","status":"publish","type":"post","link":"https:\/\/ostelandet.no\/en\/snertingdal-ysteri\/","title":{"rendered":"Snertingdal Ysteri"},"content":{"rendered":"<h2>\n\t\t<a href=\"https:\/\/ostelandet.no\/en\/produsenter\/\" title=\"PRODUCERS\" target=\"_self\" rel=\"noopener\">\n\t\tPRODUCERS\n\t\t<\/a>\n\t<\/h2>\n<h2>\n\t\tSnertingdal Ysteri\n\t<\/h2>\n\t<p>Snertingdal Ysteri is an old cheese factory from 1919 that has been restored from 2018 until today. We have started the cheese production up again, like they did 100 years ago. Here, we are preserving a strong cultural history and protection of buildings, creating jobs in the village, protecting the environment and bringing back the cheeses produced in this building.<\/p>\n<p>From us, you can get delicious N\u00f8kkelost (traditional cumin cheese), Gouda cheese, the blue cheese Snertingdal Bl\u00e5 Viking, and more.<\/p>\n\t\t\t\t<img loading=\"lazy\" decoding=\"async\" src=\"https:\/\/ostelandet.no\/wp-content\/uploads\/2021\/05\/Snertingdal_2-e1682681828163-1024x750.jpg\" alt=\"Snertingdal_2\" itemprop=\"image\" height=\"750\" width=\"1024\" title=\"Snertingdal_2\" onerror=\"this.style.display='none'\"  \/>\n<h2>\n\t\tSnertingdal G\u00e5rdsysteri:\n\t<\/h2>\n\t\t\t <p>Snertingdalsvegen 2168<br \/>Phone: +47 90596405<br \/>Email: torill@snertingdalysteri.no<br \/><a href=\"https:\/\/snertingdalysteri.no\/\">https:\/\/snertingdalysteri.no\/<\/a>Farm shop: Yes<\/p>\t\t\n\t<iframe src=\"https:\/\/www.google.com\/maps\/embed\/v1\/place?q=Snertingdalsvegenn+2168&#038;key=AIzaSyD09zQ9PNDNNy9TadMuzRV_UsPUoWKntt8\" aria-hidden=\"true\" title=\"Snertingdal G\u00e5rdsysteri\"><\/iframe>\n<h2>\n\t\tCHEESES FROM THIS PRODUCER\n\t<\/h2>","protected":false},"excerpt":{"rendered":"<p>Snertingdal Ysteri is an old cheese factory from 1919 that has been restored from 2018 until today. We have started the cheese production up again, like they did 100 years ago. Here, we are preserving a strong cultural history and protection of buildings, creating jobs in the village, protecting the environment and bringing back the cheeses produced in this building. <\/p>","protected":false},"author":1,"featured_media":11177,"comment_status":"closed","ping_status":"closed","sticky":false,"template":"tpl-full-width.php","format":"standard","meta":{"_acf_changed":false,"footnotes":""},"categories":[45],"tags":[867,47,1003,551,46],"produsent-ostetype":[1119,1121],"produsentfylke":[1113],"class_list":["post-3912","post","type-post","status-publish","format-standard","has-post-thumbnail","hentry","category-produsent","tag-gardsutsalg","tag-produsent","tag-produsentinnland","tag-snertingdal-ysteri","tag-ysteri","produsent-ostetype-blamugg","produsent-ostetype-fastost","produsentfylke-innland"],"acf":[],"yoast_head":"<!-- This site is optimized with the Yoast SEO plugin v26.1.1 - https:\/\/yoast.com\/wordpress\/plugins\/seo\/ -->\n<title>Snertingdal Ysteri - Ostelandet Norge<\/title>\n<meta name=\"description\" content=\"Snertingdal Ysteri er et gammelt ysteri fra 1919 som er restaurert fra 2018 fram til i dag. Det er \u00e5 startet opp igjen med produksjon av ost igjen som for 100 \u00e5r siden. Her har vi ivaretatt en sterk kulturhistorie, bygningsvern, laget arbeidsplasser i ei bygd, milj\u00f8vern og tilbakef\u00f8ring av ostene produsert i dette bygget.\" \/>\n<meta name=\"robots\" content=\"index, follow, max-snippet:-1, max-image-preview:large, max-video-preview:-1\" \/>\n<link rel=\"canonical\" href=\"https:\/\/ostelandet.no\/en\/snertingdal-ysteri\/\" \/>\n<meta property=\"og:locale\" content=\"en_US\" \/>\n<meta property=\"og:type\" content=\"article\" \/>\n<meta property=\"og:title\" content=\"Snertingdal Ysteri - Ostelandet Norge\" \/>\n<meta property=\"og:description\" content=\"Snertingdal Ysteri er et gammelt ysteri fra 1919 som er restaurert fra 2018 fram til i dag. Det er \u00e5 startet opp igjen med produksjon av ost igjen som for 100 \u00e5r siden. Her har vi ivaretatt en sterk kulturhistorie, bygningsvern, laget arbeidsplasser i ei bygd, milj\u00f8vern og tilbakef\u00f8ring av ostene produsert i dette bygget.\" \/>\n<meta property=\"og:url\" content=\"https:\/\/ostelandet.no\/en\/snertingdal-ysteri\/\" \/>\n<meta property=\"og:site_name\" content=\"Ostelandet Norge\" \/>\n<meta property=\"article:publisher\" content=\"https:\/\/www.facebook.com\/ostelandet-101474925294974\" \/>\n<meta property=\"article:published_time\" content=\"2021-05-02T16:42:08+00:00\" \/>\n<meta property=\"article:modified_time\" content=\"2025-09-20T17:44:58+00:00\" \/>\n<meta property=\"og:image\" content=\"https:\/\/ostelandet.no\/wp-content\/uploads\/2021\/05\/Snertingdal_719x495.jpg\" \/>\n\t<meta property=\"og:image:width\" content=\"719\" \/>\n\t<meta property=\"og:image:height\" content=\"495\" \/>\n\t<meta property=\"og:image:type\" content=\"image\/jpeg\" \/>\n<meta name=\"author\" content=\"eliho\" \/>\n<meta name=\"twitter:card\" content=\"summary_large_image\" \/>\n<meta name=\"twitter:label1\" content=\"Written by\" \/>\n\t<meta name=\"twitter:data1\" content=\"eliho\" \/>\n\t<meta name=\"twitter:label2\" content=\"Est. reading time\" \/>\n\t<meta name=\"twitter:data2\" content=\"3 minutes\" \/>\n<script type=\"application\/ld+json\" class=\"yoast-schema-graph\">{\"@context\":\"https:\/\/schema.org\",\"@graph\":[{\"@type\":\"Article\",\"@id\":\"https:\/\/ostelandet.no\/snertingdal-ysteri\/#article\",\"isPartOf\":{\"@id\":\"https:\/\/ostelandet.no\/snertingdal-ysteri\/\"},\"author\":{\"name\":\"eliho\",\"@id\":\"https:\/\/ostelandet.no\/#\/schema\/person\/5875f248502ea0794dca05f9ea518440\"},\"headline\":\"Snertingdal Ysteri\",\"datePublished\":\"2021-05-02T16:42:08+00:00\",\"dateModified\":\"2025-09-20T17:44:58+00:00\",\"mainEntityOfPage\":{\"@id\":\"https:\/\/ostelandet.no\/snertingdal-ysteri\/\"},\"wordCount\":94,\"publisher\":{\"@id\":\"https:\/\/ostelandet.no\/#organization\"},\"image\":{\"@id\":\"https:\/\/ostelandet.no\/snertingdal-ysteri\/#primaryimage\"},\"thumbnailUrl\":\"https:\/\/ostelandet.no\/wp-content\/uploads\/2021\/05\/Snertingdal_719x495.jpg\",\"keywords\":[\"g\u00e5rdsutsalg\",\"produsent\",\"Produsent Innland\",\"Snertingdal Ysteri\",\"ysteri\"],\"articleSection\":[\"Produsent\"],\"inLanguage\":\"en-US\"},{\"@type\":\"WebPage\",\"@id\":\"https:\/\/ostelandet.no\/snertingdal-ysteri\/\",\"url\":\"https:\/\/ostelandet.no\/snertingdal-ysteri\/\",\"name\":\"Snertingdal Ysteri - Ostelandet Norge\",\"isPartOf\":{\"@id\":\"https:\/\/ostelandet.no\/#website\"},\"primaryImageOfPage\":{\"@id\":\"https:\/\/ostelandet.no\/snertingdal-ysteri\/#primaryimage\"},\"image\":{\"@id\":\"https:\/\/ostelandet.no\/snertingdal-ysteri\/#primaryimage\"},\"thumbnailUrl\":\"https:\/\/ostelandet.no\/wp-content\/uploads\/2021\/05\/Snertingdal_719x495.jpg\",\"datePublished\":\"2021-05-02T16:42:08+00:00\",\"dateModified\":\"2025-09-20T17:44:58+00:00\",\"description\":\"Snertingdal Ysteri er et gammelt ysteri fra 1919 som er restaurert fra 2018 fram til i dag. Det er \u00e5 startet opp igjen med produksjon av ost igjen som for 100 \u00e5r siden. Her har vi ivaretatt en sterk kulturhistorie, bygningsvern, laget arbeidsplasser i ei bygd, milj\u00f8vern og tilbakef\u00f8ring av ostene produsert i dette bygget.\",\"breadcrumb\":{\"@id\":\"https:\/\/ostelandet.no\/snertingdal-ysteri\/#breadcrumb\"},\"inLanguage\":\"en-US\",\"potentialAction\":[{\"@type\":\"ReadAction\",\"target\":[\"https:\/\/ostelandet.no\/snertingdal-ysteri\/\"]}]},{\"@type\":\"ImageObject\",\"inLanguage\":\"en-US\",\"@id\":\"https:\/\/ostelandet.no\/snertingdal-ysteri\/#primaryimage\",\"url\":\"https:\/\/ostelandet.no\/wp-content\/uploads\/2021\/05\/Snertingdal_719x495.jpg\",\"contentUrl\":\"https:\/\/ostelandet.no\/wp-content\/uploads\/2021\/05\/Snertingdal_719x495.jpg\",\"width\":719,\"height\":495},{\"@type\":\"BreadcrumbList\",\"@id\":\"https:\/\/ostelandet.no\/snertingdal-ysteri\/#breadcrumb\",\"itemListElement\":[{\"@type\":\"ListItem\",\"position\":1,\"name\":\"Hjem\",\"item\":\"https:\/\/ostelandet.no\/\"},{\"@type\":\"ListItem\",\"position\":2,\"name\":\"Snertingdal Ysteri\"}]},{\"@type\":\"WebSite\",\"@id\":\"https:\/\/ostelandet.no\/#website\",\"url\":\"https:\/\/ostelandet.no\/\",\"name\":\"Ostelandet Norge\",\"description\":\"- L\u00e6r mer om norsk ost\",\"publisher\":{\"@id\":\"https:\/\/ostelandet.no\/#organization\"},\"potentialAction\":[{\"@type\":\"SearchAction\",\"target\":{\"@type\":\"EntryPoint\",\"urlTemplate\":\"https:\/\/ostelandet.no\/?s={search_term_string}\"},\"query-input\":{\"@type\":\"PropertyValueSpecification\",\"valueRequired\":true,\"valueName\":\"search_term_string\"}}],\"inLanguage\":\"en-US\"},{\"@type\":\"Organization\",\"@id\":\"https:\/\/ostelandet.no\/#organization\",\"name\":\"HANEN\",\"url\":\"https:\/\/ostelandet.no\/\",\"logo\":{\"@type\":\"ImageObject\",\"inLanguage\":\"en-US\",\"@id\":\"https:\/\/ostelandet.no\/#\/schema\/logo\/image\/\",\"url\":\"https:\/\/ostelandet.no\/wp-content\/uploads\/2021\/09\/ostelandet_norge_2farger_mork_hierarkisk.png\",\"contentUrl\":\"https:\/\/ostelandet.no\/wp-content\/uploads\/2021\/09\/ostelandet_norge_2farger_mork_hierarkisk.png\",\"width\":2062,\"height\":1223,\"caption\":\"HANEN\"},\"image\":{\"@id\":\"https:\/\/ostelandet.no\/#\/schema\/logo\/image\/\"},\"sameAs\":[\"https:\/\/www.facebook.com\/ostelandet-101474925294974\",\"https:\/\/www.instagram.com\/ostelandet\/\",\"https:\/\/www.linkedin.com\/showcase\/ostelandet-norge\/\"]},{\"@type\":\"Person\",\"@id\":\"https:\/\/ostelandet.no\/#\/schema\/person\/5875f248502ea0794dca05f9ea518440\",\"name\":\"eliho\",\"image\":{\"@type\":\"ImageObject\",\"inLanguage\":\"en-US\",\"@id\":\"https:\/\/ostelandet.no\/#\/schema\/person\/image\/\",\"url\":\"https:\/\/secure.gravatar.com\/avatar\/ea2d2e46de429e0415a330ea57f41bc101fea116d020ec3116a6fc2817d801cc?s=96&d=mm&r=g\",\"contentUrl\":\"https:\/\/secure.gravatar.com\/avatar\/ea2d2e46de429e0415a330ea57f41bc101fea116d020ec3116a6fc2817d801cc?s=96&d=mm&r=g\",\"caption\":\"eliho\"},\"url\":\"https:\/\/ostelandet.no\/en\/author\/eliho\/\"}]}<\/script>\n<!-- \/ Yoast SEO plugin. -->","yoast_head_json":{"title":"Snertingdal Ysteri - Ostelandet Norge","description":"Snertingdal Ysteri er et gammelt ysteri fra 1919 som er restaurert fra 2018 fram til i dag. Det er \u00e5 startet opp igjen med produksjon av ost igjen som for 100 \u00e5r siden. Her har vi ivaretatt en sterk kulturhistorie, bygningsvern, laget arbeidsplasser i ei bygd, milj\u00f8vern og tilbakef\u00f8ring av ostene produsert i dette bygget.","robots":{"index":"index","follow":"follow","max-snippet":"max-snippet:-1","max-image-preview":"max-image-preview:large","max-video-preview":"max-video-preview:-1"},"canonical":"https:\/\/ostelandet.no\/en\/snertingdal-ysteri\/","og_locale":"en_US","og_type":"article","og_title":"Snertingdal Ysteri - Ostelandet Norge","og_description":"Snertingdal Ysteri er et gammelt ysteri fra 1919 som er restaurert fra 2018 fram til i dag. Det er \u00e5 startet opp igjen med produksjon av ost igjen som for 100 \u00e5r siden. Her har vi ivaretatt en sterk kulturhistorie, bygningsvern, laget arbeidsplasser i ei bygd, milj\u00f8vern og tilbakef\u00f8ring av ostene produsert i dette bygget.","og_url":"https:\/\/ostelandet.no\/en\/snertingdal-ysteri\/","og_site_name":"Ostelandet Norge","article_publisher":"https:\/\/www.facebook.com\/ostelandet-101474925294974","article_published_time":"2021-05-02T16:42:08+00:00","article_modified_time":"2025-09-20T17:44:58+00:00","og_image":[{"width":719,"height":495,"url":"https:\/\/ostelandet.no\/wp-content\/uploads\/2021\/05\/Snertingdal_719x495.jpg","type":"image\/jpeg"}],"author":"eliho","twitter_card":"summary_large_image","twitter_misc":{"Written by":"eliho","Est. reading time":"3 minutes"},"schema":{"@context":"https:\/\/schema.org","@graph":[{"@type":"Article","@id":"https:\/\/ostelandet.no\/snertingdal-ysteri\/#article","isPartOf":{"@id":"https:\/\/ostelandet.no\/snertingdal-ysteri\/"},"author":{"name":"eliho","@id":"https:\/\/ostelandet.no\/#\/schema\/person\/5875f248502ea0794dca05f9ea518440"},"headline":"Snertingdal Ysteri","datePublished":"2021-05-02T16:42:08+00:00","dateModified":"2025-09-20T17:44:58+00:00","mainEntityOfPage":{"@id":"https:\/\/ostelandet.no\/snertingdal-ysteri\/"},"wordCount":94,"publisher":{"@id":"https:\/\/ostelandet.no\/#organization"},"image":{"@id":"https:\/\/ostelandet.no\/snertingdal-ysteri\/#primaryimage"},"thumbnailUrl":"https:\/\/ostelandet.no\/wp-content\/uploads\/2021\/05\/Snertingdal_719x495.jpg","keywords":["g\u00e5rdsutsalg","produsent","Produsent Innland","Snertingdal Ysteri","ysteri"],"articleSection":["Produsent"],"inLanguage":"en-US"},{"@type":"WebPage","@id":"https:\/\/ostelandet.no\/snertingdal-ysteri\/","url":"https:\/\/ostelandet.no\/snertingdal-ysteri\/","name":"Snertingdal Ysteri - Ostelandet Norge","isPartOf":{"@id":"https:\/\/ostelandet.no\/#website"},"primaryImageOfPage":{"@id":"https:\/\/ostelandet.no\/snertingdal-ysteri\/#primaryimage"},"image":{"@id":"https:\/\/ostelandet.no\/snertingdal-ysteri\/#primaryimage"},"thumbnailUrl":"https:\/\/ostelandet.no\/wp-content\/uploads\/2021\/05\/Snertingdal_719x495.jpg","datePublished":"2021-05-02T16:42:08+00:00","dateModified":"2025-09-20T17:44:58+00:00","description":"Snertingdal Ysteri er et gammelt ysteri fra 1919 som er restaurert fra 2018 fram til i dag. Det er \u00e5 startet opp igjen med produksjon av ost igjen som for 100 \u00e5r siden. Her har vi ivaretatt en sterk kulturhistorie, bygningsvern, laget arbeidsplasser i ei bygd, milj\u00f8vern og tilbakef\u00f8ring av ostene produsert i dette bygget.","breadcrumb":{"@id":"https:\/\/ostelandet.no\/snertingdal-ysteri\/#breadcrumb"},"inLanguage":"en-US","potentialAction":[{"@type":"ReadAction","target":["https:\/\/ostelandet.no\/snertingdal-ysteri\/"]}]},{"@type":"ImageObject","inLanguage":"en-US","@id":"https:\/\/ostelandet.no\/snertingdal-ysteri\/#primaryimage","url":"https:\/\/ostelandet.no\/wp-content\/uploads\/2021\/05\/Snertingdal_719x495.jpg","contentUrl":"https:\/\/ostelandet.no\/wp-content\/uploads\/2021\/05\/Snertingdal_719x495.jpg","width":719,"height":495},{"@type":"BreadcrumbList","@id":"https:\/\/ostelandet.no\/snertingdal-ysteri\/#breadcrumb","itemListElement":[{"@type":"ListItem","position":1,"name":"Hjem","item":"https:\/\/ostelandet.no\/"},{"@type":"ListItem","position":2,"name":"Snertingdal Ysteri"}]},{"@type":"WebSite","@id":"https:\/\/ostelandet.no\/#website","url":"https:\/\/ostelandet.no\/","name":"Ostelandet Norge","description":"- L\u00e6r mer om norsk ost","publisher":{"@id":"https:\/\/ostelandet.no\/#organization"},"potentialAction":[{"@type":"SearchAction","target":{"@type":"EntryPoint","urlTemplate":"https:\/\/ostelandet.no\/?s={search_term_string}"},"query-input":{"@type":"PropertyValueSpecification","valueRequired":true,"valueName":"search_term_string"}}],"inLanguage":"en-US"},{"@type":"Organization","@id":"https:\/\/ostelandet.no\/#organization","name":"HANEN","url":"https:\/\/ostelandet.no\/","logo":{"@type":"ImageObject","inLanguage":"en-US","@id":"https:\/\/ostelandet.no\/#\/schema\/logo\/image\/","url":"https:\/\/ostelandet.no\/wp-content\/uploads\/2021\/09\/ostelandet_norge_2farger_mork_hierarkisk.png","contentUrl":"https:\/\/ostelandet.no\/wp-content\/uploads\/2021\/09\/ostelandet_norge_2farger_mork_hierarkisk.png","width":2062,"height":1223,"caption":"HANEN"},"image":{"@id":"https:\/\/ostelandet.no\/#\/schema\/logo\/image\/"},"sameAs":["https:\/\/www.facebook.com\/ostelandet-101474925294974","https:\/\/www.instagram.com\/ostelandet\/","https:\/\/www.linkedin.com\/showcase\/ostelandet-norge\/"]},{"@type":"Person","@id":"https:\/\/ostelandet.no\/#\/schema\/person\/5875f248502ea0794dca05f9ea518440","name":"eliho","image":{"@type":"ImageObject","inLanguage":"en-US","@id":"https:\/\/ostelandet.no\/#\/schema\/person\/image\/","url":"https:\/\/secure.gravatar.com\/avatar\/ea2d2e46de429e0415a330ea57f41bc101fea116d020ec3116a6fc2817d801cc?s=96&d=mm&r=g","contentUrl":"https:\/\/secure.gravatar.com\/avatar\/ea2d2e46de429e0415a330ea57f41bc101fea116d020ec3116a6fc2817d801cc?s=96&d=mm&r=g","caption":"eliho"},"url":"https:\/\/ostelandet.no\/en\/author\/eliho\/"}]}},"_links":{"self":[{"href":"https:\/\/ostelandet.no\/en\/wp-json\/wp\/v2\/posts\/3912","targetHints":{"allow":["GET"]}}],"collection":[{"href":"https:\/\/ostelandet.no\/en\/wp-json\/wp\/v2\/posts"}],"about":[{"href":"https:\/\/ostelandet.no\/en\/wp-json\/wp\/v2\/types\/post"}],"author":[{"embeddable":true,"href":"https:\/\/ostelandet.no\/en\/wp-json\/wp\/v2\/users\/1"}],"replies":[{"embeddable":true,"href":"https:\/\/ostelandet.no\/en\/wp-json\/wp\/v2\/comments?post=3912"}],"version-history":[{"count":19,"href":"https:\/\/ostelandet.no\/en\/wp-json\/wp\/v2\/posts\/3912\/revisions"}],"predecessor-version":[{"id":12744,"href":"https:\/\/ostelandet.no\/en\/wp-json\/wp\/v2\/posts\/3912\/revisions\/12744"}],"wp:featuredmedia":[{"embeddable":true,"href":"https:\/\/ostelandet.no\/en\/wp-json\/wp\/v2\/media\/11177"}],"wp:attachment":[{"href":"https:\/\/ostelandet.no\/en\/wp-json\/wp\/v2\/media?parent=3912"}],"wp:term":[{"taxonomy":"category","embeddable":true,"href":"https:\/\/ostelandet.no\/en\/wp-json\/wp\/v2\/categories?post=3912"},{"taxonomy":"post_tag","embeddable":true,"href":"https:\/\/ostelandet.no\/en\/wp-json\/wp\/v2\/tags?post=3912"},{"taxonomy":"produsent-ostetype","embeddable":true,"href":"https:\/\/ostelandet.no\/en\/wp-json\/wp\/v2\/produsent-ostetype?post=3912"},{"taxonomy":"produsentfylke","embeddable":true,"href":"https:\/\/ostelandet.no\/en\/wp-json\/wp\/v2\/produsentfylke?post=3912"}],"curies":[{"name":"wp","href":"https:\/\/api.w.org\/{rel}","templated":true}]}}