{"id":3477,"date":"2021-04-24T15:25:35","date_gmt":"2021-04-24T13:25:35","guid":{"rendered":"https:\/\/ostelandet.no\/ost\/?p=3477"},"modified":"2025-10-27T12:34:36","modified_gmt":"2025-10-27T11:34:36","slug":"rorosost-nokkelost-med-nellik-og-karve","status":"publish","type":"post","link":"https:\/\/ostelandet.no\/en\/rorosost-nokkelost-med-nellik-og-karve\/","title":{"rendered":"R\u00f8rosOst N\u00f8kkelost med nellik og karve"},"content":{"rendered":"<h2>\n\t\t<a href=\"https:\/\/ostelandet.no\/en\/fastost\/\" title=\"HARD CHEESE\"  target=\"_self\">\n\t\t\tHARD CHEESE\t\t<\/a>\n\t<\/h2>\n<h2>\n\t\t\tR\u00f8rosOst N\u00f8kkelost med nellik og karve\t<\/h2>\n\t<p><strong>Producer<\/strong>:\u00a0<a href=\"https:\/\/ostelandet.no\/en\/ost\/galavolden-gard\/\">Gal\u00e5volden G\u00e5rd<\/a><\/p>\n<strong>Type<\/strong>: Hard cheese<br \/>\n<strong>Milk<\/strong>: Pasteurised cow\u2019s milk<br \/>\n<strong>Maturation time<\/strong>: Medium matured (3 \u2013 9 months)\n<p><strong>Flavour<\/strong>:  Flavourful and popular N\u00f8kkelost (traditional spiced cheese), with both cloves and caraway added.<\/p>\n<p><strong>Description<\/strong>: We use milk from our own farm, and we pasteurize the milk. Delicious on a cheese board or on a slice of bread.<\/p>\n<p><strong>Retailers<\/strong>:\u00a0<a href=\"https:\/\/galaavolden.no\/om-oss\/\">Our own farm shop<\/a><\/p>\n<h2>\n\t\t\tMORE PRODUCTS FROM GAL\u00c5VOLDEN FARM\t<\/h2>","protected":false},"excerpt":{"rendered":"<p>Tasty and popular key cheese, with both cloves and caraway added.<\/p>","protected":false},"author":1,"featured_media":14231,"comment_status":"closed","ping_status":"closed","sticky":false,"template":"","format":"standard","meta":{"_acf_changed":false,"footnotes":""},"categories":[10],"tags":[360,41,133,295,145,307,166,470,240,459,466,160,467,469,156,199,150],"produsent-ostetype":[],"produsentfylke":[],"class_list":["post-3477","post","type-post","status-publish","format-standard","has-post-thumbnail","hentry","category-fastost","tag-fast","tag-fastost","tag-galavolden-gard","tag-karve","tag-mellomlagret","tag-mikrobiell","tag-modna-myke-og-faste-hvite-oster","tag-nellik","tag-nokkelost","tag-ost-fra-galavolden-gard","tag-pasteurisert","tag-pasteurisert-melk","tag-rorosmat","tag-rorosost-nokkelost-med-nellik-og-karve","tag-spesialitetsmerket","tag-vakumplast","tag-vegetabilsk"],"acf":[],"yoast_head":"<!-- This site is optimized with the Yoast SEO plugin v26.1.1 - https:\/\/yoast.com\/wordpress\/plugins\/seo\/ -->\n<title>R\u00f8rosOst N\u00f8kkelost med nellik og karve - Ostelandet Norge<\/title>\n<meta name=\"description\" content=\"Smakfull og popul\u00e6r n\u00f8kkelost, tilsatt b\u00e5de nellik og karve.\" \/>\n<meta name=\"robots\" content=\"index, follow, max-snippet:-1, max-image-preview:large, max-video-preview:-1\" \/>\n<link rel=\"canonical\" href=\"https:\/\/ostelandet.no\/en\/rorosost-nokkelost-med-nellik-og-karve\/\" \/>\n<meta property=\"og:locale\" content=\"en_US\" \/>\n<meta property=\"og:type\" content=\"article\" \/>\n<meta property=\"og:title\" content=\"R\u00f8rosOst N\u00f8kkelost med nellik og karve - Ostelandet Norge\" \/>\n<meta property=\"og:description\" content=\"Smakfull og popul\u00e6r n\u00f8kkelost, tilsatt b\u00e5de nellik og karve.\" \/>\n<meta property=\"og:url\" content=\"https:\/\/ostelandet.no\/en\/rorosost-nokkelost-med-nellik-og-karve\/\" \/>\n<meta property=\"og:site_name\" content=\"Ostelandet Norge\" \/>\n<meta property=\"article:publisher\" content=\"https:\/\/www.facebook.com\/ostelandet-101474925294974\" \/>\n<meta property=\"article:published_time\" content=\"2021-04-24T13:25:35+00:00\" \/>\n<meta property=\"article:modified_time\" content=\"2025-10-27T11:34:36+00:00\" \/>\n<meta property=\"og:image\" content=\"https:\/\/ostelandet.no\/wp-content\/uploads\/2021\/04\/RorosOst-Nokkelost-med-nellik-og-karve_hbg.png\" \/>\n\t<meta property=\"og:image:width\" content=\"1200\" \/>\n\t<meta property=\"og:image:height\" content=\"900\" \/>\n\t<meta property=\"og:image:type\" content=\"image\/png\" \/>\n<meta name=\"author\" content=\"eliho\" \/>\n<meta name=\"twitter:card\" content=\"summary_large_image\" \/>\n<meta name=\"twitter:label1\" content=\"Written by\" \/>\n\t<meta name=\"twitter:data1\" content=\"eliho\" \/>\n\t<meta name=\"twitter:label2\" content=\"Est. reading time\" \/>\n\t<meta name=\"twitter:data2\" content=\"2 minutes\" \/>\n<script type=\"application\/ld+json\" class=\"yoast-schema-graph\">{\"@context\":\"https:\/\/schema.org\",\"@graph\":[{\"@type\":\"Article\",\"@id\":\"https:\/\/ostelandet.no\/rorosost-nokkelost-med-nellik-og-karve\/#article\",\"isPartOf\":{\"@id\":\"https:\/\/ostelandet.no\/rorosost-nokkelost-med-nellik-og-karve\/\"},\"author\":{\"name\":\"eliho\",\"@id\":\"https:\/\/ostelandet.no\/#\/schema\/person\/5875f248502ea0794dca05f9ea518440\"},\"headline\":\"R\u00f8rosOst N\u00f8kkelost med nellik og karve\",\"datePublished\":\"2021-04-24T13:25:35+00:00\",\"dateModified\":\"2025-10-27T11:34:36+00:00\",\"mainEntityOfPage\":{\"@id\":\"https:\/\/ostelandet.no\/rorosost-nokkelost-med-nellik-og-karve\/\"},\"wordCount\":76,\"publisher\":{\"@id\":\"https:\/\/ostelandet.no\/#organization\"},\"image\":{\"@id\":\"https:\/\/ostelandet.no\/rorosost-nokkelost-med-nellik-og-karve\/#primaryimage\"},\"thumbnailUrl\":\"https:\/\/ostelandet.no\/wp-content\/uploads\/2021\/04\/RorosOst-Nokkelost-med-nellik-og-karve_hbg.png\",\"keywords\":[\"fast\",\"fastost\",\"Gal\u00e5volden G\u00e5rd\",\"karve\",\"mellomlagret\",\"mikrobiell\",\"modna myke og faste hvite oster\",\"nellik\",\"n\u00f8kkelost\",\"ost fra Gal\u00e5volden G\u00e5rd\",\"pasteurisert\",\"Pasteurisert melk\",\"R\u00f8rosmat\",\"R\u00f8rosOst N\u00f8kkelost med nellik og karve\",\"spesialitetsmerket\",\"vakumplast\",\"vegetabilsk\"],\"articleSection\":[\"Fastost\"],\"inLanguage\":\"en-US\"},{\"@type\":\"WebPage\",\"@id\":\"https:\/\/ostelandet.no\/rorosost-nokkelost-med-nellik-og-karve\/\",\"url\":\"https:\/\/ostelandet.no\/rorosost-nokkelost-med-nellik-og-karve\/\",\"name\":\"R\u00f8rosOst N\u00f8kkelost med nellik og karve - Ostelandet Norge\",\"isPartOf\":{\"@id\":\"https:\/\/ostelandet.no\/#website\"},\"primaryImageOfPage\":{\"@id\":\"https:\/\/ostelandet.no\/rorosost-nokkelost-med-nellik-og-karve\/#primaryimage\"},\"image\":{\"@id\":\"https:\/\/ostelandet.no\/rorosost-nokkelost-med-nellik-og-karve\/#primaryimage\"},\"thumbnailUrl\":\"https:\/\/ostelandet.no\/wp-content\/uploads\/2021\/04\/RorosOst-Nokkelost-med-nellik-og-karve_hbg.png\",\"datePublished\":\"2021-04-24T13:25:35+00:00\",\"dateModified\":\"2025-10-27T11:34:36+00:00\",\"description\":\"Smakfull og popul\u00e6r n\u00f8kkelost, tilsatt b\u00e5de nellik og karve.\",\"breadcrumb\":{\"@id\":\"https:\/\/ostelandet.no\/rorosost-nokkelost-med-nellik-og-karve\/#breadcrumb\"},\"inLanguage\":\"en-US\",\"potentialAction\":[{\"@type\":\"ReadAction\",\"target\":[\"https:\/\/ostelandet.no\/rorosost-nokkelost-med-nellik-og-karve\/\"]}]},{\"@type\":\"ImageObject\",\"inLanguage\":\"en-US\",\"@id\":\"https:\/\/ostelandet.no\/rorosost-nokkelost-med-nellik-og-karve\/#primaryimage\",\"url\":\"https:\/\/ostelandet.no\/wp-content\/uploads\/2021\/04\/RorosOst-Nokkelost-med-nellik-og-karve_hbg.png\",\"contentUrl\":\"https:\/\/ostelandet.no\/wp-content\/uploads\/2021\/04\/RorosOst-Nokkelost-med-nellik-og-karve_hbg.png\",\"width\":1200,\"height\":900,\"caption\":\"R\u00f8rosOst N\u00f8kkelost med nellik og karve\"},{\"@type\":\"BreadcrumbList\",\"@id\":\"https:\/\/ostelandet.no\/rorosost-nokkelost-med-nellik-og-karve\/#breadcrumb\",\"itemListElement\":[{\"@type\":\"ListItem\",\"position\":1,\"name\":\"Hjem\",\"item\":\"https:\/\/ostelandet.no\/\"},{\"@type\":\"ListItem\",\"position\":2,\"name\":\"R\u00f8rosOst N\u00f8kkelost med nellik og karve\"}]},{\"@type\":\"WebSite\",\"@id\":\"https:\/\/ostelandet.no\/#website\",\"url\":\"https:\/\/ostelandet.no\/\",\"name\":\"Ostelandet Norge\",\"description\":\"- L\u00e6r mer om norsk ost\",\"publisher\":{\"@id\":\"https:\/\/ostelandet.no\/#organization\"},\"potentialAction\":[{\"@type\":\"SearchAction\",\"target\":{\"@type\":\"EntryPoint\",\"urlTemplate\":\"https:\/\/ostelandet.no\/?s={search_term_string}\"},\"query-input\":{\"@type\":\"PropertyValueSpecification\",\"valueRequired\":true,\"valueName\":\"search_term_string\"}}],\"inLanguage\":\"en-US\"},{\"@type\":\"Organization\",\"@id\":\"https:\/\/ostelandet.no\/#organization\",\"name\":\"HANEN\",\"url\":\"https:\/\/ostelandet.no\/\",\"logo\":{\"@type\":\"ImageObject\",\"inLanguage\":\"en-US\",\"@id\":\"https:\/\/ostelandet.no\/#\/schema\/logo\/image\/\",\"url\":\"https:\/\/ostelandet.no\/wp-content\/uploads\/2021\/09\/ostelandet_norge_2farger_mork_hierarkisk.png\",\"contentUrl\":\"https:\/\/ostelandet.no\/wp-content\/uploads\/2021\/09\/ostelandet_norge_2farger_mork_hierarkisk.png\",\"width\":2062,\"height\":1223,\"caption\":\"HANEN\"},\"image\":{\"@id\":\"https:\/\/ostelandet.no\/#\/schema\/logo\/image\/\"},\"sameAs\":[\"https:\/\/www.facebook.com\/ostelandet-101474925294974\",\"https:\/\/www.instagram.com\/ostelandet\/\",\"https:\/\/www.linkedin.com\/showcase\/ostelandet-norge\/\"]},{\"@type\":\"Person\",\"@id\":\"https:\/\/ostelandet.no\/#\/schema\/person\/5875f248502ea0794dca05f9ea518440\",\"name\":\"eliho\",\"image\":{\"@type\":\"ImageObject\",\"inLanguage\":\"en-US\",\"@id\":\"https:\/\/ostelandet.no\/#\/schema\/person\/image\/\",\"url\":\"https:\/\/secure.gravatar.com\/avatar\/ea2d2e46de429e0415a330ea57f41bc101fea116d020ec3116a6fc2817d801cc?s=96&d=mm&r=g\",\"contentUrl\":\"https:\/\/secure.gravatar.com\/avatar\/ea2d2e46de429e0415a330ea57f41bc101fea116d020ec3116a6fc2817d801cc?s=96&d=mm&r=g\",\"caption\":\"eliho\"},\"url\":\"https:\/\/ostelandet.no\/en\/author\/eliho\/\"}]}<\/script>\n<!-- \/ Yoast SEO plugin. -->","yoast_head_json":{"title":"R\u00f8rosOst N\u00f8kkelost med nellik og karve - Ostelandet Norge","description":"Smakfull og popul\u00e6r n\u00f8kkelost, tilsatt b\u00e5de nellik og karve.","robots":{"index":"index","follow":"follow","max-snippet":"max-snippet:-1","max-image-preview":"max-image-preview:large","max-video-preview":"max-video-preview:-1"},"canonical":"https:\/\/ostelandet.no\/en\/rorosost-nokkelost-med-nellik-og-karve\/","og_locale":"en_US","og_type":"article","og_title":"R\u00f8rosOst N\u00f8kkelost med nellik og karve - Ostelandet Norge","og_description":"Smakfull og popul\u00e6r n\u00f8kkelost, tilsatt b\u00e5de nellik og karve.","og_url":"https:\/\/ostelandet.no\/en\/rorosost-nokkelost-med-nellik-og-karve\/","og_site_name":"Ostelandet Norge","article_publisher":"https:\/\/www.facebook.com\/ostelandet-101474925294974","article_published_time":"2021-04-24T13:25:35+00:00","article_modified_time":"2025-10-27T11:34:36+00:00","og_image":[{"width":1200,"height":900,"url":"https:\/\/ostelandet.no\/wp-content\/uploads\/2021\/04\/RorosOst-Nokkelost-med-nellik-og-karve_hbg.png","type":"image\/png"}],"author":"eliho","twitter_card":"summary_large_image","twitter_misc":{"Written by":"eliho","Est. reading time":"2 minutes"},"schema":{"@context":"https:\/\/schema.org","@graph":[{"@type":"Article","@id":"https:\/\/ostelandet.no\/rorosost-nokkelost-med-nellik-og-karve\/#article","isPartOf":{"@id":"https:\/\/ostelandet.no\/rorosost-nokkelost-med-nellik-og-karve\/"},"author":{"name":"eliho","@id":"https:\/\/ostelandet.no\/#\/schema\/person\/5875f248502ea0794dca05f9ea518440"},"headline":"R\u00f8rosOst N\u00f8kkelost med nellik og karve","datePublished":"2021-04-24T13:25:35+00:00","dateModified":"2025-10-27T11:34:36+00:00","mainEntityOfPage":{"@id":"https:\/\/ostelandet.no\/rorosost-nokkelost-med-nellik-og-karve\/"},"wordCount":76,"publisher":{"@id":"https:\/\/ostelandet.no\/#organization"},"image":{"@id":"https:\/\/ostelandet.no\/rorosost-nokkelost-med-nellik-og-karve\/#primaryimage"},"thumbnailUrl":"https:\/\/ostelandet.no\/wp-content\/uploads\/2021\/04\/RorosOst-Nokkelost-med-nellik-og-karve_hbg.png","keywords":["fast","fastost","Gal\u00e5volden G\u00e5rd","karve","mellomlagret","mikrobiell","modna myke og faste hvite oster","nellik","n\u00f8kkelost","ost fra Gal\u00e5volden G\u00e5rd","pasteurisert","Pasteurisert melk","R\u00f8rosmat","R\u00f8rosOst N\u00f8kkelost med nellik og karve","spesialitetsmerket","vakumplast","vegetabilsk"],"articleSection":["Fastost"],"inLanguage":"en-US"},{"@type":"WebPage","@id":"https:\/\/ostelandet.no\/rorosost-nokkelost-med-nellik-og-karve\/","url":"https:\/\/ostelandet.no\/rorosost-nokkelost-med-nellik-og-karve\/","name":"R\u00f8rosOst N\u00f8kkelost med nellik og karve - Ostelandet Norge","isPartOf":{"@id":"https:\/\/ostelandet.no\/#website"},"primaryImageOfPage":{"@id":"https:\/\/ostelandet.no\/rorosost-nokkelost-med-nellik-og-karve\/#primaryimage"},"image":{"@id":"https:\/\/ostelandet.no\/rorosost-nokkelost-med-nellik-og-karve\/#primaryimage"},"thumbnailUrl":"https:\/\/ostelandet.no\/wp-content\/uploads\/2021\/04\/RorosOst-Nokkelost-med-nellik-og-karve_hbg.png","datePublished":"2021-04-24T13:25:35+00:00","dateModified":"2025-10-27T11:34:36+00:00","description":"Smakfull og popul\u00e6r n\u00f8kkelost, tilsatt b\u00e5de nellik og karve.","breadcrumb":{"@id":"https:\/\/ostelandet.no\/rorosost-nokkelost-med-nellik-og-karve\/#breadcrumb"},"inLanguage":"en-US","potentialAction":[{"@type":"ReadAction","target":["https:\/\/ostelandet.no\/rorosost-nokkelost-med-nellik-og-karve\/"]}]},{"@type":"ImageObject","inLanguage":"en-US","@id":"https:\/\/ostelandet.no\/rorosost-nokkelost-med-nellik-og-karve\/#primaryimage","url":"https:\/\/ostelandet.no\/wp-content\/uploads\/2021\/04\/RorosOst-Nokkelost-med-nellik-og-karve_hbg.png","contentUrl":"https:\/\/ostelandet.no\/wp-content\/uploads\/2021\/04\/RorosOst-Nokkelost-med-nellik-og-karve_hbg.png","width":1200,"height":900,"caption":"R\u00f8rosOst N\u00f8kkelost med nellik og karve"},{"@type":"BreadcrumbList","@id":"https:\/\/ostelandet.no\/rorosost-nokkelost-med-nellik-og-karve\/#breadcrumb","itemListElement":[{"@type":"ListItem","position":1,"name":"Hjem","item":"https:\/\/ostelandet.no\/"},{"@type":"ListItem","position":2,"name":"R\u00f8rosOst N\u00f8kkelost med nellik og karve"}]},{"@type":"WebSite","@id":"https:\/\/ostelandet.no\/#website","url":"https:\/\/ostelandet.no\/","name":"Ostelandet Norge","description":"- L\u00e6r mer om norsk ost","publisher":{"@id":"https:\/\/ostelandet.no\/#organization"},"potentialAction":[{"@type":"SearchAction","target":{"@type":"EntryPoint","urlTemplate":"https:\/\/ostelandet.no\/?s={search_term_string}"},"query-input":{"@type":"PropertyValueSpecification","valueRequired":true,"valueName":"search_term_string"}}],"inLanguage":"en-US"},{"@type":"Organization","@id":"https:\/\/ostelandet.no\/#organization","name":"HANEN","url":"https:\/\/ostelandet.no\/","logo":{"@type":"ImageObject","inLanguage":"en-US","@id":"https:\/\/ostelandet.no\/#\/schema\/logo\/image\/","url":"https:\/\/ostelandet.no\/wp-content\/uploads\/2021\/09\/ostelandet_norge_2farger_mork_hierarkisk.png","contentUrl":"https:\/\/ostelandet.no\/wp-content\/uploads\/2021\/09\/ostelandet_norge_2farger_mork_hierarkisk.png","width":2062,"height":1223,"caption":"HANEN"},"image":{"@id":"https:\/\/ostelandet.no\/#\/schema\/logo\/image\/"},"sameAs":["https:\/\/www.facebook.com\/ostelandet-101474925294974","https:\/\/www.instagram.com\/ostelandet\/","https:\/\/www.linkedin.com\/showcase\/ostelandet-norge\/"]},{"@type":"Person","@id":"https:\/\/ostelandet.no\/#\/schema\/person\/5875f248502ea0794dca05f9ea518440","name":"eliho","image":{"@type":"ImageObject","inLanguage":"en-US","@id":"https:\/\/ostelandet.no\/#\/schema\/person\/image\/","url":"https:\/\/secure.gravatar.com\/avatar\/ea2d2e46de429e0415a330ea57f41bc101fea116d020ec3116a6fc2817d801cc?s=96&d=mm&r=g","contentUrl":"https:\/\/secure.gravatar.com\/avatar\/ea2d2e46de429e0415a330ea57f41bc101fea116d020ec3116a6fc2817d801cc?s=96&d=mm&r=g","caption":"eliho"},"url":"https:\/\/ostelandet.no\/en\/author\/eliho\/"}]}},"_links":{"self":[{"href":"https:\/\/ostelandet.no\/en\/wp-json\/wp\/v2\/posts\/3477","targetHints":{"allow":["GET"]}}],"collection":[{"href":"https:\/\/ostelandet.no\/en\/wp-json\/wp\/v2\/posts"}],"about":[{"href":"https:\/\/ostelandet.no\/en\/wp-json\/wp\/v2\/types\/post"}],"author":[{"embeddable":true,"href":"https:\/\/ostelandet.no\/en\/wp-json\/wp\/v2\/users\/1"}],"replies":[{"embeddable":true,"href":"https:\/\/ostelandet.no\/en\/wp-json\/wp\/v2\/comments?post=3477"}],"version-history":[{"count":9,"href":"https:\/\/ostelandet.no\/en\/wp-json\/wp\/v2\/posts\/3477\/revisions"}],"predecessor-version":[{"id":14235,"href":"https:\/\/ostelandet.no\/en\/wp-json\/wp\/v2\/posts\/3477\/revisions\/14235"}],"wp:featuredmedia":[{"embeddable":true,"href":"https:\/\/ostelandet.no\/en\/wp-json\/wp\/v2\/media\/14231"}],"wp:attachment":[{"href":"https:\/\/ostelandet.no\/en\/wp-json\/wp\/v2\/media?parent=3477"}],"wp:term":[{"taxonomy":"category","embeddable":true,"href":"https:\/\/ostelandet.no\/en\/wp-json\/wp\/v2\/categories?post=3477"},{"taxonomy":"post_tag","embeddable":true,"href":"https:\/\/ostelandet.no\/en\/wp-json\/wp\/v2\/tags?post=3477"},{"taxonomy":"produsent-ostetype","embeddable":true,"href":"https:\/\/ostelandet.no\/en\/wp-json\/wp\/v2\/produsent-ostetype?post=3477"},{"taxonomy":"produsentfylke","embeddable":true,"href":"https:\/\/ostelandet.no\/en\/wp-json\/wp\/v2\/produsentfylke?post=3477"}],"curies":[{"name":"wp","href":"https:\/\/api.w.org\/{rel}","templated":true}]}}