{"id":3381,"date":"2021-04-22T12:21:52","date_gmt":"2021-04-22T10:21:52","guid":{"rendered":"https:\/\/ostelandet.no\/ost\/?p=3381"},"modified":"2025-09-20T19:48:43","modified_gmt":"2025-09-20T17:48:43","slug":"undredal-stolsysteri","status":"publish","type":"post","link":"https:\/\/ostelandet.no\/en\/undredal-stolsysteri\/","title":{"rendered":"Undredal St\u00f8lsysteri"},"content":{"rendered":"<h2>\n\t\t<a href=\"https:\/\/ostelandet.no\/en\/produsenter\/\" title=\"PRODUCERS\" target=\"_self\" rel=\"noopener\">\n\t\tPRODUCERS\n\t\t<\/a>\n\t<\/h2>\n<h2>\n\t\tUndredal St\u00f8lsysteri\n\t<\/h2>\n\t<p>Me er tre familiar som driv Undredal St\u00f8lsysteri i lag. Me lagar kvit og brun geitost av fersk, r\u00e5 mj\u00f8lk fr\u00e5 eigne geiter. Sesongen startar i februar og endar i oktober. <\/p>\n<p>Det har vore produsert kvit og brun ost p\u00e5 st\u00f8len i Undredal s\u00e5 lenge ein kjenner til. Undredal St\u00f8lsysteri SA representerer ei modernisering av drifta, men held fast p\u00e5 grunnleggjande prinsipp: 1.\u00a0Produksjonen er basert p\u00e5 mj\u00f8lk fr\u00e5 eigne geiter, om lag 230 i talet. 2. Me ystar av dagfersk,\u00a0upasteurisert mj\u00f8lk. 3. Me nyttar alle delane av mj\u00f8lka, dvs. me lagar b\u00e5de kvit og brun ost, og ingen ting g\u00e5r til spille.<\/p>\n<p>Me produserer Brun Underdal, Sognakvitost og Kvit Undredal. Den kvite geitosten kjem i fleire ulike mogningsgradar &#8211; nylagra, mellomlagra, vellagra og eldgamal. Kvit Undredal Vellagra vart k\u00e5ra til \u00c5rets ost under Det norske m\u00e5ltid 2012. Kvit Undredal Eldgamal fekk gullmedalje under World Cheese Awards i Bergen hausten 2018.<\/p>\n\t\t\t\t<img decoding=\"async\" src=\"https:\/\/ostelandet.no\/wp-content\/uploads\/2021\/04\/IMG_4662-1-scaled.jpeg\" alt=\"IMG_4662 (1)\" itemprop=\"image\" title=\"IMG_4662 (1)\" onerror=\"this.style.display='none'\"  \/>\n<h2>\n\t\tUndredal St\u00f8lsysteri:\n\t<\/h2>\n\t\t\t <p>Address: Undredalsvegen 43, 5746 Undredal<br \/>Phone: 90718655<br \/>E-mail: geitost@online.no<br \/>Nettsted: http:\/\/www.undredalsost.noG\u00e5rdsutsalg: Nei<\/p>\t\t\n\t<iframe src=\"https:\/\/www.google.com\/maps\/embed\/v1\/place?q=Undredal+St%C3%B8lsysteri&#038;key=AIzaSyD09zQ9PNDNNy9TadMuzRV_UsPUoWKntt8\" aria-hidden=\"true\" title=\"Undredal St\u00f8lsysteri\"><\/iframe>\n<h2>\n\t\tCHEESES FROM THIS PRODUCER\n\t<\/h2>","protected":false},"excerpt":{"rendered":"<p>We are three families running Undredal St\u00f8lsysteri together. We make white and brown goat\u2019s cheese from fresh, raw milk from our own goats. The season starts in February and ends in October. White and brown cheese have been produced at the farm in Undredal for as long as we know.<\/p>","protected":false},"author":1,"featured_media":11134,"comment_status":"closed","ping_status":"closed","sticky":false,"template":"tpl-full-width.php","format":"standard","meta":{"_acf_changed":false,"footnotes":""},"categories":[45],"tags":[103,865,47,1002,401,46],"produsent-ostetype":[1125,1121],"produsentfylke":[1107],"class_list":["post-3381","post","type-post","status-publish","format-standard","has-post-thumbnail","hentry","category-produsent","tag-geitemelk","tag-kart_stol","tag-produsent","tag-produsentvestland","tag-undredal-stolsysteri","tag-ysteri","produsent-ostetype-brunost","produsent-ostetype-fastost","produsentfylke-vestland"],"acf":[],"yoast_head":"<!-- This site is optimized with the Yoast SEO plugin v26.1.1 - https:\/\/yoast.com\/wordpress\/plugins\/seo\/ -->\n<title>Undredal St\u00f8lsysteri - Ostelandet Norge<\/title>\n<meta name=\"description\" content=\"I Undredal er det \u00e5 lage ost ul\u00f8yseleg knytt til bygda sin identitet. S\u00e5 langt attende vi kan spore og fram til i dag har det utan opphald blitt laga ost av eiga mj\u00f8lk. Dei tre familiane som st\u00e5r bak nyskapinga Undredal St\u00f8lsysteri BA har losa denne stolte tradisjonen over i det moderne matlandskapet. Hvilke oster produserer Undredal St\u00f8lsysteri og hvor selges de? Les om Undredal St\u00f8lsysteri og andre produsenter p\u00e5 ostelandet.no\" \/>\n<meta name=\"robots\" content=\"index, follow, max-snippet:-1, max-image-preview:large, max-video-preview:-1\" \/>\n<link rel=\"canonical\" href=\"https:\/\/ostelandet.no\/en\/undredal-stolsysteri\/\" \/>\n<meta property=\"og:locale\" content=\"en_US\" \/>\n<meta property=\"og:type\" content=\"article\" \/>\n<meta property=\"og:title\" content=\"Undredal St\u00f8lsysteri - Ostelandet Norge\" \/>\n<meta property=\"og:description\" content=\"I Undredal er det \u00e5 lage ost ul\u00f8yseleg knytt til bygda sin identitet. S\u00e5 langt attende vi kan spore og fram til i dag har det utan opphald blitt laga ost av eiga mj\u00f8lk. Dei tre familiane som st\u00e5r bak nyskapinga Undredal St\u00f8lsysteri BA har losa denne stolte tradisjonen over i det moderne matlandskapet. Hvilke oster produserer Undredal St\u00f8lsysteri og hvor selges de? Les om Undredal St\u00f8lsysteri og andre produsenter p\u00e5 ostelandet.no\" \/>\n<meta property=\"og:url\" content=\"https:\/\/ostelandet.no\/en\/undredal-stolsysteri\/\" \/>\n<meta property=\"og:site_name\" content=\"Ostelandet Norge\" \/>\n<meta property=\"article:publisher\" content=\"https:\/\/www.facebook.com\/ostelandet-101474925294974\" \/>\n<meta property=\"article:published_time\" content=\"2021-04-22T10:21:52+00:00\" \/>\n<meta property=\"article:modified_time\" content=\"2025-09-20T17:48:43+00:00\" \/>\n<meta property=\"og:image\" content=\"https:\/\/ostelandet.no\/wp-content\/uploads\/2021\/04\/Undredal_stolsysteri_719x495.jpg\" \/>\n\t<meta property=\"og:image:width\" content=\"719\" \/>\n\t<meta property=\"og:image:height\" content=\"495\" \/>\n\t<meta property=\"og:image:type\" content=\"image\/jpeg\" \/>\n<meta name=\"author\" content=\"eliho\" \/>\n<meta name=\"twitter:card\" content=\"summary_large_image\" \/>\n<meta name=\"twitter:label1\" content=\"Written by\" \/>\n\t<meta name=\"twitter:data1\" content=\"eliho\" \/>\n\t<meta name=\"twitter:label2\" content=\"Est. reading time\" \/>\n\t<meta name=\"twitter:data2\" content=\"3 minutes\" \/>\n<script type=\"application\/ld+json\" class=\"yoast-schema-graph\">{\"@context\":\"https:\/\/schema.org\",\"@graph\":[{\"@type\":\"Article\",\"@id\":\"https:\/\/ostelandet.no\/undredal-stolsysteri\/#article\",\"isPartOf\":{\"@id\":\"https:\/\/ostelandet.no\/undredal-stolsysteri\/\"},\"author\":{\"name\":\"eliho\",\"@id\":\"https:\/\/ostelandet.no\/#\/schema\/person\/5875f248502ea0794dca05f9ea518440\"},\"headline\":\"Undredal St\u00f8lsysteri\",\"datePublished\":\"2021-04-22T10:21:52+00:00\",\"dateModified\":\"2025-09-20T17:48:43+00:00\",\"mainEntityOfPage\":{\"@id\":\"https:\/\/ostelandet.no\/undredal-stolsysteri\/\"},\"wordCount\":184,\"publisher\":{\"@id\":\"https:\/\/ostelandet.no\/#organization\"},\"image\":{\"@id\":\"https:\/\/ostelandet.no\/undredal-stolsysteri\/#primaryimage\"},\"thumbnailUrl\":\"https:\/\/ostelandet.no\/wp-content\/uploads\/2021\/04\/Undredal_stolsysteri_719x495.jpg\",\"keywords\":[\"geitemelk\",\"kart_St\u00f8l\",\"produsent\",\"Produsent Vestland\",\"Undredal St\u00f8lsysteri\",\"ysteri\"],\"articleSection\":[\"Produsent\"],\"inLanguage\":\"en-US\"},{\"@type\":\"WebPage\",\"@id\":\"https:\/\/ostelandet.no\/undredal-stolsysteri\/\",\"url\":\"https:\/\/ostelandet.no\/undredal-stolsysteri\/\",\"name\":\"Undredal St\u00f8lsysteri - Ostelandet Norge\",\"isPartOf\":{\"@id\":\"https:\/\/ostelandet.no\/#website\"},\"primaryImageOfPage\":{\"@id\":\"https:\/\/ostelandet.no\/undredal-stolsysteri\/#primaryimage\"},\"image\":{\"@id\":\"https:\/\/ostelandet.no\/undredal-stolsysteri\/#primaryimage\"},\"thumbnailUrl\":\"https:\/\/ostelandet.no\/wp-content\/uploads\/2021\/04\/Undredal_stolsysteri_719x495.jpg\",\"datePublished\":\"2021-04-22T10:21:52+00:00\",\"dateModified\":\"2025-09-20T17:48:43+00:00\",\"description\":\"I Undredal er det \u00e5 lage ost ul\u00f8yseleg knytt til bygda sin identitet. S\u00e5 langt attende vi kan spore og fram til i dag har det utan opphald blitt laga ost av eiga mj\u00f8lk. Dei tre familiane som st\u00e5r bak nyskapinga Undredal St\u00f8lsysteri BA har losa denne stolte tradisjonen over i det moderne matlandskapet. Hvilke oster produserer Undredal St\u00f8lsysteri og hvor selges de? Les om Undredal St\u00f8lsysteri og andre produsenter p\u00e5 ostelandet.no\",\"breadcrumb\":{\"@id\":\"https:\/\/ostelandet.no\/undredal-stolsysteri\/#breadcrumb\"},\"inLanguage\":\"en-US\",\"potentialAction\":[{\"@type\":\"ReadAction\",\"target\":[\"https:\/\/ostelandet.no\/undredal-stolsysteri\/\"]}]},{\"@type\":\"ImageObject\",\"inLanguage\":\"en-US\",\"@id\":\"https:\/\/ostelandet.no\/undredal-stolsysteri\/#primaryimage\",\"url\":\"https:\/\/ostelandet.no\/wp-content\/uploads\/2021\/04\/Undredal_stolsysteri_719x495.jpg\",\"contentUrl\":\"https:\/\/ostelandet.no\/wp-content\/uploads\/2021\/04\/Undredal_stolsysteri_719x495.jpg\",\"width\":719,\"height\":495},{\"@type\":\"BreadcrumbList\",\"@id\":\"https:\/\/ostelandet.no\/undredal-stolsysteri\/#breadcrumb\",\"itemListElement\":[{\"@type\":\"ListItem\",\"position\":1,\"name\":\"Hjem\",\"item\":\"https:\/\/ostelandet.no\/\"},{\"@type\":\"ListItem\",\"position\":2,\"name\":\"Undredal St\u00f8lsysteri\"}]},{\"@type\":\"WebSite\",\"@id\":\"https:\/\/ostelandet.no\/#website\",\"url\":\"https:\/\/ostelandet.no\/\",\"name\":\"Ostelandet Norge\",\"description\":\"- L\u00e6r mer om norsk ost\",\"publisher\":{\"@id\":\"https:\/\/ostelandet.no\/#organization\"},\"potentialAction\":[{\"@type\":\"SearchAction\",\"target\":{\"@type\":\"EntryPoint\",\"urlTemplate\":\"https:\/\/ostelandet.no\/?s={search_term_string}\"},\"query-input\":{\"@type\":\"PropertyValueSpecification\",\"valueRequired\":true,\"valueName\":\"search_term_string\"}}],\"inLanguage\":\"en-US\"},{\"@type\":\"Organization\",\"@id\":\"https:\/\/ostelandet.no\/#organization\",\"name\":\"HANEN\",\"url\":\"https:\/\/ostelandet.no\/\",\"logo\":{\"@type\":\"ImageObject\",\"inLanguage\":\"en-US\",\"@id\":\"https:\/\/ostelandet.no\/#\/schema\/logo\/image\/\",\"url\":\"https:\/\/ostelandet.no\/wp-content\/uploads\/2021\/09\/ostelandet_norge_2farger_mork_hierarkisk.png\",\"contentUrl\":\"https:\/\/ostelandet.no\/wp-content\/uploads\/2021\/09\/ostelandet_norge_2farger_mork_hierarkisk.png\",\"width\":2062,\"height\":1223,\"caption\":\"HANEN\"},\"image\":{\"@id\":\"https:\/\/ostelandet.no\/#\/schema\/logo\/image\/\"},\"sameAs\":[\"https:\/\/www.facebook.com\/ostelandet-101474925294974\",\"https:\/\/www.instagram.com\/ostelandet\/\",\"https:\/\/www.linkedin.com\/showcase\/ostelandet-norge\/\"]},{\"@type\":\"Person\",\"@id\":\"https:\/\/ostelandet.no\/#\/schema\/person\/5875f248502ea0794dca05f9ea518440\",\"name\":\"eliho\",\"image\":{\"@type\":\"ImageObject\",\"inLanguage\":\"en-US\",\"@id\":\"https:\/\/ostelandet.no\/#\/schema\/person\/image\/\",\"url\":\"https:\/\/secure.gravatar.com\/avatar\/ea2d2e46de429e0415a330ea57f41bc101fea116d020ec3116a6fc2817d801cc?s=96&d=mm&r=g\",\"contentUrl\":\"https:\/\/secure.gravatar.com\/avatar\/ea2d2e46de429e0415a330ea57f41bc101fea116d020ec3116a6fc2817d801cc?s=96&d=mm&r=g\",\"caption\":\"eliho\"},\"url\":\"https:\/\/ostelandet.no\/en\/author\/eliho\/\"}]}<\/script>\n<!-- \/ Yoast SEO plugin. -->","yoast_head_json":{"title":"Undredal St\u00f8lsysteri - Ostelandet Norge","description":"I Undredal er det \u00e5 lage ost ul\u00f8yseleg knytt til bygda sin identitet. S\u00e5 langt attende vi kan spore og fram til i dag har det utan opphald blitt laga ost av eiga mj\u00f8lk. Dei tre familiane som st\u00e5r bak nyskapinga Undredal St\u00f8lsysteri BA har losa denne stolte tradisjonen over i det moderne matlandskapet. Hvilke oster produserer Undredal St\u00f8lsysteri og hvor selges de? Les om Undredal St\u00f8lsysteri og andre produsenter p\u00e5 ostelandet.no","robots":{"index":"index","follow":"follow","max-snippet":"max-snippet:-1","max-image-preview":"max-image-preview:large","max-video-preview":"max-video-preview:-1"},"canonical":"https:\/\/ostelandet.no\/en\/undredal-stolsysteri\/","og_locale":"en_US","og_type":"article","og_title":"Undredal St\u00f8lsysteri - Ostelandet Norge","og_description":"I Undredal er det \u00e5 lage ost ul\u00f8yseleg knytt til bygda sin identitet. S\u00e5 langt attende vi kan spore og fram til i dag har det utan opphald blitt laga ost av eiga mj\u00f8lk. Dei tre familiane som st\u00e5r bak nyskapinga Undredal St\u00f8lsysteri BA har losa denne stolte tradisjonen over i det moderne matlandskapet. Hvilke oster produserer Undredal St\u00f8lsysteri og hvor selges de? Les om Undredal St\u00f8lsysteri og andre produsenter p\u00e5 ostelandet.no","og_url":"https:\/\/ostelandet.no\/en\/undredal-stolsysteri\/","og_site_name":"Ostelandet Norge","article_publisher":"https:\/\/www.facebook.com\/ostelandet-101474925294974","article_published_time":"2021-04-22T10:21:52+00:00","article_modified_time":"2025-09-20T17:48:43+00:00","og_image":[{"width":719,"height":495,"url":"https:\/\/ostelandet.no\/wp-content\/uploads\/2021\/04\/Undredal_stolsysteri_719x495.jpg","type":"image\/jpeg"}],"author":"eliho","twitter_card":"summary_large_image","twitter_misc":{"Written by":"eliho","Est. reading time":"3 minutes"},"schema":{"@context":"https:\/\/schema.org","@graph":[{"@type":"Article","@id":"https:\/\/ostelandet.no\/undredal-stolsysteri\/#article","isPartOf":{"@id":"https:\/\/ostelandet.no\/undredal-stolsysteri\/"},"author":{"name":"eliho","@id":"https:\/\/ostelandet.no\/#\/schema\/person\/5875f248502ea0794dca05f9ea518440"},"headline":"Undredal St\u00f8lsysteri","datePublished":"2021-04-22T10:21:52+00:00","dateModified":"2025-09-20T17:48:43+00:00","mainEntityOfPage":{"@id":"https:\/\/ostelandet.no\/undredal-stolsysteri\/"},"wordCount":184,"publisher":{"@id":"https:\/\/ostelandet.no\/#organization"},"image":{"@id":"https:\/\/ostelandet.no\/undredal-stolsysteri\/#primaryimage"},"thumbnailUrl":"https:\/\/ostelandet.no\/wp-content\/uploads\/2021\/04\/Undredal_stolsysteri_719x495.jpg","keywords":["geitemelk","kart_St\u00f8l","produsent","Produsent Vestland","Undredal St\u00f8lsysteri","ysteri"],"articleSection":["Produsent"],"inLanguage":"en-US"},{"@type":"WebPage","@id":"https:\/\/ostelandet.no\/undredal-stolsysteri\/","url":"https:\/\/ostelandet.no\/undredal-stolsysteri\/","name":"Undredal St\u00f8lsysteri - Ostelandet Norge","isPartOf":{"@id":"https:\/\/ostelandet.no\/#website"},"primaryImageOfPage":{"@id":"https:\/\/ostelandet.no\/undredal-stolsysteri\/#primaryimage"},"image":{"@id":"https:\/\/ostelandet.no\/undredal-stolsysteri\/#primaryimage"},"thumbnailUrl":"https:\/\/ostelandet.no\/wp-content\/uploads\/2021\/04\/Undredal_stolsysteri_719x495.jpg","datePublished":"2021-04-22T10:21:52+00:00","dateModified":"2025-09-20T17:48:43+00:00","description":"I Undredal er det \u00e5 lage ost ul\u00f8yseleg knytt til bygda sin identitet. S\u00e5 langt attende vi kan spore og fram til i dag har det utan opphald blitt laga ost av eiga mj\u00f8lk. Dei tre familiane som st\u00e5r bak nyskapinga Undredal St\u00f8lsysteri BA har losa denne stolte tradisjonen over i det moderne matlandskapet. Hvilke oster produserer Undredal St\u00f8lsysteri og hvor selges de? Les om Undredal St\u00f8lsysteri og andre produsenter p\u00e5 ostelandet.no","breadcrumb":{"@id":"https:\/\/ostelandet.no\/undredal-stolsysteri\/#breadcrumb"},"inLanguage":"en-US","potentialAction":[{"@type":"ReadAction","target":["https:\/\/ostelandet.no\/undredal-stolsysteri\/"]}]},{"@type":"ImageObject","inLanguage":"en-US","@id":"https:\/\/ostelandet.no\/undredal-stolsysteri\/#primaryimage","url":"https:\/\/ostelandet.no\/wp-content\/uploads\/2021\/04\/Undredal_stolsysteri_719x495.jpg","contentUrl":"https:\/\/ostelandet.no\/wp-content\/uploads\/2021\/04\/Undredal_stolsysteri_719x495.jpg","width":719,"height":495},{"@type":"BreadcrumbList","@id":"https:\/\/ostelandet.no\/undredal-stolsysteri\/#breadcrumb","itemListElement":[{"@type":"ListItem","position":1,"name":"Hjem","item":"https:\/\/ostelandet.no\/"},{"@type":"ListItem","position":2,"name":"Undredal St\u00f8lsysteri"}]},{"@type":"WebSite","@id":"https:\/\/ostelandet.no\/#website","url":"https:\/\/ostelandet.no\/","name":"Ostelandet Norge","description":"- L\u00e6r mer om norsk ost","publisher":{"@id":"https:\/\/ostelandet.no\/#organization"},"potentialAction":[{"@type":"SearchAction","target":{"@type":"EntryPoint","urlTemplate":"https:\/\/ostelandet.no\/?s={search_term_string}"},"query-input":{"@type":"PropertyValueSpecification","valueRequired":true,"valueName":"search_term_string"}}],"inLanguage":"en-US"},{"@type":"Organization","@id":"https:\/\/ostelandet.no\/#organization","name":"HANEN","url":"https:\/\/ostelandet.no\/","logo":{"@type":"ImageObject","inLanguage":"en-US","@id":"https:\/\/ostelandet.no\/#\/schema\/logo\/image\/","url":"https:\/\/ostelandet.no\/wp-content\/uploads\/2021\/09\/ostelandet_norge_2farger_mork_hierarkisk.png","contentUrl":"https:\/\/ostelandet.no\/wp-content\/uploads\/2021\/09\/ostelandet_norge_2farger_mork_hierarkisk.png","width":2062,"height":1223,"caption":"HANEN"},"image":{"@id":"https:\/\/ostelandet.no\/#\/schema\/logo\/image\/"},"sameAs":["https:\/\/www.facebook.com\/ostelandet-101474925294974","https:\/\/www.instagram.com\/ostelandet\/","https:\/\/www.linkedin.com\/showcase\/ostelandet-norge\/"]},{"@type":"Person","@id":"https:\/\/ostelandet.no\/#\/schema\/person\/5875f248502ea0794dca05f9ea518440","name":"eliho","image":{"@type":"ImageObject","inLanguage":"en-US","@id":"https:\/\/ostelandet.no\/#\/schema\/person\/image\/","url":"https:\/\/secure.gravatar.com\/avatar\/ea2d2e46de429e0415a330ea57f41bc101fea116d020ec3116a6fc2817d801cc?s=96&d=mm&r=g","contentUrl":"https:\/\/secure.gravatar.com\/avatar\/ea2d2e46de429e0415a330ea57f41bc101fea116d020ec3116a6fc2817d801cc?s=96&d=mm&r=g","caption":"eliho"},"url":"https:\/\/ostelandet.no\/en\/author\/eliho\/"}]}},"_links":{"self":[{"href":"https:\/\/ostelandet.no\/en\/wp-json\/wp\/v2\/posts\/3381","targetHints":{"allow":["GET"]}}],"collection":[{"href":"https:\/\/ostelandet.no\/en\/wp-json\/wp\/v2\/posts"}],"about":[{"href":"https:\/\/ostelandet.no\/en\/wp-json\/wp\/v2\/types\/post"}],"author":[{"embeddable":true,"href":"https:\/\/ostelandet.no\/en\/wp-json\/wp\/v2\/users\/1"}],"replies":[{"embeddable":true,"href":"https:\/\/ostelandet.no\/en\/wp-json\/wp\/v2\/comments?post=3381"}],"version-history":[{"count":18,"href":"https:\/\/ostelandet.no\/en\/wp-json\/wp\/v2\/posts\/3381\/revisions"}],"predecessor-version":[{"id":12771,"href":"https:\/\/ostelandet.no\/en\/wp-json\/wp\/v2\/posts\/3381\/revisions\/12771"}],"wp:featuredmedia":[{"embeddable":true,"href":"https:\/\/ostelandet.no\/en\/wp-json\/wp\/v2\/media\/11134"}],"wp:attachment":[{"href":"https:\/\/ostelandet.no\/en\/wp-json\/wp\/v2\/media?parent=3381"}],"wp:term":[{"taxonomy":"category","embeddable":true,"href":"https:\/\/ostelandet.no\/en\/wp-json\/wp\/v2\/categories?post=3381"},{"taxonomy":"post_tag","embeddable":true,"href":"https:\/\/ostelandet.no\/en\/wp-json\/wp\/v2\/tags?post=3381"},{"taxonomy":"produsent-ostetype","embeddable":true,"href":"https:\/\/ostelandet.no\/en\/wp-json\/wp\/v2\/produsent-ostetype?post=3381"},{"taxonomy":"produsentfylke","embeddable":true,"href":"https:\/\/ostelandet.no\/en\/wp-json\/wp\/v2\/produsentfylke?post=3381"}],"curies":[{"name":"wp","href":"https:\/\/api.w.org\/{rel}","templated":true}]}}