{"id":3096,"date":"2021-04-20T23:24:44","date_gmt":"2021-04-20T21:24:44","guid":{"rendered":"http:\/\/ostelandet.no\/ost\/?p=3096"},"modified":"2023-09-21T14:52:49","modified_gmt":"2023-09-21T12:52:49","slug":"selbu-bla-smakfull","status":"publish","type":"post","link":"https:\/\/ostelandet.no\/en\/selbu-bla-smakfull\/","title":{"rendered":"Selbu Bl\u00e5 Smakfull"},"content":{"rendered":"<h2>\n\t\tBLUE MOLD CHEESE\n\t<\/h2>\n<h2>\n\t\tSelbu Bl\u00e5 Smakfull\n\t<\/h2>\n\t<figure>\n\n<\/figure>\n<strong>Producer<\/strong>:\u00a0<a href=\"https:\/\/ostelandet.no\/en\/tine\/\">TINE<\/a><br \/>\n<strong>Type<\/strong>: Blue mold cheese<br \/>\n<strong>Milk<\/strong>: Cow&#039;s milk and cream\n<p><strong>Flavour<\/strong>: Selbu Bl\u00e5\u00ae Tasty is aromatic and has a semi-solid consistency.<\/p>\n<p><strong>Description<\/strong>: The cheese is made in Selbu in Tr\u00f8ndelag, and has been developed especially for Norwegian palates. It is well suited to cheese platters, salads, dressings and in hot pasta sauce. Selbu Bl\u00e5\u00ae can be enjoyed on its own, but walnuts and honey taste very good together with the rich blue cheese. In January 2019, Selbu Bl\u00e5\u00ae Smakfull was named winner in the Food Control&#039;s test of blue cheeses.<\/p>\n<p><strong>Retailers<\/strong>: Most grocery stores<\/p>\n\t\t\t\t<img loading=\"lazy\" decoding=\"async\" src=\"https:\/\/ostelandet.no\/wp-content\/uploads\/2021\/04\/selbu-bla-smakfull.png\" alt=\"Selbu Bl\u00e5 Smakfull\" itemprop=\"image\" height=\"800\" width=\"800\" title=\"selbu blue tasty\" onerror=\"this.style.display='none'\"  \/>\n<h2>\n\t\tMORE PRODUCTS FROM TINE\n\t<\/h2>","protected":false},"excerpt":{"rendered":"<p>Selbu Bl\u00e5\u00ae is made, as the name suggests, at Selbu in S\u00f8r-Tr\u00f8ndelag. The blue mold cheese is of excellent quality - developed especially for Norwegian palates. Selbu Bl\u00e5\u00ae Smakfull has an aromatic and rich taste. It is soft and creamy and is suitable for cheese platters, salads, dressings and in hot pasta sauce. Selbu Bl\u00e5\u00ae can be enjoyed alone, but walnuts and something sweet such as fruit and honey taste very good.<\/p>","protected":false},"author":1,"featured_media":3097,"comment_status":"closed","ping_status":"closed","sticky":false,"template":"","format":"standard","meta":{"_acf_changed":false,"footnotes":""},"categories":[8],"tags":[23,73,112,307,377,160,225],"produsent-ostetype":[],"produsentfylke":[],"class_list":["post-3096","post","type-post","status-publish","format-standard","has-post-thumbnail","hentry","category-blamugg","tag-blamuggost","tag-kumelk-og-flote","tag-melkesyrekultur","tag-mikrobiell","tag-ost-fra-tine","tag-pasteurisert-melk","tag-salt"],"acf":[],"yoast_head":"<!-- This site is optimized with the Yoast SEO plugin v26.1.1 - https:\/\/yoast.com\/wordpress\/plugins\/seo\/ -->\n<title>Selbu Bl\u00e5 Smakfull - Ostelandet Norge<\/title>\n<meta name=\"description\" content=\"Selbu Bl\u00e5\u00ae lages, slik navnet antyder, p\u00e5 Selbu i S\u00f8r-Tr\u00f8ndelag. Bl\u00e5muggosten er av ypperlig kvalitet \u2013 utviklet spesielt for norske ganer. Selbu Bl\u00e5\u00ae Smakfull har en aromatisk og fyldig smak. Den er myk og kremaktig og egner seg godt til ostefat, salater, dressinger og i varm pastasaus. Selbu Bl\u00e5\u00ae kan gjerne nytes alene, men valn\u00f8tter og noe s\u00f8tt som frukt og honning smaker sv\u00e6rt godt til. Selbu Bl\u00e5\u00ae lages, slik navnet antyder, p\u00e5 Selbu i S\u00f8r-Tr\u00f8ndelag. Bl\u00e5muggosten er av ypperlig kvalitet \u2013 utviklet spesielt for norske ganer. Selbu Bl\u00e5\u00ae Smakfull har en aromatisk og fyldig smak. Den er myk og kremaktig og egner seg godt til ostefat, salater, dressinger og i varm pastasaus.\" \/>\n<meta name=\"robots\" content=\"index, follow, max-snippet:-1, max-image-preview:large, max-video-preview:-1\" \/>\n<link rel=\"canonical\" href=\"https:\/\/ostelandet.no\/en\/selbu-bla-smakfull\/\" \/>\n<meta property=\"og:locale\" content=\"en_US\" \/>\n<meta property=\"og:type\" content=\"article\" \/>\n<meta property=\"og:title\" content=\"Selbu Bl\u00e5 Smakfull - Ostelandet Norge\" \/>\n<meta property=\"og:description\" content=\"Selbu Bl\u00e5\u00ae lages, slik navnet antyder, p\u00e5 Selbu i S\u00f8r-Tr\u00f8ndelag. Bl\u00e5muggosten er av ypperlig kvalitet \u2013 utviklet spesielt for norske ganer. Selbu Bl\u00e5\u00ae Smakfull har en aromatisk og fyldig smak. Den er myk og kremaktig og egner seg godt til ostefat, salater, dressinger og i varm pastasaus. Selbu Bl\u00e5\u00ae kan gjerne nytes alene, men valn\u00f8tter og noe s\u00f8tt som frukt og honning smaker sv\u00e6rt godt til. Selbu Bl\u00e5\u00ae lages, slik navnet antyder, p\u00e5 Selbu i S\u00f8r-Tr\u00f8ndelag. Bl\u00e5muggosten er av ypperlig kvalitet \u2013 utviklet spesielt for norske ganer. Selbu Bl\u00e5\u00ae Smakfull har en aromatisk og fyldig smak. Den er myk og kremaktig og egner seg godt til ostefat, salater, dressinger og i varm pastasaus.\" \/>\n<meta property=\"og:url\" content=\"https:\/\/ostelandet.no\/en\/selbu-bla-smakfull\/\" \/>\n<meta property=\"og:site_name\" content=\"Ostelandet Norge\" \/>\n<meta property=\"article:publisher\" content=\"https:\/\/www.facebook.com\/ostelandet-101474925294974\" \/>\n<meta property=\"article:published_time\" content=\"2021-04-20T21:24:44+00:00\" \/>\n<meta property=\"article:modified_time\" content=\"2023-09-21T12:52:49+00:00\" \/>\n<meta property=\"og:image\" content=\"https:\/\/ostelandet.no\/wp-content\/uploads\/2021\/04\/selbu-bla-smakfull.png\" \/>\n\t<meta property=\"og:image:width\" content=\"800\" \/>\n\t<meta property=\"og:image:height\" content=\"800\" \/>\n\t<meta property=\"og:image:type\" content=\"image\/png\" \/>\n<meta name=\"author\" content=\"eliho\" \/>\n<meta name=\"twitter:card\" content=\"summary_large_image\" \/>\n<meta name=\"twitter:label1\" content=\"Written by\" \/>\n\t<meta name=\"twitter:data1\" content=\"eliho\" \/>\n\t<meta name=\"twitter:label2\" content=\"Est. reading time\" \/>\n\t<meta name=\"twitter:data2\" content=\"1 minute\" \/>\n<script type=\"application\/ld+json\" class=\"yoast-schema-graph\">{\"@context\":\"https:\/\/schema.org\",\"@graph\":[{\"@type\":\"Article\",\"@id\":\"https:\/\/ostelandet.no\/selbu-bla-smakfull\/#article\",\"isPartOf\":{\"@id\":\"https:\/\/ostelandet.no\/selbu-bla-smakfull\/\"},\"author\":{\"name\":\"eliho\",\"@id\":\"https:\/\/ostelandet.no\/#\/schema\/person\/5875f248502ea0794dca05f9ea518440\"},\"headline\":\"Selbu Bl\u00e5 Smakfull\",\"datePublished\":\"2021-04-20T21:24:44+00:00\",\"dateModified\":\"2023-09-21T12:52:49+00:00\",\"mainEntityOfPage\":{\"@id\":\"https:\/\/ostelandet.no\/selbu-bla-smakfull\/\"},\"wordCount\":100,\"publisher\":{\"@id\":\"https:\/\/ostelandet.no\/#organization\"},\"image\":{\"@id\":\"https:\/\/ostelandet.no\/selbu-bla-smakfull\/#primaryimage\"},\"thumbnailUrl\":\"https:\/\/ostelandet.no\/wp-content\/uploads\/2021\/04\/selbu-bla-smakfull.png\",\"keywords\":[\"Bl\u00e5muggost\",\"Kumelk og fl\u00f8te\",\"Melkesyrekultur\",\"mikrobiell\",\"ost fra TINE\",\"Pasteurisert melk\",\"salt\"],\"articleSection\":[\"Bl\u00e5mugg\"],\"inLanguage\":\"en-US\"},{\"@type\":\"WebPage\",\"@id\":\"https:\/\/ostelandet.no\/selbu-bla-smakfull\/\",\"url\":\"https:\/\/ostelandet.no\/selbu-bla-smakfull\/\",\"name\":\"Selbu Bl\u00e5 Smakfull - Ostelandet Norge\",\"isPartOf\":{\"@id\":\"https:\/\/ostelandet.no\/#website\"},\"primaryImageOfPage\":{\"@id\":\"https:\/\/ostelandet.no\/selbu-bla-smakfull\/#primaryimage\"},\"image\":{\"@id\":\"https:\/\/ostelandet.no\/selbu-bla-smakfull\/#primaryimage\"},\"thumbnailUrl\":\"https:\/\/ostelandet.no\/wp-content\/uploads\/2021\/04\/selbu-bla-smakfull.png\",\"datePublished\":\"2021-04-20T21:24:44+00:00\",\"dateModified\":\"2023-09-21T12:52:49+00:00\",\"description\":\"Selbu Bl\u00e5\u00ae lages, slik navnet antyder, p\u00e5 Selbu i S\u00f8r-Tr\u00f8ndelag. Bl\u00e5muggosten er av ypperlig kvalitet \u2013 utviklet spesielt for norske ganer. Selbu Bl\u00e5\u00ae Smakfull har en aromatisk og fyldig smak. Den er myk og kremaktig og egner seg godt til ostefat, salater, dressinger og i varm pastasaus. Selbu Bl\u00e5\u00ae kan gjerne nytes alene, men valn\u00f8tter og noe s\u00f8tt som frukt og honning smaker sv\u00e6rt godt til. Selbu Bl\u00e5\u00ae lages, slik navnet antyder, p\u00e5 Selbu i S\u00f8r-Tr\u00f8ndelag. Bl\u00e5muggosten er av ypperlig kvalitet \u2013 utviklet spesielt for norske ganer. Selbu Bl\u00e5\u00ae Smakfull har en aromatisk og fyldig smak. Den er myk og kremaktig og egner seg godt til ostefat, salater, dressinger og i varm pastasaus.\",\"breadcrumb\":{\"@id\":\"https:\/\/ostelandet.no\/selbu-bla-smakfull\/#breadcrumb\"},\"inLanguage\":\"en-US\",\"potentialAction\":[{\"@type\":\"ReadAction\",\"target\":[\"https:\/\/ostelandet.no\/selbu-bla-smakfull\/\"]}]},{\"@type\":\"ImageObject\",\"inLanguage\":\"en-US\",\"@id\":\"https:\/\/ostelandet.no\/selbu-bla-smakfull\/#primaryimage\",\"url\":\"https:\/\/ostelandet.no\/wp-content\/uploads\/2021\/04\/selbu-bla-smakfull.png\",\"contentUrl\":\"https:\/\/ostelandet.no\/wp-content\/uploads\/2021\/04\/selbu-bla-smakfull.png\",\"width\":800,\"height\":800,\"caption\":\"Selbu Bl\u00e5 Smakfull\"},{\"@type\":\"BreadcrumbList\",\"@id\":\"https:\/\/ostelandet.no\/selbu-bla-smakfull\/#breadcrumb\",\"itemListElement\":[{\"@type\":\"ListItem\",\"position\":1,\"name\":\"Hjem\",\"item\":\"https:\/\/ostelandet.no\/\"},{\"@type\":\"ListItem\",\"position\":2,\"name\":\"Selbu Bl\u00e5 Smakfull\"}]},{\"@type\":\"WebSite\",\"@id\":\"https:\/\/ostelandet.no\/#website\",\"url\":\"https:\/\/ostelandet.no\/\",\"name\":\"Ostelandet Norge\",\"description\":\"- L\u00e6r mer om norsk ost\",\"publisher\":{\"@id\":\"https:\/\/ostelandet.no\/#organization\"},\"potentialAction\":[{\"@type\":\"SearchAction\",\"target\":{\"@type\":\"EntryPoint\",\"urlTemplate\":\"https:\/\/ostelandet.no\/?s={search_term_string}\"},\"query-input\":{\"@type\":\"PropertyValueSpecification\",\"valueRequired\":true,\"valueName\":\"search_term_string\"}}],\"inLanguage\":\"en-US\"},{\"@type\":\"Organization\",\"@id\":\"https:\/\/ostelandet.no\/#organization\",\"name\":\"HANEN\",\"url\":\"https:\/\/ostelandet.no\/\",\"logo\":{\"@type\":\"ImageObject\",\"inLanguage\":\"en-US\",\"@id\":\"https:\/\/ostelandet.no\/#\/schema\/logo\/image\/\",\"url\":\"https:\/\/ostelandet.no\/wp-content\/uploads\/2021\/09\/ostelandet_norge_2farger_mork_hierarkisk.png\",\"contentUrl\":\"https:\/\/ostelandet.no\/wp-content\/uploads\/2021\/09\/ostelandet_norge_2farger_mork_hierarkisk.png\",\"width\":2062,\"height\":1223,\"caption\":\"HANEN\"},\"image\":{\"@id\":\"https:\/\/ostelandet.no\/#\/schema\/logo\/image\/\"},\"sameAs\":[\"https:\/\/www.facebook.com\/ostelandet-101474925294974\",\"https:\/\/www.instagram.com\/ostelandet\/\",\"https:\/\/www.linkedin.com\/showcase\/ostelandet-norge\/\"]},{\"@type\":\"Person\",\"@id\":\"https:\/\/ostelandet.no\/#\/schema\/person\/5875f248502ea0794dca05f9ea518440\",\"name\":\"eliho\",\"image\":{\"@type\":\"ImageObject\",\"inLanguage\":\"en-US\",\"@id\":\"https:\/\/ostelandet.no\/#\/schema\/person\/image\/\",\"url\":\"https:\/\/secure.gravatar.com\/avatar\/ea2d2e46de429e0415a330ea57f41bc101fea116d020ec3116a6fc2817d801cc?s=96&d=mm&r=g\",\"contentUrl\":\"https:\/\/secure.gravatar.com\/avatar\/ea2d2e46de429e0415a330ea57f41bc101fea116d020ec3116a6fc2817d801cc?s=96&d=mm&r=g\",\"caption\":\"eliho\"},\"url\":\"https:\/\/ostelandet.no\/en\/author\/eliho\/\"}]}<\/script>\n<!-- \/ Yoast SEO plugin. -->","yoast_head_json":{"title":"Selbu Bl\u00e5 Smakfull - Ostelandet Norge","description":"Selbu Bl\u00e5\u00ae lages, slik navnet antyder, p\u00e5 Selbu i S\u00f8r-Tr\u00f8ndelag. Bl\u00e5muggosten er av ypperlig kvalitet \u2013 utviklet spesielt for norske ganer. Selbu Bl\u00e5\u00ae Smakfull har en aromatisk og fyldig smak. Den er myk og kremaktig og egner seg godt til ostefat, salater, dressinger og i varm pastasaus. Selbu Bl\u00e5\u00ae kan gjerne nytes alene, men valn\u00f8tter og noe s\u00f8tt som frukt og honning smaker sv\u00e6rt godt til. Selbu Bl\u00e5\u00ae lages, slik navnet antyder, p\u00e5 Selbu i S\u00f8r-Tr\u00f8ndelag. Bl\u00e5muggosten er av ypperlig kvalitet \u2013 utviklet spesielt for norske ganer. Selbu Bl\u00e5\u00ae Smakfull har en aromatisk og fyldig smak. Den er myk og kremaktig og egner seg godt til ostefat, salater, dressinger og i varm pastasaus.","robots":{"index":"index","follow":"follow","max-snippet":"max-snippet:-1","max-image-preview":"max-image-preview:large","max-video-preview":"max-video-preview:-1"},"canonical":"https:\/\/ostelandet.no\/en\/selbu-bla-smakfull\/","og_locale":"en_US","og_type":"article","og_title":"Selbu Bl\u00e5 Smakfull - Ostelandet Norge","og_description":"Selbu Bl\u00e5\u00ae lages, slik navnet antyder, p\u00e5 Selbu i S\u00f8r-Tr\u00f8ndelag. Bl\u00e5muggosten er av ypperlig kvalitet \u2013 utviklet spesielt for norske ganer. Selbu Bl\u00e5\u00ae Smakfull har en aromatisk og fyldig smak. Den er myk og kremaktig og egner seg godt til ostefat, salater, dressinger og i varm pastasaus. Selbu Bl\u00e5\u00ae kan gjerne nytes alene, men valn\u00f8tter og noe s\u00f8tt som frukt og honning smaker sv\u00e6rt godt til. Selbu Bl\u00e5\u00ae lages, slik navnet antyder, p\u00e5 Selbu i S\u00f8r-Tr\u00f8ndelag. Bl\u00e5muggosten er av ypperlig kvalitet \u2013 utviklet spesielt for norske ganer. Selbu Bl\u00e5\u00ae Smakfull har en aromatisk og fyldig smak. Den er myk og kremaktig og egner seg godt til ostefat, salater, dressinger og i varm pastasaus.","og_url":"https:\/\/ostelandet.no\/en\/selbu-bla-smakfull\/","og_site_name":"Ostelandet Norge","article_publisher":"https:\/\/www.facebook.com\/ostelandet-101474925294974","article_published_time":"2021-04-20T21:24:44+00:00","article_modified_time":"2023-09-21T12:52:49+00:00","og_image":[{"width":800,"height":800,"url":"https:\/\/ostelandet.no\/wp-content\/uploads\/2021\/04\/selbu-bla-smakfull.png","type":"image\/png"}],"author":"eliho","twitter_card":"summary_large_image","twitter_misc":{"Written by":"eliho","Est. reading time":"1 minute"},"schema":{"@context":"https:\/\/schema.org","@graph":[{"@type":"Article","@id":"https:\/\/ostelandet.no\/selbu-bla-smakfull\/#article","isPartOf":{"@id":"https:\/\/ostelandet.no\/selbu-bla-smakfull\/"},"author":{"name":"eliho","@id":"https:\/\/ostelandet.no\/#\/schema\/person\/5875f248502ea0794dca05f9ea518440"},"headline":"Selbu Bl\u00e5 Smakfull","datePublished":"2021-04-20T21:24:44+00:00","dateModified":"2023-09-21T12:52:49+00:00","mainEntityOfPage":{"@id":"https:\/\/ostelandet.no\/selbu-bla-smakfull\/"},"wordCount":100,"publisher":{"@id":"https:\/\/ostelandet.no\/#organization"},"image":{"@id":"https:\/\/ostelandet.no\/selbu-bla-smakfull\/#primaryimage"},"thumbnailUrl":"https:\/\/ostelandet.no\/wp-content\/uploads\/2021\/04\/selbu-bla-smakfull.png","keywords":["Bl\u00e5muggost","Kumelk og fl\u00f8te","Melkesyrekultur","mikrobiell","ost fra TINE","Pasteurisert melk","salt"],"articleSection":["Bl\u00e5mugg"],"inLanguage":"en-US"},{"@type":"WebPage","@id":"https:\/\/ostelandet.no\/selbu-bla-smakfull\/","url":"https:\/\/ostelandet.no\/selbu-bla-smakfull\/","name":"Selbu Bl\u00e5 Smakfull - Ostelandet Norge","isPartOf":{"@id":"https:\/\/ostelandet.no\/#website"},"primaryImageOfPage":{"@id":"https:\/\/ostelandet.no\/selbu-bla-smakfull\/#primaryimage"},"image":{"@id":"https:\/\/ostelandet.no\/selbu-bla-smakfull\/#primaryimage"},"thumbnailUrl":"https:\/\/ostelandet.no\/wp-content\/uploads\/2021\/04\/selbu-bla-smakfull.png","datePublished":"2021-04-20T21:24:44+00:00","dateModified":"2023-09-21T12:52:49+00:00","description":"Selbu Bl\u00e5\u00ae lages, slik navnet antyder, p\u00e5 Selbu i S\u00f8r-Tr\u00f8ndelag. Bl\u00e5muggosten er av ypperlig kvalitet \u2013 utviklet spesielt for norske ganer. Selbu Bl\u00e5\u00ae Smakfull har en aromatisk og fyldig smak. Den er myk og kremaktig og egner seg godt til ostefat, salater, dressinger og i varm pastasaus. Selbu Bl\u00e5\u00ae kan gjerne nytes alene, men valn\u00f8tter og noe s\u00f8tt som frukt og honning smaker sv\u00e6rt godt til. Selbu Bl\u00e5\u00ae lages, slik navnet antyder, p\u00e5 Selbu i S\u00f8r-Tr\u00f8ndelag. Bl\u00e5muggosten er av ypperlig kvalitet \u2013 utviklet spesielt for norske ganer. Selbu Bl\u00e5\u00ae Smakfull har en aromatisk og fyldig smak. Den er myk og kremaktig og egner seg godt til ostefat, salater, dressinger og i varm pastasaus.","breadcrumb":{"@id":"https:\/\/ostelandet.no\/selbu-bla-smakfull\/#breadcrumb"},"inLanguage":"en-US","potentialAction":[{"@type":"ReadAction","target":["https:\/\/ostelandet.no\/selbu-bla-smakfull\/"]}]},{"@type":"ImageObject","inLanguage":"en-US","@id":"https:\/\/ostelandet.no\/selbu-bla-smakfull\/#primaryimage","url":"https:\/\/ostelandet.no\/wp-content\/uploads\/2021\/04\/selbu-bla-smakfull.png","contentUrl":"https:\/\/ostelandet.no\/wp-content\/uploads\/2021\/04\/selbu-bla-smakfull.png","width":800,"height":800,"caption":"Selbu Bl\u00e5 Smakfull"},{"@type":"BreadcrumbList","@id":"https:\/\/ostelandet.no\/selbu-bla-smakfull\/#breadcrumb","itemListElement":[{"@type":"ListItem","position":1,"name":"Hjem","item":"https:\/\/ostelandet.no\/"},{"@type":"ListItem","position":2,"name":"Selbu Bl\u00e5 Smakfull"}]},{"@type":"WebSite","@id":"https:\/\/ostelandet.no\/#website","url":"https:\/\/ostelandet.no\/","name":"Ostelandet Norge","description":"- L\u00e6r mer om norsk ost","publisher":{"@id":"https:\/\/ostelandet.no\/#organization"},"potentialAction":[{"@type":"SearchAction","target":{"@type":"EntryPoint","urlTemplate":"https:\/\/ostelandet.no\/?s={search_term_string}"},"query-input":{"@type":"PropertyValueSpecification","valueRequired":true,"valueName":"search_term_string"}}],"inLanguage":"en-US"},{"@type":"Organization","@id":"https:\/\/ostelandet.no\/#organization","name":"HANEN","url":"https:\/\/ostelandet.no\/","logo":{"@type":"ImageObject","inLanguage":"en-US","@id":"https:\/\/ostelandet.no\/#\/schema\/logo\/image\/","url":"https:\/\/ostelandet.no\/wp-content\/uploads\/2021\/09\/ostelandet_norge_2farger_mork_hierarkisk.png","contentUrl":"https:\/\/ostelandet.no\/wp-content\/uploads\/2021\/09\/ostelandet_norge_2farger_mork_hierarkisk.png","width":2062,"height":1223,"caption":"HANEN"},"image":{"@id":"https:\/\/ostelandet.no\/#\/schema\/logo\/image\/"},"sameAs":["https:\/\/www.facebook.com\/ostelandet-101474925294974","https:\/\/www.instagram.com\/ostelandet\/","https:\/\/www.linkedin.com\/showcase\/ostelandet-norge\/"]},{"@type":"Person","@id":"https:\/\/ostelandet.no\/#\/schema\/person\/5875f248502ea0794dca05f9ea518440","name":"eliho","image":{"@type":"ImageObject","inLanguage":"en-US","@id":"https:\/\/ostelandet.no\/#\/schema\/person\/image\/","url":"https:\/\/secure.gravatar.com\/avatar\/ea2d2e46de429e0415a330ea57f41bc101fea116d020ec3116a6fc2817d801cc?s=96&d=mm&r=g","contentUrl":"https:\/\/secure.gravatar.com\/avatar\/ea2d2e46de429e0415a330ea57f41bc101fea116d020ec3116a6fc2817d801cc?s=96&d=mm&r=g","caption":"eliho"},"url":"https:\/\/ostelandet.no\/en\/author\/eliho\/"}]}},"_links":{"self":[{"href":"https:\/\/ostelandet.no\/en\/wp-json\/wp\/v2\/posts\/3096","targetHints":{"allow":["GET"]}}],"collection":[{"href":"https:\/\/ostelandet.no\/en\/wp-json\/wp\/v2\/posts"}],"about":[{"href":"https:\/\/ostelandet.no\/en\/wp-json\/wp\/v2\/types\/post"}],"author":[{"embeddable":true,"href":"https:\/\/ostelandet.no\/en\/wp-json\/wp\/v2\/users\/1"}],"replies":[{"embeddable":true,"href":"https:\/\/ostelandet.no\/en\/wp-json\/wp\/v2\/comments?post=3096"}],"version-history":[{"count":9,"href":"https:\/\/ostelandet.no\/en\/wp-json\/wp\/v2\/posts\/3096\/revisions"}],"predecessor-version":[{"id":9349,"href":"https:\/\/ostelandet.no\/en\/wp-json\/wp\/v2\/posts\/3096\/revisions\/9349"}],"wp:featuredmedia":[{"embeddable":true,"href":"https:\/\/ostelandet.no\/en\/wp-json\/wp\/v2\/media\/3097"}],"wp:attachment":[{"href":"https:\/\/ostelandet.no\/en\/wp-json\/wp\/v2\/media?parent=3096"}],"wp:term":[{"taxonomy":"category","embeddable":true,"href":"https:\/\/ostelandet.no\/en\/wp-json\/wp\/v2\/categories?post=3096"},{"taxonomy":"post_tag","embeddable":true,"href":"https:\/\/ostelandet.no\/en\/wp-json\/wp\/v2\/tags?post=3096"},{"taxonomy":"produsent-ostetype","embeddable":true,"href":"https:\/\/ostelandet.no\/en\/wp-json\/wp\/v2\/produsent-ostetype?post=3096"},{"taxonomy":"produsentfylke","embeddable":true,"href":"https:\/\/ostelandet.no\/en\/wp-json\/wp\/v2\/produsentfylke?post=3096"}],"curies":[{"name":"wp","href":"https:\/\/api.w.org\/{rel}","templated":true}]}}