{"id":2894,"date":"2021-04-15T19:30:27","date_gmt":"2021-04-15T17:30:27","guid":{"rendered":"http:\/\/ostelandet.no\/ost\/?p=2894"},"modified":"2023-05-19T12:01:36","modified_gmt":"2023-05-19T10:01:36","slug":"mjolkeprim","status":"publish","type":"post","link":"https:\/\/ostelandet.no\/en\/mjolkeprim\/","title":{"rendered":"Mj\u00f8lkeprim"},"content":{"rendered":"<h2>\n\t\tBROWN CHEESE\n\t<\/h2>\n<h2>\n\t\tMj\u00f8lkeprim\n\t<\/h2>\n\t<figure>\n\n<\/figure>\n<strong>Producer<\/strong>: <a href=\"https:\/\/ostelandet.no\/en\/jakobsplass\/\">Jakobsplass<\/a><br \/>\n<strong>Type<\/strong>: Brown cheese<br \/>\n<strong>Milk<\/strong>: Cow&#039;s and goat&#039;s milk\n<p><strong>Flavour<\/strong>: Mild taste of milky brown cheese.<\/p>\n<p><strong>Description<\/strong>: Mj\u00f8lkeprim er eit sv\u00e6rt lokalt produkt som berre blir kokt i Hallingdal og n\u00e6romr\u00e5da. Dette er ein brunost som blir skore i tjukke skiver og servert til kaffimat &#8211; nydeleg p\u00e5 nysteikte vaflar eller lappar! I mj\u00f8lkeprimen er heile mj\u00f8lka kokt inn, ostemassen er ikkje teke bort. Dette gjer han rask \u00e5 koke og mindre haldbar, men mj\u00f8lkeprimen kan frysast. Budeiene kokte mj\u00f8lkeprim den fyrste og siste dagen p\u00e5 st\u00f8len, n\u00e5r dei m\u00e5tte ta raskt hand om dagens mj\u00f8lk.<\/p>\n<p><strong>Retailers<\/strong>: Our own farm shop<\/p>\n\t\t\t\t<img loading=\"lazy\" decoding=\"async\" src=\"https:\/\/ostelandet.no\/wp-content\/uploads\/2021\/04\/ostebygdajakobsplassmjlkeprim2018emileholba2510x382.jpg\" alt=\"Mj\u00f8lkeprim fra Jakobsplass\" itemprop=\"image\" height=\"382\" width=\"510\" title=\"Mj\u00f8lkeprim\" onerror=\"this.style.display='none'\"  \/>\n<h2>\n\t\tMORE PRODUCTS FROM JAKOBSPLASS\n\t<\/h2>","protected":false},"excerpt":{"rendered":"<p>Mj\u00f8lkeprim is a very local product that is only cooked in Hallingdal and the surrounding area. This is a brown cheese that is cut into thick slices and served with coffee food - delicious on freshly fried waffles or slices! In the milk premium, the whole milk is boiled in, the curd is not removed. This makes it quick to boil and less shelf-stable, but the milk prime can be frozen. The owners boiled milk first on the first and last day at the st\u00f8l, when they had to quickly take care of the day&#039;s milk.<\/p>\n<p>What about inviting the neighbor in for coffee and Mj\u00f8lkeprim?<\/p>","protected":false},"author":1,"featured_media":2895,"comment_status":"closed","ping_status":"closed","sticky":false,"template":"","format":"standard","meta":{"_acf_changed":false,"footnotes":""},"categories":[13],"tags":[265,318,179,294,103,114,316,208,26,319,197,81],"produsent-ostetype":[],"produsentfylke":[],"class_list":["post-2894","post","type-post","status-publish","format-standard","has-post-thumbnail","hentry","category-brunost","tag-annen-tradisjonsost","tag-blanding-av-melketyper","tag-brunost","tag-geit","tag-geitemelk","tag-geitost","tag-jakobsplass","tag-ku-og-geit","tag-mild","tag-mjolkeprim","tag-ost-fra-jakobsplass","tag-tradisjonsost"],"acf":[],"yoast_head":"<!-- This site is optimized with the Yoast SEO plugin v26.1.1 - https:\/\/yoast.com\/wordpress\/plugins\/seo\/ -->\n<title>Mj\u00f8lkeprim - Ostelandet Norge<\/title>\n<meta name=\"description\" content=\"Mj\u00f8lkeprim er eit sv\u00e6rt lokalt produkt som berre blir kokt i Hallingdal og n\u00e6romr\u00e5da. Dette er ein brunost som blir skore i tjukke skiver og servert til kaffimat \u2013 nydeleg p\u00e5 nysteikte vaflar eller lappar! I mj\u00f8lkeprimen er heile mj\u00f8lka kokt inn, ostemassen er ikkje teke bort. Dette gjer han rask \u00e5 koke og mindre haldbar, men mj\u00f8lkeprimen kan frysast. Budeiene kokte mj\u00f8lkeprim den fyrste og siste dagen p\u00e5 st\u00f8len, n\u00e5r dei m\u00e5tte ta raskt hand om dagens mj\u00f8lk. Kva med \u00e5 invitere naboen inn p\u00e5 kaffi og Mj\u00f8lkeprim? BrunostMelk - Ku- og geitemelk - Mild mj\u00f8lkeprimsmak - kokt i Hallingdal og n\u00e6romr\u00e5da\" \/>\n<meta name=\"robots\" content=\"index, follow, max-snippet:-1, max-image-preview:large, max-video-preview:-1\" \/>\n<link rel=\"canonical\" href=\"https:\/\/ostelandet.no\/en\/mjolkeprim\/\" \/>\n<meta property=\"og:locale\" content=\"en_US\" \/>\n<meta property=\"og:type\" content=\"article\" \/>\n<meta property=\"og:title\" content=\"Mj\u00f8lkeprim - Ostelandet Norge\" \/>\n<meta property=\"og:description\" content=\"Mj\u00f8lkeprim er eit sv\u00e6rt lokalt produkt som berre blir kokt i Hallingdal og n\u00e6romr\u00e5da. Dette er ein brunost som blir skore i tjukke skiver og servert til kaffimat \u2013 nydeleg p\u00e5 nysteikte vaflar eller lappar! I mj\u00f8lkeprimen er heile mj\u00f8lka kokt inn, ostemassen er ikkje teke bort. Dette gjer han rask \u00e5 koke og mindre haldbar, men mj\u00f8lkeprimen kan frysast. Budeiene kokte mj\u00f8lkeprim den fyrste og siste dagen p\u00e5 st\u00f8len, n\u00e5r dei m\u00e5tte ta raskt hand om dagens mj\u00f8lk. Kva med \u00e5 invitere naboen inn p\u00e5 kaffi og Mj\u00f8lkeprim? BrunostMelk - Ku- og geitemelk - Mild mj\u00f8lkeprimsmak - kokt i Hallingdal og n\u00e6romr\u00e5da\" \/>\n<meta property=\"og:url\" content=\"https:\/\/ostelandet.no\/en\/mjolkeprim\/\" \/>\n<meta property=\"og:site_name\" content=\"Ostelandet Norge\" \/>\n<meta property=\"article:publisher\" content=\"https:\/\/www.facebook.com\/ostelandet-101474925294974\" \/>\n<meta property=\"article:published_time\" content=\"2021-04-15T17:30:27+00:00\" \/>\n<meta property=\"article:modified_time\" content=\"2023-05-19T10:01:36+00:00\" \/>\n<meta property=\"og:image\" content=\"https:\/\/ostelandet.no\/wp-content\/uploads\/2021\/04\/ostebygdajakobsplassmjlkeprim2018emileholba2510x382.jpg\" \/>\n\t<meta property=\"og:image:width\" content=\"510\" \/>\n\t<meta property=\"og:image:height\" content=\"382\" \/>\n\t<meta property=\"og:image:type\" content=\"image\/jpeg\" \/>\n<meta name=\"author\" content=\"eliho\" \/>\n<meta name=\"twitter:card\" content=\"summary_large_image\" \/>\n<meta name=\"twitter:label1\" content=\"Written by\" \/>\n\t<meta name=\"twitter:data1\" content=\"eliho\" \/>\n\t<meta name=\"twitter:label2\" content=\"Est. reading time\" \/>\n\t<meta name=\"twitter:data2\" content=\"1 minute\" \/>\n<script type=\"application\/ld+json\" class=\"yoast-schema-graph\">{\"@context\":\"https:\/\/schema.org\",\"@graph\":[{\"@type\":\"Article\",\"@id\":\"https:\/\/ostelandet.no\/mjolkeprim\/#article\",\"isPartOf\":{\"@id\":\"https:\/\/ostelandet.no\/mjolkeprim\/\"},\"author\":{\"name\":\"eliho\",\"@id\":\"https:\/\/ostelandet.no\/#\/schema\/person\/5875f248502ea0794dca05f9ea518440\"},\"headline\":\"Mj\u00f8lkeprim\",\"datePublished\":\"2021-04-15T17:30:27+00:00\",\"dateModified\":\"2023-05-19T10:01:36+00:00\",\"mainEntityOfPage\":{\"@id\":\"https:\/\/ostelandet.no\/mjolkeprim\/\"},\"wordCount\":116,\"publisher\":{\"@id\":\"https:\/\/ostelandet.no\/#organization\"},\"image\":{\"@id\":\"https:\/\/ostelandet.no\/mjolkeprim\/#primaryimage\"},\"thumbnailUrl\":\"https:\/\/ostelandet.no\/wp-content\/uploads\/2021\/04\/ostebygdajakobsplassmjlkeprim2018emileholba2510x382.jpg\",\"keywords\":[\"annen tradisjonsost\",\"Blanding av melketyper\",\"brunost\",\"geit\",\"geitemelk\",\"geitost\",\"Jakobsplass\",\"ku og geit\",\"Mild\",\"mj\u00f8lkeprim\",\"ost fra Jakobsplass\",\"Tradisjonsost\"],\"articleSection\":[\"Brunost\"],\"inLanguage\":\"en-US\"},{\"@type\":\"WebPage\",\"@id\":\"https:\/\/ostelandet.no\/mjolkeprim\/\",\"url\":\"https:\/\/ostelandet.no\/mjolkeprim\/\",\"name\":\"Mj\u00f8lkeprim - Ostelandet Norge\",\"isPartOf\":{\"@id\":\"https:\/\/ostelandet.no\/#website\"},\"primaryImageOfPage\":{\"@id\":\"https:\/\/ostelandet.no\/mjolkeprim\/#primaryimage\"},\"image\":{\"@id\":\"https:\/\/ostelandet.no\/mjolkeprim\/#primaryimage\"},\"thumbnailUrl\":\"https:\/\/ostelandet.no\/wp-content\/uploads\/2021\/04\/ostebygdajakobsplassmjlkeprim2018emileholba2510x382.jpg\",\"datePublished\":\"2021-04-15T17:30:27+00:00\",\"dateModified\":\"2023-05-19T10:01:36+00:00\",\"description\":\"Mj\u00f8lkeprim er eit sv\u00e6rt lokalt produkt som berre blir kokt i Hallingdal og n\u00e6romr\u00e5da. Dette er ein brunost som blir skore i tjukke skiver og servert til kaffimat \u2013 nydeleg p\u00e5 nysteikte vaflar eller lappar! I mj\u00f8lkeprimen er heile mj\u00f8lka kokt inn, ostemassen er ikkje teke bort. Dette gjer han rask \u00e5 koke og mindre haldbar, men mj\u00f8lkeprimen kan frysast. Budeiene kokte mj\u00f8lkeprim den fyrste og siste dagen p\u00e5 st\u00f8len, n\u00e5r dei m\u00e5tte ta raskt hand om dagens mj\u00f8lk. Kva med \u00e5 invitere naboen inn p\u00e5 kaffi og Mj\u00f8lkeprim? BrunostMelk - Ku- og geitemelk - Mild mj\u00f8lkeprimsmak - kokt i Hallingdal og n\u00e6romr\u00e5da\",\"breadcrumb\":{\"@id\":\"https:\/\/ostelandet.no\/mjolkeprim\/#breadcrumb\"},\"inLanguage\":\"en-US\",\"potentialAction\":[{\"@type\":\"ReadAction\",\"target\":[\"https:\/\/ostelandet.no\/mjolkeprim\/\"]}]},{\"@type\":\"ImageObject\",\"inLanguage\":\"en-US\",\"@id\":\"https:\/\/ostelandet.no\/mjolkeprim\/#primaryimage\",\"url\":\"https:\/\/ostelandet.no\/wp-content\/uploads\/2021\/04\/ostebygdajakobsplassmjlkeprim2018emileholba2510x382.jpg\",\"contentUrl\":\"https:\/\/ostelandet.no\/wp-content\/uploads\/2021\/04\/ostebygdajakobsplassmjlkeprim2018emileholba2510x382.jpg\",\"width\":510,\"height\":382,\"caption\":\"Mj\u00f8lkeprim fra Jakobsplass\"},{\"@type\":\"BreadcrumbList\",\"@id\":\"https:\/\/ostelandet.no\/mjolkeprim\/#breadcrumb\",\"itemListElement\":[{\"@type\":\"ListItem\",\"position\":1,\"name\":\"Hjem\",\"item\":\"https:\/\/ostelandet.no\/\"},{\"@type\":\"ListItem\",\"position\":2,\"name\":\"Mj\u00f8lkeprim\"}]},{\"@type\":\"WebSite\",\"@id\":\"https:\/\/ostelandet.no\/#website\",\"url\":\"https:\/\/ostelandet.no\/\",\"name\":\"Ostelandet Norge\",\"description\":\"- L\u00e6r mer om norsk ost\",\"publisher\":{\"@id\":\"https:\/\/ostelandet.no\/#organization\"},\"potentialAction\":[{\"@type\":\"SearchAction\",\"target\":{\"@type\":\"EntryPoint\",\"urlTemplate\":\"https:\/\/ostelandet.no\/?s={search_term_string}\"},\"query-input\":{\"@type\":\"PropertyValueSpecification\",\"valueRequired\":true,\"valueName\":\"search_term_string\"}}],\"inLanguage\":\"en-US\"},{\"@type\":\"Organization\",\"@id\":\"https:\/\/ostelandet.no\/#organization\",\"name\":\"HANEN\",\"url\":\"https:\/\/ostelandet.no\/\",\"logo\":{\"@type\":\"ImageObject\",\"inLanguage\":\"en-US\",\"@id\":\"https:\/\/ostelandet.no\/#\/schema\/logo\/image\/\",\"url\":\"https:\/\/ostelandet.no\/wp-content\/uploads\/2021\/09\/ostelandet_norge_2farger_mork_hierarkisk.png\",\"contentUrl\":\"https:\/\/ostelandet.no\/wp-content\/uploads\/2021\/09\/ostelandet_norge_2farger_mork_hierarkisk.png\",\"width\":2062,\"height\":1223,\"caption\":\"HANEN\"},\"image\":{\"@id\":\"https:\/\/ostelandet.no\/#\/schema\/logo\/image\/\"},\"sameAs\":[\"https:\/\/www.facebook.com\/ostelandet-101474925294974\",\"https:\/\/www.instagram.com\/ostelandet\/\",\"https:\/\/www.linkedin.com\/showcase\/ostelandet-norge\/\"]},{\"@type\":\"Person\",\"@id\":\"https:\/\/ostelandet.no\/#\/schema\/person\/5875f248502ea0794dca05f9ea518440\",\"name\":\"eliho\",\"image\":{\"@type\":\"ImageObject\",\"inLanguage\":\"en-US\",\"@id\":\"https:\/\/ostelandet.no\/#\/schema\/person\/image\/\",\"url\":\"https:\/\/secure.gravatar.com\/avatar\/ea2d2e46de429e0415a330ea57f41bc101fea116d020ec3116a6fc2817d801cc?s=96&d=mm&r=g\",\"contentUrl\":\"https:\/\/secure.gravatar.com\/avatar\/ea2d2e46de429e0415a330ea57f41bc101fea116d020ec3116a6fc2817d801cc?s=96&d=mm&r=g\",\"caption\":\"eliho\"},\"url\":\"https:\/\/ostelandet.no\/en\/author\/eliho\/\"}]}<\/script>\n<!-- \/ Yoast SEO plugin. -->","yoast_head_json":{"title":"Mj\u00f8lkeprim - Ostelandet Norge","description":"Mj\u00f8lkeprim er eit sv\u00e6rt lokalt produkt som berre blir kokt i Hallingdal og n\u00e6romr\u00e5da. Dette er ein brunost som blir skore i tjukke skiver og servert til kaffimat \u2013 nydeleg p\u00e5 nysteikte vaflar eller lappar! I mj\u00f8lkeprimen er heile mj\u00f8lka kokt inn, ostemassen er ikkje teke bort. Dette gjer han rask \u00e5 koke og mindre haldbar, men mj\u00f8lkeprimen kan frysast. Budeiene kokte mj\u00f8lkeprim den fyrste og siste dagen p\u00e5 st\u00f8len, n\u00e5r dei m\u00e5tte ta raskt hand om dagens mj\u00f8lk. Kva med \u00e5 invitere naboen inn p\u00e5 kaffi og Mj\u00f8lkeprim? BrunostMelk - Ku- og geitemelk - Mild mj\u00f8lkeprimsmak - kokt i Hallingdal og n\u00e6romr\u00e5da","robots":{"index":"index","follow":"follow","max-snippet":"max-snippet:-1","max-image-preview":"max-image-preview:large","max-video-preview":"max-video-preview:-1"},"canonical":"https:\/\/ostelandet.no\/en\/mjolkeprim\/","og_locale":"en_US","og_type":"article","og_title":"Mj\u00f8lkeprim - Ostelandet Norge","og_description":"Mj\u00f8lkeprim er eit sv\u00e6rt lokalt produkt som berre blir kokt i Hallingdal og n\u00e6romr\u00e5da. Dette er ein brunost som blir skore i tjukke skiver og servert til kaffimat \u2013 nydeleg p\u00e5 nysteikte vaflar eller lappar! I mj\u00f8lkeprimen er heile mj\u00f8lka kokt inn, ostemassen er ikkje teke bort. Dette gjer han rask \u00e5 koke og mindre haldbar, men mj\u00f8lkeprimen kan frysast. Budeiene kokte mj\u00f8lkeprim den fyrste og siste dagen p\u00e5 st\u00f8len, n\u00e5r dei m\u00e5tte ta raskt hand om dagens mj\u00f8lk. Kva med \u00e5 invitere naboen inn p\u00e5 kaffi og Mj\u00f8lkeprim? BrunostMelk - Ku- og geitemelk - Mild mj\u00f8lkeprimsmak - kokt i Hallingdal og n\u00e6romr\u00e5da","og_url":"https:\/\/ostelandet.no\/en\/mjolkeprim\/","og_site_name":"Ostelandet Norge","article_publisher":"https:\/\/www.facebook.com\/ostelandet-101474925294974","article_published_time":"2021-04-15T17:30:27+00:00","article_modified_time":"2023-05-19T10:01:36+00:00","og_image":[{"width":510,"height":382,"url":"https:\/\/ostelandet.no\/wp-content\/uploads\/2021\/04\/ostebygdajakobsplassmjlkeprim2018emileholba2510x382.jpg","type":"image\/jpeg"}],"author":"eliho","twitter_card":"summary_large_image","twitter_misc":{"Written by":"eliho","Est. reading time":"1 minute"},"schema":{"@context":"https:\/\/schema.org","@graph":[{"@type":"Article","@id":"https:\/\/ostelandet.no\/mjolkeprim\/#article","isPartOf":{"@id":"https:\/\/ostelandet.no\/mjolkeprim\/"},"author":{"name":"eliho","@id":"https:\/\/ostelandet.no\/#\/schema\/person\/5875f248502ea0794dca05f9ea518440"},"headline":"Mj\u00f8lkeprim","datePublished":"2021-04-15T17:30:27+00:00","dateModified":"2023-05-19T10:01:36+00:00","mainEntityOfPage":{"@id":"https:\/\/ostelandet.no\/mjolkeprim\/"},"wordCount":116,"publisher":{"@id":"https:\/\/ostelandet.no\/#organization"},"image":{"@id":"https:\/\/ostelandet.no\/mjolkeprim\/#primaryimage"},"thumbnailUrl":"https:\/\/ostelandet.no\/wp-content\/uploads\/2021\/04\/ostebygdajakobsplassmjlkeprim2018emileholba2510x382.jpg","keywords":["annen tradisjonsost","Blanding av melketyper","brunost","geit","geitemelk","geitost","Jakobsplass","ku og geit","Mild","mj\u00f8lkeprim","ost fra Jakobsplass","Tradisjonsost"],"articleSection":["Brunost"],"inLanguage":"en-US"},{"@type":"WebPage","@id":"https:\/\/ostelandet.no\/mjolkeprim\/","url":"https:\/\/ostelandet.no\/mjolkeprim\/","name":"Mj\u00f8lkeprim - Ostelandet Norge","isPartOf":{"@id":"https:\/\/ostelandet.no\/#website"},"primaryImageOfPage":{"@id":"https:\/\/ostelandet.no\/mjolkeprim\/#primaryimage"},"image":{"@id":"https:\/\/ostelandet.no\/mjolkeprim\/#primaryimage"},"thumbnailUrl":"https:\/\/ostelandet.no\/wp-content\/uploads\/2021\/04\/ostebygdajakobsplassmjlkeprim2018emileholba2510x382.jpg","datePublished":"2021-04-15T17:30:27+00:00","dateModified":"2023-05-19T10:01:36+00:00","description":"Mj\u00f8lkeprim er eit sv\u00e6rt lokalt produkt som berre blir kokt i Hallingdal og n\u00e6romr\u00e5da. Dette er ein brunost som blir skore i tjukke skiver og servert til kaffimat \u2013 nydeleg p\u00e5 nysteikte vaflar eller lappar! I mj\u00f8lkeprimen er heile mj\u00f8lka kokt inn, ostemassen er ikkje teke bort. Dette gjer han rask \u00e5 koke og mindre haldbar, men mj\u00f8lkeprimen kan frysast. Budeiene kokte mj\u00f8lkeprim den fyrste og siste dagen p\u00e5 st\u00f8len, n\u00e5r dei m\u00e5tte ta raskt hand om dagens mj\u00f8lk. Kva med \u00e5 invitere naboen inn p\u00e5 kaffi og Mj\u00f8lkeprim? BrunostMelk - Ku- og geitemelk - Mild mj\u00f8lkeprimsmak - kokt i Hallingdal og n\u00e6romr\u00e5da","breadcrumb":{"@id":"https:\/\/ostelandet.no\/mjolkeprim\/#breadcrumb"},"inLanguage":"en-US","potentialAction":[{"@type":"ReadAction","target":["https:\/\/ostelandet.no\/mjolkeprim\/"]}]},{"@type":"ImageObject","inLanguage":"en-US","@id":"https:\/\/ostelandet.no\/mjolkeprim\/#primaryimage","url":"https:\/\/ostelandet.no\/wp-content\/uploads\/2021\/04\/ostebygdajakobsplassmjlkeprim2018emileholba2510x382.jpg","contentUrl":"https:\/\/ostelandet.no\/wp-content\/uploads\/2021\/04\/ostebygdajakobsplassmjlkeprim2018emileholba2510x382.jpg","width":510,"height":382,"caption":"Mj\u00f8lkeprim fra Jakobsplass"},{"@type":"BreadcrumbList","@id":"https:\/\/ostelandet.no\/mjolkeprim\/#breadcrumb","itemListElement":[{"@type":"ListItem","position":1,"name":"Hjem","item":"https:\/\/ostelandet.no\/"},{"@type":"ListItem","position":2,"name":"Mj\u00f8lkeprim"}]},{"@type":"WebSite","@id":"https:\/\/ostelandet.no\/#website","url":"https:\/\/ostelandet.no\/","name":"Ostelandet Norge","description":"- L\u00e6r mer om norsk ost","publisher":{"@id":"https:\/\/ostelandet.no\/#organization"},"potentialAction":[{"@type":"SearchAction","target":{"@type":"EntryPoint","urlTemplate":"https:\/\/ostelandet.no\/?s={search_term_string}"},"query-input":{"@type":"PropertyValueSpecification","valueRequired":true,"valueName":"search_term_string"}}],"inLanguage":"en-US"},{"@type":"Organization","@id":"https:\/\/ostelandet.no\/#organization","name":"HANEN","url":"https:\/\/ostelandet.no\/","logo":{"@type":"ImageObject","inLanguage":"en-US","@id":"https:\/\/ostelandet.no\/#\/schema\/logo\/image\/","url":"https:\/\/ostelandet.no\/wp-content\/uploads\/2021\/09\/ostelandet_norge_2farger_mork_hierarkisk.png","contentUrl":"https:\/\/ostelandet.no\/wp-content\/uploads\/2021\/09\/ostelandet_norge_2farger_mork_hierarkisk.png","width":2062,"height":1223,"caption":"HANEN"},"image":{"@id":"https:\/\/ostelandet.no\/#\/schema\/logo\/image\/"},"sameAs":["https:\/\/www.facebook.com\/ostelandet-101474925294974","https:\/\/www.instagram.com\/ostelandet\/","https:\/\/www.linkedin.com\/showcase\/ostelandet-norge\/"]},{"@type":"Person","@id":"https:\/\/ostelandet.no\/#\/schema\/person\/5875f248502ea0794dca05f9ea518440","name":"eliho","image":{"@type":"ImageObject","inLanguage":"en-US","@id":"https:\/\/ostelandet.no\/#\/schema\/person\/image\/","url":"https:\/\/secure.gravatar.com\/avatar\/ea2d2e46de429e0415a330ea57f41bc101fea116d020ec3116a6fc2817d801cc?s=96&d=mm&r=g","contentUrl":"https:\/\/secure.gravatar.com\/avatar\/ea2d2e46de429e0415a330ea57f41bc101fea116d020ec3116a6fc2817d801cc?s=96&d=mm&r=g","caption":"eliho"},"url":"https:\/\/ostelandet.no\/en\/author\/eliho\/"}]}},"_links":{"self":[{"href":"https:\/\/ostelandet.no\/en\/wp-json\/wp\/v2\/posts\/2894","targetHints":{"allow":["GET"]}}],"collection":[{"href":"https:\/\/ostelandet.no\/en\/wp-json\/wp\/v2\/posts"}],"about":[{"href":"https:\/\/ostelandet.no\/en\/wp-json\/wp\/v2\/types\/post"}],"author":[{"embeddable":true,"href":"https:\/\/ostelandet.no\/en\/wp-json\/wp\/v2\/users\/1"}],"replies":[{"embeddable":true,"href":"https:\/\/ostelandet.no\/en\/wp-json\/wp\/v2\/comments?post=2894"}],"version-history":[{"count":9,"href":"https:\/\/ostelandet.no\/en\/wp-json\/wp\/v2\/posts\/2894\/revisions"}],"predecessor-version":[{"id":9898,"href":"https:\/\/ostelandet.no\/en\/wp-json\/wp\/v2\/posts\/2894\/revisions\/9898"}],"wp:featuredmedia":[{"embeddable":true,"href":"https:\/\/ostelandet.no\/en\/wp-json\/wp\/v2\/media\/2895"}],"wp:attachment":[{"href":"https:\/\/ostelandet.no\/en\/wp-json\/wp\/v2\/media?parent=2894"}],"wp:term":[{"taxonomy":"category","embeddable":true,"href":"https:\/\/ostelandet.no\/en\/wp-json\/wp\/v2\/categories?post=2894"},{"taxonomy":"post_tag","embeddable":true,"href":"https:\/\/ostelandet.no\/en\/wp-json\/wp\/v2\/tags?post=2894"},{"taxonomy":"produsent-ostetype","embeddable":true,"href":"https:\/\/ostelandet.no\/en\/wp-json\/wp\/v2\/produsent-ostetype?post=2894"},{"taxonomy":"produsentfylke","embeddable":true,"href":"https:\/\/ostelandet.no\/en\/wp-json\/wp\/v2\/produsentfylke?post=2894"}],"curies":[{"name":"wp","href":"https:\/\/api.w.org\/{rel}","templated":true}]}}