{"id":2850,"date":"2021-04-14T10:25:27","date_gmt":"2021-04-14T08:25:27","guid":{"rendered":"http:\/\/ostelandet.no\/ost\/?p=2850"},"modified":"2025-10-17T13:15:36","modified_gmt":"2025-10-17T11:15:36","slug":"blandingsost-geit-ku","status":"publish","type":"post","link":"https:\/\/ostelandet.no\/en\/blandingsost-geit-ku\/","title":{"rendered":"Blandingsost geit\/ku"},"content":{"rendered":"<h2>\n\t\t\tTRADITIONAL CHEESE\t<\/h2>\n<h2>\n\t\t\tBlandingsost geit\/ku\t<\/h2>\n\t<p><strong>Producer<\/strong>:\u00a0<a href=\"https:\/\/ostelandet.no\/en\/ost\/bryn-gardsmeieri\/\">Bryn Gardsmeieri<\/a><\/p>\n<strong>Type<\/strong>: Brown cheese<br \/>\n<strong>Milk<\/strong>: Whey from goat&#039;s milk and and cream from cow&#039;s milk.\n<p><strong>Flavour<\/strong>: Delicious on rice porridge and oat porridge, on bread or waffles. Brings extra flavour to brown gravy.<\/p>\n<p><strong>Description<\/strong>: Lovely on rice groats and oatmeal, on bread or waffles. Adds an extra edge to the brown sauce.<\/p>\n<p class=\" translation-block\">Retailers: Overview of retailers here<\/p>\n<h2>\n\t\t\tMORE PRODUCTS FROM BRYN GARDSMEIERI\t<\/h2>","protected":false},"excerpt":{"rendered":"<p>Herlig smak av geitost. En litt mildere variant iblandet kufl\u00f8te.<\/p>","protected":false},"author":1,"featured_media":13765,"comment_status":"closed","ping_status":"closed","sticky":false,"template":"tpl-full-width.php","format":"standard","meta":{"_acf_changed":false,"footnotes":""},"categories":[13],"tags":[157,179,138,294,103,114,208,298,26,264,261],"produsent-ostetype":[],"produsentfylke":[],"class_list":["post-2850","post","type-post","status-publish","format-standard","has-post-thumbnail","hentry","category-brunost","tag-animalsk","tag-brunost","tag-bryn-gardsmeieri","tag-geit","tag-geitemelk","tag-geitost","tag-ku-og-geit","tag-kuflote","tag-mild","tag-ost-fra-bryn-gardsmeieri","tag-stolsmelk-men-ikke-ystet-pa-seter"],"acf":[],"yoast_head":"<!-- This site is optimized with the Yoast SEO plugin v26.1.1 - https:\/\/yoast.com\/wordpress\/plugins\/seo\/ -->\n<title>Blandingsost geit\/ku - Ostelandet Norge<\/title>\n<meta name=\"description\" content=\"Herlig smak av geitost. En litt mildere variant iblandet kufl\u00f8te.\" \/>\n<meta name=\"robots\" content=\"index, follow, max-snippet:-1, max-image-preview:large, max-video-preview:-1\" \/>\n<link rel=\"canonical\" href=\"https:\/\/ostelandet.no\/en\/blandingsost-geit-ku\/\" \/>\n<meta property=\"og:locale\" content=\"en_US\" \/>\n<meta property=\"og:type\" content=\"article\" \/>\n<meta property=\"og:title\" content=\"Blandingsost geit\/ku - Ostelandet Norge\" \/>\n<meta property=\"og:description\" content=\"Herlig smak av geitost. En litt mildere variant iblandet kufl\u00f8te.\" \/>\n<meta property=\"og:url\" content=\"https:\/\/ostelandet.no\/en\/blandingsost-geit-ku\/\" \/>\n<meta property=\"og:site_name\" content=\"Ostelandet Norge\" \/>\n<meta property=\"article:publisher\" content=\"https:\/\/www.facebook.com\/ostelandet-101474925294974\" \/>\n<meta property=\"article:published_time\" content=\"2021-04-14T08:25:27+00:00\" \/>\n<meta property=\"article:modified_time\" content=\"2025-10-17T11:15:36+00:00\" \/>\n<meta property=\"og:image\" content=\"https:\/\/ostelandet.no\/wp-content\/uploads\/2021\/04\/Blandingsost-Geit-ku-Bryn-Gardsmeieri_hbg.png\" \/>\n\t<meta property=\"og:image:width\" content=\"1200\" \/>\n\t<meta property=\"og:image:height\" content=\"900\" \/>\n\t<meta property=\"og:image:type\" content=\"image\/png\" \/>\n<meta name=\"author\" content=\"eliho\" \/>\n<meta name=\"twitter:card\" content=\"summary_large_image\" \/>\n<meta name=\"twitter:label1\" content=\"Written by\" \/>\n\t<meta name=\"twitter:data1\" content=\"eliho\" \/>\n\t<meta name=\"twitter:label2\" content=\"Est. reading time\" \/>\n\t<meta name=\"twitter:data2\" content=\"2 minutes\" \/>\n<script type=\"application\/ld+json\" class=\"yoast-schema-graph\">{\"@context\":\"https:\/\/schema.org\",\"@graph\":[{\"@type\":\"Article\",\"@id\":\"https:\/\/ostelandet.no\/blandingsost-geit-ku\/#article\",\"isPartOf\":{\"@id\":\"https:\/\/ostelandet.no\/blandingsost-geit-ku\/\"},\"author\":{\"name\":\"eliho\",\"@id\":\"https:\/\/ostelandet.no\/#\/schema\/person\/5875f248502ea0794dca05f9ea518440\"},\"headline\":\"Blandingsost geit\/ku\",\"datePublished\":\"2021-04-14T08:25:27+00:00\",\"dateModified\":\"2025-10-17T11:15:36+00:00\",\"mainEntityOfPage\":{\"@id\":\"https:\/\/ostelandet.no\/blandingsost-geit-ku\/\"},\"wordCount\":64,\"publisher\":{\"@id\":\"https:\/\/ostelandet.no\/#organization\"},\"image\":{\"@id\":\"https:\/\/ostelandet.no\/blandingsost-geit-ku\/#primaryimage\"},\"thumbnailUrl\":\"https:\/\/ostelandet.no\/wp-content\/uploads\/2021\/04\/Blandingsost-Geit-ku-Bryn-Gardsmeieri_hbg.png\",\"keywords\":[\"animalsk\",\"brunost\",\"Bryn Gardsmeieri\",\"geit\",\"geitemelk\",\"geitost\",\"ku og geit\",\"kufl\u00f8te\",\"Mild\",\"ost fra Bryn Gardsmeieri\",\"st\u00f8lsmelk men ikke ystet p\u00e5 seter\"],\"articleSection\":[\"Brunost\"],\"inLanguage\":\"en-US\"},{\"@type\":\"WebPage\",\"@id\":\"https:\/\/ostelandet.no\/blandingsost-geit-ku\/\",\"url\":\"https:\/\/ostelandet.no\/blandingsost-geit-ku\/\",\"name\":\"Blandingsost geit\/ku - Ostelandet Norge\",\"isPartOf\":{\"@id\":\"https:\/\/ostelandet.no\/#website\"},\"primaryImageOfPage\":{\"@id\":\"https:\/\/ostelandet.no\/blandingsost-geit-ku\/#primaryimage\"},\"image\":{\"@id\":\"https:\/\/ostelandet.no\/blandingsost-geit-ku\/#primaryimage\"},\"thumbnailUrl\":\"https:\/\/ostelandet.no\/wp-content\/uploads\/2021\/04\/Blandingsost-Geit-ku-Bryn-Gardsmeieri_hbg.png\",\"datePublished\":\"2021-04-14T08:25:27+00:00\",\"dateModified\":\"2025-10-17T11:15:36+00:00\",\"description\":\"Herlig smak av geitost. En litt mildere variant iblandet kufl\u00f8te.\",\"breadcrumb\":{\"@id\":\"https:\/\/ostelandet.no\/blandingsost-geit-ku\/#breadcrumb\"},\"inLanguage\":\"en-US\",\"potentialAction\":[{\"@type\":\"ReadAction\",\"target\":[\"https:\/\/ostelandet.no\/blandingsost-geit-ku\/\"]}]},{\"@type\":\"ImageObject\",\"inLanguage\":\"en-US\",\"@id\":\"https:\/\/ostelandet.no\/blandingsost-geit-ku\/#primaryimage\",\"url\":\"https:\/\/ostelandet.no\/wp-content\/uploads\/2021\/04\/Blandingsost-Geit-ku-Bryn-Gardsmeieri_hbg.png\",\"contentUrl\":\"https:\/\/ostelandet.no\/wp-content\/uploads\/2021\/04\/Blandingsost-Geit-ku-Bryn-Gardsmeieri_hbg.png\",\"width\":1200,\"height\":900,\"caption\":\"Blandingsost Geit-ku Bryn Gardsmeieri\"},{\"@type\":\"BreadcrumbList\",\"@id\":\"https:\/\/ostelandet.no\/blandingsost-geit-ku\/#breadcrumb\",\"itemListElement\":[{\"@type\":\"ListItem\",\"position\":1,\"name\":\"Hjem\",\"item\":\"https:\/\/ostelandet.no\/\"},{\"@type\":\"ListItem\",\"position\":2,\"name\":\"Blandingsost geit\/ku\"}]},{\"@type\":\"WebSite\",\"@id\":\"https:\/\/ostelandet.no\/#website\",\"url\":\"https:\/\/ostelandet.no\/\",\"name\":\"Ostelandet Norge\",\"description\":\"- L\u00e6r mer om norsk ost\",\"publisher\":{\"@id\":\"https:\/\/ostelandet.no\/#organization\"},\"potentialAction\":[{\"@type\":\"SearchAction\",\"target\":{\"@type\":\"EntryPoint\",\"urlTemplate\":\"https:\/\/ostelandet.no\/?s={search_term_string}\"},\"query-input\":{\"@type\":\"PropertyValueSpecification\",\"valueRequired\":true,\"valueName\":\"search_term_string\"}}],\"inLanguage\":\"en-US\"},{\"@type\":\"Organization\",\"@id\":\"https:\/\/ostelandet.no\/#organization\",\"name\":\"HANEN\",\"url\":\"https:\/\/ostelandet.no\/\",\"logo\":{\"@type\":\"ImageObject\",\"inLanguage\":\"en-US\",\"@id\":\"https:\/\/ostelandet.no\/#\/schema\/logo\/image\/\",\"url\":\"https:\/\/ostelandet.no\/wp-content\/uploads\/2021\/09\/ostelandet_norge_2farger_mork_hierarkisk.png\",\"contentUrl\":\"https:\/\/ostelandet.no\/wp-content\/uploads\/2021\/09\/ostelandet_norge_2farger_mork_hierarkisk.png\",\"width\":2062,\"height\":1223,\"caption\":\"HANEN\"},\"image\":{\"@id\":\"https:\/\/ostelandet.no\/#\/schema\/logo\/image\/\"},\"sameAs\":[\"https:\/\/www.facebook.com\/ostelandet-101474925294974\",\"https:\/\/www.instagram.com\/ostelandet\/\",\"https:\/\/www.linkedin.com\/showcase\/ostelandet-norge\/\"]},{\"@type\":\"Person\",\"@id\":\"https:\/\/ostelandet.no\/#\/schema\/person\/5875f248502ea0794dca05f9ea518440\",\"name\":\"eliho\",\"image\":{\"@type\":\"ImageObject\",\"inLanguage\":\"en-US\",\"@id\":\"https:\/\/ostelandet.no\/#\/schema\/person\/image\/\",\"url\":\"https:\/\/secure.gravatar.com\/avatar\/ea2d2e46de429e0415a330ea57f41bc101fea116d020ec3116a6fc2817d801cc?s=96&d=mm&r=g\",\"contentUrl\":\"https:\/\/secure.gravatar.com\/avatar\/ea2d2e46de429e0415a330ea57f41bc101fea116d020ec3116a6fc2817d801cc?s=96&d=mm&r=g\",\"caption\":\"eliho\"},\"url\":\"https:\/\/ostelandet.no\/en\/author\/eliho\/\"}]}<\/script>\n<!-- \/ Yoast SEO plugin. -->","yoast_head_json":{"title":"Blandingsost geit\/ku - Ostelandet Norge","description":"Herlig smak av geitost. En litt mildere variant iblandet kufl\u00f8te.","robots":{"index":"index","follow":"follow","max-snippet":"max-snippet:-1","max-image-preview":"max-image-preview:large","max-video-preview":"max-video-preview:-1"},"canonical":"https:\/\/ostelandet.no\/en\/blandingsost-geit-ku\/","og_locale":"en_US","og_type":"article","og_title":"Blandingsost geit\/ku - Ostelandet Norge","og_description":"Herlig smak av geitost. En litt mildere variant iblandet kufl\u00f8te.","og_url":"https:\/\/ostelandet.no\/en\/blandingsost-geit-ku\/","og_site_name":"Ostelandet Norge","article_publisher":"https:\/\/www.facebook.com\/ostelandet-101474925294974","article_published_time":"2021-04-14T08:25:27+00:00","article_modified_time":"2025-10-17T11:15:36+00:00","og_image":[{"width":1200,"height":900,"url":"https:\/\/ostelandet.no\/wp-content\/uploads\/2021\/04\/Blandingsost-Geit-ku-Bryn-Gardsmeieri_hbg.png","type":"image\/png"}],"author":"eliho","twitter_card":"summary_large_image","twitter_misc":{"Written by":"eliho","Est. reading time":"2 minutes"},"schema":{"@context":"https:\/\/schema.org","@graph":[{"@type":"Article","@id":"https:\/\/ostelandet.no\/blandingsost-geit-ku\/#article","isPartOf":{"@id":"https:\/\/ostelandet.no\/blandingsost-geit-ku\/"},"author":{"name":"eliho","@id":"https:\/\/ostelandet.no\/#\/schema\/person\/5875f248502ea0794dca05f9ea518440"},"headline":"Blandingsost geit\/ku","datePublished":"2021-04-14T08:25:27+00:00","dateModified":"2025-10-17T11:15:36+00:00","mainEntityOfPage":{"@id":"https:\/\/ostelandet.no\/blandingsost-geit-ku\/"},"wordCount":64,"publisher":{"@id":"https:\/\/ostelandet.no\/#organization"},"image":{"@id":"https:\/\/ostelandet.no\/blandingsost-geit-ku\/#primaryimage"},"thumbnailUrl":"https:\/\/ostelandet.no\/wp-content\/uploads\/2021\/04\/Blandingsost-Geit-ku-Bryn-Gardsmeieri_hbg.png","keywords":["animalsk","brunost","Bryn Gardsmeieri","geit","geitemelk","geitost","ku og geit","kufl\u00f8te","Mild","ost fra Bryn Gardsmeieri","st\u00f8lsmelk men ikke ystet p\u00e5 seter"],"articleSection":["Brunost"],"inLanguage":"en-US"},{"@type":"WebPage","@id":"https:\/\/ostelandet.no\/blandingsost-geit-ku\/","url":"https:\/\/ostelandet.no\/blandingsost-geit-ku\/","name":"Blandingsost geit\/ku - Ostelandet Norge","isPartOf":{"@id":"https:\/\/ostelandet.no\/#website"},"primaryImageOfPage":{"@id":"https:\/\/ostelandet.no\/blandingsost-geit-ku\/#primaryimage"},"image":{"@id":"https:\/\/ostelandet.no\/blandingsost-geit-ku\/#primaryimage"},"thumbnailUrl":"https:\/\/ostelandet.no\/wp-content\/uploads\/2021\/04\/Blandingsost-Geit-ku-Bryn-Gardsmeieri_hbg.png","datePublished":"2021-04-14T08:25:27+00:00","dateModified":"2025-10-17T11:15:36+00:00","description":"Herlig smak av geitost. En litt mildere variant iblandet kufl\u00f8te.","breadcrumb":{"@id":"https:\/\/ostelandet.no\/blandingsost-geit-ku\/#breadcrumb"},"inLanguage":"en-US","potentialAction":[{"@type":"ReadAction","target":["https:\/\/ostelandet.no\/blandingsost-geit-ku\/"]}]},{"@type":"ImageObject","inLanguage":"en-US","@id":"https:\/\/ostelandet.no\/blandingsost-geit-ku\/#primaryimage","url":"https:\/\/ostelandet.no\/wp-content\/uploads\/2021\/04\/Blandingsost-Geit-ku-Bryn-Gardsmeieri_hbg.png","contentUrl":"https:\/\/ostelandet.no\/wp-content\/uploads\/2021\/04\/Blandingsost-Geit-ku-Bryn-Gardsmeieri_hbg.png","width":1200,"height":900,"caption":"Blandingsost Geit-ku Bryn Gardsmeieri"},{"@type":"BreadcrumbList","@id":"https:\/\/ostelandet.no\/blandingsost-geit-ku\/#breadcrumb","itemListElement":[{"@type":"ListItem","position":1,"name":"Hjem","item":"https:\/\/ostelandet.no\/"},{"@type":"ListItem","position":2,"name":"Blandingsost geit\/ku"}]},{"@type":"WebSite","@id":"https:\/\/ostelandet.no\/#website","url":"https:\/\/ostelandet.no\/","name":"Ostelandet Norge","description":"- L\u00e6r mer om norsk ost","publisher":{"@id":"https:\/\/ostelandet.no\/#organization"},"potentialAction":[{"@type":"SearchAction","target":{"@type":"EntryPoint","urlTemplate":"https:\/\/ostelandet.no\/?s={search_term_string}"},"query-input":{"@type":"PropertyValueSpecification","valueRequired":true,"valueName":"search_term_string"}}],"inLanguage":"en-US"},{"@type":"Organization","@id":"https:\/\/ostelandet.no\/#organization","name":"HANEN","url":"https:\/\/ostelandet.no\/","logo":{"@type":"ImageObject","inLanguage":"en-US","@id":"https:\/\/ostelandet.no\/#\/schema\/logo\/image\/","url":"https:\/\/ostelandet.no\/wp-content\/uploads\/2021\/09\/ostelandet_norge_2farger_mork_hierarkisk.png","contentUrl":"https:\/\/ostelandet.no\/wp-content\/uploads\/2021\/09\/ostelandet_norge_2farger_mork_hierarkisk.png","width":2062,"height":1223,"caption":"HANEN"},"image":{"@id":"https:\/\/ostelandet.no\/#\/schema\/logo\/image\/"},"sameAs":["https:\/\/www.facebook.com\/ostelandet-101474925294974","https:\/\/www.instagram.com\/ostelandet\/","https:\/\/www.linkedin.com\/showcase\/ostelandet-norge\/"]},{"@type":"Person","@id":"https:\/\/ostelandet.no\/#\/schema\/person\/5875f248502ea0794dca05f9ea518440","name":"eliho","image":{"@type":"ImageObject","inLanguage":"en-US","@id":"https:\/\/ostelandet.no\/#\/schema\/person\/image\/","url":"https:\/\/secure.gravatar.com\/avatar\/ea2d2e46de429e0415a330ea57f41bc101fea116d020ec3116a6fc2817d801cc?s=96&d=mm&r=g","contentUrl":"https:\/\/secure.gravatar.com\/avatar\/ea2d2e46de429e0415a330ea57f41bc101fea116d020ec3116a6fc2817d801cc?s=96&d=mm&r=g","caption":"eliho"},"url":"https:\/\/ostelandet.no\/en\/author\/eliho\/"}]}},"_links":{"self":[{"href":"https:\/\/ostelandet.no\/en\/wp-json\/wp\/v2\/posts\/2850","targetHints":{"allow":["GET"]}}],"collection":[{"href":"https:\/\/ostelandet.no\/en\/wp-json\/wp\/v2\/posts"}],"about":[{"href":"https:\/\/ostelandet.no\/en\/wp-json\/wp\/v2\/types\/post"}],"author":[{"embeddable":true,"href":"https:\/\/ostelandet.no\/en\/wp-json\/wp\/v2\/users\/1"}],"replies":[{"embeddable":true,"href":"https:\/\/ostelandet.no\/en\/wp-json\/wp\/v2\/comments?post=2850"}],"version-history":[{"count":8,"href":"https:\/\/ostelandet.no\/en\/wp-json\/wp\/v2\/posts\/2850\/revisions"}],"predecessor-version":[{"id":13771,"href":"https:\/\/ostelandet.no\/en\/wp-json\/wp\/v2\/posts\/2850\/revisions\/13771"}],"wp:featuredmedia":[{"embeddable":true,"href":"https:\/\/ostelandet.no\/en\/wp-json\/wp\/v2\/media\/13765"}],"wp:attachment":[{"href":"https:\/\/ostelandet.no\/en\/wp-json\/wp\/v2\/media?parent=2850"}],"wp:term":[{"taxonomy":"category","embeddable":true,"href":"https:\/\/ostelandet.no\/en\/wp-json\/wp\/v2\/categories?post=2850"},{"taxonomy":"post_tag","embeddable":true,"href":"https:\/\/ostelandet.no\/en\/wp-json\/wp\/v2\/tags?post=2850"},{"taxonomy":"produsent-ostetype","embeddable":true,"href":"https:\/\/ostelandet.no\/en\/wp-json\/wp\/v2\/produsent-ostetype?post=2850"},{"taxonomy":"produsentfylke","embeddable":true,"href":"https:\/\/ostelandet.no\/en\/wp-json\/wp\/v2\/produsentfylke?post=2850"}],"curies":[{"name":"wp","href":"https:\/\/api.w.org\/{rel}","templated":true}]}}