{"id":2699,"date":"2021-04-07T09:04:39","date_gmt":"2021-04-07T07:04:39","guid":{"rendered":"http:\/\/ostelandet.no\/ost\/?p=2699"},"modified":"2025-09-21T20:51:13","modified_gmt":"2025-09-21T18:51:13","slug":"bygdo-kongsgard-ysteri","status":"publish","type":"post","link":"https:\/\/ostelandet.no\/en\/bygdo-kongsgard-ysteri\/","title":{"rendered":"Bygd\u00f8 Kongsg\u00e5rd ysteri"},"content":{"rendered":"<h2>\n\t\t<a href=\"https:\/\/ostelandet.no\/en\/produsenter\/\" title=\"PRODUCERS\" target=\"_self\" rel=\"noopener\">\n\t\tPRODUCERS\n\t\t<\/a>\n\t<\/h2>\n<h2>\n\t\tBygd\u00f8 Kongsg\u00e5rd ysteri\n\t<\/h2>\n\t<p>Bygd\u00f8 Kongsg\u00e5rd is Oslo's largest organic milk producer. They have a farmyard open to visitors, a riding school, organic food production and a garden centre. The farm has in the past been a monastic estate, a manor farm under Akershus Fortress, and has been the summer residence of the King and Queen since 1905.<\/p>\n<p>At Bygd\u00f8 Kongsg\u00e5rd, we run a small craft dairy, which is Oslo's only farm dairy. We sell the cheese and fresh dairy products to local shops and restaurants, and we serve our own products at Gartneriet (the garden centre). All products are organic and certified by Debio. Except for the yogurt, all products are unpasteurised.<\/p>\n\t\t\t\t<img loading=\"lazy\" decoding=\"async\" src=\"https:\/\/ostelandet.no\/wp-content\/uploads\/2022\/11\/Kongsgarden7-scaled-e1681464254181-600x400.jpg\" alt=\"Kongsg\u00e5rden7\" itemprop=\"image\" height=\"400\" width=\"600\" title=\"Kongsg\u00e5rden7\" onerror=\"this.style.display='none'\"  \/>\n<h2>\n\t\tBygd\u00f8 Kongsg\u00e5rd ysteri:\n\t<\/h2>\n\t\t\t <p>Address: Bygd\u00f8yveien<br \/>Telephone: <a href=\"http:\/\/98035330\" data-wplink-url-error=\"true\">+47 98035330<\/a><br \/>E-mail:\u00a0 <a href=\"mailto:helene.austvoll@norskfolkemuseum.no\">helene.austvoll@norskfolkemuseum.no<\/a><br \/><a href=\"https:\/\/bygdokongsgard.no\/meieriprodukter\" target=\"_blank\" rel=\"noopener noreferrer\">https:\/\/bygdokongsgard.no\/meieriprodukter<\/a><br \/>Farm shop: Yes, open in the dairy<\/p>\t\t\n\t<iframe src=\"https:\/\/www.google.com\/maps\/embed\/v1\/place?q=Bygd%C3%B8yveien&#038;key=AIzaSyD09zQ9PNDNNy9TadMuzRV_UsPUoWKntt8\" aria-hidden=\"true\" title=\"Bygd\u00f8 Kongsg\u00e5rd ysteri\"><\/iframe>\n<h2>\n\t\tCHEESES FROM THIS PRODUCER\n\t<\/h2>","protected":false},"excerpt":{"rendered":"<p>At Bygd\u00f8 Kongsg\u00e5rd, we run a small craft dairy, which is Oslo's only farm dairy. We sell the cheese and fresh dairy products to local shops and restaurants, and we serve our own products at Gartneriet (the garden centre). All products are organic and certified by Debio. Except for the yogurt, all products are unpasteurised.  <\/p>","protected":false},"author":9,"featured_media":7401,"comment_status":"closed","ping_status":"closed","sticky":false,"template":"tpl-full-width.php","format":"standard","meta":{"_acf_changed":false,"footnotes":""},"categories":[45],"tags":[259,867,47,1006],"produsent-ostetype":[1121,1123,1127],"produsentfylke":[1110],"class_list":["post-2699","post","type-post","status-publish","format-standard","has-post-thumbnail","hentry","category-produsent","tag-bygdo-kongsgard","tag-gardsutsalg","tag-produsent","tag-produsentoslo","produsent-ostetype-fastost","produsent-ostetype-ferskost","produsent-ostetype-modna-kremost","produsentfylke-oslo"],"acf":[],"yoast_head":"<!-- This site is optimized with the Yoast SEO plugin v26.1.1 - https:\/\/yoast.com\/wordpress\/plugins\/seo\/ -->\n<title>Bygd\u00f8 Kongsg\u00e5rd ysteri - Ostelandet Norge - Osteprodusenter - osteguide<\/title>\n<meta name=\"description\" content=\"Hvilke oster produserer Bygd\u00f8 Kongsg\u00e5rd Ysteri, og hvor selges de? P\u00e5 Ostelandet f\u00e5r du god oversikt over norske oster og osteprodusenter i Norge.\" \/>\n<meta name=\"robots\" content=\"index, follow, max-snippet:-1, max-image-preview:large, max-video-preview:-1\" \/>\n<link rel=\"canonical\" href=\"https:\/\/ostelandet.no\/en\/bygdo-kongsgard-ysteri\/\" \/>\n<meta property=\"og:locale\" content=\"en_US\" \/>\n<meta property=\"og:type\" content=\"article\" \/>\n<meta property=\"og:title\" content=\"Bygd\u00f8 Kongsg\u00e5rd ysteri - Ostelandet Norge - Osteprodusenter - osteguide\" \/>\n<meta property=\"og:description\" content=\"Hvilke oster produserer Bygd\u00f8 Kongsg\u00e5rd Ysteri, og hvor selges de? P\u00e5 Ostelandet f\u00e5r du god oversikt over norske oster og osteprodusenter i Norge.\" \/>\n<meta property=\"og:url\" content=\"https:\/\/ostelandet.no\/en\/bygdo-kongsgard-ysteri\/\" \/>\n<meta property=\"og:site_name\" content=\"Ostelandet Norge\" \/>\n<meta property=\"article:publisher\" content=\"https:\/\/www.facebook.com\/ostelandet-101474925294974\" \/>\n<meta property=\"article:published_time\" content=\"2021-04-07T07:04:39+00:00\" \/>\n<meta property=\"article:modified_time\" content=\"2025-09-21T18:51:13+00:00\" \/>\n<meta property=\"og:image\" content=\"https:\/\/ostelandet.no\/wp-content\/uploads\/2022\/11\/Kongsgarden7-scaled-e1681464254181.jpg\" \/>\n\t<meta property=\"og:image:width\" content=\"900\" \/>\n\t<meta property=\"og:image:height\" content=\"600\" \/>\n\t<meta property=\"og:image:type\" content=\"image\/jpeg\" \/>\n<meta name=\"author\" content=\"Anette\" \/>\n<meta name=\"twitter:card\" content=\"summary_large_image\" \/>\n<meta name=\"twitter:label1\" content=\"Written by\" \/>\n\t<meta name=\"twitter:data1\" content=\"Anette\" \/>\n\t<meta name=\"twitter:label2\" content=\"Est. reading time\" \/>\n\t<meta name=\"twitter:data2\" content=\"2 minutes\" \/>\n<script type=\"application\/ld+json\" class=\"yoast-schema-graph\">{\"@context\":\"https:\/\/schema.org\",\"@graph\":[{\"@type\":\"Article\",\"@id\":\"https:\/\/ostelandet.no\/bygdo-kongsgard-ysteri\/#article\",\"isPartOf\":{\"@id\":\"https:\/\/ostelandet.no\/bygdo-kongsgard-ysteri\/\"},\"author\":{\"name\":\"Anette\",\"@id\":\"https:\/\/ostelandet.no\/#\/schema\/person\/f985ce81d2968ff96c216ca1a514a5d7\"},\"headline\":\"Bygd\u00f8 Kongsg\u00e5rd ysteri\",\"datePublished\":\"2021-04-07T07:04:39+00:00\",\"dateModified\":\"2025-09-21T18:51:13+00:00\",\"mainEntityOfPage\":{\"@id\":\"https:\/\/ostelandet.no\/bygdo-kongsgard-ysteri\/\"},\"wordCount\":128,\"publisher\":{\"@id\":\"https:\/\/ostelandet.no\/#organization\"},\"image\":{\"@id\":\"https:\/\/ostelandet.no\/bygdo-kongsgard-ysteri\/#primaryimage\"},\"thumbnailUrl\":\"https:\/\/ostelandet.no\/wp-content\/uploads\/2022\/11\/Kongsgarden7-scaled-e1681464254181.jpg\",\"keywords\":[\"Bygd\u00f8 Kongsg\u00e5rd\",\"g\u00e5rdsutsalg\",\"produsent\",\"Produsent Oslo\"],\"articleSection\":[\"Produsent\"],\"inLanguage\":\"en-US\"},{\"@type\":\"WebPage\",\"@id\":\"https:\/\/ostelandet.no\/bygdo-kongsgard-ysteri\/\",\"url\":\"https:\/\/ostelandet.no\/bygdo-kongsgard-ysteri\/\",\"name\":\"Bygd\u00f8 Kongsg\u00e5rd ysteri - Ostelandet Norge - Osteprodusenter - osteguide\",\"isPartOf\":{\"@id\":\"https:\/\/ostelandet.no\/#website\"},\"primaryImageOfPage\":{\"@id\":\"https:\/\/ostelandet.no\/bygdo-kongsgard-ysteri\/#primaryimage\"},\"image\":{\"@id\":\"https:\/\/ostelandet.no\/bygdo-kongsgard-ysteri\/#primaryimage\"},\"thumbnailUrl\":\"https:\/\/ostelandet.no\/wp-content\/uploads\/2022\/11\/Kongsgarden7-scaled-e1681464254181.jpg\",\"datePublished\":\"2021-04-07T07:04:39+00:00\",\"dateModified\":\"2025-09-21T18:51:13+00:00\",\"description\":\"Hvilke oster produserer Bygd\u00f8 Kongsg\u00e5rd Ysteri, og hvor selges de? P\u00e5 Ostelandet f\u00e5r du god oversikt over norske oster og osteprodusenter i Norge.\",\"breadcrumb\":{\"@id\":\"https:\/\/ostelandet.no\/bygdo-kongsgard-ysteri\/#breadcrumb\"},\"inLanguage\":\"en-US\",\"potentialAction\":[{\"@type\":\"ReadAction\",\"target\":[\"https:\/\/ostelandet.no\/bygdo-kongsgard-ysteri\/\"]}]},{\"@type\":\"ImageObject\",\"inLanguage\":\"en-US\",\"@id\":\"https:\/\/ostelandet.no\/bygdo-kongsgard-ysteri\/#primaryimage\",\"url\":\"https:\/\/ostelandet.no\/wp-content\/uploads\/2022\/11\/Kongsgarden7-scaled-e1681464254181.jpg\",\"contentUrl\":\"https:\/\/ostelandet.no\/wp-content\/uploads\/2022\/11\/Kongsgarden7-scaled-e1681464254181.jpg\",\"width\":900,\"height\":600},{\"@type\":\"BreadcrumbList\",\"@id\":\"https:\/\/ostelandet.no\/bygdo-kongsgard-ysteri\/#breadcrumb\",\"itemListElement\":[{\"@type\":\"ListItem\",\"position\":1,\"name\":\"Hjem\",\"item\":\"https:\/\/ostelandet.no\/\"},{\"@type\":\"ListItem\",\"position\":2,\"name\":\"Bygd\u00f8 Kongsg\u00e5rd ysteri\"}]},{\"@type\":\"WebSite\",\"@id\":\"https:\/\/ostelandet.no\/#website\",\"url\":\"https:\/\/ostelandet.no\/\",\"name\":\"Ostelandet Norge\",\"description\":\"- L\u00e6r mer om norsk ost\",\"publisher\":{\"@id\":\"https:\/\/ostelandet.no\/#organization\"},\"potentialAction\":[{\"@type\":\"SearchAction\",\"target\":{\"@type\":\"EntryPoint\",\"urlTemplate\":\"https:\/\/ostelandet.no\/?s={search_term_string}\"},\"query-input\":{\"@type\":\"PropertyValueSpecification\",\"valueRequired\":true,\"valueName\":\"search_term_string\"}}],\"inLanguage\":\"en-US\"},{\"@type\":\"Organization\",\"@id\":\"https:\/\/ostelandet.no\/#organization\",\"name\":\"HANEN\",\"url\":\"https:\/\/ostelandet.no\/\",\"logo\":{\"@type\":\"ImageObject\",\"inLanguage\":\"en-US\",\"@id\":\"https:\/\/ostelandet.no\/#\/schema\/logo\/image\/\",\"url\":\"https:\/\/ostelandet.no\/wp-content\/uploads\/2021\/09\/ostelandet_norge_2farger_mork_hierarkisk.png\",\"contentUrl\":\"https:\/\/ostelandet.no\/wp-content\/uploads\/2021\/09\/ostelandet_norge_2farger_mork_hierarkisk.png\",\"width\":2062,\"height\":1223,\"caption\":\"HANEN\"},\"image\":{\"@id\":\"https:\/\/ostelandet.no\/#\/schema\/logo\/image\/\"},\"sameAs\":[\"https:\/\/www.facebook.com\/ostelandet-101474925294974\",\"https:\/\/www.instagram.com\/ostelandet\/\",\"https:\/\/www.linkedin.com\/showcase\/ostelandet-norge\/\"]},{\"@type\":\"Person\",\"@id\":\"https:\/\/ostelandet.no\/#\/schema\/person\/f985ce81d2968ff96c216ca1a514a5d7\",\"name\":\"Anette\",\"image\":{\"@type\":\"ImageObject\",\"inLanguage\":\"en-US\",\"@id\":\"https:\/\/ostelandet.no\/#\/schema\/person\/image\/\",\"url\":\"https:\/\/secure.gravatar.com\/avatar\/47871c780e28de464a585d8a6985a805c0494a27f00dd9d7711eb11af0d7cdc3?s=96&d=mm&r=g\",\"contentUrl\":\"https:\/\/secure.gravatar.com\/avatar\/47871c780e28de464a585d8a6985a805c0494a27f00dd9d7711eb11af0d7cdc3?s=96&d=mm&r=g\",\"caption\":\"Anette\"},\"url\":\"https:\/\/ostelandet.no\/en\/author\/anette\/\"}]}<\/script>\n<!-- \/ Yoast SEO plugin. -->","yoast_head_json":{"title":"Bygd\u00f8 Kongsg\u00e5rd ysteri - Ostelandet Norge - Osteprodusenter - osteguide","description":"Hvilke oster produserer Bygd\u00f8 Kongsg\u00e5rd Ysteri, og hvor selges de? P\u00e5 Ostelandet f\u00e5r du god oversikt over norske oster og osteprodusenter i Norge.","robots":{"index":"index","follow":"follow","max-snippet":"max-snippet:-1","max-image-preview":"max-image-preview:large","max-video-preview":"max-video-preview:-1"},"canonical":"https:\/\/ostelandet.no\/en\/bygdo-kongsgard-ysteri\/","og_locale":"en_US","og_type":"article","og_title":"Bygd\u00f8 Kongsg\u00e5rd ysteri - Ostelandet Norge - Osteprodusenter - osteguide","og_description":"Hvilke oster produserer Bygd\u00f8 Kongsg\u00e5rd Ysteri, og hvor selges de? P\u00e5 Ostelandet f\u00e5r du god oversikt over norske oster og osteprodusenter i Norge.","og_url":"https:\/\/ostelandet.no\/en\/bygdo-kongsgard-ysteri\/","og_site_name":"Ostelandet Norge","article_publisher":"https:\/\/www.facebook.com\/ostelandet-101474925294974","article_published_time":"2021-04-07T07:04:39+00:00","article_modified_time":"2025-09-21T18:51:13+00:00","og_image":[{"width":900,"height":600,"url":"https:\/\/ostelandet.no\/wp-content\/uploads\/2022\/11\/Kongsgarden7-scaled-e1681464254181.jpg","type":"image\/jpeg"}],"author":"Anette","twitter_card":"summary_large_image","twitter_misc":{"Written by":"Anette","Est. reading time":"2 minutes"},"schema":{"@context":"https:\/\/schema.org","@graph":[{"@type":"Article","@id":"https:\/\/ostelandet.no\/bygdo-kongsgard-ysteri\/#article","isPartOf":{"@id":"https:\/\/ostelandet.no\/bygdo-kongsgard-ysteri\/"},"author":{"name":"Anette","@id":"https:\/\/ostelandet.no\/#\/schema\/person\/f985ce81d2968ff96c216ca1a514a5d7"},"headline":"Bygd\u00f8 Kongsg\u00e5rd ysteri","datePublished":"2021-04-07T07:04:39+00:00","dateModified":"2025-09-21T18:51:13+00:00","mainEntityOfPage":{"@id":"https:\/\/ostelandet.no\/bygdo-kongsgard-ysteri\/"},"wordCount":128,"publisher":{"@id":"https:\/\/ostelandet.no\/#organization"},"image":{"@id":"https:\/\/ostelandet.no\/bygdo-kongsgard-ysteri\/#primaryimage"},"thumbnailUrl":"https:\/\/ostelandet.no\/wp-content\/uploads\/2022\/11\/Kongsgarden7-scaled-e1681464254181.jpg","keywords":["Bygd\u00f8 Kongsg\u00e5rd","g\u00e5rdsutsalg","produsent","Produsent Oslo"],"articleSection":["Produsent"],"inLanguage":"en-US"},{"@type":"WebPage","@id":"https:\/\/ostelandet.no\/bygdo-kongsgard-ysteri\/","url":"https:\/\/ostelandet.no\/bygdo-kongsgard-ysteri\/","name":"Bygd\u00f8 Kongsg\u00e5rd ysteri - Ostelandet Norge - Osteprodusenter - osteguide","isPartOf":{"@id":"https:\/\/ostelandet.no\/#website"},"primaryImageOfPage":{"@id":"https:\/\/ostelandet.no\/bygdo-kongsgard-ysteri\/#primaryimage"},"image":{"@id":"https:\/\/ostelandet.no\/bygdo-kongsgard-ysteri\/#primaryimage"},"thumbnailUrl":"https:\/\/ostelandet.no\/wp-content\/uploads\/2022\/11\/Kongsgarden7-scaled-e1681464254181.jpg","datePublished":"2021-04-07T07:04:39+00:00","dateModified":"2025-09-21T18:51:13+00:00","description":"Hvilke oster produserer Bygd\u00f8 Kongsg\u00e5rd Ysteri, og hvor selges de? P\u00e5 Ostelandet f\u00e5r du god oversikt over norske oster og osteprodusenter i Norge.","breadcrumb":{"@id":"https:\/\/ostelandet.no\/bygdo-kongsgard-ysteri\/#breadcrumb"},"inLanguage":"en-US","potentialAction":[{"@type":"ReadAction","target":["https:\/\/ostelandet.no\/bygdo-kongsgard-ysteri\/"]}]},{"@type":"ImageObject","inLanguage":"en-US","@id":"https:\/\/ostelandet.no\/bygdo-kongsgard-ysteri\/#primaryimage","url":"https:\/\/ostelandet.no\/wp-content\/uploads\/2022\/11\/Kongsgarden7-scaled-e1681464254181.jpg","contentUrl":"https:\/\/ostelandet.no\/wp-content\/uploads\/2022\/11\/Kongsgarden7-scaled-e1681464254181.jpg","width":900,"height":600},{"@type":"BreadcrumbList","@id":"https:\/\/ostelandet.no\/bygdo-kongsgard-ysteri\/#breadcrumb","itemListElement":[{"@type":"ListItem","position":1,"name":"Hjem","item":"https:\/\/ostelandet.no\/"},{"@type":"ListItem","position":2,"name":"Bygd\u00f8 Kongsg\u00e5rd ysteri"}]},{"@type":"WebSite","@id":"https:\/\/ostelandet.no\/#website","url":"https:\/\/ostelandet.no\/","name":"Ostelandet Norge","description":"- L\u00e6r mer om norsk ost","publisher":{"@id":"https:\/\/ostelandet.no\/#organization"},"potentialAction":[{"@type":"SearchAction","target":{"@type":"EntryPoint","urlTemplate":"https:\/\/ostelandet.no\/?s={search_term_string}"},"query-input":{"@type":"PropertyValueSpecification","valueRequired":true,"valueName":"search_term_string"}}],"inLanguage":"en-US"},{"@type":"Organization","@id":"https:\/\/ostelandet.no\/#organization","name":"HANEN","url":"https:\/\/ostelandet.no\/","logo":{"@type":"ImageObject","inLanguage":"en-US","@id":"https:\/\/ostelandet.no\/#\/schema\/logo\/image\/","url":"https:\/\/ostelandet.no\/wp-content\/uploads\/2021\/09\/ostelandet_norge_2farger_mork_hierarkisk.png","contentUrl":"https:\/\/ostelandet.no\/wp-content\/uploads\/2021\/09\/ostelandet_norge_2farger_mork_hierarkisk.png","width":2062,"height":1223,"caption":"HANEN"},"image":{"@id":"https:\/\/ostelandet.no\/#\/schema\/logo\/image\/"},"sameAs":["https:\/\/www.facebook.com\/ostelandet-101474925294974","https:\/\/www.instagram.com\/ostelandet\/","https:\/\/www.linkedin.com\/showcase\/ostelandet-norge\/"]},{"@type":"Person","@id":"https:\/\/ostelandet.no\/#\/schema\/person\/f985ce81d2968ff96c216ca1a514a5d7","name":"Anette","image":{"@type":"ImageObject","inLanguage":"en-US","@id":"https:\/\/ostelandet.no\/#\/schema\/person\/image\/","url":"https:\/\/secure.gravatar.com\/avatar\/47871c780e28de464a585d8a6985a805c0494a27f00dd9d7711eb11af0d7cdc3?s=96&d=mm&r=g","contentUrl":"https:\/\/secure.gravatar.com\/avatar\/47871c780e28de464a585d8a6985a805c0494a27f00dd9d7711eb11af0d7cdc3?s=96&d=mm&r=g","caption":"Anette"},"url":"https:\/\/ostelandet.no\/en\/author\/anette\/"}]}},"_links":{"self":[{"href":"https:\/\/ostelandet.no\/en\/wp-json\/wp\/v2\/posts\/2699","targetHints":{"allow":["GET"]}}],"collection":[{"href":"https:\/\/ostelandet.no\/en\/wp-json\/wp\/v2\/posts"}],"about":[{"href":"https:\/\/ostelandet.no\/en\/wp-json\/wp\/v2\/types\/post"}],"author":[{"embeddable":true,"href":"https:\/\/ostelandet.no\/en\/wp-json\/wp\/v2\/users\/9"}],"replies":[{"embeddable":true,"href":"https:\/\/ostelandet.no\/en\/wp-json\/wp\/v2\/comments?post=2699"}],"version-history":[{"count":18,"href":"https:\/\/ostelandet.no\/en\/wp-json\/wp\/v2\/posts\/2699\/revisions"}],"predecessor-version":[{"id":12655,"href":"https:\/\/ostelandet.no\/en\/wp-json\/wp\/v2\/posts\/2699\/revisions\/12655"}],"wp:featuredmedia":[{"embeddable":true,"href":"https:\/\/ostelandet.no\/en\/wp-json\/wp\/v2\/media\/7401"}],"wp:attachment":[{"href":"https:\/\/ostelandet.no\/en\/wp-json\/wp\/v2\/media?parent=2699"}],"wp:term":[{"taxonomy":"category","embeddable":true,"href":"https:\/\/ostelandet.no\/en\/wp-json\/wp\/v2\/categories?post=2699"},{"taxonomy":"post_tag","embeddable":true,"href":"https:\/\/ostelandet.no\/en\/wp-json\/wp\/v2\/tags?post=2699"},{"taxonomy":"produsent-ostetype","embeddable":true,"href":"https:\/\/ostelandet.no\/en\/wp-json\/wp\/v2\/produsent-ostetype?post=2699"},{"taxonomy":"produsentfylke","embeddable":true,"href":"https:\/\/ostelandet.no\/en\/wp-json\/wp\/v2\/produsentfylke?post=2699"}],"curies":[{"name":"wp","href":"https:\/\/api.w.org\/{rel}","templated":true}]}}