{"id":2425,"date":"2021-03-24T10:40:56","date_gmt":"2021-03-24T09:40:56","guid":{"rendered":"http:\/\/ostelandet.no\/ost\/?p=2425"},"modified":"2023-05-16T13:49:46","modified_gmt":"2023-05-16T11:49:46","slug":"kvark","status":"publish","type":"post","link":"https:\/\/ostelandet.no\/en\/kvark\/","title":{"rendered":"Kvark"},"content":{"rendered":"<h2>\n\t\tFRESH CHEESE\n\t<\/h2>\n<h2>\n\t\tKvark fra Lygre Livsgard\n\t<\/h2>\n\t<figure>\n\n<\/figure>\n<strong>Producer<\/strong>: <a href=\"https:\/\/ostelandet.no\/en\/lygre-livsgard\/\">Lygre Livsgard<\/a><br \/>\n<strong>Type<\/strong>: Fresh cheese<br \/>\n<strong>Milk<\/strong>: Unpasteurised goat's milk\n<p><strong>Flavour<\/strong>: Mild, slightly acidic and fresh.<\/p>\n<p><strong>Description<\/strong>:  Our fresh cheese is made from raw milk, infused with the farm's own kefir culture. We have added about 0.6% Himalayan salt to the cheese. The milk comes from goats that are allowed to be outdoors all year round, and they are with their babies during the day. We only milk them in the morning. They are not given concentrate feed, only Norwegian grain as bait. In the winter, the goats eat organic hay from our own farm and other farms.<\/p>\n<p><strong>Retailers<\/strong>: Directly from the farm, Bondens Marknad (Farmer\u2019s Market) and the REKO-rings in Bergen<\/p>\n\t\t\t\t<img loading=\"lazy\" decoding=\"async\" src=\"https:\/\/ostelandet.no\/wp-content\/uploads\/2021\/03\/lygre_livsgard_kvark_ferskost-1-997x1024.jpg\" alt=\"Kvark\" itemprop=\"image\" height=\"1024\" width=\"997\" title=\"lygre_livsgard_quark_ferskost\" onerror=\"this.style.display='none'\"  \/>\n<h2>\n\t\tMORE PRODUCTS FROM LYGRE LIVSGARD\n\t<\/h2>","protected":false},"excerpt":{"rendered":"<p>V\u00e5r ferskost er laga av r\u00e5 mj\u00f8lk, tilsatt gardens eigen kefirkultur. Osten er tilsatt omlag 0,6 % Himalayasalt. Mj\u00f8lka er fr\u00e5 geit som f\u00e5r komme ut heile \u00e5ret, og g\u00e5r med kjea sine p\u00e5 dagtid. Vi mj\u00f8lker dei kun om morgonen. Dei f\u00e5r ikkje kraftf\u00f4r, kun norsk korn som lokkemat. Om vinteren f\u00e5r geitene eigeprodusert og innkj\u00f8pt \u00f8kologisk h\u00f8y.<\/p>","protected":false},"author":1,"featured_media":2426,"comment_status":"closed","ping_status":"closed","sticky":false,"template":"","format":"standard","meta":{"_acf_changed":false,"footnotes":""},"categories":[14],"tags":[157,149,43,103,211,26,210,181,82],"produsent-ostetype":[],"produsentfylke":[],"class_list":["post-2425","post","type-post","status-publish","format-standard","has-post-thumbnail","hentry","category-ferskost","tag-animalsk","tag-debio","tag-ferskost","tag-geitemelk","tag-kvark","tag-mild","tag-ost-fra-lygre-livsgard","tag-stolsmelk","tag-upasteurisert"],"acf":[],"yoast_head":"<!-- This site is optimized with the Yoast SEO plugin v26.1.1 - https:\/\/yoast.com\/wordpress\/plugins\/seo\/ -->\n<title>Kvark - Ostelandet Norge<\/title>\n<meta name=\"description\" content=\"V\u00e5r ferskost er laga av r\u00e5 mj\u00f8lk, tilsatt gardens eigen kefirkultur. Osten er tilsatt omlag 0,6 % Himalayasalt. Mj\u00f8lka er fr\u00e5 geit som f\u00e5r komme ut heile \u00e5ret, og g\u00e5r med kjea sine p\u00e5 dagtid. Vi mj\u00f8lker dei kun om morgonen. Dei f\u00e5r ikkje kraftf\u00f4r, kun norsk korn som lokkemat. Om vinteren f\u00e5r geitene eigeprodusert og innkj\u00f8pt \u00f8kologisk h\u00f8y. V\u00e5r ferskost er laga av r\u00e5 mj\u00f8lk, tilsatt gardens eigen kefirkultur. - Osten er tilsatt omlag 0,6 % Himalayasalt. - Mj\u00f8lka er fr\u00e5 geit som f\u00e5r komme ut heile \u00e5ret, og g\u00e5r med kjea sine p\u00e5 dagtid. Vi mj\u00f8lker dei kun om morgonen. Dei f\u00e5r ikkje kraftf\u00f4r, kun norsk korn som lokkemat. - Om vinteren f\u00e5r geitene eigeprodusert og innkj\u00f8pt \u00f8kologisk h\u00f8y.\" \/>\n<meta name=\"robots\" content=\"index, follow, max-snippet:-1, max-image-preview:large, max-video-preview:-1\" \/>\n<link rel=\"canonical\" href=\"https:\/\/ostelandet.no\/en\/kvark\/\" \/>\n<meta property=\"og:locale\" content=\"en_US\" \/>\n<meta property=\"og:type\" content=\"article\" \/>\n<meta property=\"og:title\" content=\"Kvark - Ostelandet Norge\" \/>\n<meta property=\"og:description\" content=\"V\u00e5r ferskost er laga av r\u00e5 mj\u00f8lk, tilsatt gardens eigen kefirkultur. Osten er tilsatt omlag 0,6 % Himalayasalt. Mj\u00f8lka er fr\u00e5 geit som f\u00e5r komme ut heile \u00e5ret, og g\u00e5r med kjea sine p\u00e5 dagtid. Vi mj\u00f8lker dei kun om morgonen. Dei f\u00e5r ikkje kraftf\u00f4r, kun norsk korn som lokkemat. Om vinteren f\u00e5r geitene eigeprodusert og innkj\u00f8pt \u00f8kologisk h\u00f8y. V\u00e5r ferskost er laga av r\u00e5 mj\u00f8lk, tilsatt gardens eigen kefirkultur. - Osten er tilsatt omlag 0,6 % Himalayasalt. - Mj\u00f8lka er fr\u00e5 geit som f\u00e5r komme ut heile \u00e5ret, og g\u00e5r med kjea sine p\u00e5 dagtid. Vi mj\u00f8lker dei kun om morgonen. Dei f\u00e5r ikkje kraftf\u00f4r, kun norsk korn som lokkemat. - Om vinteren f\u00e5r geitene eigeprodusert og innkj\u00f8pt \u00f8kologisk h\u00f8y.\" \/>\n<meta property=\"og:url\" content=\"https:\/\/ostelandet.no\/en\/kvark\/\" \/>\n<meta property=\"og:site_name\" content=\"Ostelandet Norge\" \/>\n<meta property=\"article:publisher\" content=\"https:\/\/www.facebook.com\/ostelandet-101474925294974\" \/>\n<meta property=\"article:published_time\" content=\"2021-03-24T09:40:56+00:00\" \/>\n<meta property=\"article:modified_time\" content=\"2023-05-16T11:49:46+00:00\" \/>\n<meta property=\"og:image\" content=\"https:\/\/ostelandet.no\/wp-content\/uploads\/2021\/03\/lygre_livsgard_kvark_ferskost-scaled.jpg\" \/>\n\t<meta property=\"og:image:width\" content=\"1910\" \/>\n\t<meta property=\"og:image:height\" content=\"2560\" \/>\n\t<meta property=\"og:image:type\" content=\"image\/jpeg\" \/>\n<meta name=\"author\" content=\"eliho\" \/>\n<meta name=\"twitter:card\" content=\"summary_large_image\" \/>\n<meta name=\"twitter:label1\" content=\"Written by\" \/>\n\t<meta name=\"twitter:data1\" content=\"eliho\" \/>\n\t<meta name=\"twitter:label2\" content=\"Est. reading time\" \/>\n\t<meta name=\"twitter:data2\" content=\"1 minute\" \/>\n<script type=\"application\/ld+json\" class=\"yoast-schema-graph\">{\"@context\":\"https:\/\/schema.org\",\"@graph\":[{\"@type\":\"Article\",\"@id\":\"https:\/\/ostelandet.no\/kvark\/#article\",\"isPartOf\":{\"@id\":\"https:\/\/ostelandet.no\/kvark\/\"},\"author\":{\"name\":\"eliho\",\"@id\":\"https:\/\/ostelandet.no\/#\/schema\/person\/5875f248502ea0794dca05f9ea518440\"},\"headline\":\"Kvark\",\"datePublished\":\"2021-03-24T09:40:56+00:00\",\"dateModified\":\"2023-05-16T11:49:46+00:00\",\"mainEntityOfPage\":{\"@id\":\"https:\/\/ostelandet.no\/kvark\/\"},\"wordCount\":104,\"publisher\":{\"@id\":\"https:\/\/ostelandet.no\/#organization\"},\"image\":{\"@id\":\"https:\/\/ostelandet.no\/kvark\/#primaryimage\"},\"thumbnailUrl\":\"https:\/\/ostelandet.no\/wp-content\/uploads\/2021\/03\/lygre_livsgard_kvark_ferskost-scaled-e1764762911477.jpg\",\"keywords\":[\"animalsk\",\"debio\",\"ferskost\",\"geitemelk\",\"kvark\",\"Mild\",\"ost fra Lygre Livsgard\",\"st\u00f8lsmelk\",\"Upasteurisert\"],\"articleSection\":[\"Ferskost\"],\"inLanguage\":\"en-US\"},{\"@type\":\"WebPage\",\"@id\":\"https:\/\/ostelandet.no\/kvark\/\",\"url\":\"https:\/\/ostelandet.no\/kvark\/\",\"name\":\"Kvark - Ostelandet Norge\",\"isPartOf\":{\"@id\":\"https:\/\/ostelandet.no\/#website\"},\"primaryImageOfPage\":{\"@id\":\"https:\/\/ostelandet.no\/kvark\/#primaryimage\"},\"image\":{\"@id\":\"https:\/\/ostelandet.no\/kvark\/#primaryimage\"},\"thumbnailUrl\":\"https:\/\/ostelandet.no\/wp-content\/uploads\/2021\/03\/lygre_livsgard_kvark_ferskost-scaled-e1764762911477.jpg\",\"datePublished\":\"2021-03-24T09:40:56+00:00\",\"dateModified\":\"2023-05-16T11:49:46+00:00\",\"description\":\"V\u00e5r ferskost er laga av r\u00e5 mj\u00f8lk, tilsatt gardens eigen kefirkultur. Osten er tilsatt omlag 0,6 % Himalayasalt. Mj\u00f8lka er fr\u00e5 geit som f\u00e5r komme ut heile \u00e5ret, og g\u00e5r med kjea sine p\u00e5 dagtid. Vi mj\u00f8lker dei kun om morgonen. Dei f\u00e5r ikkje kraftf\u00f4r, kun norsk korn som lokkemat. Om vinteren f\u00e5r geitene eigeprodusert og innkj\u00f8pt \u00f8kologisk h\u00f8y. V\u00e5r ferskost er laga av r\u00e5 mj\u00f8lk, tilsatt gardens eigen kefirkultur. - Osten er tilsatt omlag 0,6 % Himalayasalt. - Mj\u00f8lka er fr\u00e5 geit som f\u00e5r komme ut heile \u00e5ret, og g\u00e5r med kjea sine p\u00e5 dagtid. Vi mj\u00f8lker dei kun om morgonen. Dei f\u00e5r ikkje kraftf\u00f4r, kun norsk korn som lokkemat. - Om vinteren f\u00e5r geitene eigeprodusert og innkj\u00f8pt \u00f8kologisk h\u00f8y.\",\"breadcrumb\":{\"@id\":\"https:\/\/ostelandet.no\/kvark\/#breadcrumb\"},\"inLanguage\":\"en-US\",\"potentialAction\":[{\"@type\":\"ReadAction\",\"target\":[\"https:\/\/ostelandet.no\/kvark\/\"]}]},{\"@type\":\"ImageObject\",\"inLanguage\":\"en-US\",\"@id\":\"https:\/\/ostelandet.no\/kvark\/#primaryimage\",\"url\":\"https:\/\/ostelandet.no\/wp-content\/uploads\/2021\/03\/lygre_livsgard_kvark_ferskost-scaled-e1764762911477.jpg\",\"contentUrl\":\"https:\/\/ostelandet.no\/wp-content\/uploads\/2021\/03\/lygre_livsgard_kvark_ferskost-scaled-e1764762911477.jpg\",\"width\":671,\"height\":900,\"caption\":\"Foto: Helene Dikkanen\"},{\"@type\":\"BreadcrumbList\",\"@id\":\"https:\/\/ostelandet.no\/kvark\/#breadcrumb\",\"itemListElement\":[{\"@type\":\"ListItem\",\"position\":1,\"name\":\"Hjem\",\"item\":\"https:\/\/ostelandet.no\/\"},{\"@type\":\"ListItem\",\"position\":2,\"name\":\"Kvark\"}]},{\"@type\":\"WebSite\",\"@id\":\"https:\/\/ostelandet.no\/#website\",\"url\":\"https:\/\/ostelandet.no\/\",\"name\":\"Ostelandet Norge\",\"description\":\"- L\u00e6r mer om norsk ost\",\"publisher\":{\"@id\":\"https:\/\/ostelandet.no\/#organization\"},\"potentialAction\":[{\"@type\":\"SearchAction\",\"target\":{\"@type\":\"EntryPoint\",\"urlTemplate\":\"https:\/\/ostelandet.no\/?s={search_term_string}\"},\"query-input\":{\"@type\":\"PropertyValueSpecification\",\"valueRequired\":true,\"valueName\":\"search_term_string\"}}],\"inLanguage\":\"en-US\"},{\"@type\":\"Organization\",\"@id\":\"https:\/\/ostelandet.no\/#organization\",\"name\":\"HANEN\",\"url\":\"https:\/\/ostelandet.no\/\",\"logo\":{\"@type\":\"ImageObject\",\"inLanguage\":\"en-US\",\"@id\":\"https:\/\/ostelandet.no\/#\/schema\/logo\/image\/\",\"url\":\"https:\/\/ostelandet.no\/wp-content\/uploads\/2021\/09\/ostelandet_norge_2farger_mork_hierarkisk.png\",\"contentUrl\":\"https:\/\/ostelandet.no\/wp-content\/uploads\/2021\/09\/ostelandet_norge_2farger_mork_hierarkisk.png\",\"width\":2062,\"height\":1223,\"caption\":\"HANEN\"},\"image\":{\"@id\":\"https:\/\/ostelandet.no\/#\/schema\/logo\/image\/\"},\"sameAs\":[\"https:\/\/www.facebook.com\/ostelandet-101474925294974\",\"https:\/\/www.instagram.com\/ostelandet\/\",\"https:\/\/www.linkedin.com\/showcase\/ostelandet-norge\/\"]},{\"@type\":\"Person\",\"@id\":\"https:\/\/ostelandet.no\/#\/schema\/person\/5875f248502ea0794dca05f9ea518440\",\"name\":\"eliho\",\"image\":{\"@type\":\"ImageObject\",\"inLanguage\":\"en-US\",\"@id\":\"https:\/\/ostelandet.no\/#\/schema\/person\/image\/\",\"url\":\"https:\/\/secure.gravatar.com\/avatar\/ea2d2e46de429e0415a330ea57f41bc101fea116d020ec3116a6fc2817d801cc?s=96&d=mm&r=g\",\"contentUrl\":\"https:\/\/secure.gravatar.com\/avatar\/ea2d2e46de429e0415a330ea57f41bc101fea116d020ec3116a6fc2817d801cc?s=96&d=mm&r=g\",\"caption\":\"eliho\"},\"url\":\"https:\/\/ostelandet.no\/en\/author\/eliho\/\"}]}<\/script>\n<!-- \/ Yoast SEO plugin. -->","yoast_head_json":{"title":"Kvark - Ostelandet Norge","description":"V\u00e5r ferskost er laga av r\u00e5 mj\u00f8lk, tilsatt gardens eigen kefirkultur. Osten er tilsatt omlag 0,6 % Himalayasalt. Mj\u00f8lka er fr\u00e5 geit som f\u00e5r komme ut heile \u00e5ret, og g\u00e5r med kjea sine p\u00e5 dagtid. Vi mj\u00f8lker dei kun om morgonen. Dei f\u00e5r ikkje kraftf\u00f4r, kun norsk korn som lokkemat. Om vinteren f\u00e5r geitene eigeprodusert og innkj\u00f8pt \u00f8kologisk h\u00f8y. V\u00e5r ferskost er laga av r\u00e5 mj\u00f8lk, tilsatt gardens eigen kefirkultur. - Osten er tilsatt omlag 0,6 % Himalayasalt. - Mj\u00f8lka er fr\u00e5 geit som f\u00e5r komme ut heile \u00e5ret, og g\u00e5r med kjea sine p\u00e5 dagtid. Vi mj\u00f8lker dei kun om morgonen. Dei f\u00e5r ikkje kraftf\u00f4r, kun norsk korn som lokkemat. - Om vinteren f\u00e5r geitene eigeprodusert og innkj\u00f8pt \u00f8kologisk h\u00f8y.","robots":{"index":"index","follow":"follow","max-snippet":"max-snippet:-1","max-image-preview":"max-image-preview:large","max-video-preview":"max-video-preview:-1"},"canonical":"https:\/\/ostelandet.no\/en\/kvark\/","og_locale":"en_US","og_type":"article","og_title":"Kvark - Ostelandet Norge","og_description":"V\u00e5r ferskost er laga av r\u00e5 mj\u00f8lk, tilsatt gardens eigen kefirkultur. Osten er tilsatt omlag 0,6 % Himalayasalt. Mj\u00f8lka er fr\u00e5 geit som f\u00e5r komme ut heile \u00e5ret, og g\u00e5r med kjea sine p\u00e5 dagtid. Vi mj\u00f8lker dei kun om morgonen. Dei f\u00e5r ikkje kraftf\u00f4r, kun norsk korn som lokkemat. Om vinteren f\u00e5r geitene eigeprodusert og innkj\u00f8pt \u00f8kologisk h\u00f8y. V\u00e5r ferskost er laga av r\u00e5 mj\u00f8lk, tilsatt gardens eigen kefirkultur. - Osten er tilsatt omlag 0,6 % Himalayasalt. - Mj\u00f8lka er fr\u00e5 geit som f\u00e5r komme ut heile \u00e5ret, og g\u00e5r med kjea sine p\u00e5 dagtid. Vi mj\u00f8lker dei kun om morgonen. Dei f\u00e5r ikkje kraftf\u00f4r, kun norsk korn som lokkemat. - Om vinteren f\u00e5r geitene eigeprodusert og innkj\u00f8pt \u00f8kologisk h\u00f8y.","og_url":"https:\/\/ostelandet.no\/en\/kvark\/","og_site_name":"Ostelandet Norge","article_publisher":"https:\/\/www.facebook.com\/ostelandet-101474925294974","article_published_time":"2021-03-24T09:40:56+00:00","article_modified_time":"2023-05-16T11:49:46+00:00","og_image":[{"width":1910,"height":2560,"url":"https:\/\/ostelandet.no\/wp-content\/uploads\/2021\/03\/lygre_livsgard_kvark_ferskost-scaled.jpg","type":"image\/jpeg"}],"author":"eliho","twitter_card":"summary_large_image","twitter_misc":{"Written by":"eliho","Est. reading time":"1 minute"},"schema":{"@context":"https:\/\/schema.org","@graph":[{"@type":"Article","@id":"https:\/\/ostelandet.no\/kvark\/#article","isPartOf":{"@id":"https:\/\/ostelandet.no\/kvark\/"},"author":{"name":"eliho","@id":"https:\/\/ostelandet.no\/#\/schema\/person\/5875f248502ea0794dca05f9ea518440"},"headline":"Kvark","datePublished":"2021-03-24T09:40:56+00:00","dateModified":"2023-05-16T11:49:46+00:00","mainEntityOfPage":{"@id":"https:\/\/ostelandet.no\/kvark\/"},"wordCount":104,"publisher":{"@id":"https:\/\/ostelandet.no\/#organization"},"image":{"@id":"https:\/\/ostelandet.no\/kvark\/#primaryimage"},"thumbnailUrl":"https:\/\/ostelandet.no\/wp-content\/uploads\/2021\/03\/lygre_livsgard_kvark_ferskost-scaled-e1764762911477.jpg","keywords":["animalsk","debio","ferskost","geitemelk","kvark","Mild","ost fra Lygre Livsgard","st\u00f8lsmelk","Upasteurisert"],"articleSection":["Ferskost"],"inLanguage":"en-US"},{"@type":"WebPage","@id":"https:\/\/ostelandet.no\/kvark\/","url":"https:\/\/ostelandet.no\/kvark\/","name":"Kvark - Ostelandet Norge","isPartOf":{"@id":"https:\/\/ostelandet.no\/#website"},"primaryImageOfPage":{"@id":"https:\/\/ostelandet.no\/kvark\/#primaryimage"},"image":{"@id":"https:\/\/ostelandet.no\/kvark\/#primaryimage"},"thumbnailUrl":"https:\/\/ostelandet.no\/wp-content\/uploads\/2021\/03\/lygre_livsgard_kvark_ferskost-scaled-e1764762911477.jpg","datePublished":"2021-03-24T09:40:56+00:00","dateModified":"2023-05-16T11:49:46+00:00","description":"V\u00e5r ferskost er laga av r\u00e5 mj\u00f8lk, tilsatt gardens eigen kefirkultur. Osten er tilsatt omlag 0,6 % Himalayasalt. Mj\u00f8lka er fr\u00e5 geit som f\u00e5r komme ut heile \u00e5ret, og g\u00e5r med kjea sine p\u00e5 dagtid. Vi mj\u00f8lker dei kun om morgonen. Dei f\u00e5r ikkje kraftf\u00f4r, kun norsk korn som lokkemat. Om vinteren f\u00e5r geitene eigeprodusert og innkj\u00f8pt \u00f8kologisk h\u00f8y. V\u00e5r ferskost er laga av r\u00e5 mj\u00f8lk, tilsatt gardens eigen kefirkultur. - Osten er tilsatt omlag 0,6 % Himalayasalt. - Mj\u00f8lka er fr\u00e5 geit som f\u00e5r komme ut heile \u00e5ret, og g\u00e5r med kjea sine p\u00e5 dagtid. Vi mj\u00f8lker dei kun om morgonen. Dei f\u00e5r ikkje kraftf\u00f4r, kun norsk korn som lokkemat. - Om vinteren f\u00e5r geitene eigeprodusert og innkj\u00f8pt \u00f8kologisk h\u00f8y.","breadcrumb":{"@id":"https:\/\/ostelandet.no\/kvark\/#breadcrumb"},"inLanguage":"en-US","potentialAction":[{"@type":"ReadAction","target":["https:\/\/ostelandet.no\/kvark\/"]}]},{"@type":"ImageObject","inLanguage":"en-US","@id":"https:\/\/ostelandet.no\/kvark\/#primaryimage","url":"https:\/\/ostelandet.no\/wp-content\/uploads\/2021\/03\/lygre_livsgard_kvark_ferskost-scaled-e1764762911477.jpg","contentUrl":"https:\/\/ostelandet.no\/wp-content\/uploads\/2021\/03\/lygre_livsgard_kvark_ferskost-scaled-e1764762911477.jpg","width":671,"height":900,"caption":"Foto: Helene Dikkanen"},{"@type":"BreadcrumbList","@id":"https:\/\/ostelandet.no\/kvark\/#breadcrumb","itemListElement":[{"@type":"ListItem","position":1,"name":"Hjem","item":"https:\/\/ostelandet.no\/"},{"@type":"ListItem","position":2,"name":"Kvark"}]},{"@type":"WebSite","@id":"https:\/\/ostelandet.no\/#website","url":"https:\/\/ostelandet.no\/","name":"Ostelandet Norge","description":"- L\u00e6r mer om norsk ost","publisher":{"@id":"https:\/\/ostelandet.no\/#organization"},"potentialAction":[{"@type":"SearchAction","target":{"@type":"EntryPoint","urlTemplate":"https:\/\/ostelandet.no\/?s={search_term_string}"},"query-input":{"@type":"PropertyValueSpecification","valueRequired":true,"valueName":"search_term_string"}}],"inLanguage":"en-US"},{"@type":"Organization","@id":"https:\/\/ostelandet.no\/#organization","name":"HANEN","url":"https:\/\/ostelandet.no\/","logo":{"@type":"ImageObject","inLanguage":"en-US","@id":"https:\/\/ostelandet.no\/#\/schema\/logo\/image\/","url":"https:\/\/ostelandet.no\/wp-content\/uploads\/2021\/09\/ostelandet_norge_2farger_mork_hierarkisk.png","contentUrl":"https:\/\/ostelandet.no\/wp-content\/uploads\/2021\/09\/ostelandet_norge_2farger_mork_hierarkisk.png","width":2062,"height":1223,"caption":"HANEN"},"image":{"@id":"https:\/\/ostelandet.no\/#\/schema\/logo\/image\/"},"sameAs":["https:\/\/www.facebook.com\/ostelandet-101474925294974","https:\/\/www.instagram.com\/ostelandet\/","https:\/\/www.linkedin.com\/showcase\/ostelandet-norge\/"]},{"@type":"Person","@id":"https:\/\/ostelandet.no\/#\/schema\/person\/5875f248502ea0794dca05f9ea518440","name":"eliho","image":{"@type":"ImageObject","inLanguage":"en-US","@id":"https:\/\/ostelandet.no\/#\/schema\/person\/image\/","url":"https:\/\/secure.gravatar.com\/avatar\/ea2d2e46de429e0415a330ea57f41bc101fea116d020ec3116a6fc2817d801cc?s=96&d=mm&r=g","contentUrl":"https:\/\/secure.gravatar.com\/avatar\/ea2d2e46de429e0415a330ea57f41bc101fea116d020ec3116a6fc2817d801cc?s=96&d=mm&r=g","caption":"eliho"},"url":"https:\/\/ostelandet.no\/en\/author\/eliho\/"}]}},"_links":{"self":[{"href":"https:\/\/ostelandet.no\/en\/wp-json\/wp\/v2\/posts\/2425","targetHints":{"allow":["GET"]}}],"collection":[{"href":"https:\/\/ostelandet.no\/en\/wp-json\/wp\/v2\/posts"}],"about":[{"href":"https:\/\/ostelandet.no\/en\/wp-json\/wp\/v2\/types\/post"}],"author":[{"embeddable":true,"href":"https:\/\/ostelandet.no\/en\/wp-json\/wp\/v2\/users\/1"}],"replies":[{"embeddable":true,"href":"https:\/\/ostelandet.no\/en\/wp-json\/wp\/v2\/comments?post=2425"}],"version-history":[{"count":7,"href":"https:\/\/ostelandet.no\/en\/wp-json\/wp\/v2\/posts\/2425\/revisions"}],"predecessor-version":[{"id":9834,"href":"https:\/\/ostelandet.no\/en\/wp-json\/wp\/v2\/posts\/2425\/revisions\/9834"}],"wp:featuredmedia":[{"embeddable":true,"href":"https:\/\/ostelandet.no\/en\/wp-json\/wp\/v2\/media\/2426"}],"wp:attachment":[{"href":"https:\/\/ostelandet.no\/en\/wp-json\/wp\/v2\/media?parent=2425"}],"wp:term":[{"taxonomy":"category","embeddable":true,"href":"https:\/\/ostelandet.no\/en\/wp-json\/wp\/v2\/categories?post=2425"},{"taxonomy":"post_tag","embeddable":true,"href":"https:\/\/ostelandet.no\/en\/wp-json\/wp\/v2\/tags?post=2425"},{"taxonomy":"produsent-ostetype","embeddable":true,"href":"https:\/\/ostelandet.no\/en\/wp-json\/wp\/v2\/produsent-ostetype?post=2425"},{"taxonomy":"produsentfylke","embeddable":true,"href":"https:\/\/ostelandet.no\/en\/wp-json\/wp\/v2\/produsentfylke?post=2425"}],"curies":[{"name":"wp","href":"https:\/\/api.w.org\/{rel}","templated":true}]}}