{"id":1985,"date":"2021-03-10T15:25:38","date_gmt":"2021-03-10T14:25:38","guid":{"rendered":"http:\/\/ostelandet.no\/ost\/?p=1985"},"modified":"2025-11-28T12:04:44","modified_gmt":"2025-11-28T11:04:44","slug":"kraftkar","status":"publish","type":"post","link":"https:\/\/ostelandet.no\/en\/kraftkar\/","title":{"rendered":"Kraftkar"},"content":{"rendered":"<h2>\n\t\t<a href=\"https:\/\/ostelandet.no\/en\/blamuggost\/\" title=\"BLUE MOLD CHEESE\"  target=\"_self\">\n\t\t\tBLUE MOLD CHEESE\t\t<\/a>\n\t<\/h2>\n<h2>\n\t\t\tKraftkar\t<\/h2>\n\t<figure>\n\n<\/figure>\n<p><strong>Producer<\/strong>: <a href=\"https:\/\/ostelandet.no\/en\/ost\/tingvollost\/\">Tingvollost<\/a><\/p>\n<p><strong>Type<\/strong>: Blue mold cheese<\/p>\n<p><strong>Milk<\/strong>: Pasteurised cow\u2019s milk<\/p>\n<p><strong>Flavour<\/strong>: The flavour develops for a long time in the mouth, from slightly sweet to salty. Kraftkar have a creamy, slightly grainy consistency.<\/p>\n<p><strong>Description<\/strong>: Kraftkar is made from milk from our own farm, with extra cream added for a fuller flavour. Elected world's best cheese (World Champion) and best cheese of all time (Champion of Champions) at the World Cheese Awards 2016. Serve Kraftkar with sweet accompaniments, nuts and honey. For drinks, we recommend a dark and full-bodied beer from a Norwegian micro-brewery or a good port wine.<\/p>\n<p><strong>Retailers<\/strong>: <a href=\"Retailers: A range of shops across the whole country\">Our own farm shop and selected shops.<\/a><\/p>\n\t\t\t\t<img decoding=\"async\" src=\"https:\/\/ostelandet.no\/wp-content\/uploads\/2025\/11\/WCA-25-26-silver.png\" alt=\"WCA 25-26 silver\" itemprop=\"image\" height=\"178\" width=\"178\" title=\"WCA 25-26 silver\" onerror=\"this.style.display='none'\" loading=\"lazy\" \/>\n\t\t\t\t<img decoding=\"async\" src=\"https:\/\/ostelandet.no\/wp-content\/uploads\/2021\/04\/WCA-24-25-super-gold.png\" alt=\"WCA 24-25 super gold\" itemprop=\"image\" height=\"178\" width=\"178\" title=\"WCA 24-25 super gold\" onerror=\"this.style.display='none'\" loading=\"lazy\" \/>\n\t\t\t\t<img decoding=\"async\" src=\"https:\/\/ostelandet.no\/wp-content\/uploads\/2021\/03\/WCA-23-34-super-gold.png\" alt=\"WCA 23-34 super gold\" itemprop=\"image\" height=\"178\" width=\"178\" title=\"WCA 23-34 super gold\" onerror=\"this.style.display='none'\" loading=\"lazy\" \/>\n\t\t\t\t<img decoding=\"async\" src=\"https:\/\/ostelandet.no\/wp-content\/uploads\/2021\/03\/WCA-21-22-bronze_179.jpg\" alt=\"WCA 21-22 bronze_179\" itemprop=\"image\" height=\"180\" width=\"179\" title=\"WCA 21-22 bronze_179\" onerror=\"this.style.display='none'\" loading=\"lazy\" \/>\n<h2>\n\t\t\tMORE PRODUCTS FROM TINGVOLLOST\t<\/h2>","protected":false},"excerpt":{"rendered":"<p>Kraftkar lages av melk fra egen g\u00e5rd, tilsatt ekstra fl\u00f8te for en fyldigere smak.<\/p>","protected":false},"author":9,"featured_media":14131,"comment_status":"closed","ping_status":"closed","sticky":false,"template":"","format":"standard","meta":{"_acf_changed":false,"footnotes":""},"categories":[8],"tags":[157,23,172,37,73,126,156,161,1024,1034,1164],"produsent-ostetype":[],"produsentfylke":[],"class_list":["post-1985","post","type-post","status-publish","format-standard","has-post-thumbnail","hentry","category-blamugg","tag-animalsk","tag-blamuggost","tag-fast-blamugg","tag-kumelk","tag-kumelk-og-flote","tag-ost-fra-tingvollost","tag-spesialitetsmerket","tag-vellagret","tag-wca-2023-24-supergold","tag-wca-2024-25-supergold","tag-wca-2025-26-silver"],"acf":[],"yoast_head":"<!-- This site is optimized with the Yoast SEO plugin v26.1.1 - https:\/\/yoast.com\/wordpress\/plugins\/seo\/ -->\n<title>Kraftkar - Ostelandet Norge<\/title>\n<meta name=\"description\" content=\"Kraftkar lages av melk fra egen g\u00e5rd, tilsatt ekstra fl\u00f8te for en fyldigere smak.\" \/>\n<meta name=\"robots\" content=\"index, follow, max-snippet:-1, max-image-preview:large, max-video-preview:-1\" \/>\n<link rel=\"canonical\" href=\"https:\/\/ostelandet.no\/en\/kraftkar\/\" \/>\n<meta property=\"og:locale\" content=\"en_US\" \/>\n<meta property=\"og:type\" content=\"article\" \/>\n<meta property=\"og:title\" content=\"Kraftkar - Ostelandet Norge\" \/>\n<meta property=\"og:description\" content=\"Kraftkar lages av melk fra egen g\u00e5rd, tilsatt ekstra fl\u00f8te for en fyldigere smak.\" \/>\n<meta property=\"og:url\" content=\"https:\/\/ostelandet.no\/en\/kraftkar\/\" \/>\n<meta property=\"og:site_name\" content=\"Ostelandet Norge\" \/>\n<meta property=\"article:publisher\" content=\"https:\/\/www.facebook.com\/ostelandet-101474925294974\" \/>\n<meta property=\"article:published_time\" content=\"2021-03-10T14:25:38+00:00\" \/>\n<meta property=\"article:modified_time\" content=\"2025-11-28T11:04:44+00:00\" \/>\n<meta property=\"og:image\" content=\"https:\/\/ostelandet.no\/wp-content\/uploads\/2021\/03\/Kraftkar-Tingvollost_hbg.png\" \/>\n\t<meta property=\"og:image:width\" content=\"1200\" \/>\n\t<meta property=\"og:image:height\" content=\"900\" \/>\n\t<meta property=\"og:image:type\" content=\"image\/png\" \/>\n<meta name=\"author\" content=\"Anette\" \/>\n<meta name=\"twitter:card\" content=\"summary_large_image\" \/>\n<meta name=\"twitter:label1\" content=\"Written by\" \/>\n\t<meta name=\"twitter:data1\" content=\"Anette\" \/>\n\t<meta name=\"twitter:label2\" content=\"Est. reading time\" \/>\n\t<meta name=\"twitter:data2\" content=\"2 minutes\" \/>\n<script type=\"application\/ld+json\" class=\"yoast-schema-graph\">{\"@context\":\"https:\/\/schema.org\",\"@graph\":[{\"@type\":\"Article\",\"@id\":\"https:\/\/ostelandet.no\/kraftkar\/#article\",\"isPartOf\":{\"@id\":\"https:\/\/ostelandet.no\/kraftkar\/\"},\"author\":{\"name\":\"Anette\",\"@id\":\"https:\/\/ostelandet.no\/#\/schema\/person\/f985ce81d2968ff96c216ca1a514a5d7\"},\"headline\":\"Kraftkar\",\"datePublished\":\"2021-03-10T14:25:38+00:00\",\"dateModified\":\"2025-11-28T11:04:44+00:00\",\"mainEntityOfPage\":{\"@id\":\"https:\/\/ostelandet.no\/kraftkar\/\"},\"wordCount\":111,\"publisher\":{\"@id\":\"https:\/\/ostelandet.no\/#organization\"},\"image\":{\"@id\":\"https:\/\/ostelandet.no\/kraftkar\/#primaryimage\"},\"thumbnailUrl\":\"https:\/\/ostelandet.no\/wp-content\/uploads\/2021\/03\/Kraftkar-Tingvollost_hbg.png\",\"keywords\":[\"animalsk\",\"Bl\u00e5muggost\",\"Fast bl\u00e5mugg\",\"Kumelk\",\"Kumelk og fl\u00f8te\",\"ost fra Tingvollost\",\"spesialitetsmerket\",\"vellagret\",\"WCA 2023\/24 Supergold\",\"WCA 2024\/25 Supergold\",\"WCA 2025\/26 Silver\"],\"articleSection\":[\"Bl\u00e5mugg\"],\"inLanguage\":\"en-US\"},{\"@type\":\"WebPage\",\"@id\":\"https:\/\/ostelandet.no\/kraftkar\/\",\"url\":\"https:\/\/ostelandet.no\/kraftkar\/\",\"name\":\"Kraftkar - Ostelandet Norge\",\"isPartOf\":{\"@id\":\"https:\/\/ostelandet.no\/#website\"},\"primaryImageOfPage\":{\"@id\":\"https:\/\/ostelandet.no\/kraftkar\/#primaryimage\"},\"image\":{\"@id\":\"https:\/\/ostelandet.no\/kraftkar\/#primaryimage\"},\"thumbnailUrl\":\"https:\/\/ostelandet.no\/wp-content\/uploads\/2021\/03\/Kraftkar-Tingvollost_hbg.png\",\"datePublished\":\"2021-03-10T14:25:38+00:00\",\"dateModified\":\"2025-11-28T11:04:44+00:00\",\"description\":\"Kraftkar lages av melk fra egen g\u00e5rd, tilsatt ekstra fl\u00f8te for en fyldigere smak.\",\"breadcrumb\":{\"@id\":\"https:\/\/ostelandet.no\/kraftkar\/#breadcrumb\"},\"inLanguage\":\"en-US\",\"potentialAction\":[{\"@type\":\"ReadAction\",\"target\":[\"https:\/\/ostelandet.no\/kraftkar\/\"]}]},{\"@type\":\"ImageObject\",\"inLanguage\":\"en-US\",\"@id\":\"https:\/\/ostelandet.no\/kraftkar\/#primaryimage\",\"url\":\"https:\/\/ostelandet.no\/wp-content\/uploads\/2021\/03\/Kraftkar-Tingvollost_hbg.png\",\"contentUrl\":\"https:\/\/ostelandet.no\/wp-content\/uploads\/2021\/03\/Kraftkar-Tingvollost_hbg.png\",\"width\":1200,\"height\":900,\"caption\":\"Kraftkar Tingvollost\"},{\"@type\":\"BreadcrumbList\",\"@id\":\"https:\/\/ostelandet.no\/kraftkar\/#breadcrumb\",\"itemListElement\":[{\"@type\":\"ListItem\",\"position\":1,\"name\":\"Hjem\",\"item\":\"https:\/\/ostelandet.no\/\"},{\"@type\":\"ListItem\",\"position\":2,\"name\":\"Kraftkar\"}]},{\"@type\":\"WebSite\",\"@id\":\"https:\/\/ostelandet.no\/#website\",\"url\":\"https:\/\/ostelandet.no\/\",\"name\":\"Ostelandet Norge\",\"description\":\"- L\u00e6r mer om norsk ost\",\"publisher\":{\"@id\":\"https:\/\/ostelandet.no\/#organization\"},\"potentialAction\":[{\"@type\":\"SearchAction\",\"target\":{\"@type\":\"EntryPoint\",\"urlTemplate\":\"https:\/\/ostelandet.no\/?s={search_term_string}\"},\"query-input\":{\"@type\":\"PropertyValueSpecification\",\"valueRequired\":true,\"valueName\":\"search_term_string\"}}],\"inLanguage\":\"en-US\"},{\"@type\":\"Organization\",\"@id\":\"https:\/\/ostelandet.no\/#organization\",\"name\":\"HANEN\",\"url\":\"https:\/\/ostelandet.no\/\",\"logo\":{\"@type\":\"ImageObject\",\"inLanguage\":\"en-US\",\"@id\":\"https:\/\/ostelandet.no\/#\/schema\/logo\/image\/\",\"url\":\"https:\/\/ostelandet.no\/wp-content\/uploads\/2021\/09\/ostelandet_norge_2farger_mork_hierarkisk.png\",\"contentUrl\":\"https:\/\/ostelandet.no\/wp-content\/uploads\/2021\/09\/ostelandet_norge_2farger_mork_hierarkisk.png\",\"width\":2062,\"height\":1223,\"caption\":\"HANEN\"},\"image\":{\"@id\":\"https:\/\/ostelandet.no\/#\/schema\/logo\/image\/\"},\"sameAs\":[\"https:\/\/www.facebook.com\/ostelandet-101474925294974\",\"https:\/\/www.instagram.com\/ostelandet\/\",\"https:\/\/www.linkedin.com\/showcase\/ostelandet-norge\/\"]},{\"@type\":\"Person\",\"@id\":\"https:\/\/ostelandet.no\/#\/schema\/person\/f985ce81d2968ff96c216ca1a514a5d7\",\"name\":\"Anette\",\"image\":{\"@type\":\"ImageObject\",\"inLanguage\":\"en-US\",\"@id\":\"https:\/\/ostelandet.no\/#\/schema\/person\/image\/\",\"url\":\"https:\/\/secure.gravatar.com\/avatar\/47871c780e28de464a585d8a6985a805c0494a27f00dd9d7711eb11af0d7cdc3?s=96&d=mm&r=g\",\"contentUrl\":\"https:\/\/secure.gravatar.com\/avatar\/47871c780e28de464a585d8a6985a805c0494a27f00dd9d7711eb11af0d7cdc3?s=96&d=mm&r=g\",\"caption\":\"Anette\"},\"url\":\"https:\/\/ostelandet.no\/en\/author\/anette\/\"}]}<\/script>\n<!-- \/ Yoast SEO plugin. -->","yoast_head_json":{"title":"Kraftkar - Ostelandet Norge","description":"Kraftkar lages av melk fra egen g\u00e5rd, tilsatt ekstra fl\u00f8te for en fyldigere smak.","robots":{"index":"index","follow":"follow","max-snippet":"max-snippet:-1","max-image-preview":"max-image-preview:large","max-video-preview":"max-video-preview:-1"},"canonical":"https:\/\/ostelandet.no\/en\/kraftkar\/","og_locale":"en_US","og_type":"article","og_title":"Kraftkar - Ostelandet Norge","og_description":"Kraftkar lages av melk fra egen g\u00e5rd, tilsatt ekstra fl\u00f8te for en fyldigere smak.","og_url":"https:\/\/ostelandet.no\/en\/kraftkar\/","og_site_name":"Ostelandet Norge","article_publisher":"https:\/\/www.facebook.com\/ostelandet-101474925294974","article_published_time":"2021-03-10T14:25:38+00:00","article_modified_time":"2025-11-28T11:04:44+00:00","og_image":[{"width":1200,"height":900,"url":"https:\/\/ostelandet.no\/wp-content\/uploads\/2021\/03\/Kraftkar-Tingvollost_hbg.png","type":"image\/png"}],"author":"Anette","twitter_card":"summary_large_image","twitter_misc":{"Written by":"Anette","Est. reading time":"2 minutes"},"schema":{"@context":"https:\/\/schema.org","@graph":[{"@type":"Article","@id":"https:\/\/ostelandet.no\/kraftkar\/#article","isPartOf":{"@id":"https:\/\/ostelandet.no\/kraftkar\/"},"author":{"name":"Anette","@id":"https:\/\/ostelandet.no\/#\/schema\/person\/f985ce81d2968ff96c216ca1a514a5d7"},"headline":"Kraftkar","datePublished":"2021-03-10T14:25:38+00:00","dateModified":"2025-11-28T11:04:44+00:00","mainEntityOfPage":{"@id":"https:\/\/ostelandet.no\/kraftkar\/"},"wordCount":111,"publisher":{"@id":"https:\/\/ostelandet.no\/#organization"},"image":{"@id":"https:\/\/ostelandet.no\/kraftkar\/#primaryimage"},"thumbnailUrl":"https:\/\/ostelandet.no\/wp-content\/uploads\/2021\/03\/Kraftkar-Tingvollost_hbg.png","keywords":["animalsk","Bl\u00e5muggost","Fast bl\u00e5mugg","Kumelk","Kumelk og fl\u00f8te","ost fra Tingvollost","spesialitetsmerket","vellagret","WCA 2023\/24 Supergold","WCA 2024\/25 Supergold","WCA 2025\/26 Silver"],"articleSection":["Bl\u00e5mugg"],"inLanguage":"en-US"},{"@type":"WebPage","@id":"https:\/\/ostelandet.no\/kraftkar\/","url":"https:\/\/ostelandet.no\/kraftkar\/","name":"Kraftkar - Ostelandet Norge","isPartOf":{"@id":"https:\/\/ostelandet.no\/#website"},"primaryImageOfPage":{"@id":"https:\/\/ostelandet.no\/kraftkar\/#primaryimage"},"image":{"@id":"https:\/\/ostelandet.no\/kraftkar\/#primaryimage"},"thumbnailUrl":"https:\/\/ostelandet.no\/wp-content\/uploads\/2021\/03\/Kraftkar-Tingvollost_hbg.png","datePublished":"2021-03-10T14:25:38+00:00","dateModified":"2025-11-28T11:04:44+00:00","description":"Kraftkar lages av melk fra egen g\u00e5rd, tilsatt ekstra fl\u00f8te for en fyldigere smak.","breadcrumb":{"@id":"https:\/\/ostelandet.no\/kraftkar\/#breadcrumb"},"inLanguage":"en-US","potentialAction":[{"@type":"ReadAction","target":["https:\/\/ostelandet.no\/kraftkar\/"]}]},{"@type":"ImageObject","inLanguage":"en-US","@id":"https:\/\/ostelandet.no\/kraftkar\/#primaryimage","url":"https:\/\/ostelandet.no\/wp-content\/uploads\/2021\/03\/Kraftkar-Tingvollost_hbg.png","contentUrl":"https:\/\/ostelandet.no\/wp-content\/uploads\/2021\/03\/Kraftkar-Tingvollost_hbg.png","width":1200,"height":900,"caption":"Kraftkar Tingvollost"},{"@type":"BreadcrumbList","@id":"https:\/\/ostelandet.no\/kraftkar\/#breadcrumb","itemListElement":[{"@type":"ListItem","position":1,"name":"Hjem","item":"https:\/\/ostelandet.no\/"},{"@type":"ListItem","position":2,"name":"Kraftkar"}]},{"@type":"WebSite","@id":"https:\/\/ostelandet.no\/#website","url":"https:\/\/ostelandet.no\/","name":"Ostelandet Norge","description":"- L\u00e6r mer om norsk ost","publisher":{"@id":"https:\/\/ostelandet.no\/#organization"},"potentialAction":[{"@type":"SearchAction","target":{"@type":"EntryPoint","urlTemplate":"https:\/\/ostelandet.no\/?s={search_term_string}"},"query-input":{"@type":"PropertyValueSpecification","valueRequired":true,"valueName":"search_term_string"}}],"inLanguage":"en-US"},{"@type":"Organization","@id":"https:\/\/ostelandet.no\/#organization","name":"HANEN","url":"https:\/\/ostelandet.no\/","logo":{"@type":"ImageObject","inLanguage":"en-US","@id":"https:\/\/ostelandet.no\/#\/schema\/logo\/image\/","url":"https:\/\/ostelandet.no\/wp-content\/uploads\/2021\/09\/ostelandet_norge_2farger_mork_hierarkisk.png","contentUrl":"https:\/\/ostelandet.no\/wp-content\/uploads\/2021\/09\/ostelandet_norge_2farger_mork_hierarkisk.png","width":2062,"height":1223,"caption":"HANEN"},"image":{"@id":"https:\/\/ostelandet.no\/#\/schema\/logo\/image\/"},"sameAs":["https:\/\/www.facebook.com\/ostelandet-101474925294974","https:\/\/www.instagram.com\/ostelandet\/","https:\/\/www.linkedin.com\/showcase\/ostelandet-norge\/"]},{"@type":"Person","@id":"https:\/\/ostelandet.no\/#\/schema\/person\/f985ce81d2968ff96c216ca1a514a5d7","name":"Anette","image":{"@type":"ImageObject","inLanguage":"en-US","@id":"https:\/\/ostelandet.no\/#\/schema\/person\/image\/","url":"https:\/\/secure.gravatar.com\/avatar\/47871c780e28de464a585d8a6985a805c0494a27f00dd9d7711eb11af0d7cdc3?s=96&d=mm&r=g","contentUrl":"https:\/\/secure.gravatar.com\/avatar\/47871c780e28de464a585d8a6985a805c0494a27f00dd9d7711eb11af0d7cdc3?s=96&d=mm&r=g","caption":"Anette"},"url":"https:\/\/ostelandet.no\/en\/author\/anette\/"}]}},"_links":{"self":[{"href":"https:\/\/ostelandet.no\/en\/wp-json\/wp\/v2\/posts\/1985","targetHints":{"allow":["GET"]}}],"collection":[{"href":"https:\/\/ostelandet.no\/en\/wp-json\/wp\/v2\/posts"}],"about":[{"href":"https:\/\/ostelandet.no\/en\/wp-json\/wp\/v2\/types\/post"}],"author":[{"embeddable":true,"href":"https:\/\/ostelandet.no\/en\/wp-json\/wp\/v2\/users\/9"}],"replies":[{"embeddable":true,"href":"https:\/\/ostelandet.no\/en\/wp-json\/wp\/v2\/comments?post=1985"}],"version-history":[{"count":19,"href":"https:\/\/ostelandet.no\/en\/wp-json\/wp\/v2\/posts\/1985\/revisions"}],"predecessor-version":[{"id":14601,"href":"https:\/\/ostelandet.no\/en\/wp-json\/wp\/v2\/posts\/1985\/revisions\/14601"}],"wp:featuredmedia":[{"embeddable":true,"href":"https:\/\/ostelandet.no\/en\/wp-json\/wp\/v2\/media\/14131"}],"wp:attachment":[{"href":"https:\/\/ostelandet.no\/en\/wp-json\/wp\/v2\/media?parent=1985"}],"wp:term":[{"taxonomy":"category","embeddable":true,"href":"https:\/\/ostelandet.no\/en\/wp-json\/wp\/v2\/categories?post=1985"},{"taxonomy":"post_tag","embeddable":true,"href":"https:\/\/ostelandet.no\/en\/wp-json\/wp\/v2\/tags?post=1985"},{"taxonomy":"produsent-ostetype","embeddable":true,"href":"https:\/\/ostelandet.no\/en\/wp-json\/wp\/v2\/produsent-ostetype?post=1985"},{"taxonomy":"produsentfylke","embeddable":true,"href":"https:\/\/ostelandet.no\/en\/wp-json\/wp\/v2\/produsentfylke?post=1985"}],"curies":[{"name":"wp","href":"https:\/\/api.w.org\/{rel}","templated":true}]}}