{"id":1943,"date":"2021-03-10T10:29:26","date_gmt":"2021-03-10T09:29:26","guid":{"rendered":"http:\/\/ostelandet.no\/ost\/?p=1943"},"modified":"2025-09-21T20:56:42","modified_gmt":"2025-09-21T18:56:42","slug":"olestolen-mikroysteri","status":"publish","type":"post","link":"https:\/\/ostelandet.no\/en\/olestolen-mikroysteri\/","title":{"rendered":"Olest\u00f8len Mikroysteri"},"content":{"rendered":"<h2>\n\t\t<a href=\"https:\/\/ostelandet.no\/en\/produsenter\/\" title=\"PRODUCERS\" target=\"_self\" rel=\"noopener\">\n\t\tPRODUCERS\n\t\t<\/a>\n\t<\/h2>\n<h2>\n\t\tOlest\u00f8len Mikroysteri\n\t<\/h2>\n\t<p>Rundt St. Hans tar Budeia, Kathrin, med seg Skimaker`n og reiser med geiter, hester, ender og katter til Olest\u00f8len i Valdres som ligger p\u00e5 1000 m.o.h.. Her g\u00e5r geitene fritt og omdanner det fantastiske fjellbeite til \u00f8kologisk geitemelk som vi bruker i v\u00e5re r\u00e5 geitemelksprodukt. All melka blir foredla i et mobilt ysteri, og i juli og august kan bes\u00f8kende f\u00e5 l\u00e6re om st\u00f8lsliv i n\u00e6r kontakt med dyr og natur &#8211; v\u00e6re med \u00e5 r\u00f8re i brunostgryta som blir kokt p\u00e5 vedfyrt jerngryte og f\u00e5 smake ureist h\u00e5ndverksforedla melkeprodukt.<\/p>\n\t\t\t\t<img loading=\"lazy\" decoding=\"async\" src=\"https:\/\/ostelandet.no\/wp-content\/uploads\/2021\/03\/DSC_0850-600x338.jpg\" alt=\"Budeia med ost\" itemprop=\"image\" height=\"338\" width=\"600\" title=\"DSC_0850\" onerror=\"this.style.display='none'\"  \/>\n\t\t\t\t\t\tPhoto: Olest\u00f8len\n<h2>\n\t\tOlest\u00f8len Mikroysteri:\n\t<\/h2>\n\t\t\t <p>Address: Dalsvegen 211, 2940 Heggenes<br \/>Telephone: <a href=\"http:\/\/4791889806\">+47 91889806<\/a><br \/>E-mail:\u00a0 <a href=\"mailto:kathrin.h.aslaksby@gmail.com\">kathrin.h.aslaksby@gmail.com<\/a><br \/><a href=\"https:\/\/www.skimakernogbudeia.no\/\" target=\"_blank\" rel=\"noopener\">https:\/\/www.skimakernogbudeia.no\/<\/a>G\u00e5rdsutsalg: Ja, Utsalg sommers tid: 20. Juni &#8211; 10. September kl 11-15 Olest\u00f8len. Vinters tid 11.09 &#8211; 19.06 p\u00e5 g\u00e5rden N\u00f8rrestogo i Dale.<\/p>\t\t\n\t<iframe src=\"https:\/\/www.google.com\/maps\/embed\/v1\/place?q=Dalsvegen+211%2C+2940+Heggenes&#038;key=AIzaSyD09zQ9PNDNNy9TadMuzRV_UsPUoWKntt8\" aria-hidden=\"true\" title=\"Olest\u00f8len Mikroysteri\"><\/iframe>\n<h2>\n\t\tCHEESES FROM THIS PRODUCER\n\t<\/h2>","protected":false},"excerpt":{"rendered":"<p>Olest\u00f8len in Valdres is located at 1,000 meters above sea level. In July and August, visitors can learn about the mountain farm life in close contact with animals and nature - join in stirring the brown cheese while it is cooking in a wood-fired iron pot and taste handmade milk products right from the farm.<\/p>","protected":false},"author":9,"featured_media":11224,"comment_status":"closed","ping_status":"closed","sticky":false,"template":"tpl-full-width.php","format":"standard","meta":{"_acf_changed":false,"footnotes":""},"categories":[45],"tags":[867,865,139,47,1003,164,46],"produsent-ostetype":[1119,1125,1123,1120,1124],"produsentfylke":[1113],"class_list":["post-1943","post","type-post","status-publish","format-standard","has-post-thumbnail","hentry","category-produsent","tag-gardsutsalg","tag-kart_stol","tag-olestolen-mikroysteri","tag-produsent","tag-produsentinnland","tag-stol","tag-ysteri","produsent-ostetype-blamugg","produsent-ostetype-brunost","produsent-ostetype-ferskost","produsent-ostetype-hvitmugg","produsent-ostetype-salatost","produsentfylke-innland"],"acf":[],"yoast_head":"<!-- This site is optimized with the Yoast SEO plugin v26.1.1 - https:\/\/yoast.com\/wordpress\/plugins\/seo\/ -->\n<title>Olest\u00f8len Mikroysteri - Ostelandet Norge<\/title>\n<meta name=\"description\" content=\"Olest\u00f8len i Valdres ligger p\u00e5 1000 m.o.h. I juli og august kan bes\u00f8kende f\u00e5 l\u00e6re om st\u00f8lsliv, v\u00e6re med \u00e5 r\u00f8re i brunostgryta og smake p\u00e5 ureiste produkter.\" \/>\n<meta name=\"robots\" content=\"index, follow, max-snippet:-1, max-image-preview:large, max-video-preview:-1\" \/>\n<link rel=\"canonical\" href=\"https:\/\/ostelandet.no\/en\/olestolen-mikroysteri\/\" \/>\n<meta property=\"og:locale\" content=\"en_US\" \/>\n<meta property=\"og:type\" content=\"article\" \/>\n<meta property=\"og:title\" content=\"Olest\u00f8len Mikroysteri - Ostelandet Norge\" \/>\n<meta property=\"og:description\" content=\"Olest\u00f8len i Valdres ligger p\u00e5 1000 m.o.h. I juli og august kan bes\u00f8kende f\u00e5 l\u00e6re om st\u00f8lsliv, v\u00e6re med \u00e5 r\u00f8re i brunostgryta og smake p\u00e5 ureiste produkter.\" \/>\n<meta property=\"og:url\" content=\"https:\/\/ostelandet.no\/en\/olestolen-mikroysteri\/\" \/>\n<meta property=\"og:site_name\" content=\"Ostelandet Norge\" \/>\n<meta property=\"article:publisher\" content=\"https:\/\/www.facebook.com\/ostelandet-101474925294974\" \/>\n<meta property=\"article:published_time\" content=\"2021-03-10T09:29:26+00:00\" \/>\n<meta property=\"article:modified_time\" content=\"2025-09-21T18:56:42+00:00\" \/>\n<meta property=\"og:image\" content=\"https:\/\/ostelandet.no\/wp-content\/uploads\/2021\/03\/Olestolen_719x495.jpg\" \/>\n\t<meta property=\"og:image:width\" content=\"719\" \/>\n\t<meta property=\"og:image:height\" content=\"495\" \/>\n\t<meta property=\"og:image:type\" content=\"image\/jpeg\" \/>\n<meta name=\"author\" content=\"Anette\" \/>\n<meta name=\"twitter:card\" content=\"summary_large_image\" \/>\n<meta name=\"twitter:label1\" content=\"Written by\" \/>\n\t<meta name=\"twitter:data1\" content=\"Anette\" \/>\n\t<meta name=\"twitter:label2\" content=\"Est. reading time\" \/>\n\t<meta name=\"twitter:data2\" content=\"4 minutes\" \/>\n<script type=\"application\/ld+json\" class=\"yoast-schema-graph\">{\"@context\":\"https:\/\/schema.org\",\"@graph\":[{\"@type\":\"Article\",\"@id\":\"https:\/\/ostelandet.no\/olestolen-mikroysteri\/#article\",\"isPartOf\":{\"@id\":\"https:\/\/ostelandet.no\/olestolen-mikroysteri\/\"},\"author\":{\"name\":\"Anette\",\"@id\":\"https:\/\/ostelandet.no\/#\/schema\/person\/f985ce81d2968ff96c216ca1a514a5d7\"},\"headline\":\"Olest\u00f8len Mikroysteri\",\"datePublished\":\"2021-03-10T09:29:26+00:00\",\"dateModified\":\"2025-09-21T18:56:42+00:00\",\"mainEntityOfPage\":{\"@id\":\"https:\/\/ostelandet.no\/olestolen-mikroysteri\/\"},\"wordCount\":154,\"publisher\":{\"@id\":\"https:\/\/ostelandet.no\/#organization\"},\"image\":{\"@id\":\"https:\/\/ostelandet.no\/olestolen-mikroysteri\/#primaryimage\"},\"thumbnailUrl\":\"https:\/\/ostelandet.no\/wp-content\/uploads\/2021\/03\/Olestolen_719x495.jpg\",\"keywords\":[\"g\u00e5rdsutsalg\",\"kart_St\u00f8l\",\"Olest\u00f8len Mikroysteri\",\"produsent\",\"Produsent Innland\",\"st\u00f8l\",\"ysteri\"],\"articleSection\":[\"Produsent\"],\"inLanguage\":\"en-US\"},{\"@type\":\"WebPage\",\"@id\":\"https:\/\/ostelandet.no\/olestolen-mikroysteri\/\",\"url\":\"https:\/\/ostelandet.no\/olestolen-mikroysteri\/\",\"name\":\"Olest\u00f8len Mikroysteri - Ostelandet Norge\",\"isPartOf\":{\"@id\":\"https:\/\/ostelandet.no\/#website\"},\"primaryImageOfPage\":{\"@id\":\"https:\/\/ostelandet.no\/olestolen-mikroysteri\/#primaryimage\"},\"image\":{\"@id\":\"https:\/\/ostelandet.no\/olestolen-mikroysteri\/#primaryimage\"},\"thumbnailUrl\":\"https:\/\/ostelandet.no\/wp-content\/uploads\/2021\/03\/Olestolen_719x495.jpg\",\"datePublished\":\"2021-03-10T09:29:26+00:00\",\"dateModified\":\"2025-09-21T18:56:42+00:00\",\"description\":\"Olest\u00f8len i Valdres ligger p\u00e5 1000 m.o.h. I juli og august kan bes\u00f8kende f\u00e5 l\u00e6re om st\u00f8lsliv, v\u00e6re med \u00e5 r\u00f8re i brunostgryta og smake p\u00e5 ureiste produkter.\",\"breadcrumb\":{\"@id\":\"https:\/\/ostelandet.no\/olestolen-mikroysteri\/#breadcrumb\"},\"inLanguage\":\"en-US\",\"potentialAction\":[{\"@type\":\"ReadAction\",\"target\":[\"https:\/\/ostelandet.no\/olestolen-mikroysteri\/\"]}]},{\"@type\":\"ImageObject\",\"inLanguage\":\"en-US\",\"@id\":\"https:\/\/ostelandet.no\/olestolen-mikroysteri\/#primaryimage\",\"url\":\"https:\/\/ostelandet.no\/wp-content\/uploads\/2021\/03\/Olestolen_719x495.jpg\",\"contentUrl\":\"https:\/\/ostelandet.no\/wp-content\/uploads\/2021\/03\/Olestolen_719x495.jpg\",\"width\":719,\"height\":495},{\"@type\":\"BreadcrumbList\",\"@id\":\"https:\/\/ostelandet.no\/olestolen-mikroysteri\/#breadcrumb\",\"itemListElement\":[{\"@type\":\"ListItem\",\"position\":1,\"name\":\"Hjem\",\"item\":\"https:\/\/ostelandet.no\/\"},{\"@type\":\"ListItem\",\"position\":2,\"name\":\"Olest\u00f8len Mikroysteri\"}]},{\"@type\":\"WebSite\",\"@id\":\"https:\/\/ostelandet.no\/#website\",\"url\":\"https:\/\/ostelandet.no\/\",\"name\":\"Ostelandet Norge\",\"description\":\"- L\u00e6r mer om norsk ost\",\"publisher\":{\"@id\":\"https:\/\/ostelandet.no\/#organization\"},\"potentialAction\":[{\"@type\":\"SearchAction\",\"target\":{\"@type\":\"EntryPoint\",\"urlTemplate\":\"https:\/\/ostelandet.no\/?s={search_term_string}\"},\"query-input\":{\"@type\":\"PropertyValueSpecification\",\"valueRequired\":true,\"valueName\":\"search_term_string\"}}],\"inLanguage\":\"en-US\"},{\"@type\":\"Organization\",\"@id\":\"https:\/\/ostelandet.no\/#organization\",\"name\":\"HANEN\",\"url\":\"https:\/\/ostelandet.no\/\",\"logo\":{\"@type\":\"ImageObject\",\"inLanguage\":\"en-US\",\"@id\":\"https:\/\/ostelandet.no\/#\/schema\/logo\/image\/\",\"url\":\"https:\/\/ostelandet.no\/wp-content\/uploads\/2021\/09\/ostelandet_norge_2farger_mork_hierarkisk.png\",\"contentUrl\":\"https:\/\/ostelandet.no\/wp-content\/uploads\/2021\/09\/ostelandet_norge_2farger_mork_hierarkisk.png\",\"width\":2062,\"height\":1223,\"caption\":\"HANEN\"},\"image\":{\"@id\":\"https:\/\/ostelandet.no\/#\/schema\/logo\/image\/\"},\"sameAs\":[\"https:\/\/www.facebook.com\/ostelandet-101474925294974\",\"https:\/\/www.instagram.com\/ostelandet\/\",\"https:\/\/www.linkedin.com\/showcase\/ostelandet-norge\/\"]},{\"@type\":\"Person\",\"@id\":\"https:\/\/ostelandet.no\/#\/schema\/person\/f985ce81d2968ff96c216ca1a514a5d7\",\"name\":\"Anette\",\"image\":{\"@type\":\"ImageObject\",\"inLanguage\":\"en-US\",\"@id\":\"https:\/\/ostelandet.no\/#\/schema\/person\/image\/\",\"url\":\"https:\/\/secure.gravatar.com\/avatar\/47871c780e28de464a585d8a6985a805c0494a27f00dd9d7711eb11af0d7cdc3?s=96&d=mm&r=g\",\"contentUrl\":\"https:\/\/secure.gravatar.com\/avatar\/47871c780e28de464a585d8a6985a805c0494a27f00dd9d7711eb11af0d7cdc3?s=96&d=mm&r=g\",\"caption\":\"Anette\"},\"url\":\"https:\/\/ostelandet.no\/en\/author\/anette\/\"}]}<\/script>\n<!-- \/ Yoast SEO plugin. -->","yoast_head_json":{"title":"Olest\u00f8len Mikroysteri - Ostelandet Norge","description":"Olest\u00f8len i Valdres ligger p\u00e5 1000 m.o.h. I juli og august kan bes\u00f8kende f\u00e5 l\u00e6re om st\u00f8lsliv, v\u00e6re med \u00e5 r\u00f8re i brunostgryta og smake p\u00e5 ureiste produkter.","robots":{"index":"index","follow":"follow","max-snippet":"max-snippet:-1","max-image-preview":"max-image-preview:large","max-video-preview":"max-video-preview:-1"},"canonical":"https:\/\/ostelandet.no\/en\/olestolen-mikroysteri\/","og_locale":"en_US","og_type":"article","og_title":"Olest\u00f8len Mikroysteri - Ostelandet Norge","og_description":"Olest\u00f8len i Valdres ligger p\u00e5 1000 m.o.h. I juli og august kan bes\u00f8kende f\u00e5 l\u00e6re om st\u00f8lsliv, v\u00e6re med \u00e5 r\u00f8re i brunostgryta og smake p\u00e5 ureiste produkter.","og_url":"https:\/\/ostelandet.no\/en\/olestolen-mikroysteri\/","og_site_name":"Ostelandet Norge","article_publisher":"https:\/\/www.facebook.com\/ostelandet-101474925294974","article_published_time":"2021-03-10T09:29:26+00:00","article_modified_time":"2025-09-21T18:56:42+00:00","og_image":[{"width":719,"height":495,"url":"https:\/\/ostelandet.no\/wp-content\/uploads\/2021\/03\/Olestolen_719x495.jpg","type":"image\/jpeg"}],"author":"Anette","twitter_card":"summary_large_image","twitter_misc":{"Written by":"Anette","Est. reading time":"4 minutes"},"schema":{"@context":"https:\/\/schema.org","@graph":[{"@type":"Article","@id":"https:\/\/ostelandet.no\/olestolen-mikroysteri\/#article","isPartOf":{"@id":"https:\/\/ostelandet.no\/olestolen-mikroysteri\/"},"author":{"name":"Anette","@id":"https:\/\/ostelandet.no\/#\/schema\/person\/f985ce81d2968ff96c216ca1a514a5d7"},"headline":"Olest\u00f8len Mikroysteri","datePublished":"2021-03-10T09:29:26+00:00","dateModified":"2025-09-21T18:56:42+00:00","mainEntityOfPage":{"@id":"https:\/\/ostelandet.no\/olestolen-mikroysteri\/"},"wordCount":154,"publisher":{"@id":"https:\/\/ostelandet.no\/#organization"},"image":{"@id":"https:\/\/ostelandet.no\/olestolen-mikroysteri\/#primaryimage"},"thumbnailUrl":"https:\/\/ostelandet.no\/wp-content\/uploads\/2021\/03\/Olestolen_719x495.jpg","keywords":["g\u00e5rdsutsalg","kart_St\u00f8l","Olest\u00f8len Mikroysteri","produsent","Produsent Innland","st\u00f8l","ysteri"],"articleSection":["Produsent"],"inLanguage":"en-US"},{"@type":"WebPage","@id":"https:\/\/ostelandet.no\/olestolen-mikroysteri\/","url":"https:\/\/ostelandet.no\/olestolen-mikroysteri\/","name":"Olest\u00f8len Mikroysteri - Ostelandet Norge","isPartOf":{"@id":"https:\/\/ostelandet.no\/#website"},"primaryImageOfPage":{"@id":"https:\/\/ostelandet.no\/olestolen-mikroysteri\/#primaryimage"},"image":{"@id":"https:\/\/ostelandet.no\/olestolen-mikroysteri\/#primaryimage"},"thumbnailUrl":"https:\/\/ostelandet.no\/wp-content\/uploads\/2021\/03\/Olestolen_719x495.jpg","datePublished":"2021-03-10T09:29:26+00:00","dateModified":"2025-09-21T18:56:42+00:00","description":"Olest\u00f8len i Valdres ligger p\u00e5 1000 m.o.h. I juli og august kan bes\u00f8kende f\u00e5 l\u00e6re om st\u00f8lsliv, v\u00e6re med \u00e5 r\u00f8re i brunostgryta og smake p\u00e5 ureiste produkter.","breadcrumb":{"@id":"https:\/\/ostelandet.no\/olestolen-mikroysteri\/#breadcrumb"},"inLanguage":"en-US","potentialAction":[{"@type":"ReadAction","target":["https:\/\/ostelandet.no\/olestolen-mikroysteri\/"]}]},{"@type":"ImageObject","inLanguage":"en-US","@id":"https:\/\/ostelandet.no\/olestolen-mikroysteri\/#primaryimage","url":"https:\/\/ostelandet.no\/wp-content\/uploads\/2021\/03\/Olestolen_719x495.jpg","contentUrl":"https:\/\/ostelandet.no\/wp-content\/uploads\/2021\/03\/Olestolen_719x495.jpg","width":719,"height":495},{"@type":"BreadcrumbList","@id":"https:\/\/ostelandet.no\/olestolen-mikroysteri\/#breadcrumb","itemListElement":[{"@type":"ListItem","position":1,"name":"Hjem","item":"https:\/\/ostelandet.no\/"},{"@type":"ListItem","position":2,"name":"Olest\u00f8len Mikroysteri"}]},{"@type":"WebSite","@id":"https:\/\/ostelandet.no\/#website","url":"https:\/\/ostelandet.no\/","name":"Ostelandet Norge","description":"- L\u00e6r mer om norsk ost","publisher":{"@id":"https:\/\/ostelandet.no\/#organization"},"potentialAction":[{"@type":"SearchAction","target":{"@type":"EntryPoint","urlTemplate":"https:\/\/ostelandet.no\/?s={search_term_string}"},"query-input":{"@type":"PropertyValueSpecification","valueRequired":true,"valueName":"search_term_string"}}],"inLanguage":"en-US"},{"@type":"Organization","@id":"https:\/\/ostelandet.no\/#organization","name":"HANEN","url":"https:\/\/ostelandet.no\/","logo":{"@type":"ImageObject","inLanguage":"en-US","@id":"https:\/\/ostelandet.no\/#\/schema\/logo\/image\/","url":"https:\/\/ostelandet.no\/wp-content\/uploads\/2021\/09\/ostelandet_norge_2farger_mork_hierarkisk.png","contentUrl":"https:\/\/ostelandet.no\/wp-content\/uploads\/2021\/09\/ostelandet_norge_2farger_mork_hierarkisk.png","width":2062,"height":1223,"caption":"HANEN"},"image":{"@id":"https:\/\/ostelandet.no\/#\/schema\/logo\/image\/"},"sameAs":["https:\/\/www.facebook.com\/ostelandet-101474925294974","https:\/\/www.instagram.com\/ostelandet\/","https:\/\/www.linkedin.com\/showcase\/ostelandet-norge\/"]},{"@type":"Person","@id":"https:\/\/ostelandet.no\/#\/schema\/person\/f985ce81d2968ff96c216ca1a514a5d7","name":"Anette","image":{"@type":"ImageObject","inLanguage":"en-US","@id":"https:\/\/ostelandet.no\/#\/schema\/person\/image\/","url":"https:\/\/secure.gravatar.com\/avatar\/47871c780e28de464a585d8a6985a805c0494a27f00dd9d7711eb11af0d7cdc3?s=96&d=mm&r=g","contentUrl":"https:\/\/secure.gravatar.com\/avatar\/47871c780e28de464a585d8a6985a805c0494a27f00dd9d7711eb11af0d7cdc3?s=96&d=mm&r=g","caption":"Anette"},"url":"https:\/\/ostelandet.no\/en\/author\/anette\/"}]}},"_links":{"self":[{"href":"https:\/\/ostelandet.no\/en\/wp-json\/wp\/v2\/posts\/1943","targetHints":{"allow":["GET"]}}],"collection":[{"href":"https:\/\/ostelandet.no\/en\/wp-json\/wp\/v2\/posts"}],"about":[{"href":"https:\/\/ostelandet.no\/en\/wp-json\/wp\/v2\/types\/post"}],"author":[{"embeddable":true,"href":"https:\/\/ostelandet.no\/en\/wp-json\/wp\/v2\/users\/9"}],"replies":[{"embeddable":true,"href":"https:\/\/ostelandet.no\/en\/wp-json\/wp\/v2\/comments?post=1943"}],"version-history":[{"count":18,"href":"https:\/\/ostelandet.no\/en\/wp-json\/wp\/v2\/posts\/1943\/revisions"}],"predecessor-version":[{"id":12719,"href":"https:\/\/ostelandet.no\/en\/wp-json\/wp\/v2\/posts\/1943\/revisions\/12719"}],"wp:featuredmedia":[{"embeddable":true,"href":"https:\/\/ostelandet.no\/en\/wp-json\/wp\/v2\/media\/11224"}],"wp:attachment":[{"href":"https:\/\/ostelandet.no\/en\/wp-json\/wp\/v2\/media?parent=1943"}],"wp:term":[{"taxonomy":"category","embeddable":true,"href":"https:\/\/ostelandet.no\/en\/wp-json\/wp\/v2\/categories?post=1943"},{"taxonomy":"post_tag","embeddable":true,"href":"https:\/\/ostelandet.no\/en\/wp-json\/wp\/v2\/tags?post=1943"},{"taxonomy":"produsent-ostetype","embeddable":true,"href":"https:\/\/ostelandet.no\/en\/wp-json\/wp\/v2\/produsent-ostetype?post=1943"},{"taxonomy":"produsentfylke","embeddable":true,"href":"https:\/\/ostelandet.no\/en\/wp-json\/wp\/v2\/produsentfylke?post=1943"}],"curies":[{"name":"wp","href":"https:\/\/api.w.org\/{rel}","templated":true}]}}