{"id":1764,"date":"2021-02-25T15:26:11","date_gmt":"2021-02-25T14:26:11","guid":{"rendered":"http:\/\/ostelandet.no\/ost\/?p=1764"},"modified":"2025-09-21T21:04:01","modified_gmt":"2025-09-21T19:04:01","slug":"skarbo-gard","status":"publish","type":"post","link":"https:\/\/ostelandet.no\/en\/skarbo-gard\/","title":{"rendered":"Skarb\u00f8 gard"},"content":{"rendered":"<h2>\n\t\t<a href=\"https:\/\/ostelandet.no\/en\/produsenter\/\" title=\"PRODUCERS\" target=\"_self\" rel=\"noopener\">\n\t\tPRODUCERS\n\t\t<\/a>\n\t<\/h2>\n<h2>\n\t\tSkarb\u00f8 gard\n\t<\/h2>\n\t<p>With the good, fresh milk from our livestock, we make cheese in a new dairy in the hundred-year-old farmhouse. Here, we preserve the heritage of dairy farming at Skarb\u00f8 from the old days, building on traditions from Carlos' Spanish family, who have taught us to make cheese as it has been done in the mountains of Sierra Nevada.<\/p>\n<p>Our cheese has been well received, and Soleglad won a bronze medal in the World Cheese Awards in 2018. It is nice to enjoy good cheese with good drinks, and so we also have a cidery on the farm. Here, we make juice and cider of fine traditional apples. Cheese and cider are a fantastic combination, and we invite you to enjoy the Sunnm\u00f8re landscape from farm to table.<\/p>\n\t\t\t\t<img loading=\"lazy\" decoding=\"async\" src=\"https:\/\/ostelandet.no\/wp-content\/uploads\/2021\/02\/cg6a4024-1-1024x496.jpg\" alt=\"Utsikt over vannet\" itemprop=\"image\" height=\"496\" width=\"1024\" title=\"Skarb\u00f8 Gard\" onerror=\"this.style.display='none'\"  \/>\n<h2>\n\t\tSkarb\u00f8 farm:\n\t<\/h2>\n\t\t\t <p>Adresse: Bygdavegen 335Telefon: +47 90 78 18 81E-post: post@skarbogard.noNettsted: <a href=\"http:\/\/www.skarbogard.no\/\" target=\"_blank\" rel=\"noopener noreferrer\">http:\/\/www.skarbogard.no<\/a>Farm shop: Open all year.<\/p>\t\t\n\t<iframe src=\"https:\/\/www.google.com\/maps\/embed\/v1\/place?q=Bygdavegen+335&#038;key=AIzaSyD09zQ9PNDNNy9TadMuzRV_UsPUoWKntt8\" aria-hidden=\"true\"><\/iframe>\n<h2>\n\t\tCHEESES FROM THIS PRODUCER\n\t<\/h2>","protected":false},"excerpt":{"rendered":"<p>With the good, fresh milk from our livestock, we make cheese in a new dairy in the hundred-year-old farmhouse. Here, we preserve the heritage of dairy farming at Skarb\u00f8 from the old days, building on traditions from Carlos' Spanish family, who have taught us to make cheese as it has been done in the mountains of Sierra Nevada.<\/p>","protected":false},"author":1,"featured_media":11209,"comment_status":"closed","ping_status":"closed","sticky":false,"template":"tpl-full-width.php","format":"standard","meta":{"_acf_changed":false,"footnotes":""},"categories":[45],"tags":[867,47,1005,154,46],"produsent-ostetype":[1121],"produsentfylke":[1112],"class_list":["post-1764","post","type-post","status-publish","format-standard","has-post-thumbnail","hentry","category-produsent","tag-gardsutsalg","tag-produsent","tag-produsentmore-og-romsdal","tag-skarbo-gard-2","tag-ysteri","produsent-ostetype-fastost","produsentfylke-more-og-romsdal"],"acf":[],"yoast_head":"<!-- This site is optimized with the Yoast SEO plugin v26.1.1 - https:\/\/yoast.com\/wordpress\/plugins\/seo\/ -->\n<title>Skarb\u00f8 gard - Ostelandet Norge<\/title>\n<meta name=\"description\" content=\"Hvilke norske oster har vi? Hvem lager dem? Les mer om norske oster og ystere p\u00e5 ostelandet.no, den komplette nettsiden over all norsk ost.\" \/>\n<meta name=\"robots\" content=\"index, follow, max-snippet:-1, max-image-preview:large, max-video-preview:-1\" \/>\n<link rel=\"canonical\" href=\"https:\/\/ostelandet.no\/en\/skarbo-gard\/\" \/>\n<meta property=\"og:locale\" content=\"en_US\" \/>\n<meta property=\"og:type\" content=\"article\" \/>\n<meta property=\"og:title\" content=\"Skarb\u00f8 gard - Ostelandet Norge\" \/>\n<meta property=\"og:description\" content=\"Hvilke norske oster har vi? Hvem lager dem? Les mer om norske oster og ystere p\u00e5 ostelandet.no, den komplette nettsiden over all norsk ost.\" \/>\n<meta property=\"og:url\" content=\"https:\/\/ostelandet.no\/en\/skarbo-gard\/\" \/>\n<meta property=\"og:site_name\" content=\"Ostelandet Norge\" \/>\n<meta property=\"article:publisher\" content=\"https:\/\/www.facebook.com\/ostelandet-101474925294974\" \/>\n<meta property=\"article:published_time\" content=\"2021-02-25T14:26:11+00:00\" \/>\n<meta property=\"article:modified_time\" content=\"2025-09-21T19:04:01+00:00\" \/>\n<meta property=\"og:image\" content=\"https:\/\/ostelandet.no\/wp-content\/uploads\/2021\/02\/SkaboGard_719x495.jpg\" \/>\n\t<meta property=\"og:image:width\" content=\"719\" \/>\n\t<meta property=\"og:image:height\" content=\"495\" \/>\n\t<meta property=\"og:image:type\" content=\"image\/jpeg\" \/>\n<meta name=\"author\" content=\"eliho\" \/>\n<meta name=\"twitter:card\" content=\"summary_large_image\" \/>\n<meta name=\"twitter:label1\" content=\"Written by\" \/>\n\t<meta name=\"twitter:data1\" content=\"eliho\" \/>\n\t<meta name=\"twitter:label2\" content=\"Est. reading time\" \/>\n\t<meta name=\"twitter:data2\" content=\"3 minutes\" \/>\n<script type=\"application\/ld+json\" class=\"yoast-schema-graph\">{\"@context\":\"https:\/\/schema.org\",\"@graph\":[{\"@type\":\"Article\",\"@id\":\"https:\/\/ostelandet.no\/skarbo-gard\/#article\",\"isPartOf\":{\"@id\":\"https:\/\/ostelandet.no\/skarbo-gard\/\"},\"author\":{\"name\":\"eliho\",\"@id\":\"https:\/\/ostelandet.no\/#\/schema\/person\/5875f248502ea0794dca05f9ea518440\"},\"headline\":\"Skarb\u00f8 gard\",\"datePublished\":\"2021-02-25T14:26:11+00:00\",\"dateModified\":\"2025-09-21T19:04:01+00:00\",\"mainEntityOfPage\":{\"@id\":\"https:\/\/ostelandet.no\/skarbo-gard\/\"},\"wordCount\":150,\"publisher\":{\"@id\":\"https:\/\/ostelandet.no\/#organization\"},\"image\":{\"@id\":\"https:\/\/ostelandet.no\/skarbo-gard\/#primaryimage\"},\"thumbnailUrl\":\"https:\/\/ostelandet.no\/wp-content\/uploads\/2021\/02\/SkaboGard_719x495.jpg\",\"keywords\":[\"g\u00e5rdsutsalg\",\"produsent\",\"Produsent M\u00f8re og Romsdal\",\"Skarb\u00f8 gard\",\"ysteri\"],\"articleSection\":[\"Produsent\"],\"inLanguage\":\"en-US\"},{\"@type\":\"WebPage\",\"@id\":\"https:\/\/ostelandet.no\/skarbo-gard\/\",\"url\":\"https:\/\/ostelandet.no\/skarbo-gard\/\",\"name\":\"Skarb\u00f8 gard - Ostelandet Norge\",\"isPartOf\":{\"@id\":\"https:\/\/ostelandet.no\/#website\"},\"primaryImageOfPage\":{\"@id\":\"https:\/\/ostelandet.no\/skarbo-gard\/#primaryimage\"},\"image\":{\"@id\":\"https:\/\/ostelandet.no\/skarbo-gard\/#primaryimage\"},\"thumbnailUrl\":\"https:\/\/ostelandet.no\/wp-content\/uploads\/2021\/02\/SkaboGard_719x495.jpg\",\"datePublished\":\"2021-02-25T14:26:11+00:00\",\"dateModified\":\"2025-09-21T19:04:01+00:00\",\"description\":\"Hvilke norske oster har vi? Hvem lager dem? Les mer om norske oster og ystere p\u00e5 ostelandet.no, den komplette nettsiden over all norsk ost.\",\"breadcrumb\":{\"@id\":\"https:\/\/ostelandet.no\/skarbo-gard\/#breadcrumb\"},\"inLanguage\":\"en-US\",\"potentialAction\":[{\"@type\":\"ReadAction\",\"target\":[\"https:\/\/ostelandet.no\/skarbo-gard\/\"]}]},{\"@type\":\"ImageObject\",\"inLanguage\":\"en-US\",\"@id\":\"https:\/\/ostelandet.no\/skarbo-gard\/#primaryimage\",\"url\":\"https:\/\/ostelandet.no\/wp-content\/uploads\/2021\/02\/SkaboGard_719x495.jpg\",\"contentUrl\":\"https:\/\/ostelandet.no\/wp-content\/uploads\/2021\/02\/SkaboGard_719x495.jpg\",\"width\":719,\"height\":495},{\"@type\":\"BreadcrumbList\",\"@id\":\"https:\/\/ostelandet.no\/skarbo-gard\/#breadcrumb\",\"itemListElement\":[{\"@type\":\"ListItem\",\"position\":1,\"name\":\"Hjem\",\"item\":\"https:\/\/ostelandet.no\/\"},{\"@type\":\"ListItem\",\"position\":2,\"name\":\"Skarb\u00f8 gard\"}]},{\"@type\":\"WebSite\",\"@id\":\"https:\/\/ostelandet.no\/#website\",\"url\":\"https:\/\/ostelandet.no\/\",\"name\":\"Ostelandet Norge\",\"description\":\"- L\u00e6r mer om norsk ost\",\"publisher\":{\"@id\":\"https:\/\/ostelandet.no\/#organization\"},\"potentialAction\":[{\"@type\":\"SearchAction\",\"target\":{\"@type\":\"EntryPoint\",\"urlTemplate\":\"https:\/\/ostelandet.no\/?s={search_term_string}\"},\"query-input\":{\"@type\":\"PropertyValueSpecification\",\"valueRequired\":true,\"valueName\":\"search_term_string\"}}],\"inLanguage\":\"en-US\"},{\"@type\":\"Organization\",\"@id\":\"https:\/\/ostelandet.no\/#organization\",\"name\":\"HANEN\",\"url\":\"https:\/\/ostelandet.no\/\",\"logo\":{\"@type\":\"ImageObject\",\"inLanguage\":\"en-US\",\"@id\":\"https:\/\/ostelandet.no\/#\/schema\/logo\/image\/\",\"url\":\"https:\/\/ostelandet.no\/wp-content\/uploads\/2021\/09\/ostelandet_norge_2farger_mork_hierarkisk.png\",\"contentUrl\":\"https:\/\/ostelandet.no\/wp-content\/uploads\/2021\/09\/ostelandet_norge_2farger_mork_hierarkisk.png\",\"width\":2062,\"height\":1223,\"caption\":\"HANEN\"},\"image\":{\"@id\":\"https:\/\/ostelandet.no\/#\/schema\/logo\/image\/\"},\"sameAs\":[\"https:\/\/www.facebook.com\/ostelandet-101474925294974\",\"https:\/\/www.instagram.com\/ostelandet\/\",\"https:\/\/www.linkedin.com\/showcase\/ostelandet-norge\/\"]},{\"@type\":\"Person\",\"@id\":\"https:\/\/ostelandet.no\/#\/schema\/person\/5875f248502ea0794dca05f9ea518440\",\"name\":\"eliho\",\"image\":{\"@type\":\"ImageObject\",\"inLanguage\":\"en-US\",\"@id\":\"https:\/\/ostelandet.no\/#\/schema\/person\/image\/\",\"url\":\"https:\/\/secure.gravatar.com\/avatar\/ea2d2e46de429e0415a330ea57f41bc101fea116d020ec3116a6fc2817d801cc?s=96&d=mm&r=g\",\"contentUrl\":\"https:\/\/secure.gravatar.com\/avatar\/ea2d2e46de429e0415a330ea57f41bc101fea116d020ec3116a6fc2817d801cc?s=96&d=mm&r=g\",\"caption\":\"eliho\"},\"url\":\"https:\/\/ostelandet.no\/en\/author\/eliho\/\"}]}<\/script>\n<!-- \/ Yoast SEO plugin. -->","yoast_head_json":{"title":"Skarb\u00f8 gard - Ostelandet Norge","description":"Hvilke norske oster har vi? Hvem lager dem? Les mer om norske oster og ystere p\u00e5 ostelandet.no, den komplette nettsiden over all norsk ost.","robots":{"index":"index","follow":"follow","max-snippet":"max-snippet:-1","max-image-preview":"max-image-preview:large","max-video-preview":"max-video-preview:-1"},"canonical":"https:\/\/ostelandet.no\/en\/skarbo-gard\/","og_locale":"en_US","og_type":"article","og_title":"Skarb\u00f8 gard - Ostelandet Norge","og_description":"Hvilke norske oster har vi? Hvem lager dem? Les mer om norske oster og ystere p\u00e5 ostelandet.no, den komplette nettsiden over all norsk ost.","og_url":"https:\/\/ostelandet.no\/en\/skarbo-gard\/","og_site_name":"Ostelandet Norge","article_publisher":"https:\/\/www.facebook.com\/ostelandet-101474925294974","article_published_time":"2021-02-25T14:26:11+00:00","article_modified_time":"2025-09-21T19:04:01+00:00","og_image":[{"width":719,"height":495,"url":"https:\/\/ostelandet.no\/wp-content\/uploads\/2021\/02\/SkaboGard_719x495.jpg","type":"image\/jpeg"}],"author":"eliho","twitter_card":"summary_large_image","twitter_misc":{"Written by":"eliho","Est. reading time":"3 minutes"},"schema":{"@context":"https:\/\/schema.org","@graph":[{"@type":"Article","@id":"https:\/\/ostelandet.no\/skarbo-gard\/#article","isPartOf":{"@id":"https:\/\/ostelandet.no\/skarbo-gard\/"},"author":{"name":"eliho","@id":"https:\/\/ostelandet.no\/#\/schema\/person\/5875f248502ea0794dca05f9ea518440"},"headline":"Skarb\u00f8 gard","datePublished":"2021-02-25T14:26:11+00:00","dateModified":"2025-09-21T19:04:01+00:00","mainEntityOfPage":{"@id":"https:\/\/ostelandet.no\/skarbo-gard\/"},"wordCount":150,"publisher":{"@id":"https:\/\/ostelandet.no\/#organization"},"image":{"@id":"https:\/\/ostelandet.no\/skarbo-gard\/#primaryimage"},"thumbnailUrl":"https:\/\/ostelandet.no\/wp-content\/uploads\/2021\/02\/SkaboGard_719x495.jpg","keywords":["g\u00e5rdsutsalg","produsent","Produsent M\u00f8re og Romsdal","Skarb\u00f8 gard","ysteri"],"articleSection":["Produsent"],"inLanguage":"en-US"},{"@type":"WebPage","@id":"https:\/\/ostelandet.no\/skarbo-gard\/","url":"https:\/\/ostelandet.no\/skarbo-gard\/","name":"Skarb\u00f8 gard - Ostelandet Norge","isPartOf":{"@id":"https:\/\/ostelandet.no\/#website"},"primaryImageOfPage":{"@id":"https:\/\/ostelandet.no\/skarbo-gard\/#primaryimage"},"image":{"@id":"https:\/\/ostelandet.no\/skarbo-gard\/#primaryimage"},"thumbnailUrl":"https:\/\/ostelandet.no\/wp-content\/uploads\/2021\/02\/SkaboGard_719x495.jpg","datePublished":"2021-02-25T14:26:11+00:00","dateModified":"2025-09-21T19:04:01+00:00","description":"Hvilke norske oster har vi? Hvem lager dem? Les mer om norske oster og ystere p\u00e5 ostelandet.no, den komplette nettsiden over all norsk ost.","breadcrumb":{"@id":"https:\/\/ostelandet.no\/skarbo-gard\/#breadcrumb"},"inLanguage":"en-US","potentialAction":[{"@type":"ReadAction","target":["https:\/\/ostelandet.no\/skarbo-gard\/"]}]},{"@type":"ImageObject","inLanguage":"en-US","@id":"https:\/\/ostelandet.no\/skarbo-gard\/#primaryimage","url":"https:\/\/ostelandet.no\/wp-content\/uploads\/2021\/02\/SkaboGard_719x495.jpg","contentUrl":"https:\/\/ostelandet.no\/wp-content\/uploads\/2021\/02\/SkaboGard_719x495.jpg","width":719,"height":495},{"@type":"BreadcrumbList","@id":"https:\/\/ostelandet.no\/skarbo-gard\/#breadcrumb","itemListElement":[{"@type":"ListItem","position":1,"name":"Hjem","item":"https:\/\/ostelandet.no\/"},{"@type":"ListItem","position":2,"name":"Skarb\u00f8 gard"}]},{"@type":"WebSite","@id":"https:\/\/ostelandet.no\/#website","url":"https:\/\/ostelandet.no\/","name":"Ostelandet Norge","description":"- L\u00e6r mer om norsk ost","publisher":{"@id":"https:\/\/ostelandet.no\/#organization"},"potentialAction":[{"@type":"SearchAction","target":{"@type":"EntryPoint","urlTemplate":"https:\/\/ostelandet.no\/?s={search_term_string}"},"query-input":{"@type":"PropertyValueSpecification","valueRequired":true,"valueName":"search_term_string"}}],"inLanguage":"en-US"},{"@type":"Organization","@id":"https:\/\/ostelandet.no\/#organization","name":"HANEN","url":"https:\/\/ostelandet.no\/","logo":{"@type":"ImageObject","inLanguage":"en-US","@id":"https:\/\/ostelandet.no\/#\/schema\/logo\/image\/","url":"https:\/\/ostelandet.no\/wp-content\/uploads\/2021\/09\/ostelandet_norge_2farger_mork_hierarkisk.png","contentUrl":"https:\/\/ostelandet.no\/wp-content\/uploads\/2021\/09\/ostelandet_norge_2farger_mork_hierarkisk.png","width":2062,"height":1223,"caption":"HANEN"},"image":{"@id":"https:\/\/ostelandet.no\/#\/schema\/logo\/image\/"},"sameAs":["https:\/\/www.facebook.com\/ostelandet-101474925294974","https:\/\/www.instagram.com\/ostelandet\/","https:\/\/www.linkedin.com\/showcase\/ostelandet-norge\/"]},{"@type":"Person","@id":"https:\/\/ostelandet.no\/#\/schema\/person\/5875f248502ea0794dca05f9ea518440","name":"eliho","image":{"@type":"ImageObject","inLanguage":"en-US","@id":"https:\/\/ostelandet.no\/#\/schema\/person\/image\/","url":"https:\/\/secure.gravatar.com\/avatar\/ea2d2e46de429e0415a330ea57f41bc101fea116d020ec3116a6fc2817d801cc?s=96&d=mm&r=g","contentUrl":"https:\/\/secure.gravatar.com\/avatar\/ea2d2e46de429e0415a330ea57f41bc101fea116d020ec3116a6fc2817d801cc?s=96&d=mm&r=g","caption":"eliho"},"url":"https:\/\/ostelandet.no\/en\/author\/eliho\/"}]}},"_links":{"self":[{"href":"https:\/\/ostelandet.no\/en\/wp-json\/wp\/v2\/posts\/1764","targetHints":{"allow":["GET"]}}],"collection":[{"href":"https:\/\/ostelandet.no\/en\/wp-json\/wp\/v2\/posts"}],"about":[{"href":"https:\/\/ostelandet.no\/en\/wp-json\/wp\/v2\/types\/post"}],"author":[{"embeddable":true,"href":"https:\/\/ostelandet.no\/en\/wp-json\/wp\/v2\/users\/1"}],"replies":[{"embeddable":true,"href":"https:\/\/ostelandet.no\/en\/wp-json\/wp\/v2\/comments?post=1764"}],"version-history":[{"count":29,"href":"https:\/\/ostelandet.no\/en\/wp-json\/wp\/v2\/posts\/1764\/revisions"}],"predecessor-version":[{"id":12736,"href":"https:\/\/ostelandet.no\/en\/wp-json\/wp\/v2\/posts\/1764\/revisions\/12736"}],"wp:featuredmedia":[{"embeddable":true,"href":"https:\/\/ostelandet.no\/en\/wp-json\/wp\/v2\/media\/11209"}],"wp:attachment":[{"href":"https:\/\/ostelandet.no\/en\/wp-json\/wp\/v2\/media?parent=1764"}],"wp:term":[{"taxonomy":"category","embeddable":true,"href":"https:\/\/ostelandet.no\/en\/wp-json\/wp\/v2\/categories?post=1764"},{"taxonomy":"post_tag","embeddable":true,"href":"https:\/\/ostelandet.no\/en\/wp-json\/wp\/v2\/tags?post=1764"},{"taxonomy":"produsent-ostetype","embeddable":true,"href":"https:\/\/ostelandet.no\/en\/wp-json\/wp\/v2\/produsent-ostetype?post=1764"},{"taxonomy":"produsentfylke","embeddable":true,"href":"https:\/\/ostelandet.no\/en\/wp-json\/wp\/v2\/produsentfylke?post=1764"}],"curies":[{"name":"wp","href":"https:\/\/api.w.org\/{rel}","templated":true}]}}