{"id":14355,"date":"2025-11-06T11:55:34","date_gmt":"2025-11-06T10:55:34","guid":{"rendered":"https:\/\/ostelandet.no\/?p=14355"},"modified":"2025-11-06T12:02:10","modified_gmt":"2025-11-06T11:02:10","slug":"prosten-kremosten-fra-hol-ysteri-med-himmelsk-historie","status":"publish","type":"post","link":"https:\/\/ostelandet.no\/en\/prosten-kremosten-fra-hol-ysteri-med-himmelsk-historie\/","title":{"rendered":"Tyt Prosten \u2013 kremosten fra Hol Ysteri med en himmelsk historie"},"content":{"rendered":"<img decoding=\"async\" src=\"https:\/\/ostelandet.no\/wp-content\/uploads\/2025\/11\/Tim-Reidar-Stenberg-og-Sveinung-Hansen-Prosten-1-1-1-1024x683.jpg\" alt=\"Tim Reidar Stenberg og Sveinung Hansen, Prosten (1) (1) (1)\" itemprop=\"image\" height=\"683\" width=\"1024\" title=\"Tim Reidar Stenberg og Sveinung Hansen, Prosten (1) (1) (1)\" onerror=\"this.style.display='none'\" loading=\"lazy\" \/>\n<h2>\n\t\t\tTyt Prosten &#8211; kremosten fra Hol Ysteri med en himmelsk historie\t<\/h2>\n\t<p>Prosten er en modnet kremost laget p\u00e5 geitemelk fra Hol Ysteri i Hallingdal. Den er oppkalt etter bygdas prest, Sveinung Hansen, og har f\u00e5tt navnet sitt etter at presten ble prost. Dette er en norsk h\u00e5ndverksost med b\u00e5de sjel og smak &#8211; og en historie som viser kj\u00e6rligheten til geit, h\u00e5ndverk og tradisjon.<\/p>\n<h2>\n\t\t\tFra konditor til yster\t<\/h2>\n\t<p>Tim Reidar Stenberg er opprinnelig utdannet kokk og konditor, men tok over virksomheten etter sine foreldre i 2012. I dag driver han Hol Ysteri under navnet Prestholt Geitost sammen med samboeren Hirsti Kirista Stenberg Stenberg, og yster prisbel\u00f8nnede oster p\u00e5 egen geitemelk. Familien har lange tradisjoner som geiteb\u00f8nder og ystere i Hallingdal. Tidligere var brunost laget av geitemyse og geitefl\u00f8te ysteriets flaggskip, men Tim Reidar \u00f8nsket \u00e5 eksperimentere med nye m\u00e5ter \u00e5 bruke geitemelken p\u00e5.<\/p>\n<h2>\n\t\t\tEn kremost med prestekrage\t<\/h2>\n\t<p>Da den nyinnflyttede presten Sveinung Hansen fra nabog\u00e5rden kom innom ysteriet, l\u00e5 ideen om en kremet dessertost allerede klar. &#8211; Jeg ville lage en sexy variant av franskmennenes Ch\u00e8vre, forteller ysteribestyreren. &#8211; Konditoren i meg \u00f8nsket en variant som kunne passe like godt p\u00e5 et ostefat som til en forrett eller dessert. I motsetning til mange andre typer ch\u00e8vre, \u00f8nsket jeg en porsjonsost med h\u00f8yde og karakter. Resultatet ble en modnet kremost av geitemelk i sylinderform, pakket i poppeleske fra Frankrike. Papirformen minner om kragen p\u00e5 en prest, s\u00e5 det passet derfor godt \u00e5 kalle osten opp etter Sveinung. &#8211; Selv om jeg ikke er noen typisk kirkegjenger, har vi utviklet et sterkt kameratskap, sier Tim Reidar. &#8211; \u00c5 \u00e6re ham p\u00e5 denne m\u00e5ten var ekstra hyggelig.<\/p>\n\t\t\t\t<img decoding=\"async\" src=\"https:\/\/ostelandet.no\/wp-content\/uploads\/2025\/11\/Sveinung-pa-prekestolen-1.jpg\" alt=\"Sveinung p\u00e5 prekestolen (1)\" itemprop=\"image\" height=\"480\" width=\"360\" title=\"Sveinung p\u00e5 prekestolen (1)\" onerror=\"this.style.display='none'\" loading=\"lazy\" \/>\n<h2>\n\t\t\tEn sann oste-misjon\u00e6r\t<\/h2>\n\t<p>&#8211; Jeg liker \u00e5 kalle Sveinung en gourmetprest, fortsetter han. Han trekker paralleller til 1700-tallets \u00abpotetprester\u00bb som bidro til \u00e5 spre poteten i Norge. &#8211; Prestene var tidlige formidlere av b\u00e5de kunnskap og matkultur, og Sveinung har gjort det samme for norsk ost, sier han. P\u00e5 sine reiser tok han med seg oster fra ysteriet og delte dem med folk. Han tok ogs\u00e5 med seg oster fra andre ysterier tilbake, slik at Tim Reidar fikk smake produkter han ellers ikke ville hatt tilgang til. Som potetprestene spredte poteten, har gourmetpresten bidratt til \u00e5 spre kj\u00e6rligheten for norsk ostemangfold.<\/p>\n<h2>\n\t\t\tFra prest til prost\t<\/h2>\n\t<p>&#8211; Faktisk har vi st\u00e5tt sammen p\u00e5 h\u00f8stmarkedet i Hol og delt ut smakspr\u00f8ver p\u00e5 osten, forteller Tim Reidar entusiastisk. &#8211; Vi ble til og med midtsidepiker i lokalavisen! Da Sveinung ble prost i Hallingdal, m\u00e5tte osten naturlig nok bytte navn fra Presten til Prosten. Et \u00e5r senere ble han domprost i T\u00f8nsberg. F\u00f8r han flyttet, fikk han et verdikort p\u00e5 livslangt gratis abonnement p\u00e5 Prosten som avskjedsgave. For \u00e5 sikre videre kontakt, st\u00e5r det i kortet at osten m\u00e5 hentes personlig over en kaffe i ysteriet.<\/p>\n<h2>\n\t\t\tEn \u00e6re \u00e5 bli oppkalt\t<\/h2>\n\t&#8211; Det er veldig stas og \u00e6refullt \u00e5 f\u00e5 en ost oppkalt etter seg. I tillegg er den sv\u00e6rt god,\u00a0 sier Sveinung Hansen, som n\u00e5 er domprost i T\u00f8nsberg domprosti. &#8211; Mange liker \u00e5 servere Prosten lun, men jeg foretrekker den romtemperert med en god kjeks og litt syltet\u00f8y til. Da vi bodde i Hallingdal, presset vi 50-60 flasker eplemos hos Egge &#8211; det ble min favorittdrikke til. Jeg har smakt Prosten med whisky, sur\u00f8l og hvitvin, men eplesider eller eplemost er favoritten. Jeg liker \u00e5 kj\u00f8pe med ost som gave, og en gang kj\u00f8pte jeg et helt brett som jeg delte ut til prostekolleger. Det viktigste med ost er \u00e5 dele, sier prosten som n\u00e5 ogs\u00e5 vikarierer som biskop.<br \/>\nS\u00e5 f\u00e5r vi se om den opprinnelige presteosten m\u00e5 bytte navn nok en gang&#8230;\n\t<p>Byline: Trude Henrichsen<\/p>\n<h1>\n\t\t\tMore about cheese\t<\/h1>","protected":false},"excerpt":{"rendered":"<p>Tyt Prosten &#8211; kremosten fra Hol Ysteri med en himmelsk historie Prosten er en modnet kremost laget p\u00e5 geitemelk fra Hol Ysteri i Hallingdal. Den er oppkalt etter bygdas prest, Sveinung Hansen, og har f\u00e5tt navnet sitt etter at presten ble prost. Dette er en norsk h\u00e5ndverksost med b\u00e5de sjel og smak &#8211; og en&hellip;<\/p>","protected":false},"author":1,"featured_media":0,"comment_status":"closed","ping_status":"closed","sticky":false,"template":"","format":"standard","meta":{"_acf_changed":false,"footnotes":""},"categories":[63],"tags":[],"produsent-ostetype":[],"produsentfylke":[],"class_list":["post-14355","post","type-post","status-publish","format-standard","hentry","category-nyheter"],"acf":[],"yoast_head":"<!-- This site is optimized with the Yoast SEO plugin v26.1.1 - https:\/\/yoast.com\/wordpress\/plugins\/seo\/ -->\n<title>Tyt Prosten \u2013 kremosten fra Hol Ysteri med en himmelsk historie - Ostelandet Norge<\/title>\n<meta name=\"description\" content=\"Tyt Prosten - kremosten fra Hol Ysteri med en himmelsk historie Prosten er en modnet kremost laget p\u00e5 geitemelk fra Hol Ysteri i Hallingdal. Den er Prosten fra Hol Ysteri er en modnet kremost av geitemelk \u2013 en norsk h\u00e5ndverksost med smak, sjel og historie fra Hallingdal.\" \/>\n<meta name=\"robots\" content=\"index, follow, max-snippet:-1, max-image-preview:large, max-video-preview:-1\" \/>\n<link rel=\"canonical\" href=\"https:\/\/ostelandet.no\/en\/prosten-kremosten-fra-hol-ysteri-med-himmelsk-historie\/\" \/>\n<meta property=\"og:locale\" content=\"en_US\" \/>\n<meta property=\"og:type\" content=\"article\" \/>\n<meta property=\"og:title\" content=\"Tyt Prosten \u2013 kremosten fra Hol Ysteri med en himmelsk historie - Ostelandet Norge\" \/>\n<meta property=\"og:description\" content=\"Tyt Prosten - kremosten fra Hol Ysteri med en himmelsk historie Prosten er en modnet kremost laget p\u00e5 geitemelk fra Hol Ysteri i Hallingdal. Den er Prosten fra Hol Ysteri er en modnet kremost av geitemelk \u2013 en norsk h\u00e5ndverksost med smak, sjel og historie fra Hallingdal.\" \/>\n<meta property=\"og:url\" content=\"https:\/\/ostelandet.no\/en\/prosten-kremosten-fra-hol-ysteri-med-himmelsk-historie\/\" \/>\n<meta property=\"og:site_name\" content=\"Ostelandet Norge\" \/>\n<meta property=\"article:publisher\" content=\"https:\/\/www.facebook.com\/ostelandet-101474925294974\" \/>\n<meta property=\"article:published_time\" content=\"2025-11-06T10:55:34+00:00\" \/>\n<meta property=\"article:modified_time\" content=\"2025-11-06T11:02:10+00:00\" \/>\n<meta property=\"og:image\" content=\"https:\/\/ostelandet.no\/wp-content\/uploads\/2025\/11\/Tim-Reidar-Stenberg-og-Sveinung-Hansen-Prosten-1-1-1-1024x683.jpg\" \/>\n<meta name=\"author\" content=\"eliho\" \/>\n<meta name=\"twitter:card\" content=\"summary_large_image\" \/>\n<meta name=\"twitter:label1\" content=\"Written by\" \/>\n\t<meta name=\"twitter:data1\" content=\"eliho\" \/>\n<script type=\"application\/ld+json\" class=\"yoast-schema-graph\">{\"@context\":\"https:\/\/schema.org\",\"@graph\":[{\"@type\":\"Article\",\"@id\":\"https:\/\/ostelandet.no\/prosten-kremosten-fra-hol-ysteri-med-himmelsk-historie\/#article\",\"isPartOf\":{\"@id\":\"https:\/\/ostelandet.no\/prosten-kremosten-fra-hol-ysteri-med-himmelsk-historie\/\"},\"author\":{\"name\":\"eliho\",\"@id\":\"https:\/\/ostelandet.no\/#\/schema\/person\/5875f248502ea0794dca05f9ea518440\"},\"headline\":\"Tyt Prosten \u2013 kremosten fra Hol Ysteri med en himmelsk historie\",\"datePublished\":\"2025-11-06T10:55:34+00:00\",\"dateModified\":\"2025-11-06T11:02:10+00:00\",\"mainEntityOfPage\":{\"@id\":\"https:\/\/ostelandet.no\/prosten-kremosten-fra-hol-ysteri-med-himmelsk-historie\/\"},\"wordCount\":638,\"publisher\":{\"@id\":\"https:\/\/ostelandet.no\/#organization\"},\"image\":{\"@id\":\"https:\/\/ostelandet.no\/prosten-kremosten-fra-hol-ysteri-med-himmelsk-historie\/#primaryimage\"},\"thumbnailUrl\":\"https:\/\/ostelandet.no\/wp-content\/uploads\/2025\/11\/Tim-Reidar-Stenberg-og-Sveinung-Hansen-Prosten-1-1-1-1024x683.jpg\",\"articleSection\":[\"Nyheter\"],\"inLanguage\":\"en-US\"},{\"@type\":\"WebPage\",\"@id\":\"https:\/\/ostelandet.no\/prosten-kremosten-fra-hol-ysteri-med-himmelsk-historie\/\",\"url\":\"https:\/\/ostelandet.no\/prosten-kremosten-fra-hol-ysteri-med-himmelsk-historie\/\",\"name\":\"Tyt Prosten \u2013 kremosten fra Hol Ysteri med en himmelsk historie - Ostelandet Norge\",\"isPartOf\":{\"@id\":\"https:\/\/ostelandet.no\/#website\"},\"primaryImageOfPage\":{\"@id\":\"https:\/\/ostelandet.no\/prosten-kremosten-fra-hol-ysteri-med-himmelsk-historie\/#primaryimage\"},\"image\":{\"@id\":\"https:\/\/ostelandet.no\/prosten-kremosten-fra-hol-ysteri-med-himmelsk-historie\/#primaryimage\"},\"thumbnailUrl\":\"https:\/\/ostelandet.no\/wp-content\/uploads\/2025\/11\/Tim-Reidar-Stenberg-og-Sveinung-Hansen-Prosten-1-1-1-1024x683.jpg\",\"datePublished\":\"2025-11-06T10:55:34+00:00\",\"dateModified\":\"2025-11-06T11:02:10+00:00\",\"description\":\"Tyt Prosten - kremosten fra Hol Ysteri med en himmelsk historie Prosten er en modnet kremost laget p\u00e5 geitemelk fra Hol Ysteri i Hallingdal. Den er Prosten fra Hol Ysteri er en modnet kremost av geitemelk \u2013 en norsk h\u00e5ndverksost med smak, sjel og historie fra Hallingdal.\",\"breadcrumb\":{\"@id\":\"https:\/\/ostelandet.no\/prosten-kremosten-fra-hol-ysteri-med-himmelsk-historie\/#breadcrumb\"},\"inLanguage\":\"en-US\",\"potentialAction\":[{\"@type\":\"ReadAction\",\"target\":[\"https:\/\/ostelandet.no\/prosten-kremosten-fra-hol-ysteri-med-himmelsk-historie\/\"]}]},{\"@type\":\"ImageObject\",\"inLanguage\":\"en-US\",\"@id\":\"https:\/\/ostelandet.no\/prosten-kremosten-fra-hol-ysteri-med-himmelsk-historie\/#primaryimage\",\"url\":\"https:\/\/ostelandet.no\/wp-content\/uploads\/2025\/11\/Tim-Reidar-Stenberg-og-Sveinung-Hansen-Prosten-1-1-1-1024x683.jpg\",\"contentUrl\":\"https:\/\/ostelandet.no\/wp-content\/uploads\/2025\/11\/Tim-Reidar-Stenberg-og-Sveinung-Hansen-Prosten-1-1-1-1024x683.jpg\"},{\"@type\":\"BreadcrumbList\",\"@id\":\"https:\/\/ostelandet.no\/prosten-kremosten-fra-hol-ysteri-med-himmelsk-historie\/#breadcrumb\",\"itemListElement\":[{\"@type\":\"ListItem\",\"position\":1,\"name\":\"Hjem\",\"item\":\"https:\/\/ostelandet.no\/\"},{\"@type\":\"ListItem\",\"position\":2,\"name\":\"Tyt Prosten \u2013 kremosten fra Hol Ysteri med en himmelsk historie\"}]},{\"@type\":\"WebSite\",\"@id\":\"https:\/\/ostelandet.no\/#website\",\"url\":\"https:\/\/ostelandet.no\/\",\"name\":\"Ostelandet Norge\",\"description\":\"- L\u00e6r mer om norsk ost\",\"publisher\":{\"@id\":\"https:\/\/ostelandet.no\/#organization\"},\"potentialAction\":[{\"@type\":\"SearchAction\",\"target\":{\"@type\":\"EntryPoint\",\"urlTemplate\":\"https:\/\/ostelandet.no\/?s={search_term_string}\"},\"query-input\":{\"@type\":\"PropertyValueSpecification\",\"valueRequired\":true,\"valueName\":\"search_term_string\"}}],\"inLanguage\":\"en-US\"},{\"@type\":\"Organization\",\"@id\":\"https:\/\/ostelandet.no\/#organization\",\"name\":\"HANEN\",\"url\":\"https:\/\/ostelandet.no\/\",\"logo\":{\"@type\":\"ImageObject\",\"inLanguage\":\"en-US\",\"@id\":\"https:\/\/ostelandet.no\/#\/schema\/logo\/image\/\",\"url\":\"https:\/\/ostelandet.no\/wp-content\/uploads\/2021\/09\/ostelandet_norge_2farger_mork_hierarkisk.png\",\"contentUrl\":\"https:\/\/ostelandet.no\/wp-content\/uploads\/2021\/09\/ostelandet_norge_2farger_mork_hierarkisk.png\",\"width\":2062,\"height\":1223,\"caption\":\"HANEN\"},\"image\":{\"@id\":\"https:\/\/ostelandet.no\/#\/schema\/logo\/image\/\"},\"sameAs\":[\"https:\/\/www.facebook.com\/ostelandet-101474925294974\",\"https:\/\/www.instagram.com\/ostelandet\/\",\"https:\/\/www.linkedin.com\/showcase\/ostelandet-norge\/\"]},{\"@type\":\"Person\",\"@id\":\"https:\/\/ostelandet.no\/#\/schema\/person\/5875f248502ea0794dca05f9ea518440\",\"name\":\"eliho\",\"image\":{\"@type\":\"ImageObject\",\"inLanguage\":\"en-US\",\"@id\":\"https:\/\/ostelandet.no\/#\/schema\/person\/image\/\",\"url\":\"https:\/\/secure.gravatar.com\/avatar\/ea2d2e46de429e0415a330ea57f41bc101fea116d020ec3116a6fc2817d801cc?s=96&d=mm&r=g\",\"contentUrl\":\"https:\/\/secure.gravatar.com\/avatar\/ea2d2e46de429e0415a330ea57f41bc101fea116d020ec3116a6fc2817d801cc?s=96&d=mm&r=g\",\"caption\":\"eliho\"},\"url\":\"https:\/\/ostelandet.no\/en\/author\/eliho\/\"}]}<\/script>\n<!-- \/ Yoast SEO plugin. -->","yoast_head_json":{"title":"Tyt Prosten \u2013 kremosten fra Hol Ysteri med en himmelsk historie - Ostelandet Norge","description":"Tyt Prosten - kremosten fra Hol Ysteri med en himmelsk historie Prosten er en modnet kremost laget p\u00e5 geitemelk fra Hol Ysteri i Hallingdal. Den er Prosten fra Hol Ysteri er en modnet kremost av geitemelk \u2013 en norsk h\u00e5ndverksost med smak, sjel og historie fra Hallingdal.","robots":{"index":"index","follow":"follow","max-snippet":"max-snippet:-1","max-image-preview":"max-image-preview:large","max-video-preview":"max-video-preview:-1"},"canonical":"https:\/\/ostelandet.no\/en\/prosten-kremosten-fra-hol-ysteri-med-himmelsk-historie\/","og_locale":"en_US","og_type":"article","og_title":"Tyt Prosten \u2013 kremosten fra Hol Ysteri med en himmelsk historie - Ostelandet Norge","og_description":"Tyt Prosten - kremosten fra Hol Ysteri med en himmelsk historie Prosten er en modnet kremost laget p\u00e5 geitemelk fra Hol Ysteri i Hallingdal. Den er Prosten fra Hol Ysteri er en modnet kremost av geitemelk \u2013 en norsk h\u00e5ndverksost med smak, sjel og historie fra Hallingdal.","og_url":"https:\/\/ostelandet.no\/en\/prosten-kremosten-fra-hol-ysteri-med-himmelsk-historie\/","og_site_name":"Ostelandet Norge","article_publisher":"https:\/\/www.facebook.com\/ostelandet-101474925294974","article_published_time":"2025-11-06T10:55:34+00:00","article_modified_time":"2025-11-06T11:02:10+00:00","og_image":[{"url":"https:\/\/ostelandet.no\/wp-content\/uploads\/2025\/11\/Tim-Reidar-Stenberg-og-Sveinung-Hansen-Prosten-1-1-1-1024x683.jpg","type":"","width":"","height":""}],"author":"eliho","twitter_card":"summary_large_image","twitter_misc":{"Written by":"eliho"},"schema":{"@context":"https:\/\/schema.org","@graph":[{"@type":"Article","@id":"https:\/\/ostelandet.no\/prosten-kremosten-fra-hol-ysteri-med-himmelsk-historie\/#article","isPartOf":{"@id":"https:\/\/ostelandet.no\/prosten-kremosten-fra-hol-ysteri-med-himmelsk-historie\/"},"author":{"name":"eliho","@id":"https:\/\/ostelandet.no\/#\/schema\/person\/5875f248502ea0794dca05f9ea518440"},"headline":"Tyt Prosten \u2013 kremosten fra Hol Ysteri med en himmelsk historie","datePublished":"2025-11-06T10:55:34+00:00","dateModified":"2025-11-06T11:02:10+00:00","mainEntityOfPage":{"@id":"https:\/\/ostelandet.no\/prosten-kremosten-fra-hol-ysteri-med-himmelsk-historie\/"},"wordCount":638,"publisher":{"@id":"https:\/\/ostelandet.no\/#organization"},"image":{"@id":"https:\/\/ostelandet.no\/prosten-kremosten-fra-hol-ysteri-med-himmelsk-historie\/#primaryimage"},"thumbnailUrl":"https:\/\/ostelandet.no\/wp-content\/uploads\/2025\/11\/Tim-Reidar-Stenberg-og-Sveinung-Hansen-Prosten-1-1-1-1024x683.jpg","articleSection":["Nyheter"],"inLanguage":"en-US"},{"@type":"WebPage","@id":"https:\/\/ostelandet.no\/prosten-kremosten-fra-hol-ysteri-med-himmelsk-historie\/","url":"https:\/\/ostelandet.no\/prosten-kremosten-fra-hol-ysteri-med-himmelsk-historie\/","name":"Tyt Prosten \u2013 kremosten fra Hol Ysteri med en himmelsk historie - Ostelandet Norge","isPartOf":{"@id":"https:\/\/ostelandet.no\/#website"},"primaryImageOfPage":{"@id":"https:\/\/ostelandet.no\/prosten-kremosten-fra-hol-ysteri-med-himmelsk-historie\/#primaryimage"},"image":{"@id":"https:\/\/ostelandet.no\/prosten-kremosten-fra-hol-ysteri-med-himmelsk-historie\/#primaryimage"},"thumbnailUrl":"https:\/\/ostelandet.no\/wp-content\/uploads\/2025\/11\/Tim-Reidar-Stenberg-og-Sveinung-Hansen-Prosten-1-1-1-1024x683.jpg","datePublished":"2025-11-06T10:55:34+00:00","dateModified":"2025-11-06T11:02:10+00:00","description":"Tyt Prosten - kremosten fra Hol Ysteri med en himmelsk historie Prosten er en modnet kremost laget p\u00e5 geitemelk fra Hol Ysteri i Hallingdal. Den er Prosten fra Hol Ysteri er en modnet kremost av geitemelk \u2013 en norsk h\u00e5ndverksost med smak, sjel og historie fra Hallingdal.","breadcrumb":{"@id":"https:\/\/ostelandet.no\/prosten-kremosten-fra-hol-ysteri-med-himmelsk-historie\/#breadcrumb"},"inLanguage":"en-US","potentialAction":[{"@type":"ReadAction","target":["https:\/\/ostelandet.no\/prosten-kremosten-fra-hol-ysteri-med-himmelsk-historie\/"]}]},{"@type":"ImageObject","inLanguage":"en-US","@id":"https:\/\/ostelandet.no\/prosten-kremosten-fra-hol-ysteri-med-himmelsk-historie\/#primaryimage","url":"https:\/\/ostelandet.no\/wp-content\/uploads\/2025\/11\/Tim-Reidar-Stenberg-og-Sveinung-Hansen-Prosten-1-1-1-1024x683.jpg","contentUrl":"https:\/\/ostelandet.no\/wp-content\/uploads\/2025\/11\/Tim-Reidar-Stenberg-og-Sveinung-Hansen-Prosten-1-1-1-1024x683.jpg"},{"@type":"BreadcrumbList","@id":"https:\/\/ostelandet.no\/prosten-kremosten-fra-hol-ysteri-med-himmelsk-historie\/#breadcrumb","itemListElement":[{"@type":"ListItem","position":1,"name":"Hjem","item":"https:\/\/ostelandet.no\/"},{"@type":"ListItem","position":2,"name":"Tyt Prosten \u2013 kremosten fra Hol Ysteri med en himmelsk historie"}]},{"@type":"WebSite","@id":"https:\/\/ostelandet.no\/#website","url":"https:\/\/ostelandet.no\/","name":"Ostelandet Norge","description":"- L\u00e6r mer om norsk ost","publisher":{"@id":"https:\/\/ostelandet.no\/#organization"},"potentialAction":[{"@type":"SearchAction","target":{"@type":"EntryPoint","urlTemplate":"https:\/\/ostelandet.no\/?s={search_term_string}"},"query-input":{"@type":"PropertyValueSpecification","valueRequired":true,"valueName":"search_term_string"}}],"inLanguage":"en-US"},{"@type":"Organization","@id":"https:\/\/ostelandet.no\/#organization","name":"HANEN","url":"https:\/\/ostelandet.no\/","logo":{"@type":"ImageObject","inLanguage":"en-US","@id":"https:\/\/ostelandet.no\/#\/schema\/logo\/image\/","url":"https:\/\/ostelandet.no\/wp-content\/uploads\/2021\/09\/ostelandet_norge_2farger_mork_hierarkisk.png","contentUrl":"https:\/\/ostelandet.no\/wp-content\/uploads\/2021\/09\/ostelandet_norge_2farger_mork_hierarkisk.png","width":2062,"height":1223,"caption":"HANEN"},"image":{"@id":"https:\/\/ostelandet.no\/#\/schema\/logo\/image\/"},"sameAs":["https:\/\/www.facebook.com\/ostelandet-101474925294974","https:\/\/www.instagram.com\/ostelandet\/","https:\/\/www.linkedin.com\/showcase\/ostelandet-norge\/"]},{"@type":"Person","@id":"https:\/\/ostelandet.no\/#\/schema\/person\/5875f248502ea0794dca05f9ea518440","name":"eliho","image":{"@type":"ImageObject","inLanguage":"en-US","@id":"https:\/\/ostelandet.no\/#\/schema\/person\/image\/","url":"https:\/\/secure.gravatar.com\/avatar\/ea2d2e46de429e0415a330ea57f41bc101fea116d020ec3116a6fc2817d801cc?s=96&d=mm&r=g","contentUrl":"https:\/\/secure.gravatar.com\/avatar\/ea2d2e46de429e0415a330ea57f41bc101fea116d020ec3116a6fc2817d801cc?s=96&d=mm&r=g","caption":"eliho"},"url":"https:\/\/ostelandet.no\/en\/author\/eliho\/"}]}},"_links":{"self":[{"href":"https:\/\/ostelandet.no\/en\/wp-json\/wp\/v2\/posts\/14355","targetHints":{"allow":["GET"]}}],"collection":[{"href":"https:\/\/ostelandet.no\/en\/wp-json\/wp\/v2\/posts"}],"about":[{"href":"https:\/\/ostelandet.no\/en\/wp-json\/wp\/v2\/types\/post"}],"author":[{"embeddable":true,"href":"https:\/\/ostelandet.no\/en\/wp-json\/wp\/v2\/users\/1"}],"replies":[{"embeddable":true,"href":"https:\/\/ostelandet.no\/en\/wp-json\/wp\/v2\/comments?post=14355"}],"version-history":[{"count":2,"href":"https:\/\/ostelandet.no\/en\/wp-json\/wp\/v2\/posts\/14355\/revisions"}],"predecessor-version":[{"id":14360,"href":"https:\/\/ostelandet.no\/en\/wp-json\/wp\/v2\/posts\/14355\/revisions\/14360"}],"wp:attachment":[{"href":"https:\/\/ostelandet.no\/en\/wp-json\/wp\/v2\/media?parent=14355"}],"wp:term":[{"taxonomy":"category","embeddable":true,"href":"https:\/\/ostelandet.no\/en\/wp-json\/wp\/v2\/categories?post=14355"},{"taxonomy":"post_tag","embeddable":true,"href":"https:\/\/ostelandet.no\/en\/wp-json\/wp\/v2\/tags?post=14355"},{"taxonomy":"produsent-ostetype","embeddable":true,"href":"https:\/\/ostelandet.no\/en\/wp-json\/wp\/v2\/produsent-ostetype?post=14355"},{"taxonomy":"produsentfylke","embeddable":true,"href":"https:\/\/ostelandet.no\/en\/wp-json\/wp\/v2\/produsentfylke?post=14355"}],"curies":[{"name":"wp","href":"https:\/\/api.w.org\/{rel}","templated":true}]}}