{"id":13813,"date":"2025-10-22T15:07:51","date_gmt":"2025-10-22T13:07:51","guid":{"rendered":"https:\/\/ostelandet.no\/?p=13813"},"modified":"2025-10-22T15:07:51","modified_gmt":"2025-10-22T13:07:51","slug":"bufar-fra-valdres-handystet-fjellost-som-har-tatt-verden-med-storm","status":"publish","type":"post","link":"https:\/\/ostelandet.no\/en\/bufar-fra-valdres-handystet-fjellost-som-har-tatt-verden-med-storm\/","title":{"rendered":"Bufar fra Valdres \u2013 h\u00e5ndystet fjellost som har tatt verden med storm"},"content":{"rendered":"<img decoding=\"async\" src=\"https:\/\/ostelandet.no\/wp-content\/uploads\/2025\/10\/AL6A0814_web_optimized.jpg\" alt=\"AL6A0814_web_optimized\" itemprop=\"image\" height=\"1276\" width=\"2048\" title=\"AL6A0814_web_optimized\" onerror=\"this.style.display='none'\" loading=\"lazy\" \/>\n<h2>\n\t\t\tEn smak av fjellet &#8211; og en bit av historien\t<\/h2>\n\t<p>Bufar er mer enn bare en ost &#8211; det er smaken av st\u00f8lsliv, tradisjon og ekte h\u00e5ndverk fra Valdres. N\u00e5r osten i dag henter hjem gull og stjerner fra internasjonale ostekonkurranser, er det ikke bare smaken som hylles, men ogs\u00e5 historien bak: en tradisjon gjenopplivet, h\u00e5ndverk bevart, og et lite meieri som har l\u00f8ftet lokalmat fra fjellet til verdensniv\u00e5.<\/p>\n<p>Da TINE la ned meieridriften i Valdres, kunne eventyret ha tatt slutt. Men for gr\u00fcnderen J\u00f8rn Wangensten ble det starten p\u00e5 noe nytt. Han var allerede kjent for rakfisk med tradisjon og karakter &#8211; og bestemte seg for at ogs\u00e5 melka fra fjellet skulle f\u00e5 skinne. Slik ble Valdresmeieriet f\u00f8dt, og navnet Bufar valgt for \u00e5 b\u00e6re arven fra st\u00f8lene videre.<\/p>\n<h2>\n\t\t\tNavnet som b\u00e6rer tradisjonen\t<\/h2>\n\t<p>I gamle dager var \u00abbufar\u00bb dagen da kyrne ble flyttet hjem fra setra. Melka denne dagen var for god til \u00e5 la g\u00e5 til spille, men tiden knapp &#8211; derfor ble det laget store, fete oster som kunne modnes lenge p\u00e5 g\u00e5rden. Det er denne tradisjonen Bufar holder i hevd.<\/p>\n<p>&#8211; Vi \u00f8nsket \u00e5 fange smaken av fjellet og historien i \u00e9n ost, forteller Wangensten. &#8211; Melken kommer fra kyr som beiter i h\u00f8yfjellet, og vi yster alt for h\u00e5nd. Det gir en rik smak med tydelige toner av urter, blomster og frisk fjelluft.<\/p>\n<h2>\n\t\t\tH\u00e5ndverk, t\u00e5lmodighet og tid\t<\/h2>\n\t<p>Bufar ystes av ren st\u00f8lsmelk levert fra setrene i \u00d8ystre- og Vestre Slidre samt Vang. Melken kommer tre ganger i uken, og alt arbeid skjer for h\u00e5nd. &#8211; Det gir oss full kontroll og gj\u00f8r at vi f\u00e5r frem alle nyansene i r\u00e5varen, sier Wangensten.<\/p>\n<p>Etter ystingen f\u00f8lger det viktigste: tid. Osten modnes i minst ett \u00e5r, og noen varianter f\u00e5r ligge i over to. Resultatet? En kompleks, fyldig smak med b\u00e5de s\u00f8dme, salt og n\u00f8tteaktige toner &#8211; og en konsistens som gj\u00f8r den like god p\u00e5 br\u00f8dskiva som i pastasausen.<\/p>\n<h2>\n\t\t\tEn internasjonal suksess\t<\/h2>\n\t<p>Den t\u00e5lmodige h\u00e5ndverksprosessen har gitt resultater. Bufar har h\u00f8stet gull under World Cheese Awards b\u00e5de i 2018, 2022 og 2023, ble finalist i Det Norske M\u00e5ltid i 2022 og k\u00e5ret til \u00ab\u00c5rets ost\u00bb i 2024. Samme \u00e5r fikk Valdresmeieriet tre stjerner for Bufar 15 m\u00e5neder og to stjerner for Bufar 12 m\u00e5neder under Great Taste Awards &#8211; en av verdens mest prestisjefylte matkonkurranser.<\/p>\n<p>&#8211; Det er selvsagt stas \u00e5 vinne priser, sier Wangensten. &#8211; Men det viktigste for oss er \u00e5 bevare smaken og tradisjonen. At folk kjenner at dette er ekte h\u00e5ndverk &#8211; det er den st\u00f8rste bel\u00f8nningen.<\/p>\n<h2>\n\t\t\tOst med karakter &#8211; og anvendelighet\t<\/h2>\n\t<p>Bufar har f\u00e5tt et stort publikum, b\u00e5de blant osteelskere og profesjonelle kokker. Den beskrives som en \u00abhybrid\u00bb mellom gouda og parmesan &#8211; rik, smaksrik og fast. Den fungerer like godt som p\u00e5legg, til gratinering, eller som snacks i tynne staver.<\/p>\n<p>&#8211; Jeg spiser den ofte som den er. Den har en s\u00e5 ren og tydelig smak at den st\u00e5r st\u00f8tt alene, sier Wangensten med et smil.<\/p>\n<h2>\n\t\t\tEt flaggskip for norsk ostekultur\t<\/h2>\n\t<p>I dag produserer Valdresmeieriet over 23 tonn Bufar i \u00e5ret, alt fra 230 000 liter st\u00f8lsmelk. Det gj\u00f8r osten til et flaggskip i norsk ostekultur &#8211; og et levende bevis p\u00e5 hva som skjer n\u00e5r tradisjon og innovasjon m\u00f8tes.<\/p>\n<p>Osten Bufar viser at ekte smak ikke handler om st\u00f8rrelse, men om lidenskap, kvalitet og respekt for r\u00e5varen.<\/p>\n<p>&nbsp;<\/p>\n<p><a href=\"https:\/\/ostelandet.no\/en\/valdresmeieriet\/\">Les mer om Valdresmeieriet her<\/a><\/p>\n<h1>\n\t\t\tOst fra Valdresmeieriet\t<\/h1>","protected":false},"excerpt":{"rendered":"<p>Oppdag Bufar \u2013 h\u00e5ndystet ost fra Valdres laget p\u00e5 ren st\u00f8lsmelk. En prisvinnende fjellost som kombinerer norsk tradisjon, smak og ekte h\u00e5ndverk.<\/p>","protected":false},"author":1,"featured_media":13814,"comment_status":"closed","ping_status":"closed","sticky":false,"template":"","format":"standard","meta":{"_acf_changed":false,"footnotes":""},"categories":[63],"tags":[35,1129],"produsent-ostetype":[],"produsentfylke":[],"class_list":["post-13813","post","type-post","status-publish","format-standard","has-post-thumbnail","hentry","category-nyheter","tag-bufar","tag-valdresmeieriet"],"acf":[],"yoast_head":"<!-- This site is optimized with the Yoast SEO plugin v26.1.1 - https:\/\/yoast.com\/wordpress\/plugins\/seo\/ -->\n<title>Bufar fra Valdres \u2013 h\u00e5ndystet fjellost som har tatt verden med storm - Ostelandet Norge<\/title>\n<meta name=\"description\" content=\"Bufar fra Valdres er h\u00e5ndystet p\u00e5 st\u00f8lsmelk og har vunnet priser verden over. En ekte smaksopplevelse for osteelskere.\" \/>\n<meta name=\"robots\" content=\"index, follow, max-snippet:-1, max-image-preview:large, max-video-preview:-1\" \/>\n<link rel=\"canonical\" href=\"https:\/\/ostelandet.no\/en\/bufar-fra-valdres-handystet-fjellost-som-har-tatt-verden-med-storm\/\" \/>\n<meta property=\"og:locale\" content=\"en_US\" \/>\n<meta property=\"og:type\" content=\"article\" \/>\n<meta property=\"og:title\" content=\"Bufar fra Valdres \u2013 h\u00e5ndystet fjellost som har tatt verden med storm - Ostelandet Norge\" \/>\n<meta property=\"og:description\" content=\"Bufar fra Valdres er h\u00e5ndystet p\u00e5 st\u00f8lsmelk og har vunnet priser verden over. En ekte smaksopplevelse for osteelskere.\" \/>\n<meta property=\"og:url\" content=\"https:\/\/ostelandet.no\/en\/bufar-fra-valdres-handystet-fjellost-som-har-tatt-verden-med-storm\/\" \/>\n<meta property=\"og:site_name\" content=\"Ostelandet Norge\" \/>\n<meta property=\"article:publisher\" content=\"https:\/\/www.facebook.com\/ostelandet-101474925294974\" \/>\n<meta property=\"article:published_time\" content=\"2025-10-22T13:07:51+00:00\" \/>\n<meta property=\"og:image\" content=\"https:\/\/ostelandet.no\/wp-content\/uploads\/2025\/10\/AL6A0814_web_optimized.jpg\" \/>\n\t<meta property=\"og:image:width\" content=\"2048\" \/>\n\t<meta property=\"og:image:height\" content=\"1276\" \/>\n\t<meta property=\"og:image:type\" content=\"image\/jpeg\" \/>\n<meta name=\"author\" content=\"eliho\" \/>\n<meta name=\"twitter:card\" content=\"summary_large_image\" \/>\n<meta name=\"twitter:label1\" content=\"Written by\" \/>\n\t<meta name=\"twitter:data1\" content=\"eliho\" \/>\n\t<meta name=\"twitter:label2\" content=\"Est. reading time\" \/>\n\t<meta name=\"twitter:data2\" content=\"1 minute\" \/>\n<script type=\"application\/ld+json\" class=\"yoast-schema-graph\">{\"@context\":\"https:\/\/schema.org\",\"@graph\":[{\"@type\":\"Article\",\"@id\":\"https:\/\/ostelandet.no\/bufar-fra-valdres-handystet-fjellost-som-har-tatt-verden-med-storm\/#article\",\"isPartOf\":{\"@id\":\"https:\/\/ostelandet.no\/bufar-fra-valdres-handystet-fjellost-som-har-tatt-verden-med-storm\/\"},\"author\":{\"name\":\"eliho\",\"@id\":\"https:\/\/ostelandet.no\/#\/schema\/person\/5875f248502ea0794dca05f9ea518440\"},\"headline\":\"Bufar fra Valdres \u2013 h\u00e5ndystet fjellost som har tatt verden med storm\",\"datePublished\":\"2025-10-22T13:07:51+00:00\",\"mainEntityOfPage\":{\"@id\":\"https:\/\/ostelandet.no\/bufar-fra-valdres-handystet-fjellost-som-har-tatt-verden-med-storm\/\"},\"wordCount\":615,\"publisher\":{\"@id\":\"https:\/\/ostelandet.no\/#organization\"},\"image\":{\"@id\":\"https:\/\/ostelandet.no\/bufar-fra-valdres-handystet-fjellost-som-har-tatt-verden-med-storm\/#primaryimage\"},\"thumbnailUrl\":\"https:\/\/ostelandet.no\/wp-content\/uploads\/2025\/10\/AL6A0814_web_optimized.jpg\",\"keywords\":[\"Bufar\",\"Valdresmeieriet\"],\"articleSection\":[\"Nyheter\"],\"inLanguage\":\"en-US\"},{\"@type\":\"WebPage\",\"@id\":\"https:\/\/ostelandet.no\/bufar-fra-valdres-handystet-fjellost-som-har-tatt-verden-med-storm\/\",\"url\":\"https:\/\/ostelandet.no\/bufar-fra-valdres-handystet-fjellost-som-har-tatt-verden-med-storm\/\",\"name\":\"Bufar fra Valdres \u2013 h\u00e5ndystet fjellost som har tatt verden med storm - Ostelandet Norge\",\"isPartOf\":{\"@id\":\"https:\/\/ostelandet.no\/#website\"},\"primaryImageOfPage\":{\"@id\":\"https:\/\/ostelandet.no\/bufar-fra-valdres-handystet-fjellost-som-har-tatt-verden-med-storm\/#primaryimage\"},\"image\":{\"@id\":\"https:\/\/ostelandet.no\/bufar-fra-valdres-handystet-fjellost-som-har-tatt-verden-med-storm\/#primaryimage\"},\"thumbnailUrl\":\"https:\/\/ostelandet.no\/wp-content\/uploads\/2025\/10\/AL6A0814_web_optimized.jpg\",\"datePublished\":\"2025-10-22T13:07:51+00:00\",\"description\":\"Bufar fra Valdres er h\u00e5ndystet p\u00e5 st\u00f8lsmelk og har vunnet priser verden over. En ekte smaksopplevelse for osteelskere.\",\"breadcrumb\":{\"@id\":\"https:\/\/ostelandet.no\/bufar-fra-valdres-handystet-fjellost-som-har-tatt-verden-med-storm\/#breadcrumb\"},\"inLanguage\":\"en-US\",\"potentialAction\":[{\"@type\":\"ReadAction\",\"target\":[\"https:\/\/ostelandet.no\/bufar-fra-valdres-handystet-fjellost-som-har-tatt-verden-med-storm\/\"]}]},{\"@type\":\"ImageObject\",\"inLanguage\":\"en-US\",\"@id\":\"https:\/\/ostelandet.no\/bufar-fra-valdres-handystet-fjellost-som-har-tatt-verden-med-storm\/#primaryimage\",\"url\":\"https:\/\/ostelandet.no\/wp-content\/uploads\/2025\/10\/AL6A0814_web_optimized.jpg\",\"contentUrl\":\"https:\/\/ostelandet.no\/wp-content\/uploads\/2025\/10\/AL6A0814_web_optimized.jpg\",\"width\":2048,\"height\":1276},{\"@type\":\"BreadcrumbList\",\"@id\":\"https:\/\/ostelandet.no\/bufar-fra-valdres-handystet-fjellost-som-har-tatt-verden-med-storm\/#breadcrumb\",\"itemListElement\":[{\"@type\":\"ListItem\",\"position\":1,\"name\":\"Hjem\",\"item\":\"https:\/\/ostelandet.no\/\"},{\"@type\":\"ListItem\",\"position\":2,\"name\":\"Bufar fra Valdres \u2013 h\u00e5ndystet fjellost som har tatt verden med storm\"}]},{\"@type\":\"WebSite\",\"@id\":\"https:\/\/ostelandet.no\/#website\",\"url\":\"https:\/\/ostelandet.no\/\",\"name\":\"Ostelandet Norge\",\"description\":\"- L\u00e6r mer om norsk ost\",\"publisher\":{\"@id\":\"https:\/\/ostelandet.no\/#organization\"},\"potentialAction\":[{\"@type\":\"SearchAction\",\"target\":{\"@type\":\"EntryPoint\",\"urlTemplate\":\"https:\/\/ostelandet.no\/?s={search_term_string}\"},\"query-input\":{\"@type\":\"PropertyValueSpecification\",\"valueRequired\":true,\"valueName\":\"search_term_string\"}}],\"inLanguage\":\"en-US\"},{\"@type\":\"Organization\",\"@id\":\"https:\/\/ostelandet.no\/#organization\",\"name\":\"HANEN\",\"url\":\"https:\/\/ostelandet.no\/\",\"logo\":{\"@type\":\"ImageObject\",\"inLanguage\":\"en-US\",\"@id\":\"https:\/\/ostelandet.no\/#\/schema\/logo\/image\/\",\"url\":\"https:\/\/ostelandet.no\/wp-content\/uploads\/2021\/09\/ostelandet_norge_2farger_mork_hierarkisk.png\",\"contentUrl\":\"https:\/\/ostelandet.no\/wp-content\/uploads\/2021\/09\/ostelandet_norge_2farger_mork_hierarkisk.png\",\"width\":2062,\"height\":1223,\"caption\":\"HANEN\"},\"image\":{\"@id\":\"https:\/\/ostelandet.no\/#\/schema\/logo\/image\/\"},\"sameAs\":[\"https:\/\/www.facebook.com\/ostelandet-101474925294974\",\"https:\/\/www.instagram.com\/ostelandet\/\",\"https:\/\/www.linkedin.com\/showcase\/ostelandet-norge\/\"]},{\"@type\":\"Person\",\"@id\":\"https:\/\/ostelandet.no\/#\/schema\/person\/5875f248502ea0794dca05f9ea518440\",\"name\":\"eliho\",\"image\":{\"@type\":\"ImageObject\",\"inLanguage\":\"en-US\",\"@id\":\"https:\/\/ostelandet.no\/#\/schema\/person\/image\/\",\"url\":\"https:\/\/secure.gravatar.com\/avatar\/ea2d2e46de429e0415a330ea57f41bc101fea116d020ec3116a6fc2817d801cc?s=96&d=mm&r=g\",\"contentUrl\":\"https:\/\/secure.gravatar.com\/avatar\/ea2d2e46de429e0415a330ea57f41bc101fea116d020ec3116a6fc2817d801cc?s=96&d=mm&r=g\",\"caption\":\"eliho\"},\"url\":\"https:\/\/ostelandet.no\/en\/author\/eliho\/\"}]}<\/script>\n<!-- \/ Yoast SEO plugin. -->","yoast_head_json":{"title":"Bufar fra Valdres \u2013 h\u00e5ndystet fjellost som har tatt verden med storm - Ostelandet Norge","description":"Bufar fra Valdres er h\u00e5ndystet p\u00e5 st\u00f8lsmelk og har vunnet priser verden over. En ekte smaksopplevelse for osteelskere.","robots":{"index":"index","follow":"follow","max-snippet":"max-snippet:-1","max-image-preview":"max-image-preview:large","max-video-preview":"max-video-preview:-1"},"canonical":"https:\/\/ostelandet.no\/en\/bufar-fra-valdres-handystet-fjellost-som-har-tatt-verden-med-storm\/","og_locale":"en_US","og_type":"article","og_title":"Bufar fra Valdres \u2013 h\u00e5ndystet fjellost som har tatt verden med storm - Ostelandet Norge","og_description":"Bufar fra Valdres er h\u00e5ndystet p\u00e5 st\u00f8lsmelk og har vunnet priser verden over. En ekte smaksopplevelse for osteelskere.","og_url":"https:\/\/ostelandet.no\/en\/bufar-fra-valdres-handystet-fjellost-som-har-tatt-verden-med-storm\/","og_site_name":"Ostelandet Norge","article_publisher":"https:\/\/www.facebook.com\/ostelandet-101474925294974","article_published_time":"2025-10-22T13:07:51+00:00","og_image":[{"width":2048,"height":1276,"url":"https:\/\/ostelandet.no\/wp-content\/uploads\/2025\/10\/AL6A0814_web_optimized.jpg","type":"image\/jpeg"}],"author":"eliho","twitter_card":"summary_large_image","twitter_misc":{"Written by":"eliho","Est. reading time":"1 minute"},"schema":{"@context":"https:\/\/schema.org","@graph":[{"@type":"Article","@id":"https:\/\/ostelandet.no\/bufar-fra-valdres-handystet-fjellost-som-har-tatt-verden-med-storm\/#article","isPartOf":{"@id":"https:\/\/ostelandet.no\/bufar-fra-valdres-handystet-fjellost-som-har-tatt-verden-med-storm\/"},"author":{"name":"eliho","@id":"https:\/\/ostelandet.no\/#\/schema\/person\/5875f248502ea0794dca05f9ea518440"},"headline":"Bufar fra Valdres \u2013 h\u00e5ndystet fjellost som har tatt verden med storm","datePublished":"2025-10-22T13:07:51+00:00","mainEntityOfPage":{"@id":"https:\/\/ostelandet.no\/bufar-fra-valdres-handystet-fjellost-som-har-tatt-verden-med-storm\/"},"wordCount":615,"publisher":{"@id":"https:\/\/ostelandet.no\/#organization"},"image":{"@id":"https:\/\/ostelandet.no\/bufar-fra-valdres-handystet-fjellost-som-har-tatt-verden-med-storm\/#primaryimage"},"thumbnailUrl":"https:\/\/ostelandet.no\/wp-content\/uploads\/2025\/10\/AL6A0814_web_optimized.jpg","keywords":["Bufar","Valdresmeieriet"],"articleSection":["Nyheter"],"inLanguage":"en-US"},{"@type":"WebPage","@id":"https:\/\/ostelandet.no\/bufar-fra-valdres-handystet-fjellost-som-har-tatt-verden-med-storm\/","url":"https:\/\/ostelandet.no\/bufar-fra-valdres-handystet-fjellost-som-har-tatt-verden-med-storm\/","name":"Bufar fra Valdres \u2013 h\u00e5ndystet fjellost som har tatt verden med storm - Ostelandet Norge","isPartOf":{"@id":"https:\/\/ostelandet.no\/#website"},"primaryImageOfPage":{"@id":"https:\/\/ostelandet.no\/bufar-fra-valdres-handystet-fjellost-som-har-tatt-verden-med-storm\/#primaryimage"},"image":{"@id":"https:\/\/ostelandet.no\/bufar-fra-valdres-handystet-fjellost-som-har-tatt-verden-med-storm\/#primaryimage"},"thumbnailUrl":"https:\/\/ostelandet.no\/wp-content\/uploads\/2025\/10\/AL6A0814_web_optimized.jpg","datePublished":"2025-10-22T13:07:51+00:00","description":"Bufar fra Valdres er h\u00e5ndystet p\u00e5 st\u00f8lsmelk og har vunnet priser verden over. En ekte smaksopplevelse for osteelskere.","breadcrumb":{"@id":"https:\/\/ostelandet.no\/bufar-fra-valdres-handystet-fjellost-som-har-tatt-verden-med-storm\/#breadcrumb"},"inLanguage":"en-US","potentialAction":[{"@type":"ReadAction","target":["https:\/\/ostelandet.no\/bufar-fra-valdres-handystet-fjellost-som-har-tatt-verden-med-storm\/"]}]},{"@type":"ImageObject","inLanguage":"en-US","@id":"https:\/\/ostelandet.no\/bufar-fra-valdres-handystet-fjellost-som-har-tatt-verden-med-storm\/#primaryimage","url":"https:\/\/ostelandet.no\/wp-content\/uploads\/2025\/10\/AL6A0814_web_optimized.jpg","contentUrl":"https:\/\/ostelandet.no\/wp-content\/uploads\/2025\/10\/AL6A0814_web_optimized.jpg","width":2048,"height":1276},{"@type":"BreadcrumbList","@id":"https:\/\/ostelandet.no\/bufar-fra-valdres-handystet-fjellost-som-har-tatt-verden-med-storm\/#breadcrumb","itemListElement":[{"@type":"ListItem","position":1,"name":"Hjem","item":"https:\/\/ostelandet.no\/"},{"@type":"ListItem","position":2,"name":"Bufar fra Valdres \u2013 h\u00e5ndystet fjellost som har tatt verden med storm"}]},{"@type":"WebSite","@id":"https:\/\/ostelandet.no\/#website","url":"https:\/\/ostelandet.no\/","name":"Ostelandet Norge","description":"- L\u00e6r mer om norsk ost","publisher":{"@id":"https:\/\/ostelandet.no\/#organization"},"potentialAction":[{"@type":"SearchAction","target":{"@type":"EntryPoint","urlTemplate":"https:\/\/ostelandet.no\/?s={search_term_string}"},"query-input":{"@type":"PropertyValueSpecification","valueRequired":true,"valueName":"search_term_string"}}],"inLanguage":"en-US"},{"@type":"Organization","@id":"https:\/\/ostelandet.no\/#organization","name":"HANEN","url":"https:\/\/ostelandet.no\/","logo":{"@type":"ImageObject","inLanguage":"en-US","@id":"https:\/\/ostelandet.no\/#\/schema\/logo\/image\/","url":"https:\/\/ostelandet.no\/wp-content\/uploads\/2021\/09\/ostelandet_norge_2farger_mork_hierarkisk.png","contentUrl":"https:\/\/ostelandet.no\/wp-content\/uploads\/2021\/09\/ostelandet_norge_2farger_mork_hierarkisk.png","width":2062,"height":1223,"caption":"HANEN"},"image":{"@id":"https:\/\/ostelandet.no\/#\/schema\/logo\/image\/"},"sameAs":["https:\/\/www.facebook.com\/ostelandet-101474925294974","https:\/\/www.instagram.com\/ostelandet\/","https:\/\/www.linkedin.com\/showcase\/ostelandet-norge\/"]},{"@type":"Person","@id":"https:\/\/ostelandet.no\/#\/schema\/person\/5875f248502ea0794dca05f9ea518440","name":"eliho","image":{"@type":"ImageObject","inLanguage":"en-US","@id":"https:\/\/ostelandet.no\/#\/schema\/person\/image\/","url":"https:\/\/secure.gravatar.com\/avatar\/ea2d2e46de429e0415a330ea57f41bc101fea116d020ec3116a6fc2817d801cc?s=96&d=mm&r=g","contentUrl":"https:\/\/secure.gravatar.com\/avatar\/ea2d2e46de429e0415a330ea57f41bc101fea116d020ec3116a6fc2817d801cc?s=96&d=mm&r=g","caption":"eliho"},"url":"https:\/\/ostelandet.no\/en\/author\/eliho\/"}]}},"_links":{"self":[{"href":"https:\/\/ostelandet.no\/en\/wp-json\/wp\/v2\/posts\/13813","targetHints":{"allow":["GET"]}}],"collection":[{"href":"https:\/\/ostelandet.no\/en\/wp-json\/wp\/v2\/posts"}],"about":[{"href":"https:\/\/ostelandet.no\/en\/wp-json\/wp\/v2\/types\/post"}],"author":[{"embeddable":true,"href":"https:\/\/ostelandet.no\/en\/wp-json\/wp\/v2\/users\/1"}],"replies":[{"embeddable":true,"href":"https:\/\/ostelandet.no\/en\/wp-json\/wp\/v2\/comments?post=13813"}],"version-history":[{"count":2,"href":"https:\/\/ostelandet.no\/en\/wp-json\/wp\/v2\/posts\/13813\/revisions"}],"predecessor-version":[{"id":13817,"href":"https:\/\/ostelandet.no\/en\/wp-json\/wp\/v2\/posts\/13813\/revisions\/13817"}],"wp:featuredmedia":[{"embeddable":true,"href":"https:\/\/ostelandet.no\/en\/wp-json\/wp\/v2\/media\/13814"}],"wp:attachment":[{"href":"https:\/\/ostelandet.no\/en\/wp-json\/wp\/v2\/media?parent=13813"}],"wp:term":[{"taxonomy":"category","embeddable":true,"href":"https:\/\/ostelandet.no\/en\/wp-json\/wp\/v2\/categories?post=13813"},{"taxonomy":"post_tag","embeddable":true,"href":"https:\/\/ostelandet.no\/en\/wp-json\/wp\/v2\/tags?post=13813"},{"taxonomy":"produsent-ostetype","embeddable":true,"href":"https:\/\/ostelandet.no\/en\/wp-json\/wp\/v2\/produsent-ostetype?post=13813"},{"taxonomy":"produsentfylke","embeddable":true,"href":"https:\/\/ostelandet.no\/en\/wp-json\/wp\/v2\/produsentfylke?post=13813"}],"curies":[{"name":"wp","href":"https:\/\/api.w.org\/{rel}","templated":true}]}}