{"id":13472,"date":"2025-09-04T14:32:03","date_gmt":"2025-09-04T12:32:03","guid":{"rendered":"https:\/\/ostelandet.no\/?p=13472"},"modified":"2025-09-20T12:13:06","modified_gmt":"2025-09-20T10:13:06","slug":"osteroy-ysteri-og-smafeprodukt","status":"publish","type":"post","link":"https:\/\/ostelandet.no\/en\/osteroy-ysteri-og-smafeprodukt\/","title":{"rendered":"Oster\u00f8y Ysteri og Sm\u00e5feprodukt"},"content":{"rendered":"<h2>\n\t\t<a href=\"\/en\/kategori\/produsent\/\" title=\"PRODUCERS\"  target=\"_self\">\n\t\t\tPRODUCERS\t\t<\/a>\n\t<\/h2>\n<h2>\n\t\t\tOster\u00f8y Ysteri &#038; Sm\u00e5feprodukt\t<\/h2>\n\t<p>Oster\u00f8y Ysteri &amp; Sm\u00e5feprodukt er eit familiegardsbruk med ysteri og produksjonslokale. Me har norsk mj\u00f8lkegeit og sau av rasen gammal norsk sp\u00e6lsau og ynskjer \u00e5 drive berekraftig og \u00e5 best mogleg nytte dei ressursane garden kan gje heime og ved st\u00f8len i fjellet. Me lagar handverksmat av egne r\u00e5varer av mj\u00f8lk og kj\u00f8t. Osten er laga av familien i meir enn 100 \u00e5r, etter same oppskrift. Ein ubroten familie tradisjon. P\u00e5 st\u00f8len kokar me osten p\u00e5 bj\u00f8rkeved.<\/p>\n<p>Noreg gror att av skog og kratt og me ser det viktigare enn nokon gong \u00e5 ha beitedyr for \u00e5 halde kulturlandskapet ved like. Difor f\u00e5r b\u00e5de sauane og geitene v\u00e5re vera ute p\u00e5 beite i skog og mark s\u00e5 mykje som mogleg. Det gjer og at dyra v\u00e5re har ei sv\u00e6rt god helse og har ein god trivnad. Om sommaren held me til p\u00e5 st\u00f8len i Tyssebotn og b\u00e5de folk og dyr nyter fjell-livet. P\u00e5 st\u00f8len koker me brunosten med ved, hogd i lia nedom st\u00f8len. Geitene er flinke og kjem heim til mj\u00f8lking morgon og kveld. Om det er d\u00e5rleg v\u00e6r kan de f\u00e5 v\u00e6re inne i ein t\u00f8rr og lun flor eller de ligg og soler seg p\u00e5 svabergene ved eit fjellvatn i finv\u00e6ret. Sauene trekker om sommaren opp til H\u00f8gafjellet, det h\u00f8gste fjellet p\u00e5 Oster\u00f8y.<\/p>\n\t\t\t\t<img decoding=\"async\" src=\"https:\/\/ostelandet.no\/wp-content\/uploads\/2025\/09\/Osteroy_ysteri.jpg\" alt=\"Osteroy_ysteri\" itemprop=\"image\" height=\"495\" width=\"719\" title=\"Osteroy_ysteri\" onerror=\"this.style.display='none'\" loading=\"lazy\" \/>\n<h2>\n\t\t\tOster\u00f8y Ysteri og Sm\u00e5feprodukt:\t<\/h2>\n\t\t\t <p>Adresse: Bernesvika 65, 5283 Fotlandsv\u00e5g<br \/>Telephone: <a href=\"http:\/\/4797682629\" data-wplink-url-error=\"true\">+47 97682629<\/a><br \/>E-post-\u00a0 gtyssebotn@gmail.com<br \/><a href=\"https:\/\/www.facebook.com\/profile.php?id=61564064043246\" target=\"_blank\" rel=\"noopener\">Oster\u00f8y Ysteri<\/a><br \/>G\u00e5rdsutsalg: Sj\u00f8lvbetjent, open \u00e5ret rundt<\/p>\t\t\n\t<iframe src=\"https:\/\/www.google.com\/maps\/embed\/v1\/place?q=Bernesvika+65%2C+5283+Fotlandsv%C3%A5g&#038;key=AIzaSyD09zQ9PNDNNy9TadMuzRV_UsPUoWKntt8\" aria-hidden=\"true\" title=\"Oster\u00f8y Ysteri og Sm\u00e5feprodukt\"><\/iframe>\n<h2>\n\t\t\tCHEESES FROM THIS PRODUCER\t<\/h2>","protected":false},"excerpt":{"rendered":"<p>Oster\u00f8y Ysteri &#038; Sm\u00e5feprodukt er eit familiegardsbruk med ysteri og produksjonslokale. Me har norsk mj\u00f8lkegeit og sau av rasen gammal norsk sp\u00e6lsau og ynskjer \u00e5 drive berekraftig og \u00e5 best mogleg nytte dei ressursane garden kan gje heime og ved st\u00f8len i fjellet. Me lagar handverksmat av egne r\u00e5varer av mj\u00f8lk og kj\u00f8t. Osten er laga av familien i meir enn 100 \u00e5r, etter same oppskrift. Ein ubroten familie tradisjon. P\u00e5 st\u00f8len kokar me osten p\u00e5 bj\u00f8rkeved. <\/p>","protected":false},"author":9,"featured_media":13474,"comment_status":"closed","ping_status":"closed","sticky":false,"template":"tpl-full-width.php","format":"standard","meta":{"_acf_changed":false,"footnotes":""},"categories":[45],"tags":[867,1002,1102],"produsent-ostetype":[1125],"produsentfylke":[1107],"class_list":["post-13472","post","type-post","status-publish","format-standard","has-post-thumbnail","hentry","category-produsent","tag-gardsutsalg","tag-produsentvestland","tag-tyssebotn-setre","produsent-ostetype-brunost","produsentfylke-vestland"],"acf":[],"yoast_head":"<!-- This site is optimized with the Yoast SEO plugin v26.1.1 - https:\/\/yoast.com\/wordpress\/plugins\/seo\/ -->\n<title>Oster\u00f8y Ysteri og Sm\u00e5feprodukt - Ostelandet Norge<\/title>\n<meta name=\"description\" content=\"Oster\u00f8y Ysteri &amp; Sm\u00e5feprodukt er eit familiegardsbruk med ysteri og produksjonslokale. Me har norsk mj\u00f8lkegeit og sau av rasen gammal norsk sp\u00e6lsau og ynskjer \u00e5 drive berekraftig og \u00e5 best mogleg nytte dei ressursane garden kan gje heime og ved st\u00f8len i fjellet. Me lagar handverksmat av egne r\u00e5varer av mj\u00f8lk og kj\u00f8t. Osten er laga av familien i meir enn 100 \u00e5r, etter same oppskrift. Ein ubroten familie tradisjon. P\u00e5 st\u00f8len kokar me osten p\u00e5 bj\u00f8rkeved.\" \/>\n<meta name=\"robots\" content=\"index, follow, max-snippet:-1, max-image-preview:large, max-video-preview:-1\" \/>\n<link rel=\"canonical\" href=\"https:\/\/ostelandet.no\/en\/osteroy-ysteri-og-smafeprodukt\/\" \/>\n<meta property=\"og:locale\" content=\"en_US\" \/>\n<meta property=\"og:type\" content=\"article\" \/>\n<meta property=\"og:title\" content=\"Oster\u00f8y Ysteri og Sm\u00e5feprodukt - Ostelandet Norge\" \/>\n<meta property=\"og:description\" content=\"Oster\u00f8y Ysteri &amp; Sm\u00e5feprodukt er eit familiegardsbruk med ysteri og produksjonslokale. Me har norsk mj\u00f8lkegeit og sau av rasen gammal norsk sp\u00e6lsau og ynskjer \u00e5 drive berekraftig og \u00e5 best mogleg nytte dei ressursane garden kan gje heime og ved st\u00f8len i fjellet. Me lagar handverksmat av egne r\u00e5varer av mj\u00f8lk og kj\u00f8t. Osten er laga av familien i meir enn 100 \u00e5r, etter same oppskrift. Ein ubroten familie tradisjon. P\u00e5 st\u00f8len kokar me osten p\u00e5 bj\u00f8rkeved.\" \/>\n<meta property=\"og:url\" content=\"https:\/\/ostelandet.no\/en\/osteroy-ysteri-og-smafeprodukt\/\" \/>\n<meta property=\"og:site_name\" content=\"Ostelandet Norge\" \/>\n<meta property=\"article:publisher\" content=\"https:\/\/www.facebook.com\/ostelandet-101474925294974\" \/>\n<meta property=\"article:published_time\" content=\"2025-09-04T12:32:03+00:00\" \/>\n<meta property=\"article:modified_time\" content=\"2025-09-20T10:13:06+00:00\" \/>\n<meta property=\"og:image\" content=\"https:\/\/ostelandet.no\/wp-content\/uploads\/2025\/09\/Osteroy_ysteri.jpg\" \/>\n\t<meta property=\"og:image:width\" content=\"719\" \/>\n\t<meta property=\"og:image:height\" content=\"495\" \/>\n\t<meta property=\"og:image:type\" content=\"image\/jpeg\" \/>\n<meta name=\"author\" content=\"Anette\" \/>\n<meta name=\"twitter:card\" content=\"summary_large_image\" \/>\n<meta name=\"twitter:label1\" content=\"Written by\" \/>\n\t<meta name=\"twitter:data1\" content=\"Anette\" \/>\n\t<meta name=\"twitter:label2\" content=\"Est. reading time\" \/>\n\t<meta name=\"twitter:data2\" content=\"2 minutes\" \/>\n<script type=\"application\/ld+json\" class=\"yoast-schema-graph\">{\"@context\":\"https:\/\/schema.org\",\"@graph\":[{\"@type\":\"Article\",\"@id\":\"https:\/\/ostelandet.no\/osteroy-ysteri-og-smafeprodukt\/#article\",\"isPartOf\":{\"@id\":\"https:\/\/ostelandet.no\/osteroy-ysteri-og-smafeprodukt\/\"},\"author\":{\"name\":\"Anette\",\"@id\":\"https:\/\/ostelandet.no\/#\/schema\/person\/f985ce81d2968ff96c216ca1a514a5d7\"},\"headline\":\"Oster\u00f8y Ysteri og Sm\u00e5feprodukt\",\"datePublished\":\"2025-09-04T12:32:03+00:00\",\"dateModified\":\"2025-09-20T10:13:06+00:00\",\"mainEntityOfPage\":{\"@id\":\"https:\/\/ostelandet.no\/osteroy-ysteri-og-smafeprodukt\/\"},\"wordCount\":279,\"publisher\":{\"@id\":\"https:\/\/ostelandet.no\/#organization\"},\"image\":{\"@id\":\"https:\/\/ostelandet.no\/osteroy-ysteri-og-smafeprodukt\/#primaryimage\"},\"thumbnailUrl\":\"https:\/\/ostelandet.no\/wp-content\/uploads\/2025\/09\/Osteroy_ysteri.jpg\",\"keywords\":[\"g\u00e5rdsutsalg\",\"Produsent Vestland\",\"Tyssebotn Setre\"],\"articleSection\":[\"Produsent\"],\"inLanguage\":\"en-US\"},{\"@type\":\"WebPage\",\"@id\":\"https:\/\/ostelandet.no\/osteroy-ysteri-og-smafeprodukt\/\",\"url\":\"https:\/\/ostelandet.no\/osteroy-ysteri-og-smafeprodukt\/\",\"name\":\"Oster\u00f8y Ysteri og Sm\u00e5feprodukt - Ostelandet Norge\",\"isPartOf\":{\"@id\":\"https:\/\/ostelandet.no\/#website\"},\"primaryImageOfPage\":{\"@id\":\"https:\/\/ostelandet.no\/osteroy-ysteri-og-smafeprodukt\/#primaryimage\"},\"image\":{\"@id\":\"https:\/\/ostelandet.no\/osteroy-ysteri-og-smafeprodukt\/#primaryimage\"},\"thumbnailUrl\":\"https:\/\/ostelandet.no\/wp-content\/uploads\/2025\/09\/Osteroy_ysteri.jpg\",\"datePublished\":\"2025-09-04T12:32:03+00:00\",\"dateModified\":\"2025-09-20T10:13:06+00:00\",\"description\":\"Oster\u00f8y Ysteri & Sm\u00e5feprodukt er eit familiegardsbruk med ysteri og produksjonslokale. Me har norsk mj\u00f8lkegeit og sau av rasen gammal norsk sp\u00e6lsau og ynskjer \u00e5 drive berekraftig og \u00e5 best mogleg nytte dei ressursane garden kan gje heime og ved st\u00f8len i fjellet. Me lagar handverksmat av egne r\u00e5varer av mj\u00f8lk og kj\u00f8t. Osten er laga av familien i meir enn 100 \u00e5r, etter same oppskrift. Ein ubroten familie tradisjon. P\u00e5 st\u00f8len kokar me osten p\u00e5 bj\u00f8rkeved.\",\"breadcrumb\":{\"@id\":\"https:\/\/ostelandet.no\/osteroy-ysteri-og-smafeprodukt\/#breadcrumb\"},\"inLanguage\":\"en-US\",\"potentialAction\":[{\"@type\":\"ReadAction\",\"target\":[\"https:\/\/ostelandet.no\/osteroy-ysteri-og-smafeprodukt\/\"]}]},{\"@type\":\"ImageObject\",\"inLanguage\":\"en-US\",\"@id\":\"https:\/\/ostelandet.no\/osteroy-ysteri-og-smafeprodukt\/#primaryimage\",\"url\":\"https:\/\/ostelandet.no\/wp-content\/uploads\/2025\/09\/Osteroy_ysteri.jpg\",\"contentUrl\":\"https:\/\/ostelandet.no\/wp-content\/uploads\/2025\/09\/Osteroy_ysteri.jpg\",\"width\":719,\"height\":495},{\"@type\":\"BreadcrumbList\",\"@id\":\"https:\/\/ostelandet.no\/osteroy-ysteri-og-smafeprodukt\/#breadcrumb\",\"itemListElement\":[{\"@type\":\"ListItem\",\"position\":1,\"name\":\"Hjem\",\"item\":\"https:\/\/ostelandet.no\/\"},{\"@type\":\"ListItem\",\"position\":2,\"name\":\"Oster\u00f8y Ysteri og Sm\u00e5feprodukt\"}]},{\"@type\":\"WebSite\",\"@id\":\"https:\/\/ostelandet.no\/#website\",\"url\":\"https:\/\/ostelandet.no\/\",\"name\":\"Ostelandet Norge\",\"description\":\"- L\u00e6r mer om norsk ost\",\"publisher\":{\"@id\":\"https:\/\/ostelandet.no\/#organization\"},\"potentialAction\":[{\"@type\":\"SearchAction\",\"target\":{\"@type\":\"EntryPoint\",\"urlTemplate\":\"https:\/\/ostelandet.no\/?s={search_term_string}\"},\"query-input\":{\"@type\":\"PropertyValueSpecification\",\"valueRequired\":true,\"valueName\":\"search_term_string\"}}],\"inLanguage\":\"en-US\"},{\"@type\":\"Organization\",\"@id\":\"https:\/\/ostelandet.no\/#organization\",\"name\":\"HANEN\",\"url\":\"https:\/\/ostelandet.no\/\",\"logo\":{\"@type\":\"ImageObject\",\"inLanguage\":\"en-US\",\"@id\":\"https:\/\/ostelandet.no\/#\/schema\/logo\/image\/\",\"url\":\"https:\/\/ostelandet.no\/wp-content\/uploads\/2021\/09\/ostelandet_norge_2farger_mork_hierarkisk.png\",\"contentUrl\":\"https:\/\/ostelandet.no\/wp-content\/uploads\/2021\/09\/ostelandet_norge_2farger_mork_hierarkisk.png\",\"width\":2062,\"height\":1223,\"caption\":\"HANEN\"},\"image\":{\"@id\":\"https:\/\/ostelandet.no\/#\/schema\/logo\/image\/\"},\"sameAs\":[\"https:\/\/www.facebook.com\/ostelandet-101474925294974\",\"https:\/\/www.instagram.com\/ostelandet\/\",\"https:\/\/www.linkedin.com\/showcase\/ostelandet-norge\/\"]},{\"@type\":\"Person\",\"@id\":\"https:\/\/ostelandet.no\/#\/schema\/person\/f985ce81d2968ff96c216ca1a514a5d7\",\"name\":\"Anette\",\"image\":{\"@type\":\"ImageObject\",\"inLanguage\":\"en-US\",\"@id\":\"https:\/\/ostelandet.no\/#\/schema\/person\/image\/\",\"url\":\"https:\/\/secure.gravatar.com\/avatar\/47871c780e28de464a585d8a6985a805c0494a27f00dd9d7711eb11af0d7cdc3?s=96&d=mm&r=g\",\"contentUrl\":\"https:\/\/secure.gravatar.com\/avatar\/47871c780e28de464a585d8a6985a805c0494a27f00dd9d7711eb11af0d7cdc3?s=96&d=mm&r=g\",\"caption\":\"Anette\"},\"url\":\"https:\/\/ostelandet.no\/en\/author\/anette\/\"}]}<\/script>\n<!-- \/ Yoast SEO plugin. -->","yoast_head_json":{"title":"Oster\u00f8y Ysteri og Sm\u00e5feprodukt - Ostelandet Norge","description":"Oster\u00f8y Ysteri & Sm\u00e5feprodukt er eit familiegardsbruk med ysteri og produksjonslokale. Me har norsk mj\u00f8lkegeit og sau av rasen gammal norsk sp\u00e6lsau og ynskjer \u00e5 drive berekraftig og \u00e5 best mogleg nytte dei ressursane garden kan gje heime og ved st\u00f8len i fjellet. Me lagar handverksmat av egne r\u00e5varer av mj\u00f8lk og kj\u00f8t. Osten er laga av familien i meir enn 100 \u00e5r, etter same oppskrift. Ein ubroten familie tradisjon. P\u00e5 st\u00f8len kokar me osten p\u00e5 bj\u00f8rkeved.","robots":{"index":"index","follow":"follow","max-snippet":"max-snippet:-1","max-image-preview":"max-image-preview:large","max-video-preview":"max-video-preview:-1"},"canonical":"https:\/\/ostelandet.no\/en\/osteroy-ysteri-og-smafeprodukt\/","og_locale":"en_US","og_type":"article","og_title":"Oster\u00f8y Ysteri og Sm\u00e5feprodukt - Ostelandet Norge","og_description":"Oster\u00f8y Ysteri & Sm\u00e5feprodukt er eit familiegardsbruk med ysteri og produksjonslokale. Me har norsk mj\u00f8lkegeit og sau av rasen gammal norsk sp\u00e6lsau og ynskjer \u00e5 drive berekraftig og \u00e5 best mogleg nytte dei ressursane garden kan gje heime og ved st\u00f8len i fjellet. Me lagar handverksmat av egne r\u00e5varer av mj\u00f8lk og kj\u00f8t. Osten er laga av familien i meir enn 100 \u00e5r, etter same oppskrift. Ein ubroten familie tradisjon. P\u00e5 st\u00f8len kokar me osten p\u00e5 bj\u00f8rkeved.","og_url":"https:\/\/ostelandet.no\/en\/osteroy-ysteri-og-smafeprodukt\/","og_site_name":"Ostelandet Norge","article_publisher":"https:\/\/www.facebook.com\/ostelandet-101474925294974","article_published_time":"2025-09-04T12:32:03+00:00","article_modified_time":"2025-09-20T10:13:06+00:00","og_image":[{"width":719,"height":495,"url":"https:\/\/ostelandet.no\/wp-content\/uploads\/2025\/09\/Osteroy_ysteri.jpg","type":"image\/jpeg"}],"author":"Anette","twitter_card":"summary_large_image","twitter_misc":{"Written by":"Anette","Est. reading time":"2 minutes"},"schema":{"@context":"https:\/\/schema.org","@graph":[{"@type":"Article","@id":"https:\/\/ostelandet.no\/osteroy-ysteri-og-smafeprodukt\/#article","isPartOf":{"@id":"https:\/\/ostelandet.no\/osteroy-ysteri-og-smafeprodukt\/"},"author":{"name":"Anette","@id":"https:\/\/ostelandet.no\/#\/schema\/person\/f985ce81d2968ff96c216ca1a514a5d7"},"headline":"Oster\u00f8y Ysteri og Sm\u00e5feprodukt","datePublished":"2025-09-04T12:32:03+00:00","dateModified":"2025-09-20T10:13:06+00:00","mainEntityOfPage":{"@id":"https:\/\/ostelandet.no\/osteroy-ysteri-og-smafeprodukt\/"},"wordCount":279,"publisher":{"@id":"https:\/\/ostelandet.no\/#organization"},"image":{"@id":"https:\/\/ostelandet.no\/osteroy-ysteri-og-smafeprodukt\/#primaryimage"},"thumbnailUrl":"https:\/\/ostelandet.no\/wp-content\/uploads\/2025\/09\/Osteroy_ysteri.jpg","keywords":["g\u00e5rdsutsalg","Produsent Vestland","Tyssebotn Setre"],"articleSection":["Produsent"],"inLanguage":"en-US"},{"@type":"WebPage","@id":"https:\/\/ostelandet.no\/osteroy-ysteri-og-smafeprodukt\/","url":"https:\/\/ostelandet.no\/osteroy-ysteri-og-smafeprodukt\/","name":"Oster\u00f8y Ysteri og Sm\u00e5feprodukt - Ostelandet Norge","isPartOf":{"@id":"https:\/\/ostelandet.no\/#website"},"primaryImageOfPage":{"@id":"https:\/\/ostelandet.no\/osteroy-ysteri-og-smafeprodukt\/#primaryimage"},"image":{"@id":"https:\/\/ostelandet.no\/osteroy-ysteri-og-smafeprodukt\/#primaryimage"},"thumbnailUrl":"https:\/\/ostelandet.no\/wp-content\/uploads\/2025\/09\/Osteroy_ysteri.jpg","datePublished":"2025-09-04T12:32:03+00:00","dateModified":"2025-09-20T10:13:06+00:00","description":"Oster\u00f8y Ysteri & Sm\u00e5feprodukt er eit familiegardsbruk med ysteri og produksjonslokale. Me har norsk mj\u00f8lkegeit og sau av rasen gammal norsk sp\u00e6lsau og ynskjer \u00e5 drive berekraftig og \u00e5 best mogleg nytte dei ressursane garden kan gje heime og ved st\u00f8len i fjellet. Me lagar handverksmat av egne r\u00e5varer av mj\u00f8lk og kj\u00f8t. Osten er laga av familien i meir enn 100 \u00e5r, etter same oppskrift. Ein ubroten familie tradisjon. P\u00e5 st\u00f8len kokar me osten p\u00e5 bj\u00f8rkeved.","breadcrumb":{"@id":"https:\/\/ostelandet.no\/osteroy-ysteri-og-smafeprodukt\/#breadcrumb"},"inLanguage":"en-US","potentialAction":[{"@type":"ReadAction","target":["https:\/\/ostelandet.no\/osteroy-ysteri-og-smafeprodukt\/"]}]},{"@type":"ImageObject","inLanguage":"en-US","@id":"https:\/\/ostelandet.no\/osteroy-ysteri-og-smafeprodukt\/#primaryimage","url":"https:\/\/ostelandet.no\/wp-content\/uploads\/2025\/09\/Osteroy_ysteri.jpg","contentUrl":"https:\/\/ostelandet.no\/wp-content\/uploads\/2025\/09\/Osteroy_ysteri.jpg","width":719,"height":495},{"@type":"BreadcrumbList","@id":"https:\/\/ostelandet.no\/osteroy-ysteri-og-smafeprodukt\/#breadcrumb","itemListElement":[{"@type":"ListItem","position":1,"name":"Hjem","item":"https:\/\/ostelandet.no\/"},{"@type":"ListItem","position":2,"name":"Oster\u00f8y Ysteri og Sm\u00e5feprodukt"}]},{"@type":"WebSite","@id":"https:\/\/ostelandet.no\/#website","url":"https:\/\/ostelandet.no\/","name":"Ostelandet Norge","description":"- L\u00e6r mer om norsk ost","publisher":{"@id":"https:\/\/ostelandet.no\/#organization"},"potentialAction":[{"@type":"SearchAction","target":{"@type":"EntryPoint","urlTemplate":"https:\/\/ostelandet.no\/?s={search_term_string}"},"query-input":{"@type":"PropertyValueSpecification","valueRequired":true,"valueName":"search_term_string"}}],"inLanguage":"en-US"},{"@type":"Organization","@id":"https:\/\/ostelandet.no\/#organization","name":"HANEN","url":"https:\/\/ostelandet.no\/","logo":{"@type":"ImageObject","inLanguage":"en-US","@id":"https:\/\/ostelandet.no\/#\/schema\/logo\/image\/","url":"https:\/\/ostelandet.no\/wp-content\/uploads\/2021\/09\/ostelandet_norge_2farger_mork_hierarkisk.png","contentUrl":"https:\/\/ostelandet.no\/wp-content\/uploads\/2021\/09\/ostelandet_norge_2farger_mork_hierarkisk.png","width":2062,"height":1223,"caption":"HANEN"},"image":{"@id":"https:\/\/ostelandet.no\/#\/schema\/logo\/image\/"},"sameAs":["https:\/\/www.facebook.com\/ostelandet-101474925294974","https:\/\/www.instagram.com\/ostelandet\/","https:\/\/www.linkedin.com\/showcase\/ostelandet-norge\/"]},{"@type":"Person","@id":"https:\/\/ostelandet.no\/#\/schema\/person\/f985ce81d2968ff96c216ca1a514a5d7","name":"Anette","image":{"@type":"ImageObject","inLanguage":"en-US","@id":"https:\/\/ostelandet.no\/#\/schema\/person\/image\/","url":"https:\/\/secure.gravatar.com\/avatar\/47871c780e28de464a585d8a6985a805c0494a27f00dd9d7711eb11af0d7cdc3?s=96&d=mm&r=g","contentUrl":"https:\/\/secure.gravatar.com\/avatar\/47871c780e28de464a585d8a6985a805c0494a27f00dd9d7711eb11af0d7cdc3?s=96&d=mm&r=g","caption":"Anette"},"url":"https:\/\/ostelandet.no\/en\/author\/anette\/"}]}},"_links":{"self":[{"href":"https:\/\/ostelandet.no\/en\/wp-json\/wp\/v2\/posts\/13472","targetHints":{"allow":["GET"]}}],"collection":[{"href":"https:\/\/ostelandet.no\/en\/wp-json\/wp\/v2\/posts"}],"about":[{"href":"https:\/\/ostelandet.no\/en\/wp-json\/wp\/v2\/types\/post"}],"author":[{"embeddable":true,"href":"https:\/\/ostelandet.no\/en\/wp-json\/wp\/v2\/users\/9"}],"replies":[{"embeddable":true,"href":"https:\/\/ostelandet.no\/en\/wp-json\/wp\/v2\/comments?post=13472"}],"version-history":[{"count":4,"href":"https:\/\/ostelandet.no\/en\/wp-json\/wp\/v2\/posts\/13472\/revisions"}],"predecessor-version":[{"id":13535,"href":"https:\/\/ostelandet.no\/en\/wp-json\/wp\/v2\/posts\/13472\/revisions\/13535"}],"wp:featuredmedia":[{"embeddable":true,"href":"https:\/\/ostelandet.no\/en\/wp-json\/wp\/v2\/media\/13474"}],"wp:attachment":[{"href":"https:\/\/ostelandet.no\/en\/wp-json\/wp\/v2\/media?parent=13472"}],"wp:term":[{"taxonomy":"category","embeddable":true,"href":"https:\/\/ostelandet.no\/en\/wp-json\/wp\/v2\/categories?post=13472"},{"taxonomy":"post_tag","embeddable":true,"href":"https:\/\/ostelandet.no\/en\/wp-json\/wp\/v2\/tags?post=13472"},{"taxonomy":"produsent-ostetype","embeddable":true,"href":"https:\/\/ostelandet.no\/en\/wp-json\/wp\/v2\/produsent-ostetype?post=13472"},{"taxonomy":"produsentfylke","embeddable":true,"href":"https:\/\/ostelandet.no\/en\/wp-json\/wp\/v2\/produsentfylke?post=13472"}],"curies":[{"name":"wp","href":"https:\/\/api.w.org\/{rel}","templated":true}]}}