{"id":13272,"date":"2025-08-22T12:27:23","date_gmt":"2025-08-22T10:27:23","guid":{"rendered":"https:\/\/ostelandet.no\/?p=13272"},"modified":"2025-08-22T12:27:23","modified_gmt":"2025-08-22T10:27:23","slug":"jarlsberg-special-reserve-5-ar","status":"publish","type":"post","link":"https:\/\/ostelandet.no\/en\/jarlsberg-special-reserve-5-ar\/","title":{"rendered":"Jarlsberg Special Reserve 5 years"},"content":{"rendered":"<h2>\n\t\t\tHARD CHEESE\t<\/h2>\n<h2>\n\t\t\tJarlsberg\u00ae Special Reserve 5 \u00e5r\t<\/h2>\n\t<figure>\n\n<\/figure>\n<strong>Producer:<\/strong> <a href=\"https:\/\/ostelandet.no\/en\/tine\/\">TINE<\/a><br \/>\n<strong>Type:<\/strong> Hard cheese<br \/>\n<strong>Milk:<\/strong> Cow&#039;s milk\n<p><strong>Flavour:<\/strong> Ekstra fyldig og kompleks smak &#8211; rik, rund og med en forf\u00f8rende s\u00f8dme som balanseres av kraftige n\u00f8ttetoner.<\/p>\n<p><strong>Description:<\/strong> Etter hele fem \u00e5r med kvalitetslagring f\u00e5r Jarlsberg\u00ae frem mer av sin s\u00e6regne karakter &#8211; alt blir kraftigere, mer komplekst og deilig fudgy. Enten du serverer den p\u00e5 ostefatet, smelter den over nykokt pasta eller legger den p\u00e5 en skive godt br\u00f8d, gir Jarlsberg Special Reserve en smaksopplevelse som l\u00f8fter hverdagen &#8211; og gj\u00f8r festm\u00e5ltidet komplett.<\/p>\n<p><strong>Retailers:<\/strong> MENY, MEGA, SPAR, Gutta p\u00e5 haugen, Annis P\u00f8lsemakeri, Ids\u00f8e og andre spesialforretninger<\/p>\n\t\t\t\t<img decoding=\"async\" src=\"https:\/\/ostelandet.no\/wp-content\/uploads\/2025\/08\/Tine_Jarlsberg_special_reserve.jpg\" alt=\"Tine_Jarlsberg_special_reserve\" itemprop=\"image\" height=\"400\" width=\"620\" title=\"Tine_Jarlsberg_special_reserve\" onerror=\"this.style.display='none'\" loading=\"lazy\" \/>\n<h2>\n\t\t\tMORE PRODUCTS FROM TINE\t<\/h2>","protected":false},"excerpt":{"rendered":"<p>Ekstra fyldig og kompleks smak \u2013 rik, rund og med en forf\u00f8rende s\u00f8dme som balanseres av kraftige n\u00f8ttetoner.<\/p>","protected":false},"author":9,"featured_media":13273,"comment_status":"closed","ping_status":"closed","sticky":false,"template":"","format":"standard","meta":{"_acf_changed":false,"footnotes":""},"categories":[10],"tags":[540,589,377,466,190,1091,150,161],"produsent-ostetype":[],"produsentfylke":[],"class_list":["post-13272","post","type-post","status-publish","format-standard","has-post-thumbnail","hentry","category-fastost","tag-fyldig","tag-kompleks-smak","tag-ost-fra-tine","tag-pasteurisert","tag-plastcoat","tag-reserve","tag-vegetabilsk","tag-vellagret"],"acf":[],"yoast_head":"<!-- This site is optimized with the Yoast SEO plugin v26.1.1 - https:\/\/yoast.com\/wordpress\/plugins\/seo\/ -->\n<title>Jarlsberg Special Reserve 5 \u00e5r - Ostelandet Norge<\/title>\n<meta name=\"description\" content=\"Ekstra fyldig og kompleks smak \u2013 rik, rund og med en forf\u00f8rende s\u00f8dme som balanseres av kraftige n\u00f8ttetoner.\" \/>\n<meta name=\"robots\" content=\"index, follow, max-snippet:-1, max-image-preview:large, max-video-preview:-1\" \/>\n<link rel=\"canonical\" href=\"https:\/\/ostelandet.no\/en\/jarlsberg-special-reserve-5-ar\/\" \/>\n<meta property=\"og:locale\" content=\"en_US\" \/>\n<meta property=\"og:type\" content=\"article\" \/>\n<meta property=\"og:title\" content=\"Jarlsberg Special Reserve 5 \u00e5r - Ostelandet Norge\" \/>\n<meta property=\"og:description\" content=\"Ekstra fyldig og kompleks smak \u2013 rik, rund og med en forf\u00f8rende s\u00f8dme som balanseres av kraftige n\u00f8ttetoner.\" \/>\n<meta property=\"og:url\" content=\"https:\/\/ostelandet.no\/en\/jarlsberg-special-reserve-5-ar\/\" \/>\n<meta property=\"og:site_name\" content=\"Ostelandet Norge\" \/>\n<meta property=\"article:publisher\" content=\"https:\/\/www.facebook.com\/ostelandet-101474925294974\" \/>\n<meta property=\"article:published_time\" content=\"2025-08-22T10:27:23+00:00\" \/>\n<meta property=\"og:image\" content=\"https:\/\/ostelandet.no\/wp-content\/uploads\/2025\/08\/Tine_Jarlsberg_special_reserve.jpg\" \/>\n\t<meta property=\"og:image:width\" content=\"620\" \/>\n\t<meta property=\"og:image:height\" content=\"400\" \/>\n\t<meta property=\"og:image:type\" content=\"image\/jpeg\" \/>\n<meta name=\"author\" content=\"Anette\" \/>\n<meta name=\"twitter:card\" content=\"summary_large_image\" \/>\n<meta name=\"twitter:label1\" content=\"Written by\" \/>\n\t<meta name=\"twitter:data1\" content=\"Anette\" \/>\n\t<meta name=\"twitter:label2\" content=\"Est. reading time\" \/>\n\t<meta name=\"twitter:data2\" content=\"1 minute\" \/>\n<script type=\"application\/ld+json\" class=\"yoast-schema-graph\">{\"@context\":\"https:\/\/schema.org\",\"@graph\":[{\"@type\":\"Article\",\"@id\":\"https:\/\/ostelandet.no\/jarlsberg-special-reserve-5-ar\/#article\",\"isPartOf\":{\"@id\":\"https:\/\/ostelandet.no\/jarlsberg-special-reserve-5-ar\/\"},\"author\":{\"name\":\"Anette\",\"@id\":\"https:\/\/ostelandet.no\/#\/schema\/person\/f985ce81d2968ff96c216ca1a514a5d7\"},\"headline\":\"Jarlsberg Special Reserve 5 \u00e5r\",\"datePublished\":\"2025-08-22T10:27:23+00:00\",\"mainEntityOfPage\":{\"@id\":\"https:\/\/ostelandet.no\/jarlsberg-special-reserve-5-ar\/\"},\"wordCount\":119,\"publisher\":{\"@id\":\"https:\/\/ostelandet.no\/#organization\"},\"image\":{\"@id\":\"https:\/\/ostelandet.no\/jarlsberg-special-reserve-5-ar\/#primaryimage\"},\"thumbnailUrl\":\"https:\/\/ostelandet.no\/wp-content\/uploads\/2025\/08\/Tine_Jarlsberg_special_reserve.jpg\",\"keywords\":[\"fyldig\",\"kompleks smak\",\"ost fra TINE\",\"pasteurisert\",\"plastcoat\",\"Reserve\",\"vegetabilsk\",\"vellagret\"],\"articleSection\":[\"Fastost\"],\"inLanguage\":\"en-US\"},{\"@type\":\"WebPage\",\"@id\":\"https:\/\/ostelandet.no\/jarlsberg-special-reserve-5-ar\/\",\"url\":\"https:\/\/ostelandet.no\/jarlsberg-special-reserve-5-ar\/\",\"name\":\"Jarlsberg Special Reserve 5 \u00e5r - Ostelandet Norge\",\"isPartOf\":{\"@id\":\"https:\/\/ostelandet.no\/#website\"},\"primaryImageOfPage\":{\"@id\":\"https:\/\/ostelandet.no\/jarlsberg-special-reserve-5-ar\/#primaryimage\"},\"image\":{\"@id\":\"https:\/\/ostelandet.no\/jarlsberg-special-reserve-5-ar\/#primaryimage\"},\"thumbnailUrl\":\"https:\/\/ostelandet.no\/wp-content\/uploads\/2025\/08\/Tine_Jarlsberg_special_reserve.jpg\",\"datePublished\":\"2025-08-22T10:27:23+00:00\",\"description\":\"Ekstra fyldig og kompleks smak \u2013 rik, rund og med en forf\u00f8rende s\u00f8dme som balanseres av kraftige n\u00f8ttetoner.\",\"breadcrumb\":{\"@id\":\"https:\/\/ostelandet.no\/jarlsberg-special-reserve-5-ar\/#breadcrumb\"},\"inLanguage\":\"en-US\",\"potentialAction\":[{\"@type\":\"ReadAction\",\"target\":[\"https:\/\/ostelandet.no\/jarlsberg-special-reserve-5-ar\/\"]}]},{\"@type\":\"ImageObject\",\"inLanguage\":\"en-US\",\"@id\":\"https:\/\/ostelandet.no\/jarlsberg-special-reserve-5-ar\/#primaryimage\",\"url\":\"https:\/\/ostelandet.no\/wp-content\/uploads\/2025\/08\/Tine_Jarlsberg_special_reserve.jpg\",\"contentUrl\":\"https:\/\/ostelandet.no\/wp-content\/uploads\/2025\/08\/Tine_Jarlsberg_special_reserve.jpg\",\"width\":620,\"height\":400},{\"@type\":\"BreadcrumbList\",\"@id\":\"https:\/\/ostelandet.no\/jarlsberg-special-reserve-5-ar\/#breadcrumb\",\"itemListElement\":[{\"@type\":\"ListItem\",\"position\":1,\"name\":\"Hjem\",\"item\":\"https:\/\/ostelandet.no\/\"},{\"@type\":\"ListItem\",\"position\":2,\"name\":\"Jarlsberg Special Reserve 5 \u00e5r\"}]},{\"@type\":\"WebSite\",\"@id\":\"https:\/\/ostelandet.no\/#website\",\"url\":\"https:\/\/ostelandet.no\/\",\"name\":\"Ostelandet Norge\",\"description\":\"- L\u00e6r mer om norsk ost\",\"publisher\":{\"@id\":\"https:\/\/ostelandet.no\/#organization\"},\"potentialAction\":[{\"@type\":\"SearchAction\",\"target\":{\"@type\":\"EntryPoint\",\"urlTemplate\":\"https:\/\/ostelandet.no\/?s={search_term_string}\"},\"query-input\":{\"@type\":\"PropertyValueSpecification\",\"valueRequired\":true,\"valueName\":\"search_term_string\"}}],\"inLanguage\":\"en-US\"},{\"@type\":\"Organization\",\"@id\":\"https:\/\/ostelandet.no\/#organization\",\"name\":\"HANEN\",\"url\":\"https:\/\/ostelandet.no\/\",\"logo\":{\"@type\":\"ImageObject\",\"inLanguage\":\"en-US\",\"@id\":\"https:\/\/ostelandet.no\/#\/schema\/logo\/image\/\",\"url\":\"https:\/\/ostelandet.no\/wp-content\/uploads\/2021\/09\/ostelandet_norge_2farger_mork_hierarkisk.png\",\"contentUrl\":\"https:\/\/ostelandet.no\/wp-content\/uploads\/2021\/09\/ostelandet_norge_2farger_mork_hierarkisk.png\",\"width\":2062,\"height\":1223,\"caption\":\"HANEN\"},\"image\":{\"@id\":\"https:\/\/ostelandet.no\/#\/schema\/logo\/image\/\"},\"sameAs\":[\"https:\/\/www.facebook.com\/ostelandet-101474925294974\",\"https:\/\/www.instagram.com\/ostelandet\/\",\"https:\/\/www.linkedin.com\/showcase\/ostelandet-norge\/\"]},{\"@type\":\"Person\",\"@id\":\"https:\/\/ostelandet.no\/#\/schema\/person\/f985ce81d2968ff96c216ca1a514a5d7\",\"name\":\"Anette\",\"image\":{\"@type\":\"ImageObject\",\"inLanguage\":\"en-US\",\"@id\":\"https:\/\/ostelandet.no\/#\/schema\/person\/image\/\",\"url\":\"https:\/\/secure.gravatar.com\/avatar\/47871c780e28de464a585d8a6985a805c0494a27f00dd9d7711eb11af0d7cdc3?s=96&d=mm&r=g\",\"contentUrl\":\"https:\/\/secure.gravatar.com\/avatar\/47871c780e28de464a585d8a6985a805c0494a27f00dd9d7711eb11af0d7cdc3?s=96&d=mm&r=g\",\"caption\":\"Anette\"},\"url\":\"https:\/\/ostelandet.no\/en\/author\/anette\/\"}]}<\/script>\n<!-- \/ Yoast SEO plugin. -->","yoast_head_json":{"title":"Jarlsberg Special Reserve 5 \u00e5r - Ostelandet Norge","description":"Ekstra fyldig og kompleks smak \u2013 rik, rund og med en forf\u00f8rende s\u00f8dme som balanseres av kraftige n\u00f8ttetoner.","robots":{"index":"index","follow":"follow","max-snippet":"max-snippet:-1","max-image-preview":"max-image-preview:large","max-video-preview":"max-video-preview:-1"},"canonical":"https:\/\/ostelandet.no\/en\/jarlsberg-special-reserve-5-ar\/","og_locale":"en_US","og_type":"article","og_title":"Jarlsberg Special Reserve 5 \u00e5r - Ostelandet Norge","og_description":"Ekstra fyldig og kompleks smak \u2013 rik, rund og med en forf\u00f8rende s\u00f8dme som balanseres av kraftige n\u00f8ttetoner.","og_url":"https:\/\/ostelandet.no\/en\/jarlsberg-special-reserve-5-ar\/","og_site_name":"Ostelandet Norge","article_publisher":"https:\/\/www.facebook.com\/ostelandet-101474925294974","article_published_time":"2025-08-22T10:27:23+00:00","og_image":[{"width":620,"height":400,"url":"https:\/\/ostelandet.no\/wp-content\/uploads\/2025\/08\/Tine_Jarlsberg_special_reserve.jpg","type":"image\/jpeg"}],"author":"Anette","twitter_card":"summary_large_image","twitter_misc":{"Written by":"Anette","Est. reading time":"1 minute"},"schema":{"@context":"https:\/\/schema.org","@graph":[{"@type":"Article","@id":"https:\/\/ostelandet.no\/jarlsberg-special-reserve-5-ar\/#article","isPartOf":{"@id":"https:\/\/ostelandet.no\/jarlsberg-special-reserve-5-ar\/"},"author":{"name":"Anette","@id":"https:\/\/ostelandet.no\/#\/schema\/person\/f985ce81d2968ff96c216ca1a514a5d7"},"headline":"Jarlsberg Special Reserve 5 \u00e5r","datePublished":"2025-08-22T10:27:23+00:00","mainEntityOfPage":{"@id":"https:\/\/ostelandet.no\/jarlsberg-special-reserve-5-ar\/"},"wordCount":119,"publisher":{"@id":"https:\/\/ostelandet.no\/#organization"},"image":{"@id":"https:\/\/ostelandet.no\/jarlsberg-special-reserve-5-ar\/#primaryimage"},"thumbnailUrl":"https:\/\/ostelandet.no\/wp-content\/uploads\/2025\/08\/Tine_Jarlsberg_special_reserve.jpg","keywords":["fyldig","kompleks smak","ost fra TINE","pasteurisert","plastcoat","Reserve","vegetabilsk","vellagret"],"articleSection":["Fastost"],"inLanguage":"en-US"},{"@type":"WebPage","@id":"https:\/\/ostelandet.no\/jarlsberg-special-reserve-5-ar\/","url":"https:\/\/ostelandet.no\/jarlsberg-special-reserve-5-ar\/","name":"Jarlsberg Special Reserve 5 \u00e5r - Ostelandet Norge","isPartOf":{"@id":"https:\/\/ostelandet.no\/#website"},"primaryImageOfPage":{"@id":"https:\/\/ostelandet.no\/jarlsberg-special-reserve-5-ar\/#primaryimage"},"image":{"@id":"https:\/\/ostelandet.no\/jarlsberg-special-reserve-5-ar\/#primaryimage"},"thumbnailUrl":"https:\/\/ostelandet.no\/wp-content\/uploads\/2025\/08\/Tine_Jarlsberg_special_reserve.jpg","datePublished":"2025-08-22T10:27:23+00:00","description":"Ekstra fyldig og kompleks smak \u2013 rik, rund og med en forf\u00f8rende s\u00f8dme som balanseres av kraftige n\u00f8ttetoner.","breadcrumb":{"@id":"https:\/\/ostelandet.no\/jarlsberg-special-reserve-5-ar\/#breadcrumb"},"inLanguage":"en-US","potentialAction":[{"@type":"ReadAction","target":["https:\/\/ostelandet.no\/jarlsberg-special-reserve-5-ar\/"]}]},{"@type":"ImageObject","inLanguage":"en-US","@id":"https:\/\/ostelandet.no\/jarlsberg-special-reserve-5-ar\/#primaryimage","url":"https:\/\/ostelandet.no\/wp-content\/uploads\/2025\/08\/Tine_Jarlsberg_special_reserve.jpg","contentUrl":"https:\/\/ostelandet.no\/wp-content\/uploads\/2025\/08\/Tine_Jarlsberg_special_reserve.jpg","width":620,"height":400},{"@type":"BreadcrumbList","@id":"https:\/\/ostelandet.no\/jarlsberg-special-reserve-5-ar\/#breadcrumb","itemListElement":[{"@type":"ListItem","position":1,"name":"Hjem","item":"https:\/\/ostelandet.no\/"},{"@type":"ListItem","position":2,"name":"Jarlsberg Special Reserve 5 \u00e5r"}]},{"@type":"WebSite","@id":"https:\/\/ostelandet.no\/#website","url":"https:\/\/ostelandet.no\/","name":"Ostelandet Norge","description":"- L\u00e6r mer om norsk ost","publisher":{"@id":"https:\/\/ostelandet.no\/#organization"},"potentialAction":[{"@type":"SearchAction","target":{"@type":"EntryPoint","urlTemplate":"https:\/\/ostelandet.no\/?s={search_term_string}"},"query-input":{"@type":"PropertyValueSpecification","valueRequired":true,"valueName":"search_term_string"}}],"inLanguage":"en-US"},{"@type":"Organization","@id":"https:\/\/ostelandet.no\/#organization","name":"HANEN","url":"https:\/\/ostelandet.no\/","logo":{"@type":"ImageObject","inLanguage":"en-US","@id":"https:\/\/ostelandet.no\/#\/schema\/logo\/image\/","url":"https:\/\/ostelandet.no\/wp-content\/uploads\/2021\/09\/ostelandet_norge_2farger_mork_hierarkisk.png","contentUrl":"https:\/\/ostelandet.no\/wp-content\/uploads\/2021\/09\/ostelandet_norge_2farger_mork_hierarkisk.png","width":2062,"height":1223,"caption":"HANEN"},"image":{"@id":"https:\/\/ostelandet.no\/#\/schema\/logo\/image\/"},"sameAs":["https:\/\/www.facebook.com\/ostelandet-101474925294974","https:\/\/www.instagram.com\/ostelandet\/","https:\/\/www.linkedin.com\/showcase\/ostelandet-norge\/"]},{"@type":"Person","@id":"https:\/\/ostelandet.no\/#\/schema\/person\/f985ce81d2968ff96c216ca1a514a5d7","name":"Anette","image":{"@type":"ImageObject","inLanguage":"en-US","@id":"https:\/\/ostelandet.no\/#\/schema\/person\/image\/","url":"https:\/\/secure.gravatar.com\/avatar\/47871c780e28de464a585d8a6985a805c0494a27f00dd9d7711eb11af0d7cdc3?s=96&d=mm&r=g","contentUrl":"https:\/\/secure.gravatar.com\/avatar\/47871c780e28de464a585d8a6985a805c0494a27f00dd9d7711eb11af0d7cdc3?s=96&d=mm&r=g","caption":"Anette"},"url":"https:\/\/ostelandet.no\/en\/author\/anette\/"}]}},"_links":{"self":[{"href":"https:\/\/ostelandet.no\/en\/wp-json\/wp\/v2\/posts\/13272","targetHints":{"allow":["GET"]}}],"collection":[{"href":"https:\/\/ostelandet.no\/en\/wp-json\/wp\/v2\/posts"}],"about":[{"href":"https:\/\/ostelandet.no\/en\/wp-json\/wp\/v2\/types\/post"}],"author":[{"embeddable":true,"href":"https:\/\/ostelandet.no\/en\/wp-json\/wp\/v2\/users\/9"}],"replies":[{"embeddable":true,"href":"https:\/\/ostelandet.no\/en\/wp-json\/wp\/v2\/comments?post=13272"}],"version-history":[{"count":2,"href":"https:\/\/ostelandet.no\/en\/wp-json\/wp\/v2\/posts\/13272\/revisions"}],"predecessor-version":[{"id":13276,"href":"https:\/\/ostelandet.no\/en\/wp-json\/wp\/v2\/posts\/13272\/revisions\/13276"}],"wp:featuredmedia":[{"embeddable":true,"href":"https:\/\/ostelandet.no\/en\/wp-json\/wp\/v2\/media\/13273"}],"wp:attachment":[{"href":"https:\/\/ostelandet.no\/en\/wp-json\/wp\/v2\/media?parent=13272"}],"wp:term":[{"taxonomy":"category","embeddable":true,"href":"https:\/\/ostelandet.no\/en\/wp-json\/wp\/v2\/categories?post=13272"},{"taxonomy":"post_tag","embeddable":true,"href":"https:\/\/ostelandet.no\/en\/wp-json\/wp\/v2\/tags?post=13272"},{"taxonomy":"produsent-ostetype","embeddable":true,"href":"https:\/\/ostelandet.no\/en\/wp-json\/wp\/v2\/produsent-ostetype?post=13272"},{"taxonomy":"produsentfylke","embeddable":true,"href":"https:\/\/ostelandet.no\/en\/wp-json\/wp\/v2\/produsentfylke?post=13272"}],"curies":[{"name":"wp","href":"https:\/\/api.w.org\/{rel}","templated":true}]}}