{"id":12319,"date":"2024-10-15T16:00:45","date_gmt":"2024-10-15T14:00:45","guid":{"rendered":"https:\/\/ostelandet.no\/?p=12319"},"modified":"2024-10-18T11:15:55","modified_gmt":"2024-10-18T09:15:55","slug":"rosettbakkels","status":"publish","type":"post","link":"https:\/\/ostelandet.no\/en\/rosettbakkels\/","title":{"rendered":"Rosettbakkels med kn\u00e5ost"},"content":{"rendered":"<p><em>Foto: Eline Kj\u00f8l Berg<\/em><\/p>\n<h2>\n\t\tRosettbakkels\n\t<\/h2>\n\t<p>Her er Rosettbakkels med kn\u00e5ost fra Kr\u00e5keroe Staulen og Flatdal meieri, r\u00f8mme fra R\u00f8rosmeieriet, syltet l\u00f8k og silderogn<\/p>\n<h4>\n\t\tRosettbakkels\n\t<\/h4>\n\t<p>Ingredients:<\/p>\n100 g eplesider-eddik<br \/>\n150 g of sugar<br \/>\n300 g vann\n\t<p>This is what you do:<\/p>\nMiks alle ingrediensene med en stavmikser. La r\u00f8ren st\u00e5 i ca 30 minutter f\u00f8r bruk. Varm opp solsikkeolje til ca 170 grader. La jernet ligge i oljen under oppvarmingen. Det er viktig at jernet er varmt f\u00f8r du begynner med friteringen.<br \/>\nDypp jernet i r\u00f8ren til det n\u00e5r kanten p\u00e5 toppen, og deretter ned i den varme olje. Friter til den begynner \u00e5 bli hard, og dytt rosetten av jernet med en spisepinne. Friter til gylden, og hvil p\u00e5 et t\u00f8rkepapir.\n<h4>\n\t\tSyltet l\u00f8k\n\t<\/h4>\n\t<p>Ingredients:<\/p>\n90 g mel<br \/>\n80 g potetmel<br \/>\n10 g sukker<br \/>\n5 g salt<br \/>\n200 g vann\n\t<p>This is what you do:<\/p>\n<p>Kok opp eddik, sukker og vann. Tilsett skivet l\u00f8k og gi den enda et oppkok. La l\u00f8ken sm\u00e5koke i ca 2 minutter og dekk kjelen med plastfolie. La den st\u00e5 i ca 30 min f\u00f8r servering. Server rosettbakkelsene med r\u00f8mme, syltet l\u00f8k, silderogn eller annen type fiskerogn og kn\u00e5ost. Topp med friske urter.<\/p>\n<h1>\n\t\tMore recipes:\n\t<\/h1>","protected":false},"excerpt":{"rendered":"<p>Foto: Eline Kj\u00f8l Berg Rosettbakkels Her er Rosettbakkels med kn\u00e5ost fra Kr\u00e5keroe Staulen og Flatdal meieri, r\u00f8mme fra R\u00f8rosmeieriet, syltet l\u00f8k og silderogn Rosettbakkels Ingredienser: 100 g eplesider-eddik 150 g sukker 300 g vann Slik gj\u00f8r du: Miks alle ingrediensene med en stavmikser. La r\u00f8ren st\u00e5 i ca 30 minutter f\u00f8r bruk. Varm opp solsikkeolje&hellip;<\/p>","protected":false},"author":1,"featured_media":12322,"comment_status":"closed","ping_status":"closed","sticky":false,"template":"","format":"standard","meta":{"_acf_changed":false,"footnotes":""},"categories":[30],"tags":[265,705,81],"produsent-ostetype":[],"produsentfylke":[],"class_list":["post-12319","post","type-post","status-publish","format-standard","has-post-thumbnail","hentry","category-oppskrifter","tag-annen-tradisjonsost","tag-knaost-2","tag-tradisjonsost"],"acf":[],"yoast_head":"<!-- This site is optimized with the Yoast SEO plugin v26.1.1 - https:\/\/yoast.com\/wordpress\/plugins\/seo\/ -->\n<title>Rosettbakkels med kn\u00e5ost - Ostelandet Norge<\/title>\n<meta name=\"description\" content=\"Foto: Eline Kj\u00f8l Berg Rosettbakkels Her er Rosettbakkels med kn\u00e5ost fra Kr\u00e5keroe Staulen og Flatdal meieri, r\u00f8mme fra R\u00f8rosmeieriet, syltet l\u00f8k og Rosettbakkels med kn\u00e5ost fra Kr\u00e5keroe Staulen ogFlatdal meieri, r\u00f8mme fra R\u00f8rosmeieriet, syltet l\u00f8k ogsilderogn\" \/>\n<meta name=\"robots\" content=\"index, follow, max-snippet:-1, max-image-preview:large, max-video-preview:-1\" \/>\n<link rel=\"canonical\" href=\"https:\/\/ostelandet.no\/en\/rosettbakkels\/\" \/>\n<meta property=\"og:locale\" content=\"en_US\" \/>\n<meta property=\"og:type\" content=\"article\" \/>\n<meta property=\"og:title\" content=\"Rosettbakkels med kn\u00e5ost - Ostelandet Norge\" \/>\n<meta property=\"og:description\" content=\"Foto: Eline Kj\u00f8l Berg Rosettbakkels Her er Rosettbakkels med kn\u00e5ost fra Kr\u00e5keroe Staulen og Flatdal meieri, r\u00f8mme fra R\u00f8rosmeieriet, syltet l\u00f8k og Rosettbakkels med kn\u00e5ost fra Kr\u00e5keroe Staulen ogFlatdal meieri, r\u00f8mme fra R\u00f8rosmeieriet, syltet l\u00f8k ogsilderogn\" \/>\n<meta property=\"og:url\" content=\"https:\/\/ostelandet.no\/en\/rosettbakkels\/\" \/>\n<meta property=\"og:site_name\" content=\"Ostelandet Norge\" \/>\n<meta property=\"article:publisher\" content=\"https:\/\/www.facebook.com\/ostelandet-101474925294974\" \/>\n<meta property=\"article:published_time\" content=\"2024-10-15T14:00:45+00:00\" \/>\n<meta property=\"article:modified_time\" content=\"2024-10-18T09:15:55+00:00\" \/>\n<meta property=\"og:image\" content=\"https:\/\/ostelandet.no\/wp-content\/uploads\/2024\/10\/Knaost-IMG_7783-foto-Eline-Kjol-Berg-778x1024.jpeg\" \/>\n\t<meta property=\"og:image:width\" content=\"778\" \/>\n\t<meta property=\"og:image:height\" content=\"1024\" \/>\n\t<meta property=\"og:image:type\" content=\"image\/jpeg\" \/>\n<meta name=\"author\" content=\"eliho\" \/>\n<meta name=\"twitter:card\" content=\"summary_large_image\" \/>\n<meta name=\"twitter:label1\" content=\"Written by\" \/>\n\t<meta name=\"twitter:data1\" content=\"eliho\" \/>\n\t<meta name=\"twitter:label2\" content=\"Est. reading time\" \/>\n\t<meta name=\"twitter:data2\" content=\"3 minutes\" \/>\n<script type=\"application\/ld+json\" class=\"yoast-schema-graph\">{\"@context\":\"https:\/\/schema.org\",\"@graph\":[{\"@type\":\"Article\",\"@id\":\"https:\/\/ostelandet.no\/rosettbakkels\/#article\",\"isPartOf\":{\"@id\":\"https:\/\/ostelandet.no\/rosettbakkels\/\"},\"author\":{\"name\":\"eliho\",\"@id\":\"https:\/\/ostelandet.no\/#\/schema\/person\/5875f248502ea0794dca05f9ea518440\"},\"headline\":\"Rosettbakkels med kn\u00e5ost\",\"datePublished\":\"2024-10-15T14:00:45+00:00\",\"dateModified\":\"2024-10-18T09:15:55+00:00\",\"mainEntityOfPage\":{\"@id\":\"https:\/\/ostelandet.no\/rosettbakkels\/\"},\"wordCount\":207,\"publisher\":{\"@id\":\"https:\/\/ostelandet.no\/#organization\"},\"image\":{\"@id\":\"https:\/\/ostelandet.no\/rosettbakkels\/#primaryimage\"},\"thumbnailUrl\":\"https:\/\/ostelandet.no\/wp-content\/uploads\/2024\/10\/Knaost-IMG_7783-foto-Eline-Kjol-Berg-e1765464325463.jpeg\",\"keywords\":[\"annen tradisjonsost\",\"kn\u00e5ost\",\"Tradisjonsost\"],\"articleSection\":[\"Oppskrifter\"],\"inLanguage\":\"en-US\"},{\"@type\":\"WebPage\",\"@id\":\"https:\/\/ostelandet.no\/rosettbakkels\/\",\"url\":\"https:\/\/ostelandet.no\/rosettbakkels\/\",\"name\":\"Rosettbakkels med kn\u00e5ost - Ostelandet Norge\",\"isPartOf\":{\"@id\":\"https:\/\/ostelandet.no\/#website\"},\"primaryImageOfPage\":{\"@id\":\"https:\/\/ostelandet.no\/rosettbakkels\/#primaryimage\"},\"image\":{\"@id\":\"https:\/\/ostelandet.no\/rosettbakkels\/#primaryimage\"},\"thumbnailUrl\":\"https:\/\/ostelandet.no\/wp-content\/uploads\/2024\/10\/Knaost-IMG_7783-foto-Eline-Kjol-Berg-e1765464325463.jpeg\",\"datePublished\":\"2024-10-15T14:00:45+00:00\",\"dateModified\":\"2024-10-18T09:15:55+00:00\",\"description\":\"Foto: Eline Kj\u00f8l Berg Rosettbakkels Her er Rosettbakkels med kn\u00e5ost fra Kr\u00e5keroe Staulen og Flatdal meieri, r\u00f8mme fra R\u00f8rosmeieriet, syltet l\u00f8k og Rosettbakkels med kn\u00e5ost fra Kr\u00e5keroe Staulen ogFlatdal meieri, r\u00f8mme fra R\u00f8rosmeieriet, syltet l\u00f8k ogsilderogn\",\"breadcrumb\":{\"@id\":\"https:\/\/ostelandet.no\/rosettbakkels\/#breadcrumb\"},\"inLanguage\":\"en-US\",\"potentialAction\":[{\"@type\":\"ReadAction\",\"target\":[\"https:\/\/ostelandet.no\/rosettbakkels\/\"]}]},{\"@type\":\"ImageObject\",\"inLanguage\":\"en-US\",\"@id\":\"https:\/\/ostelandet.no\/rosettbakkels\/#primaryimage\",\"url\":\"https:\/\/ostelandet.no\/wp-content\/uploads\/2024\/10\/Knaost-IMG_7783-foto-Eline-Kjol-Berg-e1765464325463.jpeg\",\"contentUrl\":\"https:\/\/ostelandet.no\/wp-content\/uploads\/2024\/10\/Knaost-IMG_7783-foto-Eline-Kjol-Berg-e1765464325463.jpeg\",\"width\":912,\"height\":1200},{\"@type\":\"BreadcrumbList\",\"@id\":\"https:\/\/ostelandet.no\/rosettbakkels\/#breadcrumb\",\"itemListElement\":[{\"@type\":\"ListItem\",\"position\":1,\"name\":\"Hjem\",\"item\":\"https:\/\/ostelandet.no\/\"},{\"@type\":\"ListItem\",\"position\":2,\"name\":\"Rosettbakkels med kn\u00e5ost\"}]},{\"@type\":\"WebSite\",\"@id\":\"https:\/\/ostelandet.no\/#website\",\"url\":\"https:\/\/ostelandet.no\/\",\"name\":\"Ostelandet Norge\",\"description\":\"- L\u00e6r mer om norsk ost\",\"publisher\":{\"@id\":\"https:\/\/ostelandet.no\/#organization\"},\"potentialAction\":[{\"@type\":\"SearchAction\",\"target\":{\"@type\":\"EntryPoint\",\"urlTemplate\":\"https:\/\/ostelandet.no\/?s={search_term_string}\"},\"query-input\":{\"@type\":\"PropertyValueSpecification\",\"valueRequired\":true,\"valueName\":\"search_term_string\"}}],\"inLanguage\":\"en-US\"},{\"@type\":\"Organization\",\"@id\":\"https:\/\/ostelandet.no\/#organization\",\"name\":\"HANEN\",\"url\":\"https:\/\/ostelandet.no\/\",\"logo\":{\"@type\":\"ImageObject\",\"inLanguage\":\"en-US\",\"@id\":\"https:\/\/ostelandet.no\/#\/schema\/logo\/image\/\",\"url\":\"https:\/\/ostelandet.no\/wp-content\/uploads\/2021\/09\/ostelandet_norge_2farger_mork_hierarkisk.png\",\"contentUrl\":\"https:\/\/ostelandet.no\/wp-content\/uploads\/2021\/09\/ostelandet_norge_2farger_mork_hierarkisk.png\",\"width\":2062,\"height\":1223,\"caption\":\"HANEN\"},\"image\":{\"@id\":\"https:\/\/ostelandet.no\/#\/schema\/logo\/image\/\"},\"sameAs\":[\"https:\/\/www.facebook.com\/ostelandet-101474925294974\",\"https:\/\/www.instagram.com\/ostelandet\/\",\"https:\/\/www.linkedin.com\/showcase\/ostelandet-norge\/\"]},{\"@type\":\"Person\",\"@id\":\"https:\/\/ostelandet.no\/#\/schema\/person\/5875f248502ea0794dca05f9ea518440\",\"name\":\"eliho\",\"image\":{\"@type\":\"ImageObject\",\"inLanguage\":\"en-US\",\"@id\":\"https:\/\/ostelandet.no\/#\/schema\/person\/image\/\",\"url\":\"https:\/\/secure.gravatar.com\/avatar\/ea2d2e46de429e0415a330ea57f41bc101fea116d020ec3116a6fc2817d801cc?s=96&d=mm&r=g\",\"contentUrl\":\"https:\/\/secure.gravatar.com\/avatar\/ea2d2e46de429e0415a330ea57f41bc101fea116d020ec3116a6fc2817d801cc?s=96&d=mm&r=g\",\"caption\":\"eliho\"},\"url\":\"https:\/\/ostelandet.no\/en\/author\/eliho\/\"}]}<\/script>\n<!-- \/ Yoast SEO plugin. -->","yoast_head_json":{"title":"Rosettbakkels med kn\u00e5ost - Ostelandet Norge","description":"Foto: Eline Kj\u00f8l Berg Rosettbakkels Her er Rosettbakkels med kn\u00e5ost fra Kr\u00e5keroe Staulen og Flatdal meieri, r\u00f8mme fra R\u00f8rosmeieriet, syltet l\u00f8k og Rosettbakkels med kn\u00e5ost fra Kr\u00e5keroe Staulen ogFlatdal meieri, r\u00f8mme fra R\u00f8rosmeieriet, syltet l\u00f8k ogsilderogn","robots":{"index":"index","follow":"follow","max-snippet":"max-snippet:-1","max-image-preview":"max-image-preview:large","max-video-preview":"max-video-preview:-1"},"canonical":"https:\/\/ostelandet.no\/en\/rosettbakkels\/","og_locale":"en_US","og_type":"article","og_title":"Rosettbakkels med kn\u00e5ost - Ostelandet Norge","og_description":"Foto: Eline Kj\u00f8l Berg Rosettbakkels Her er Rosettbakkels med kn\u00e5ost fra Kr\u00e5keroe Staulen og Flatdal meieri, r\u00f8mme fra R\u00f8rosmeieriet, syltet l\u00f8k og Rosettbakkels med kn\u00e5ost fra Kr\u00e5keroe Staulen ogFlatdal meieri, r\u00f8mme fra R\u00f8rosmeieriet, syltet l\u00f8k ogsilderogn","og_url":"https:\/\/ostelandet.no\/en\/rosettbakkels\/","og_site_name":"Ostelandet Norge","article_publisher":"https:\/\/www.facebook.com\/ostelandet-101474925294974","article_published_time":"2024-10-15T14:00:45+00:00","article_modified_time":"2024-10-18T09:15:55+00:00","og_image":[{"width":778,"height":1024,"url":"https:\/\/ostelandet.no\/wp-content\/uploads\/2024\/10\/Knaost-IMG_7783-foto-Eline-Kjol-Berg-778x1024.jpeg","type":"image\/jpeg"}],"author":"eliho","twitter_card":"summary_large_image","twitter_misc":{"Written by":"eliho","Est. reading time":"3 minutes"},"schema":{"@context":"https:\/\/schema.org","@graph":[{"@type":"Article","@id":"https:\/\/ostelandet.no\/rosettbakkels\/#article","isPartOf":{"@id":"https:\/\/ostelandet.no\/rosettbakkels\/"},"author":{"name":"eliho","@id":"https:\/\/ostelandet.no\/#\/schema\/person\/5875f248502ea0794dca05f9ea518440"},"headline":"Rosettbakkels med kn\u00e5ost","datePublished":"2024-10-15T14:00:45+00:00","dateModified":"2024-10-18T09:15:55+00:00","mainEntityOfPage":{"@id":"https:\/\/ostelandet.no\/rosettbakkels\/"},"wordCount":207,"publisher":{"@id":"https:\/\/ostelandet.no\/#organization"},"image":{"@id":"https:\/\/ostelandet.no\/rosettbakkels\/#primaryimage"},"thumbnailUrl":"https:\/\/ostelandet.no\/wp-content\/uploads\/2024\/10\/Knaost-IMG_7783-foto-Eline-Kjol-Berg-e1765464325463.jpeg","keywords":["annen tradisjonsost","kn\u00e5ost","Tradisjonsost"],"articleSection":["Oppskrifter"],"inLanguage":"en-US"},{"@type":"WebPage","@id":"https:\/\/ostelandet.no\/rosettbakkels\/","url":"https:\/\/ostelandet.no\/rosettbakkels\/","name":"Rosettbakkels med kn\u00e5ost - Ostelandet Norge","isPartOf":{"@id":"https:\/\/ostelandet.no\/#website"},"primaryImageOfPage":{"@id":"https:\/\/ostelandet.no\/rosettbakkels\/#primaryimage"},"image":{"@id":"https:\/\/ostelandet.no\/rosettbakkels\/#primaryimage"},"thumbnailUrl":"https:\/\/ostelandet.no\/wp-content\/uploads\/2024\/10\/Knaost-IMG_7783-foto-Eline-Kjol-Berg-e1765464325463.jpeg","datePublished":"2024-10-15T14:00:45+00:00","dateModified":"2024-10-18T09:15:55+00:00","description":"Foto: Eline Kj\u00f8l Berg Rosettbakkels Her er Rosettbakkels med kn\u00e5ost fra Kr\u00e5keroe Staulen og Flatdal meieri, r\u00f8mme fra R\u00f8rosmeieriet, syltet l\u00f8k og Rosettbakkels med kn\u00e5ost fra Kr\u00e5keroe Staulen ogFlatdal meieri, r\u00f8mme fra R\u00f8rosmeieriet, syltet l\u00f8k ogsilderogn","breadcrumb":{"@id":"https:\/\/ostelandet.no\/rosettbakkels\/#breadcrumb"},"inLanguage":"en-US","potentialAction":[{"@type":"ReadAction","target":["https:\/\/ostelandet.no\/rosettbakkels\/"]}]},{"@type":"ImageObject","inLanguage":"en-US","@id":"https:\/\/ostelandet.no\/rosettbakkels\/#primaryimage","url":"https:\/\/ostelandet.no\/wp-content\/uploads\/2024\/10\/Knaost-IMG_7783-foto-Eline-Kjol-Berg-e1765464325463.jpeg","contentUrl":"https:\/\/ostelandet.no\/wp-content\/uploads\/2024\/10\/Knaost-IMG_7783-foto-Eline-Kjol-Berg-e1765464325463.jpeg","width":912,"height":1200},{"@type":"BreadcrumbList","@id":"https:\/\/ostelandet.no\/rosettbakkels\/#breadcrumb","itemListElement":[{"@type":"ListItem","position":1,"name":"Hjem","item":"https:\/\/ostelandet.no\/"},{"@type":"ListItem","position":2,"name":"Rosettbakkels med kn\u00e5ost"}]},{"@type":"WebSite","@id":"https:\/\/ostelandet.no\/#website","url":"https:\/\/ostelandet.no\/","name":"Ostelandet Norge","description":"- L\u00e6r mer om norsk ost","publisher":{"@id":"https:\/\/ostelandet.no\/#organization"},"potentialAction":[{"@type":"SearchAction","target":{"@type":"EntryPoint","urlTemplate":"https:\/\/ostelandet.no\/?s={search_term_string}"},"query-input":{"@type":"PropertyValueSpecification","valueRequired":true,"valueName":"search_term_string"}}],"inLanguage":"en-US"},{"@type":"Organization","@id":"https:\/\/ostelandet.no\/#organization","name":"HANEN","url":"https:\/\/ostelandet.no\/","logo":{"@type":"ImageObject","inLanguage":"en-US","@id":"https:\/\/ostelandet.no\/#\/schema\/logo\/image\/","url":"https:\/\/ostelandet.no\/wp-content\/uploads\/2021\/09\/ostelandet_norge_2farger_mork_hierarkisk.png","contentUrl":"https:\/\/ostelandet.no\/wp-content\/uploads\/2021\/09\/ostelandet_norge_2farger_mork_hierarkisk.png","width":2062,"height":1223,"caption":"HANEN"},"image":{"@id":"https:\/\/ostelandet.no\/#\/schema\/logo\/image\/"},"sameAs":["https:\/\/www.facebook.com\/ostelandet-101474925294974","https:\/\/www.instagram.com\/ostelandet\/","https:\/\/www.linkedin.com\/showcase\/ostelandet-norge\/"]},{"@type":"Person","@id":"https:\/\/ostelandet.no\/#\/schema\/person\/5875f248502ea0794dca05f9ea518440","name":"eliho","image":{"@type":"ImageObject","inLanguage":"en-US","@id":"https:\/\/ostelandet.no\/#\/schema\/person\/image\/","url":"https:\/\/secure.gravatar.com\/avatar\/ea2d2e46de429e0415a330ea57f41bc101fea116d020ec3116a6fc2817d801cc?s=96&d=mm&r=g","contentUrl":"https:\/\/secure.gravatar.com\/avatar\/ea2d2e46de429e0415a330ea57f41bc101fea116d020ec3116a6fc2817d801cc?s=96&d=mm&r=g","caption":"eliho"},"url":"https:\/\/ostelandet.no\/en\/author\/eliho\/"}]}},"_links":{"self":[{"href":"https:\/\/ostelandet.no\/en\/wp-json\/wp\/v2\/posts\/12319","targetHints":{"allow":["GET"]}}],"collection":[{"href":"https:\/\/ostelandet.no\/en\/wp-json\/wp\/v2\/posts"}],"about":[{"href":"https:\/\/ostelandet.no\/en\/wp-json\/wp\/v2\/types\/post"}],"author":[{"embeddable":true,"href":"https:\/\/ostelandet.no\/en\/wp-json\/wp\/v2\/users\/1"}],"replies":[{"embeddable":true,"href":"https:\/\/ostelandet.no\/en\/wp-json\/wp\/v2\/comments?post=12319"}],"version-history":[{"count":4,"href":"https:\/\/ostelandet.no\/en\/wp-json\/wp\/v2\/posts\/12319\/revisions"}],"predecessor-version":[{"id":12338,"href":"https:\/\/ostelandet.no\/en\/wp-json\/wp\/v2\/posts\/12319\/revisions\/12338"}],"wp:featuredmedia":[{"embeddable":true,"href":"https:\/\/ostelandet.no\/en\/wp-json\/wp\/v2\/media\/12322"}],"wp:attachment":[{"href":"https:\/\/ostelandet.no\/en\/wp-json\/wp\/v2\/media?parent=12319"}],"wp:term":[{"taxonomy":"category","embeddable":true,"href":"https:\/\/ostelandet.no\/en\/wp-json\/wp\/v2\/categories?post=12319"},{"taxonomy":"post_tag","embeddable":true,"href":"https:\/\/ostelandet.no\/en\/wp-json\/wp\/v2\/tags?post=12319"},{"taxonomy":"produsent-ostetype","embeddable":true,"href":"https:\/\/ostelandet.no\/en\/wp-json\/wp\/v2\/produsent-ostetype?post=12319"},{"taxonomy":"produsentfylke","embeddable":true,"href":"https:\/\/ostelandet.no\/en\/wp-json\/wp\/v2\/produsentfylke?post=12319"}],"curies":[{"name":"wp","href":"https:\/\/api.w.org\/{rel}","templated":true}]}}