{"id":11943,"date":"2023-12-20T11:25:20","date_gmt":"2023-12-20T10:25:20","guid":{"rendered":"https:\/\/ostelandet.no\/?p=11943"},"modified":"2024-02-23T10:22:34","modified_gmt":"2024-02-23T09:22:34","slug":"heidal-ysteri","status":"publish","type":"post","link":"https:\/\/ostelandet.no\/en\/heidal-ysteri\/","title":{"rendered":"Heidal ysteri"},"content":{"rendered":"<img loading=\"lazy\" decoding=\"async\" src=\"https:\/\/ostelandet.no\/wp-content\/uploads\/2023\/12\/IMG-20231214-WA0003-1024x671.jpg\" alt=\"IMG-20231214-WA0003\" itemprop=\"image\" height=\"671\" width=\"1024\" title=\"IMG-20231214-WA0003\" onerror=\"this.style.display='none'\"  \/>\n<h2>\n\t\tHeidal ysteri, &#8211; en sann kulturb\u00e6rer\n\t<\/h2>\n\t<p>&#8211; Jeg var ung og dum og stor i kjeften, sier Hege Krukhaug som har tittel daglig leder i Heidal Ysteri. Da bilene kom for \u00e5 kj\u00f8re utstyret fra ysteriet p\u00e5 skraphaugen, forkynte 24 \u00e5ringen til lokalavisen: Jeg skal bygge opp ysteriet igjen. Fire \u00e5r senere hadde hun gjort som hun sa.<\/p>\n<p>&nbsp;<\/p>\n<p>Heidal ligger \u00f8verst i Gudbrandsdalen og er bygda i Norge med st\u00f8rst samling av fredete bygdetun. Her har det i uminnelige tider v\u00e6rt kinna sm\u00f8r og ysta ost, &#8211; f\u00f8rst p\u00e5 setrene og s\u00e5 fra dampysteriet som kom i 1921. Dette ble senere til \u00d8stlandsmeieriet, i dag kjent som Tine.<\/p>\n<p>I 1995 ble det imidlertid bestemt at produksjonen ved meieriet skulle legges ned.<\/p>\n<h2>\n\t\tEn skjebnesvanger avgj\u00f8relse\n\t<\/h2>\n\t<p>&#8211; Det opplevdes som en brutalitet for hele bygda, forteller Hege. &#8211; Her hadde folk jobbet i\u00a0 generasjoner, enten fast eller i sesong. Formene til rauosten var lagd av treskj\u00e6rere rundt om i fjellbygdene, &#8211; den eldste fra 1630.<\/p>\n<p>Da Tine bestemte seg for \u00e5 stenge d\u00f8rene for godt, bredte det seg en ubeskrivelig harme og fortvilelse blant folket. Dagen bilene kom for \u00e5 kj\u00f8re bort utstyret, var en trist dag \u00e5 v\u00e6re vitne til.<\/p>\n<h2>\n\t\tEt spontant utbrudd \n\t<\/h2>\n\t<p>Selv var Hege 24 \u00e5r og kjente ysteriet godt som sesongarbeider. Stemningen ved at giganten Tine tilsynelatende ga blaffen i hva nedleggelsen gjorde med fjellbygda, var b\u00e5de blytung og trist. Som en eldre mann uttrykte det: <em>N\u00e5 stryk d\u00f8m m\u00e6 hjertet til bygda v\u00e5r.\u00a0<\/em><\/p>\n<p>-Det var s\u00e5 tydelig at ysteriet var noe folk hadde lagt ned sjela si i, understreker Hege.<\/p>\n<p>&#8211; Uten \u00e5 tenke over hva jeg sa, s\u00e5 sa jeg: Jeg skal bygge opp igjen ysteriet! Dette ble gjenfortalt i lokalavisen.<\/p>\n<h2>\n\t\tFelles l\u00f8ft\n\t<\/h2>\n\t\t\t\t<img loading=\"lazy\" decoding=\"async\" src=\"https:\/\/ostelandet.no\/wp-content\/uploads\/2023\/12\/DSC05842-600x400.jpg\" alt=\"DSC05842\" itemprop=\"image\" height=\"400\" width=\"600\" title=\"DSC05842\" onerror=\"this.style.display='none'\"  \/>\n\t<p>&#8211; Egentlig var dr\u00f8mmen \u00e5 bli politi, sier hun ettertenksomt. -Slik ble det ikke. Oppf\u00f8rselen til Tine gjorde meg sint: Dette handlet om v\u00e5r kulturarv, v\u00e5re tradisjoner og om selve r\u00f8ttene v\u00e5re.<\/p>\n<p>Dermed var en gedigen dugnad i gang.<\/p>\n<p>Venner, familie, svigermor, bygdefolket, &#8211; dugnads\u00e5nden spredte seg lynraskt. Det gamle lokalet ble fort til lager for en byggevarebedrift og derfor ikke mulig \u00e5 bruke. Et nytt hus og produksjonslokale m\u00e5tte bygges. Det ble gjort p\u00e5 en tomt vis a vis p\u00e5 presteg\u00e5rds grunn.<\/p>\n<p>Hun forteller: &#8211; Vi fikk lov \u00e5 ta ut gammelt utstyr fra skrothaugen og etter to \u00e5r med dugnad fra bygdafolk og en gedigen egeninnsats , sto bygningene p\u00e5 plass. Fire \u00e5r etter selve stengingen, kunne ordf\u00f8reren erkl\u00e6re det nye Heidal Ysteri for \u00e5pnet.<\/p>\n<h2>\n\t\tEn felles m\u00f8teplass\n\t<\/h2>\n\t\t\t\t<img loading=\"lazy\" decoding=\"async\" src=\"https:\/\/ostelandet.no\/wp-content\/uploads\/2023\/12\/DSC05835-600x400.jpg\" alt=\"DSC05835\" itemprop=\"image\" height=\"400\" width=\"600\" title=\"DSC05835\" onerror=\"this.style.display='none'\"  \/>\n\t<p>I dag best\u00e5r Heidal Ysteri av 18 ansatte og er en sann kulturinstitusjon i bygda. Hege har blant annet bevisst valgt \u00e5 bruke tid p\u00e5 barna som ofte er p\u00e5 ysteribes\u00f8k.<\/p>\n<p>-Jeg vil de skal l\u00e6re om v\u00e5r kulturarv og bli stolte av v\u00e5re tradisjoner. Dette er en felles kultur vi alle eier. I tillegg skal ysteriet med kafeen og bakeriet v\u00e6re en plass lokalbefolkningen kan ha nytte av hele \u00e5ret.<\/p>\n<h2>\n\t\tVarmende smakspr\u00f8ver\n\t<\/h2>\n\t\t\t\t<img loading=\"lazy\" decoding=\"async\" src=\"https:\/\/ostelandet.no\/wp-content\/uploads\/2023\/12\/DSC05760-600x400.jpg\" alt=\"DSC05760\" itemprop=\"image\" height=\"400\" width=\"600\" title=\"DSC05760\" onerror=\"this.style.display='none'\"  \/>\n\t<p>Og n\u00e5r den flytende rauost har kokt lenge nok og dampen brer seg som en stor sky rundt i hele ysteriet, \u00e5pnes skyved\u00f8ren ut mot veien. Rundt klokken ti er bygdas eldre herrer klare for et av dagens h\u00f8ydepunkt: Kokende varm &laquo;mysusm\u00f8r&raquo; rett fra ostegryta<\/p>\n<p>&#8211; Dette er folk som tidligere har jobbet p\u00e5 ysteriet og som setter pris p\u00e5 \u00e5 f\u00e5 hver sin skje med varmt mysusm\u00f8r, forteller hun forn\u00f8yd. &#8211; Det er slike ting som er med p\u00e5 \u00e5 gi oss en egen plass i hjertet til bygda.<\/p>\n<h2>\n\t\tIkke bare bygdas favoritt\n\t<\/h2>\n\t\t\t\t<img loading=\"lazy\" decoding=\"async\" src=\"https:\/\/ostelandet.no\/wp-content\/uploads\/2023\/12\/DSC05853-600x400.jpg\" alt=\"DSC05853\" itemprop=\"image\" height=\"400\" width=\"600\" title=\"DSC05853\" onerror=\"this.style.display='none'\"  \/>\n\t<p>Ysteriet skal v\u00e6re mer enn et produksjonslokale, &#8211; det er ogs\u00e5 hit folk fra hele Gudbrandsdalen og sentrale str\u00f8k kommer med sine personlige former for \u00e5 f\u00e5 stappet ost. Treformene kan gjerne v\u00e6re arv etter oldeforeldrene.<\/p>\n<p>Noe annet som er artig, er at koreanerne ogs\u00e5 har f\u00e5tt \u00f8ynene opp for rauosten v\u00e5r.<\/p>\n<p>Det har v\u00e6rt mye slit og hardt arbeid, men jeg har ikke angret en dag. Ysteriet har blitt det jeg h\u00e5pet p\u00e5: Igjen er det selve hjertet i bygda.<\/p>\n\t<p>Byline: Trude Henrichsen<\/p>\n<h1>\n\t\tMore about cheese\n\t<\/h1>","protected":false},"excerpt":{"rendered":"<p>Heidal ligger \u00f8verst i Gudbrandsdalen og er bygda i Norge med st\u00f8rst samling av fredete bygdetun. Her har det i uminnelige tider v\u00e6rt kinna sm\u00f8r og ysta ost, &#8211; f\u00f8rst p\u00e5 setrene og s\u00e5<br \/>\nfra dampysteriet som kom i 1921.<\/p>","protected":false},"author":1,"featured_media":12047,"comment_status":"closed","ping_status":"closed","sticky":false,"template":"","format":"standard","meta":{"_acf_changed":false,"footnotes":""},"categories":[563],"tags":[],"produsent-ostetype":[],"produsentfylke":[],"class_list":["post-11943","post","type-post","status-publish","format-standard","has-post-thumbnail","hentry","category-osteprat"],"acf":[],"yoast_head":"<!-- This site is optimized with the Yoast SEO plugin v26.1.1 - https:\/\/yoast.com\/wordpress\/plugins\/seo\/ -->\n<title>Heidal ysteri - Ostelandet Norge<\/title>\n<meta name=\"description\" content=\"Heidal ligger \u00f8verst i Gudbrandsdalen og er bygda i Norge med st\u00f8rst samling av fredete bygdetun. Her har det i uminnelige tider v\u00e6rt kinna sm\u00f8r og ysta ost, - f\u00f8rst p\u00e5 setrene og s\u00e5 fra dampysteriet som kom i 1921.\" \/>\n<meta name=\"robots\" content=\"index, follow, max-snippet:-1, max-image-preview:large, max-video-preview:-1\" \/>\n<link rel=\"canonical\" href=\"https:\/\/ostelandet.no\/en\/heidal-ysteri\/\" \/>\n<meta property=\"og:locale\" content=\"en_US\" \/>\n<meta property=\"og:type\" content=\"article\" \/>\n<meta property=\"og:title\" content=\"Heidal ysteri - Ostelandet Norge\" \/>\n<meta property=\"og:description\" content=\"Heidal ligger \u00f8verst i Gudbrandsdalen og er bygda i Norge med st\u00f8rst samling av fredete bygdetun. Her har det i uminnelige tider v\u00e6rt kinna sm\u00f8r og ysta ost, - f\u00f8rst p\u00e5 setrene og s\u00e5 fra dampysteriet som kom i 1921.\" \/>\n<meta property=\"og:url\" content=\"https:\/\/ostelandet.no\/en\/heidal-ysteri\/\" \/>\n<meta property=\"og:site_name\" content=\"Ostelandet Norge\" \/>\n<meta property=\"article:publisher\" content=\"https:\/\/www.facebook.com\/ostelandet-101474925294974\" \/>\n<meta property=\"article:published_time\" content=\"2023-12-20T10:25:20+00:00\" \/>\n<meta property=\"article:modified_time\" content=\"2024-02-23T09:22:34+00:00\" \/>\n<meta property=\"og:image\" content=\"https:\/\/ostelandet.no\/wp-content\/uploads\/2023\/12\/Heidal_Ysteri_fremhevet.jpg\" \/>\n\t<meta property=\"og:image:width\" content=\"719\" \/>\n\t<meta property=\"og:image:height\" content=\"495\" \/>\n\t<meta property=\"og:image:type\" content=\"image\/jpeg\" \/>\n<meta name=\"author\" content=\"eliho\" \/>\n<meta name=\"twitter:card\" content=\"summary_large_image\" \/>\n<meta name=\"twitter:label1\" content=\"Written by\" \/>\n\t<meta name=\"twitter:data1\" content=\"eliho\" \/>\n\t<meta name=\"twitter:label2\" content=\"Est. reading time\" \/>\n\t<meta name=\"twitter:data2\" content=\"6 minutes\" \/>\n<script type=\"application\/ld+json\" class=\"yoast-schema-graph\">{\"@context\":\"https:\/\/schema.org\",\"@graph\":[{\"@type\":\"Article\",\"@id\":\"https:\/\/ostelandet.no\/heidal-ysteri\/#article\",\"isPartOf\":{\"@id\":\"https:\/\/ostelandet.no\/heidal-ysteri\/\"},\"author\":{\"name\":\"eliho\",\"@id\":\"https:\/\/ostelandet.no\/#\/schema\/person\/5875f248502ea0794dca05f9ea518440\"},\"headline\":\"Heidal ysteri\",\"datePublished\":\"2023-12-20T10:25:20+00:00\",\"dateModified\":\"2024-02-23T09:22:34+00:00\",\"mainEntityOfPage\":{\"@id\":\"https:\/\/ostelandet.no\/heidal-ysteri\/\"},\"wordCount\":702,\"publisher\":{\"@id\":\"https:\/\/ostelandet.no\/#organization\"},\"image\":{\"@id\":\"https:\/\/ostelandet.no\/heidal-ysteri\/#primaryimage\"},\"thumbnailUrl\":\"https:\/\/ostelandet.no\/wp-content\/uploads\/2023\/12\/Heidal_Ysteri_fremhevet.jpg\",\"articleSection\":[\"osteprat\"],\"inLanguage\":\"en-US\"},{\"@type\":\"WebPage\",\"@id\":\"https:\/\/ostelandet.no\/heidal-ysteri\/\",\"url\":\"https:\/\/ostelandet.no\/heidal-ysteri\/\",\"name\":\"Heidal ysteri - Ostelandet Norge\",\"isPartOf\":{\"@id\":\"https:\/\/ostelandet.no\/#website\"},\"primaryImageOfPage\":{\"@id\":\"https:\/\/ostelandet.no\/heidal-ysteri\/#primaryimage\"},\"image\":{\"@id\":\"https:\/\/ostelandet.no\/heidal-ysteri\/#primaryimage\"},\"thumbnailUrl\":\"https:\/\/ostelandet.no\/wp-content\/uploads\/2023\/12\/Heidal_Ysteri_fremhevet.jpg\",\"datePublished\":\"2023-12-20T10:25:20+00:00\",\"dateModified\":\"2024-02-23T09:22:34+00:00\",\"description\":\"Heidal ligger \u00f8verst i Gudbrandsdalen og er bygda i Norge med st\u00f8rst samling av fredete bygdetun. Her har det i uminnelige tider v\u00e6rt kinna sm\u00f8r og ysta ost, - f\u00f8rst p\u00e5 setrene og s\u00e5 fra dampysteriet som kom i 1921.\",\"breadcrumb\":{\"@id\":\"https:\/\/ostelandet.no\/heidal-ysteri\/#breadcrumb\"},\"inLanguage\":\"en-US\",\"potentialAction\":[{\"@type\":\"ReadAction\",\"target\":[\"https:\/\/ostelandet.no\/heidal-ysteri\/\"]}]},{\"@type\":\"ImageObject\",\"inLanguage\":\"en-US\",\"@id\":\"https:\/\/ostelandet.no\/heidal-ysteri\/#primaryimage\",\"url\":\"https:\/\/ostelandet.no\/wp-content\/uploads\/2023\/12\/Heidal_Ysteri_fremhevet.jpg\",\"contentUrl\":\"https:\/\/ostelandet.no\/wp-content\/uploads\/2023\/12\/Heidal_Ysteri_fremhevet.jpg\",\"width\":719,\"height\":495},{\"@type\":\"BreadcrumbList\",\"@id\":\"https:\/\/ostelandet.no\/heidal-ysteri\/#breadcrumb\",\"itemListElement\":[{\"@type\":\"ListItem\",\"position\":1,\"name\":\"Hjem\",\"item\":\"https:\/\/ostelandet.no\/\"},{\"@type\":\"ListItem\",\"position\":2,\"name\":\"Heidal ysteri\"}]},{\"@type\":\"WebSite\",\"@id\":\"https:\/\/ostelandet.no\/#website\",\"url\":\"https:\/\/ostelandet.no\/\",\"name\":\"Ostelandet Norge\",\"description\":\"- L\u00e6r mer om norsk ost\",\"publisher\":{\"@id\":\"https:\/\/ostelandet.no\/#organization\"},\"potentialAction\":[{\"@type\":\"SearchAction\",\"target\":{\"@type\":\"EntryPoint\",\"urlTemplate\":\"https:\/\/ostelandet.no\/?s={search_term_string}\"},\"query-input\":{\"@type\":\"PropertyValueSpecification\",\"valueRequired\":true,\"valueName\":\"search_term_string\"}}],\"inLanguage\":\"en-US\"},{\"@type\":\"Organization\",\"@id\":\"https:\/\/ostelandet.no\/#organization\",\"name\":\"HANEN\",\"url\":\"https:\/\/ostelandet.no\/\",\"logo\":{\"@type\":\"ImageObject\",\"inLanguage\":\"en-US\",\"@id\":\"https:\/\/ostelandet.no\/#\/schema\/logo\/image\/\",\"url\":\"https:\/\/ostelandet.no\/wp-content\/uploads\/2021\/09\/ostelandet_norge_2farger_mork_hierarkisk.png\",\"contentUrl\":\"https:\/\/ostelandet.no\/wp-content\/uploads\/2021\/09\/ostelandet_norge_2farger_mork_hierarkisk.png\",\"width\":2062,\"height\":1223,\"caption\":\"HANEN\"},\"image\":{\"@id\":\"https:\/\/ostelandet.no\/#\/schema\/logo\/image\/\"},\"sameAs\":[\"https:\/\/www.facebook.com\/ostelandet-101474925294974\",\"https:\/\/www.instagram.com\/ostelandet\/\",\"https:\/\/www.linkedin.com\/showcase\/ostelandet-norge\/\"]},{\"@type\":\"Person\",\"@id\":\"https:\/\/ostelandet.no\/#\/schema\/person\/5875f248502ea0794dca05f9ea518440\",\"name\":\"eliho\",\"image\":{\"@type\":\"ImageObject\",\"inLanguage\":\"en-US\",\"@id\":\"https:\/\/ostelandet.no\/#\/schema\/person\/image\/\",\"url\":\"https:\/\/secure.gravatar.com\/avatar\/ea2d2e46de429e0415a330ea57f41bc101fea116d020ec3116a6fc2817d801cc?s=96&d=mm&r=g\",\"contentUrl\":\"https:\/\/secure.gravatar.com\/avatar\/ea2d2e46de429e0415a330ea57f41bc101fea116d020ec3116a6fc2817d801cc?s=96&d=mm&r=g\",\"caption\":\"eliho\"},\"url\":\"https:\/\/ostelandet.no\/en\/author\/eliho\/\"}]}<\/script>\n<!-- \/ Yoast SEO plugin. -->","yoast_head_json":{"title":"Heidal ysteri - Ostelandet Norge","description":"Heidal ligger \u00f8verst i Gudbrandsdalen og er bygda i Norge med st\u00f8rst samling av fredete bygdetun. Her har det i uminnelige tider v\u00e6rt kinna sm\u00f8r og ysta ost, - f\u00f8rst p\u00e5 setrene og s\u00e5 fra dampysteriet som kom i 1921.","robots":{"index":"index","follow":"follow","max-snippet":"max-snippet:-1","max-image-preview":"max-image-preview:large","max-video-preview":"max-video-preview:-1"},"canonical":"https:\/\/ostelandet.no\/en\/heidal-ysteri\/","og_locale":"en_US","og_type":"article","og_title":"Heidal ysteri - Ostelandet Norge","og_description":"Heidal ligger \u00f8verst i Gudbrandsdalen og er bygda i Norge med st\u00f8rst samling av fredete bygdetun. Her har det i uminnelige tider v\u00e6rt kinna sm\u00f8r og ysta ost, - f\u00f8rst p\u00e5 setrene og s\u00e5 fra dampysteriet som kom i 1921.","og_url":"https:\/\/ostelandet.no\/en\/heidal-ysteri\/","og_site_name":"Ostelandet Norge","article_publisher":"https:\/\/www.facebook.com\/ostelandet-101474925294974","article_published_time":"2023-12-20T10:25:20+00:00","article_modified_time":"2024-02-23T09:22:34+00:00","og_image":[{"width":719,"height":495,"url":"https:\/\/ostelandet.no\/wp-content\/uploads\/2023\/12\/Heidal_Ysteri_fremhevet.jpg","type":"image\/jpeg"}],"author":"eliho","twitter_card":"summary_large_image","twitter_misc":{"Written by":"eliho","Est. reading time":"6 minutes"},"schema":{"@context":"https:\/\/schema.org","@graph":[{"@type":"Article","@id":"https:\/\/ostelandet.no\/heidal-ysteri\/#article","isPartOf":{"@id":"https:\/\/ostelandet.no\/heidal-ysteri\/"},"author":{"name":"eliho","@id":"https:\/\/ostelandet.no\/#\/schema\/person\/5875f248502ea0794dca05f9ea518440"},"headline":"Heidal ysteri","datePublished":"2023-12-20T10:25:20+00:00","dateModified":"2024-02-23T09:22:34+00:00","mainEntityOfPage":{"@id":"https:\/\/ostelandet.no\/heidal-ysteri\/"},"wordCount":702,"publisher":{"@id":"https:\/\/ostelandet.no\/#organization"},"image":{"@id":"https:\/\/ostelandet.no\/heidal-ysteri\/#primaryimage"},"thumbnailUrl":"https:\/\/ostelandet.no\/wp-content\/uploads\/2023\/12\/Heidal_Ysteri_fremhevet.jpg","articleSection":["osteprat"],"inLanguage":"en-US"},{"@type":"WebPage","@id":"https:\/\/ostelandet.no\/heidal-ysteri\/","url":"https:\/\/ostelandet.no\/heidal-ysteri\/","name":"Heidal ysteri - Ostelandet Norge","isPartOf":{"@id":"https:\/\/ostelandet.no\/#website"},"primaryImageOfPage":{"@id":"https:\/\/ostelandet.no\/heidal-ysteri\/#primaryimage"},"image":{"@id":"https:\/\/ostelandet.no\/heidal-ysteri\/#primaryimage"},"thumbnailUrl":"https:\/\/ostelandet.no\/wp-content\/uploads\/2023\/12\/Heidal_Ysteri_fremhevet.jpg","datePublished":"2023-12-20T10:25:20+00:00","dateModified":"2024-02-23T09:22:34+00:00","description":"Heidal ligger \u00f8verst i Gudbrandsdalen og er bygda i Norge med st\u00f8rst samling av fredete bygdetun. Her har det i uminnelige tider v\u00e6rt kinna sm\u00f8r og ysta ost, - f\u00f8rst p\u00e5 setrene og s\u00e5 fra dampysteriet som kom i 1921.","breadcrumb":{"@id":"https:\/\/ostelandet.no\/heidal-ysteri\/#breadcrumb"},"inLanguage":"en-US","potentialAction":[{"@type":"ReadAction","target":["https:\/\/ostelandet.no\/heidal-ysteri\/"]}]},{"@type":"ImageObject","inLanguage":"en-US","@id":"https:\/\/ostelandet.no\/heidal-ysteri\/#primaryimage","url":"https:\/\/ostelandet.no\/wp-content\/uploads\/2023\/12\/Heidal_Ysteri_fremhevet.jpg","contentUrl":"https:\/\/ostelandet.no\/wp-content\/uploads\/2023\/12\/Heidal_Ysteri_fremhevet.jpg","width":719,"height":495},{"@type":"BreadcrumbList","@id":"https:\/\/ostelandet.no\/heidal-ysteri\/#breadcrumb","itemListElement":[{"@type":"ListItem","position":1,"name":"Hjem","item":"https:\/\/ostelandet.no\/"},{"@type":"ListItem","position":2,"name":"Heidal ysteri"}]},{"@type":"WebSite","@id":"https:\/\/ostelandet.no\/#website","url":"https:\/\/ostelandet.no\/","name":"Ostelandet Norge","description":"- L\u00e6r mer om norsk ost","publisher":{"@id":"https:\/\/ostelandet.no\/#organization"},"potentialAction":[{"@type":"SearchAction","target":{"@type":"EntryPoint","urlTemplate":"https:\/\/ostelandet.no\/?s={search_term_string}"},"query-input":{"@type":"PropertyValueSpecification","valueRequired":true,"valueName":"search_term_string"}}],"inLanguage":"en-US"},{"@type":"Organization","@id":"https:\/\/ostelandet.no\/#organization","name":"HANEN","url":"https:\/\/ostelandet.no\/","logo":{"@type":"ImageObject","inLanguage":"en-US","@id":"https:\/\/ostelandet.no\/#\/schema\/logo\/image\/","url":"https:\/\/ostelandet.no\/wp-content\/uploads\/2021\/09\/ostelandet_norge_2farger_mork_hierarkisk.png","contentUrl":"https:\/\/ostelandet.no\/wp-content\/uploads\/2021\/09\/ostelandet_norge_2farger_mork_hierarkisk.png","width":2062,"height":1223,"caption":"HANEN"},"image":{"@id":"https:\/\/ostelandet.no\/#\/schema\/logo\/image\/"},"sameAs":["https:\/\/www.facebook.com\/ostelandet-101474925294974","https:\/\/www.instagram.com\/ostelandet\/","https:\/\/www.linkedin.com\/showcase\/ostelandet-norge\/"]},{"@type":"Person","@id":"https:\/\/ostelandet.no\/#\/schema\/person\/5875f248502ea0794dca05f9ea518440","name":"eliho","image":{"@type":"ImageObject","inLanguage":"en-US","@id":"https:\/\/ostelandet.no\/#\/schema\/person\/image\/","url":"https:\/\/secure.gravatar.com\/avatar\/ea2d2e46de429e0415a330ea57f41bc101fea116d020ec3116a6fc2817d801cc?s=96&d=mm&r=g","contentUrl":"https:\/\/secure.gravatar.com\/avatar\/ea2d2e46de429e0415a330ea57f41bc101fea116d020ec3116a6fc2817d801cc?s=96&d=mm&r=g","caption":"eliho"},"url":"https:\/\/ostelandet.no\/en\/author\/eliho\/"}]}},"_links":{"self":[{"href":"https:\/\/ostelandet.no\/en\/wp-json\/wp\/v2\/posts\/11943","targetHints":{"allow":["GET"]}}],"collection":[{"href":"https:\/\/ostelandet.no\/en\/wp-json\/wp\/v2\/posts"}],"about":[{"href":"https:\/\/ostelandet.no\/en\/wp-json\/wp\/v2\/types\/post"}],"author":[{"embeddable":true,"href":"https:\/\/ostelandet.no\/en\/wp-json\/wp\/v2\/users\/1"}],"replies":[{"embeddable":true,"href":"https:\/\/ostelandet.no\/en\/wp-json\/wp\/v2\/comments?post=11943"}],"version-history":[{"count":2,"href":"https:\/\/ostelandet.no\/en\/wp-json\/wp\/v2\/posts\/11943\/revisions"}],"predecessor-version":[{"id":11951,"href":"https:\/\/ostelandet.no\/en\/wp-json\/wp\/v2\/posts\/11943\/revisions\/11951"}],"wp:featuredmedia":[{"embeddable":true,"href":"https:\/\/ostelandet.no\/en\/wp-json\/wp\/v2\/media\/12047"}],"wp:attachment":[{"href":"https:\/\/ostelandet.no\/en\/wp-json\/wp\/v2\/media?parent=11943"}],"wp:term":[{"taxonomy":"category","embeddable":true,"href":"https:\/\/ostelandet.no\/en\/wp-json\/wp\/v2\/categories?post=11943"},{"taxonomy":"post_tag","embeddable":true,"href":"https:\/\/ostelandet.no\/en\/wp-json\/wp\/v2\/tags?post=11943"},{"taxonomy":"produsent-ostetype","embeddable":true,"href":"https:\/\/ostelandet.no\/en\/wp-json\/wp\/v2\/produsent-ostetype?post=11943"},{"taxonomy":"produsentfylke","embeddable":true,"href":"https:\/\/ostelandet.no\/en\/wp-json\/wp\/v2\/produsentfylke?post=11943"}],"curies":[{"name":"wp","href":"https:\/\/api.w.org\/{rel}","templated":true}]}}