{"id":11895,"date":"2023-12-05T10:36:34","date_gmt":"2023-12-05T09:36:34","guid":{"rendered":"https:\/\/ostelandet.no\/?p=11895"},"modified":"2023-12-05T10:37:18","modified_gmt":"2023-12-05T09:37:18","slug":"urtemarinert-ost","status":"publish","type":"post","link":"https:\/\/ostelandet.no\/en\/urtemarinert-ost\/","title":{"rendered":"Urtemarinert ost"},"content":{"rendered":"<img loading=\"lazy\" decoding=\"async\" src=\"https:\/\/ostelandet.no\/wp-content\/uploads\/2023\/12\/urtemarinet_ost-Foto_-melk.no_-1024x762.jpg\" alt=\"urtemarinet_ost Foto_ melk.no\" itemprop=\"image\" height=\"762\" width=\"1024\" title=\"urtemarinet_ost Foto_ melk.no\" onerror=\"this.style.display='none'\"  \/>\n<h2>\n\t\tUrtemarinert ost\n\t<\/h2>\n\t<p>Ost kan brukes p\u00e5 s\u00e5 mange m\u00e5ter. Dette er en variant som passer godt p\u00e5 tapasbordet, i salaten eller som snacks. Marinaden er ogs\u00e5 god \u00e5 bruke som dressing og til steking.\u00a0<\/p>\n<p>Ikke minst er det\u00a0 en hyggelig\u00a0 gave b\u00e5de \u00e5 f\u00e5 og \u00e5 gi bort.<\/p>\n<h2>\n\t\tIngredients:\n\t<\/h2>\n\t<p>&nbsp;<\/p>\n<h3>Porsjoner 4<\/h3>\n<ul>\n<li><strong>100\u00a0g<\/strong>\u00a0Gulost (f.eks. Jarlsberg, edamer eller sveitser)<\/li>\n<li><strong>2\u00a0ss<\/strong>\u00a0Solt\u00f8rkede tomater<\/li>\n<li><strong>6\u00a0stk<\/strong>\u00a0Sorte oliven<\/li>\n<li><strong>1\u00a0ts<\/strong>\u00a0Pesto<\/li>\n<li><strong>1\u00a0ts<\/strong>\u00a0T\u00f8rket basilikum<\/li>\n<li><strong>1\u00a0ts<\/strong>\u00a0T\u00f8rket persille<\/li>\n<li><strong>1\u00a0ts<\/strong>\u00a0T\u00f8rket timian<\/li>\n<li><strong>0,5\u00a0ts<\/strong>\u00a0Pepper (grovt)<\/li>\n<li><strong>2\u00a0dl<\/strong>\u00a0Olivenolje<\/li>\n<\/ul>\n<h2>\n\t\tApproach:\n\t<\/h2>\n\t<ol>\n<li>Skj\u00e6r osten i terninger, del solt\u00f8rket tomat i sm\u00e5 biter og del oliven i fire.<\/li>\n<li>Bland alle ingrediensene utenom olivenolje i en kj\u00f8kkenbolle.<\/li>\n<li>Hell over oljen og la osten st\u00e5 og trekke p\u00e5 et kj\u00f8lig sted i minst 1 d\u00f8gn.Serv\u00e9r\u00a0marinert ost som snacks eller forrett. Ta vare p\u00e5 marinaden; den er ogs\u00e5 god til steking av gr\u00f8nnsaker.<\/li>\n<\/ol>\n\t<p>Foto og oppskrift fra melk.no<\/p>\n<h1>\n\t\tMore recipes\n\t<\/h1>","protected":false},"excerpt":{"rendered":"<p>Urtemarienrt ost passer godt p\u00e5 tapasbordet, i salaten eller som snacks. Marinaden er ogs\u00e5 god \u00e5 bruke som dressing og til steking.<br \/>\nIkke minst er det  en hyggelig  gave b\u00e5de \u00e5 f\u00e5 og \u00e5 gi bort.<\/p>","protected":false},"author":1,"featured_media":11896,"comment_status":"closed","ping_status":"closed","sticky":false,"template":"","format":"standard","meta":{"_acf_changed":false,"footnotes":""},"categories":[30],"tags":[],"produsent-ostetype":[],"produsentfylke":[],"class_list":["post-11895","post","type-post","status-publish","format-standard","has-post-thumbnail","hentry","category-oppskrifter"],"acf":[],"yoast_head":"<!-- This site is optimized with the Yoast SEO plugin v26.1.1 - https:\/\/yoast.com\/wordpress\/plugins\/seo\/ -->\n<title>Urtemarinert ost - Ostelandet Norge<\/title>\n<meta name=\"description\" content=\"Urtemarienrt ost passer godt p\u00e5 tapasbordet, i salaten eller som snacks. Marinaden er ogs\u00e5 god \u00e5 bruke som dressing og til steking. Ikke minst er det en hyggelig gave b\u00e5de \u00e5 f\u00e5 og \u00e5 gi bort.\" \/>\n<meta name=\"robots\" content=\"index, follow, max-snippet:-1, max-image-preview:large, max-video-preview:-1\" \/>\n<link rel=\"canonical\" href=\"https:\/\/ostelandet.no\/en\/urtemarinert-ost\/\" \/>\n<meta property=\"og:locale\" content=\"en_US\" \/>\n<meta property=\"og:type\" content=\"article\" \/>\n<meta property=\"og:title\" content=\"Urtemarinert ost - Ostelandet Norge\" \/>\n<meta property=\"og:description\" content=\"Urtemarienrt ost passer godt p\u00e5 tapasbordet, i salaten eller som snacks. Marinaden er ogs\u00e5 god \u00e5 bruke som dressing og til steking. Ikke minst er det en hyggelig gave b\u00e5de \u00e5 f\u00e5 og \u00e5 gi bort.\" \/>\n<meta property=\"og:url\" content=\"https:\/\/ostelandet.no\/en\/urtemarinert-ost\/\" \/>\n<meta property=\"og:site_name\" content=\"Ostelandet Norge\" \/>\n<meta property=\"article:publisher\" content=\"https:\/\/www.facebook.com\/ostelandet-101474925294974\" \/>\n<meta property=\"article:published_time\" content=\"2023-12-05T09:36:34+00:00\" \/>\n<meta property=\"article:modified_time\" content=\"2023-12-05T09:37:18+00:00\" \/>\n<meta property=\"og:image\" content=\"https:\/\/ostelandet.no\/wp-content\/uploads\/2023\/12\/urtemarinet_ost-Foto_-melk.no_-scaled.jpg\" \/>\n\t<meta property=\"og:image:width\" content=\"2560\" \/>\n\t<meta property=\"og:image:height\" content=\"1905\" \/>\n\t<meta property=\"og:image:type\" content=\"image\/jpeg\" \/>\n<meta name=\"author\" content=\"eliho\" \/>\n<meta name=\"twitter:card\" content=\"summary_large_image\" \/>\n<meta name=\"twitter:label1\" content=\"Written by\" \/>\n\t<meta name=\"twitter:data1\" content=\"eliho\" \/>\n<script type=\"application\/ld+json\" class=\"yoast-schema-graph\">{\"@context\":\"https:\/\/schema.org\",\"@graph\":[{\"@type\":\"Article\",\"@id\":\"https:\/\/ostelandet.no\/urtemarinert-ost\/#article\",\"isPartOf\":{\"@id\":\"https:\/\/ostelandet.no\/urtemarinert-ost\/\"},\"author\":{\"name\":\"eliho\",\"@id\":\"https:\/\/ostelandet.no\/#\/schema\/person\/5875f248502ea0794dca05f9ea518440\"},\"headline\":\"Urtemarinert ost\",\"datePublished\":\"2023-12-05T09:36:34+00:00\",\"dateModified\":\"2023-12-05T09:37:18+00:00\",\"mainEntityOfPage\":{\"@id\":\"https:\/\/ostelandet.no\/urtemarinert-ost\/\"},\"wordCount\":161,\"publisher\":{\"@id\":\"https:\/\/ostelandet.no\/#organization\"},\"image\":{\"@id\":\"https:\/\/ostelandet.no\/urtemarinert-ost\/#primaryimage\"},\"thumbnailUrl\":\"https:\/\/ostelandet.no\/wp-content\/uploads\/2023\/12\/urtemarinet_ost-Foto_-melk.no_-scaled.jpg\",\"articleSection\":[\"Oppskrifter\"],\"inLanguage\":\"en-US\"},{\"@type\":\"WebPage\",\"@id\":\"https:\/\/ostelandet.no\/urtemarinert-ost\/\",\"url\":\"https:\/\/ostelandet.no\/urtemarinert-ost\/\",\"name\":\"Urtemarinert ost - Ostelandet Norge\",\"isPartOf\":{\"@id\":\"https:\/\/ostelandet.no\/#website\"},\"primaryImageOfPage\":{\"@id\":\"https:\/\/ostelandet.no\/urtemarinert-ost\/#primaryimage\"},\"image\":{\"@id\":\"https:\/\/ostelandet.no\/urtemarinert-ost\/#primaryimage\"},\"thumbnailUrl\":\"https:\/\/ostelandet.no\/wp-content\/uploads\/2023\/12\/urtemarinet_ost-Foto_-melk.no_-scaled.jpg\",\"datePublished\":\"2023-12-05T09:36:34+00:00\",\"dateModified\":\"2023-12-05T09:37:18+00:00\",\"description\":\"Urtemarienrt ost passer godt p\u00e5 tapasbordet, i salaten eller som snacks. Marinaden er ogs\u00e5 god \u00e5 bruke som dressing og til steking. Ikke minst er det en hyggelig gave b\u00e5de \u00e5 f\u00e5 og \u00e5 gi bort.\",\"breadcrumb\":{\"@id\":\"https:\/\/ostelandet.no\/urtemarinert-ost\/#breadcrumb\"},\"inLanguage\":\"en-US\",\"potentialAction\":[{\"@type\":\"ReadAction\",\"target\":[\"https:\/\/ostelandet.no\/urtemarinert-ost\/\"]}]},{\"@type\":\"ImageObject\",\"inLanguage\":\"en-US\",\"@id\":\"https:\/\/ostelandet.no\/urtemarinert-ost\/#primaryimage\",\"url\":\"https:\/\/ostelandet.no\/wp-content\/uploads\/2023\/12\/urtemarinet_ost-Foto_-melk.no_-scaled.jpg\",\"contentUrl\":\"https:\/\/ostelandet.no\/wp-content\/uploads\/2023\/12\/urtemarinet_ost-Foto_-melk.no_-scaled.jpg\",\"width\":2560,\"height\":1905},{\"@type\":\"BreadcrumbList\",\"@id\":\"https:\/\/ostelandet.no\/urtemarinert-ost\/#breadcrumb\",\"itemListElement\":[{\"@type\":\"ListItem\",\"position\":1,\"name\":\"Hjem\",\"item\":\"https:\/\/ostelandet.no\/\"},{\"@type\":\"ListItem\",\"position\":2,\"name\":\"Urtemarinert ost\"}]},{\"@type\":\"WebSite\",\"@id\":\"https:\/\/ostelandet.no\/#website\",\"url\":\"https:\/\/ostelandet.no\/\",\"name\":\"Ostelandet Norge\",\"description\":\"- L\u00e6r mer om norsk ost\",\"publisher\":{\"@id\":\"https:\/\/ostelandet.no\/#organization\"},\"potentialAction\":[{\"@type\":\"SearchAction\",\"target\":{\"@type\":\"EntryPoint\",\"urlTemplate\":\"https:\/\/ostelandet.no\/?s={search_term_string}\"},\"query-input\":{\"@type\":\"PropertyValueSpecification\",\"valueRequired\":true,\"valueName\":\"search_term_string\"}}],\"inLanguage\":\"en-US\"},{\"@type\":\"Organization\",\"@id\":\"https:\/\/ostelandet.no\/#organization\",\"name\":\"HANEN\",\"url\":\"https:\/\/ostelandet.no\/\",\"logo\":{\"@type\":\"ImageObject\",\"inLanguage\":\"en-US\",\"@id\":\"https:\/\/ostelandet.no\/#\/schema\/logo\/image\/\",\"url\":\"https:\/\/ostelandet.no\/wp-content\/uploads\/2021\/09\/ostelandet_norge_2farger_mork_hierarkisk.png\",\"contentUrl\":\"https:\/\/ostelandet.no\/wp-content\/uploads\/2021\/09\/ostelandet_norge_2farger_mork_hierarkisk.png\",\"width\":2062,\"height\":1223,\"caption\":\"HANEN\"},\"image\":{\"@id\":\"https:\/\/ostelandet.no\/#\/schema\/logo\/image\/\"},\"sameAs\":[\"https:\/\/www.facebook.com\/ostelandet-101474925294974\",\"https:\/\/www.instagram.com\/ostelandet\/\",\"https:\/\/www.linkedin.com\/showcase\/ostelandet-norge\/\"]},{\"@type\":\"Person\",\"@id\":\"https:\/\/ostelandet.no\/#\/schema\/person\/5875f248502ea0794dca05f9ea518440\",\"name\":\"eliho\",\"image\":{\"@type\":\"ImageObject\",\"inLanguage\":\"en-US\",\"@id\":\"https:\/\/ostelandet.no\/#\/schema\/person\/image\/\",\"url\":\"https:\/\/secure.gravatar.com\/avatar\/ea2d2e46de429e0415a330ea57f41bc101fea116d020ec3116a6fc2817d801cc?s=96&d=mm&r=g\",\"contentUrl\":\"https:\/\/secure.gravatar.com\/avatar\/ea2d2e46de429e0415a330ea57f41bc101fea116d020ec3116a6fc2817d801cc?s=96&d=mm&r=g\",\"caption\":\"eliho\"},\"url\":\"https:\/\/ostelandet.no\/en\/author\/eliho\/\"}]}<\/script>\n<!-- \/ Yoast SEO plugin. -->","yoast_head_json":{"title":"Urtemarinert ost - Ostelandet Norge","description":"Urtemarienrt ost passer godt p\u00e5 tapasbordet, i salaten eller som snacks. Marinaden er ogs\u00e5 god \u00e5 bruke som dressing og til steking. Ikke minst er det en hyggelig gave b\u00e5de \u00e5 f\u00e5 og \u00e5 gi bort.","robots":{"index":"index","follow":"follow","max-snippet":"max-snippet:-1","max-image-preview":"max-image-preview:large","max-video-preview":"max-video-preview:-1"},"canonical":"https:\/\/ostelandet.no\/en\/urtemarinert-ost\/","og_locale":"en_US","og_type":"article","og_title":"Urtemarinert ost - Ostelandet Norge","og_description":"Urtemarienrt ost passer godt p\u00e5 tapasbordet, i salaten eller som snacks. Marinaden er ogs\u00e5 god \u00e5 bruke som dressing og til steking. Ikke minst er det en hyggelig gave b\u00e5de \u00e5 f\u00e5 og \u00e5 gi bort.","og_url":"https:\/\/ostelandet.no\/en\/urtemarinert-ost\/","og_site_name":"Ostelandet Norge","article_publisher":"https:\/\/www.facebook.com\/ostelandet-101474925294974","article_published_time":"2023-12-05T09:36:34+00:00","article_modified_time":"2023-12-05T09:37:18+00:00","og_image":[{"width":2560,"height":1905,"url":"https:\/\/ostelandet.no\/wp-content\/uploads\/2023\/12\/urtemarinet_ost-Foto_-melk.no_-scaled.jpg","type":"image\/jpeg"}],"author":"eliho","twitter_card":"summary_large_image","twitter_misc":{"Written by":"eliho"},"schema":{"@context":"https:\/\/schema.org","@graph":[{"@type":"Article","@id":"https:\/\/ostelandet.no\/urtemarinert-ost\/#article","isPartOf":{"@id":"https:\/\/ostelandet.no\/urtemarinert-ost\/"},"author":{"name":"eliho","@id":"https:\/\/ostelandet.no\/#\/schema\/person\/5875f248502ea0794dca05f9ea518440"},"headline":"Urtemarinert ost","datePublished":"2023-12-05T09:36:34+00:00","dateModified":"2023-12-05T09:37:18+00:00","mainEntityOfPage":{"@id":"https:\/\/ostelandet.no\/urtemarinert-ost\/"},"wordCount":161,"publisher":{"@id":"https:\/\/ostelandet.no\/#organization"},"image":{"@id":"https:\/\/ostelandet.no\/urtemarinert-ost\/#primaryimage"},"thumbnailUrl":"https:\/\/ostelandet.no\/wp-content\/uploads\/2023\/12\/urtemarinet_ost-Foto_-melk.no_-scaled.jpg","articleSection":["Oppskrifter"],"inLanguage":"en-US"},{"@type":"WebPage","@id":"https:\/\/ostelandet.no\/urtemarinert-ost\/","url":"https:\/\/ostelandet.no\/urtemarinert-ost\/","name":"Urtemarinert ost - Ostelandet Norge","isPartOf":{"@id":"https:\/\/ostelandet.no\/#website"},"primaryImageOfPage":{"@id":"https:\/\/ostelandet.no\/urtemarinert-ost\/#primaryimage"},"image":{"@id":"https:\/\/ostelandet.no\/urtemarinert-ost\/#primaryimage"},"thumbnailUrl":"https:\/\/ostelandet.no\/wp-content\/uploads\/2023\/12\/urtemarinet_ost-Foto_-melk.no_-scaled.jpg","datePublished":"2023-12-05T09:36:34+00:00","dateModified":"2023-12-05T09:37:18+00:00","description":"Urtemarienrt ost passer godt p\u00e5 tapasbordet, i salaten eller som snacks. Marinaden er ogs\u00e5 god \u00e5 bruke som dressing og til steking. Ikke minst er det en hyggelig gave b\u00e5de \u00e5 f\u00e5 og \u00e5 gi bort.","breadcrumb":{"@id":"https:\/\/ostelandet.no\/urtemarinert-ost\/#breadcrumb"},"inLanguage":"en-US","potentialAction":[{"@type":"ReadAction","target":["https:\/\/ostelandet.no\/urtemarinert-ost\/"]}]},{"@type":"ImageObject","inLanguage":"en-US","@id":"https:\/\/ostelandet.no\/urtemarinert-ost\/#primaryimage","url":"https:\/\/ostelandet.no\/wp-content\/uploads\/2023\/12\/urtemarinet_ost-Foto_-melk.no_-scaled.jpg","contentUrl":"https:\/\/ostelandet.no\/wp-content\/uploads\/2023\/12\/urtemarinet_ost-Foto_-melk.no_-scaled.jpg","width":2560,"height":1905},{"@type":"BreadcrumbList","@id":"https:\/\/ostelandet.no\/urtemarinert-ost\/#breadcrumb","itemListElement":[{"@type":"ListItem","position":1,"name":"Hjem","item":"https:\/\/ostelandet.no\/"},{"@type":"ListItem","position":2,"name":"Urtemarinert ost"}]},{"@type":"WebSite","@id":"https:\/\/ostelandet.no\/#website","url":"https:\/\/ostelandet.no\/","name":"Ostelandet Norge","description":"- L\u00e6r mer om norsk ost","publisher":{"@id":"https:\/\/ostelandet.no\/#organization"},"potentialAction":[{"@type":"SearchAction","target":{"@type":"EntryPoint","urlTemplate":"https:\/\/ostelandet.no\/?s={search_term_string}"},"query-input":{"@type":"PropertyValueSpecification","valueRequired":true,"valueName":"search_term_string"}}],"inLanguage":"en-US"},{"@type":"Organization","@id":"https:\/\/ostelandet.no\/#organization","name":"HANEN","url":"https:\/\/ostelandet.no\/","logo":{"@type":"ImageObject","inLanguage":"en-US","@id":"https:\/\/ostelandet.no\/#\/schema\/logo\/image\/","url":"https:\/\/ostelandet.no\/wp-content\/uploads\/2021\/09\/ostelandet_norge_2farger_mork_hierarkisk.png","contentUrl":"https:\/\/ostelandet.no\/wp-content\/uploads\/2021\/09\/ostelandet_norge_2farger_mork_hierarkisk.png","width":2062,"height":1223,"caption":"HANEN"},"image":{"@id":"https:\/\/ostelandet.no\/#\/schema\/logo\/image\/"},"sameAs":["https:\/\/www.facebook.com\/ostelandet-101474925294974","https:\/\/www.instagram.com\/ostelandet\/","https:\/\/www.linkedin.com\/showcase\/ostelandet-norge\/"]},{"@type":"Person","@id":"https:\/\/ostelandet.no\/#\/schema\/person\/5875f248502ea0794dca05f9ea518440","name":"eliho","image":{"@type":"ImageObject","inLanguage":"en-US","@id":"https:\/\/ostelandet.no\/#\/schema\/person\/image\/","url":"https:\/\/secure.gravatar.com\/avatar\/ea2d2e46de429e0415a330ea57f41bc101fea116d020ec3116a6fc2817d801cc?s=96&d=mm&r=g","contentUrl":"https:\/\/secure.gravatar.com\/avatar\/ea2d2e46de429e0415a330ea57f41bc101fea116d020ec3116a6fc2817d801cc?s=96&d=mm&r=g","caption":"eliho"},"url":"https:\/\/ostelandet.no\/en\/author\/eliho\/"}]}},"_links":{"self":[{"href":"https:\/\/ostelandet.no\/en\/wp-json\/wp\/v2\/posts\/11895","targetHints":{"allow":["GET"]}}],"collection":[{"href":"https:\/\/ostelandet.no\/en\/wp-json\/wp\/v2\/posts"}],"about":[{"href":"https:\/\/ostelandet.no\/en\/wp-json\/wp\/v2\/types\/post"}],"author":[{"embeddable":true,"href":"https:\/\/ostelandet.no\/en\/wp-json\/wp\/v2\/users\/1"}],"replies":[{"embeddable":true,"href":"https:\/\/ostelandet.no\/en\/wp-json\/wp\/v2\/comments?post=11895"}],"version-history":[{"count":3,"href":"https:\/\/ostelandet.no\/en\/wp-json\/wp\/v2\/posts\/11895\/revisions"}],"predecessor-version":[{"id":11899,"href":"https:\/\/ostelandet.no\/en\/wp-json\/wp\/v2\/posts\/11895\/revisions\/11899"}],"wp:featuredmedia":[{"embeddable":true,"href":"https:\/\/ostelandet.no\/en\/wp-json\/wp\/v2\/media\/11896"}],"wp:attachment":[{"href":"https:\/\/ostelandet.no\/en\/wp-json\/wp\/v2\/media?parent=11895"}],"wp:term":[{"taxonomy":"category","embeddable":true,"href":"https:\/\/ostelandet.no\/en\/wp-json\/wp\/v2\/categories?post=11895"},{"taxonomy":"post_tag","embeddable":true,"href":"https:\/\/ostelandet.no\/en\/wp-json\/wp\/v2\/tags?post=11895"},{"taxonomy":"produsent-ostetype","embeddable":true,"href":"https:\/\/ostelandet.no\/en\/wp-json\/wp\/v2\/produsent-ostetype?post=11895"},{"taxonomy":"produsentfylke","embeddable":true,"href":"https:\/\/ostelandet.no\/en\/wp-json\/wp\/v2\/produsentfylke?post=11895"}],"curies":[{"name":"wp","href":"https:\/\/api.w.org\/{rel}","templated":true}]}}