{"id":11886,"date":"2023-12-04T14:37:37","date_gmt":"2023-12-04T13:37:37","guid":{"rendered":"https:\/\/ostelandet.no\/?p=11886"},"modified":"2023-12-04T15:23:54","modified_gmt":"2023-12-04T14:23:54","slug":"fikenmarmelade","status":"publish","type":"post","link":"https:\/\/ostelandet.no\/en\/fikenmarmelade\/","title":{"rendered":"Fikenmarmelade"},"content":{"rendered":"<img loading=\"lazy\" decoding=\"async\" src=\"https:\/\/ostelandet.no\/wp-content\/uploads\/2023\/11\/Green-Red-Minimalist-December-2022-Monthly-Calendar-1.png\" alt=\"Green Red Minimalist December 2022 Monthly Calendar (1)\" itemprop=\"image\" height=\"1080\" width=\"1920\" title=\"Green Red Minimalist December 2022 Monthly Calendar (1)\" onerror=\"this.style.display='none'\">\n<h2>\n\t\tFikenmarmelade\n\t<\/h2>\nFikenmarmelade kan du lage b\u00e5de av ferske og t\u00f8rkede fikener. V\u00e5r marmelade er laget av ferske, og smaker himmelsk f.eks. til ostefatet eller som vanlig p\u00e5legg til br\u00f8dskiva.\n20-40 min\n<h3>INGREDIENSER<\/h3>\n<ul>\n<li>10&nbsp;ferske fikener<\/li>\n<li>100&nbsp;g&nbsp;brunt sukker<\/li>\n<li>\u00bd&nbsp;vaniljestang<\/li>\n<li>0,5&nbsp;dl&nbsp;vann<\/li>\n<li>1&nbsp;stjerneanis<\/li>\n<li>sitronsaft etter smak<\/li>\n<\/ul>\n\n<h2>FREMGANGSM\u00c5TE<\/h2>\n<ol>\n<li>Del vaniljestangen p\u00e5 langs og skrap ut fr\u00f8ene.<\/li>\n<li>Ha vann, sukker, vaniljefr\u00f8 og stang i en kjele. Kok opp og r\u00f8r til sukkeret er oppl\u00f8st.<\/li>\n<li>Fjern stilken p\u00e5 fikenene og del dem i b\u00e5ter. Ha de i kjelen og la det sm\u00e5koke i ca. 15 minutter.<\/li>\n<li>Fjern vaniljestangen.<\/li>\n<li>Smak til med sitronsaft.<\/li>\n<li>Ha fikenmarmeladen over p\u00e5 varme, rene glass. Fyll glassene helt opp. Sett p\u00e5 lokk.<\/li>\n<\/ol>\n<p>&nbsp;<\/p>\n<p>Oppbevares m\u00f8rkt og kj\u00f8lig.<\/p>\n\t<p>Oppskrift fra frukt.no<\/p>\n<h1>\n\t\tMore recipes\n\t<\/h1>","protected":false},"excerpt":{"rendered":"<p>Fikenmarmelade kan du lage b\u00e5de av ferske og t\u00f8rkede fikener. V\u00e5r marmelade er laget av ferske, og smaker himmelsk f.eks. til ostefatet eller som vanlig p\u00e5legg til br\u00f8dskiva.<\/p>","protected":false},"author":1,"featured_media":11845,"comment_status":"closed","ping_status":"closed","sticky":false,"template":"","format":"standard","meta":{"_acf_changed":false,"footnotes":""},"categories":[30],"tags":[1019],"produsent-ostetype":[],"produsentfylke":[],"class_list":["post-11886","post","type-post","status-publish","format-standard","has-post-thumbnail","hentry","category-oppskrifter","tag-fikenmarmelade"],"acf":[],"yoast_head":"<!-- This site is optimized with the Yoast SEO plugin v26.1.1 - https:\/\/yoast.com\/wordpress\/plugins\/seo\/ -->\n<title>Fikenmarmelade - Ostelandet Norge<\/title>\n<meta name=\"description\" content=\"Fikenmarmelade kan du lage b\u00e5de av ferske og t\u00f8rkede fikener. V\u00e5r marmelade er laget av ferske, og smaker himmelsk f.eks. til ostefatet eller som vanlig p\u00e5legg til br\u00f8dskiva.\" \/>\n<meta name=\"robots\" content=\"index, follow, max-snippet:-1, max-image-preview:large, max-video-preview:-1\" \/>\n<link rel=\"canonical\" href=\"https:\/\/ostelandet.no\/en\/fikenmarmelade\/\" \/>\n<meta property=\"og:locale\" content=\"en_US\" \/>\n<meta property=\"og:type\" content=\"article\" \/>\n<meta property=\"og:title\" content=\"Fikenmarmelade - Ostelandet Norge\" \/>\n<meta property=\"og:description\" content=\"Fikenmarmelade kan du lage b\u00e5de av ferske og t\u00f8rkede fikener. V\u00e5r marmelade er laget av ferske, og smaker himmelsk f.eks. til ostefatet eller som vanlig p\u00e5legg til br\u00f8dskiva.\" \/>\n<meta property=\"og:url\" content=\"https:\/\/ostelandet.no\/en\/fikenmarmelade\/\" \/>\n<meta property=\"og:site_name\" content=\"Ostelandet Norge\" \/>\n<meta property=\"article:publisher\" content=\"https:\/\/www.facebook.com\/ostelandet-101474925294974\" \/>\n<meta property=\"article:published_time\" content=\"2023-12-04T13:37:37+00:00\" \/>\n<meta property=\"article:modified_time\" content=\"2023-12-04T14:23:54+00:00\" \/>\n<meta property=\"og:image\" content=\"https:\/\/ostelandet.no\/wp-content\/uploads\/2023\/11\/Green-Red-Minimalist-December-2022-Monthly-Calendar-1-1024x576.png\" \/>\n\t<meta property=\"og:image:width\" content=\"1024\" \/>\n\t<meta property=\"og:image:height\" content=\"576\" \/>\n\t<meta property=\"og:image:type\" content=\"image\/png\" \/>\n<meta name=\"author\" content=\"eliho\" \/>\n<meta name=\"twitter:card\" content=\"summary_large_image\" \/>\n<meta name=\"twitter:label1\" content=\"Written by\" \/>\n\t<meta name=\"twitter:data1\" content=\"eliho\" \/>\n\t<meta name=\"twitter:label2\" content=\"Est. reading time\" \/>\n\t<meta name=\"twitter:data2\" content=\"1 minute\" \/>\n<script type=\"application\/ld+json\" class=\"yoast-schema-graph\">{\"@context\":\"https:\/\/schema.org\",\"@graph\":[{\"@type\":\"Article\",\"@id\":\"https:\/\/ostelandet.no\/fikenmarmelade\/#article\",\"isPartOf\":{\"@id\":\"https:\/\/ostelandet.no\/fikenmarmelade\/\"},\"author\":{\"name\":\"eliho\",\"@id\":\"https:\/\/ostelandet.no\/#\/schema\/person\/5875f248502ea0794dca05f9ea518440\"},\"headline\":\"Fikenmarmelade\",\"datePublished\":\"2023-12-04T13:37:37+00:00\",\"dateModified\":\"2023-12-04T14:23:54+00:00\",\"mainEntityOfPage\":{\"@id\":\"https:\/\/ostelandet.no\/fikenmarmelade\/\"},\"wordCount\":143,\"publisher\":{\"@id\":\"https:\/\/ostelandet.no\/#organization\"},\"image\":{\"@id\":\"https:\/\/ostelandet.no\/fikenmarmelade\/#primaryimage\"},\"thumbnailUrl\":\"https:\/\/ostelandet.no\/wp-content\/uploads\/2023\/11\/Green-Red-Minimalist-December-2022-Monthly-Calendar-1.png\",\"keywords\":[\"fikenmarmelade\"],\"articleSection\":[\"Oppskrifter\"],\"inLanguage\":\"en-US\"},{\"@type\":\"WebPage\",\"@id\":\"https:\/\/ostelandet.no\/fikenmarmelade\/\",\"url\":\"https:\/\/ostelandet.no\/fikenmarmelade\/\",\"name\":\"Fikenmarmelade - Ostelandet Norge\",\"isPartOf\":{\"@id\":\"https:\/\/ostelandet.no\/#website\"},\"primaryImageOfPage\":{\"@id\":\"https:\/\/ostelandet.no\/fikenmarmelade\/#primaryimage\"},\"image\":{\"@id\":\"https:\/\/ostelandet.no\/fikenmarmelade\/#primaryimage\"},\"thumbnailUrl\":\"https:\/\/ostelandet.no\/wp-content\/uploads\/2023\/11\/Green-Red-Minimalist-December-2022-Monthly-Calendar-1.png\",\"datePublished\":\"2023-12-04T13:37:37+00:00\",\"dateModified\":\"2023-12-04T14:23:54+00:00\",\"description\":\"Fikenmarmelade kan du lage b\u00e5de av ferske og t\u00f8rkede fikener. V\u00e5r marmelade er laget av ferske, og smaker himmelsk f.eks. til ostefatet eller som vanlig p\u00e5legg til br\u00f8dskiva.\",\"breadcrumb\":{\"@id\":\"https:\/\/ostelandet.no\/fikenmarmelade\/#breadcrumb\"},\"inLanguage\":\"en-US\",\"potentialAction\":[{\"@type\":\"ReadAction\",\"target\":[\"https:\/\/ostelandet.no\/fikenmarmelade\/\"]}]},{\"@type\":\"ImageObject\",\"inLanguage\":\"en-US\",\"@id\":\"https:\/\/ostelandet.no\/fikenmarmelade\/#primaryimage\",\"url\":\"https:\/\/ostelandet.no\/wp-content\/uploads\/2023\/11\/Green-Red-Minimalist-December-2022-Monthly-Calendar-1.png\",\"contentUrl\":\"https:\/\/ostelandet.no\/wp-content\/uploads\/2023\/11\/Green-Red-Minimalist-December-2022-Monthly-Calendar-1.png\",\"width\":1920,\"height\":1080},{\"@type\":\"BreadcrumbList\",\"@id\":\"https:\/\/ostelandet.no\/fikenmarmelade\/#breadcrumb\",\"itemListElement\":[{\"@type\":\"ListItem\",\"position\":1,\"name\":\"Hjem\",\"item\":\"https:\/\/ostelandet.no\/\"},{\"@type\":\"ListItem\",\"position\":2,\"name\":\"Fikenmarmelade\"}]},{\"@type\":\"WebSite\",\"@id\":\"https:\/\/ostelandet.no\/#website\",\"url\":\"https:\/\/ostelandet.no\/\",\"name\":\"Ostelandet Norge\",\"description\":\"- L\u00e6r mer om norsk ost\",\"publisher\":{\"@id\":\"https:\/\/ostelandet.no\/#organization\"},\"potentialAction\":[{\"@type\":\"SearchAction\",\"target\":{\"@type\":\"EntryPoint\",\"urlTemplate\":\"https:\/\/ostelandet.no\/?s={search_term_string}\"},\"query-input\":{\"@type\":\"PropertyValueSpecification\",\"valueRequired\":true,\"valueName\":\"search_term_string\"}}],\"inLanguage\":\"en-US\"},{\"@type\":\"Organization\",\"@id\":\"https:\/\/ostelandet.no\/#organization\",\"name\":\"HANEN\",\"url\":\"https:\/\/ostelandet.no\/\",\"logo\":{\"@type\":\"ImageObject\",\"inLanguage\":\"en-US\",\"@id\":\"https:\/\/ostelandet.no\/#\/schema\/logo\/image\/\",\"url\":\"https:\/\/ostelandet.no\/wp-content\/uploads\/2021\/09\/ostelandet_norge_2farger_mork_hierarkisk.png\",\"contentUrl\":\"https:\/\/ostelandet.no\/wp-content\/uploads\/2021\/09\/ostelandet_norge_2farger_mork_hierarkisk.png\",\"width\":2062,\"height\":1223,\"caption\":\"HANEN\"},\"image\":{\"@id\":\"https:\/\/ostelandet.no\/#\/schema\/logo\/image\/\"},\"sameAs\":[\"https:\/\/www.facebook.com\/ostelandet-101474925294974\",\"https:\/\/www.instagram.com\/ostelandet\/\",\"https:\/\/www.linkedin.com\/showcase\/ostelandet-norge\/\"]},{\"@type\":\"Person\",\"@id\":\"https:\/\/ostelandet.no\/#\/schema\/person\/5875f248502ea0794dca05f9ea518440\",\"name\":\"eliho\",\"image\":{\"@type\":\"ImageObject\",\"inLanguage\":\"en-US\",\"@id\":\"https:\/\/ostelandet.no\/#\/schema\/person\/image\/\",\"url\":\"https:\/\/secure.gravatar.com\/avatar\/ea2d2e46de429e0415a330ea57f41bc101fea116d020ec3116a6fc2817d801cc?s=96&d=mm&r=g\",\"contentUrl\":\"https:\/\/secure.gravatar.com\/avatar\/ea2d2e46de429e0415a330ea57f41bc101fea116d020ec3116a6fc2817d801cc?s=96&d=mm&r=g\",\"caption\":\"eliho\"},\"url\":\"https:\/\/ostelandet.no\/en\/author\/eliho\/\"}]}<\/script>\n<!-- \/ Yoast SEO plugin. -->","yoast_head_json":{"title":"Fikenmarmelade - Ostelandet Norge","description":"Fikenmarmelade kan du lage b\u00e5de av ferske og t\u00f8rkede fikener. V\u00e5r marmelade er laget av ferske, og smaker himmelsk f.eks. til ostefatet eller som vanlig p\u00e5legg til br\u00f8dskiva.","robots":{"index":"index","follow":"follow","max-snippet":"max-snippet:-1","max-image-preview":"max-image-preview:large","max-video-preview":"max-video-preview:-1"},"canonical":"https:\/\/ostelandet.no\/en\/fikenmarmelade\/","og_locale":"en_US","og_type":"article","og_title":"Fikenmarmelade - Ostelandet Norge","og_description":"Fikenmarmelade kan du lage b\u00e5de av ferske og t\u00f8rkede fikener. V\u00e5r marmelade er laget av ferske, og smaker himmelsk f.eks. til ostefatet eller som vanlig p\u00e5legg til br\u00f8dskiva.","og_url":"https:\/\/ostelandet.no\/en\/fikenmarmelade\/","og_site_name":"Ostelandet Norge","article_publisher":"https:\/\/www.facebook.com\/ostelandet-101474925294974","article_published_time":"2023-12-04T13:37:37+00:00","article_modified_time":"2023-12-04T14:23:54+00:00","og_image":[{"width":1024,"height":576,"url":"https:\/\/ostelandet.no\/wp-content\/uploads\/2023\/11\/Green-Red-Minimalist-December-2022-Monthly-Calendar-1-1024x576.png","type":"image\/png"}],"author":"eliho","twitter_card":"summary_large_image","twitter_misc":{"Written by":"eliho","Est. reading time":"1 minute"},"schema":{"@context":"https:\/\/schema.org","@graph":[{"@type":"Article","@id":"https:\/\/ostelandet.no\/fikenmarmelade\/#article","isPartOf":{"@id":"https:\/\/ostelandet.no\/fikenmarmelade\/"},"author":{"name":"eliho","@id":"https:\/\/ostelandet.no\/#\/schema\/person\/5875f248502ea0794dca05f9ea518440"},"headline":"Fikenmarmelade","datePublished":"2023-12-04T13:37:37+00:00","dateModified":"2023-12-04T14:23:54+00:00","mainEntityOfPage":{"@id":"https:\/\/ostelandet.no\/fikenmarmelade\/"},"wordCount":143,"publisher":{"@id":"https:\/\/ostelandet.no\/#organization"},"image":{"@id":"https:\/\/ostelandet.no\/fikenmarmelade\/#primaryimage"},"thumbnailUrl":"https:\/\/ostelandet.no\/wp-content\/uploads\/2023\/11\/Green-Red-Minimalist-December-2022-Monthly-Calendar-1.png","keywords":["fikenmarmelade"],"articleSection":["Oppskrifter"],"inLanguage":"en-US"},{"@type":"WebPage","@id":"https:\/\/ostelandet.no\/fikenmarmelade\/","url":"https:\/\/ostelandet.no\/fikenmarmelade\/","name":"Fikenmarmelade - Ostelandet Norge","isPartOf":{"@id":"https:\/\/ostelandet.no\/#website"},"primaryImageOfPage":{"@id":"https:\/\/ostelandet.no\/fikenmarmelade\/#primaryimage"},"image":{"@id":"https:\/\/ostelandet.no\/fikenmarmelade\/#primaryimage"},"thumbnailUrl":"https:\/\/ostelandet.no\/wp-content\/uploads\/2023\/11\/Green-Red-Minimalist-December-2022-Monthly-Calendar-1.png","datePublished":"2023-12-04T13:37:37+00:00","dateModified":"2023-12-04T14:23:54+00:00","description":"Fikenmarmelade kan du lage b\u00e5de av ferske og t\u00f8rkede fikener. V\u00e5r marmelade er laget av ferske, og smaker himmelsk f.eks. til ostefatet eller som vanlig p\u00e5legg til br\u00f8dskiva.","breadcrumb":{"@id":"https:\/\/ostelandet.no\/fikenmarmelade\/#breadcrumb"},"inLanguage":"en-US","potentialAction":[{"@type":"ReadAction","target":["https:\/\/ostelandet.no\/fikenmarmelade\/"]}]},{"@type":"ImageObject","inLanguage":"en-US","@id":"https:\/\/ostelandet.no\/fikenmarmelade\/#primaryimage","url":"https:\/\/ostelandet.no\/wp-content\/uploads\/2023\/11\/Green-Red-Minimalist-December-2022-Monthly-Calendar-1.png","contentUrl":"https:\/\/ostelandet.no\/wp-content\/uploads\/2023\/11\/Green-Red-Minimalist-December-2022-Monthly-Calendar-1.png","width":1920,"height":1080},{"@type":"BreadcrumbList","@id":"https:\/\/ostelandet.no\/fikenmarmelade\/#breadcrumb","itemListElement":[{"@type":"ListItem","position":1,"name":"Hjem","item":"https:\/\/ostelandet.no\/"},{"@type":"ListItem","position":2,"name":"Fikenmarmelade"}]},{"@type":"WebSite","@id":"https:\/\/ostelandet.no\/#website","url":"https:\/\/ostelandet.no\/","name":"Ostelandet Norge","description":"- L\u00e6r mer om norsk ost","publisher":{"@id":"https:\/\/ostelandet.no\/#organization"},"potentialAction":[{"@type":"SearchAction","target":{"@type":"EntryPoint","urlTemplate":"https:\/\/ostelandet.no\/?s={search_term_string}"},"query-input":{"@type":"PropertyValueSpecification","valueRequired":true,"valueName":"search_term_string"}}],"inLanguage":"en-US"},{"@type":"Organization","@id":"https:\/\/ostelandet.no\/#organization","name":"HANEN","url":"https:\/\/ostelandet.no\/","logo":{"@type":"ImageObject","inLanguage":"en-US","@id":"https:\/\/ostelandet.no\/#\/schema\/logo\/image\/","url":"https:\/\/ostelandet.no\/wp-content\/uploads\/2021\/09\/ostelandet_norge_2farger_mork_hierarkisk.png","contentUrl":"https:\/\/ostelandet.no\/wp-content\/uploads\/2021\/09\/ostelandet_norge_2farger_mork_hierarkisk.png","width":2062,"height":1223,"caption":"HANEN"},"image":{"@id":"https:\/\/ostelandet.no\/#\/schema\/logo\/image\/"},"sameAs":["https:\/\/www.facebook.com\/ostelandet-101474925294974","https:\/\/www.instagram.com\/ostelandet\/","https:\/\/www.linkedin.com\/showcase\/ostelandet-norge\/"]},{"@type":"Person","@id":"https:\/\/ostelandet.no\/#\/schema\/person\/5875f248502ea0794dca05f9ea518440","name":"eliho","image":{"@type":"ImageObject","inLanguage":"en-US","@id":"https:\/\/ostelandet.no\/#\/schema\/person\/image\/","url":"https:\/\/secure.gravatar.com\/avatar\/ea2d2e46de429e0415a330ea57f41bc101fea116d020ec3116a6fc2817d801cc?s=96&d=mm&r=g","contentUrl":"https:\/\/secure.gravatar.com\/avatar\/ea2d2e46de429e0415a330ea57f41bc101fea116d020ec3116a6fc2817d801cc?s=96&d=mm&r=g","caption":"eliho"},"url":"https:\/\/ostelandet.no\/en\/author\/eliho\/"}]}},"_links":{"self":[{"href":"https:\/\/ostelandet.no\/en\/wp-json\/wp\/v2\/posts\/11886","targetHints":{"allow":["GET"]}}],"collection":[{"href":"https:\/\/ostelandet.no\/en\/wp-json\/wp\/v2\/posts"}],"about":[{"href":"https:\/\/ostelandet.no\/en\/wp-json\/wp\/v2\/types\/post"}],"author":[{"embeddable":true,"href":"https:\/\/ostelandet.no\/en\/wp-json\/wp\/v2\/users\/1"}],"replies":[{"embeddable":true,"href":"https:\/\/ostelandet.no\/en\/wp-json\/wp\/v2\/comments?post=11886"}],"version-history":[{"count":3,"href":"https:\/\/ostelandet.no\/en\/wp-json\/wp\/v2\/posts\/11886\/revisions"}],"predecessor-version":[{"id":11889,"href":"https:\/\/ostelandet.no\/en\/wp-json\/wp\/v2\/posts\/11886\/revisions\/11889"}],"wp:featuredmedia":[{"embeddable":true,"href":"https:\/\/ostelandet.no\/en\/wp-json\/wp\/v2\/media\/11845"}],"wp:attachment":[{"href":"https:\/\/ostelandet.no\/en\/wp-json\/wp\/v2\/media?parent=11886"}],"wp:term":[{"taxonomy":"category","embeddable":true,"href":"https:\/\/ostelandet.no\/en\/wp-json\/wp\/v2\/categories?post=11886"},{"taxonomy":"post_tag","embeddable":true,"href":"https:\/\/ostelandet.no\/en\/wp-json\/wp\/v2\/tags?post=11886"},{"taxonomy":"produsent-ostetype","embeddable":true,"href":"https:\/\/ostelandet.no\/en\/wp-json\/wp\/v2\/produsent-ostetype?post=11886"},{"taxonomy":"produsentfylke","embeddable":true,"href":"https:\/\/ostelandet.no\/en\/wp-json\/wp\/v2\/produsentfylke?post=11886"}],"curies":[{"name":"wp","href":"https:\/\/api.w.org\/{rel}","templated":true}]}}