{"id":11803,"date":"2023-11-28T15:08:23","date_gmt":"2023-11-28T14:08:23","guid":{"rendered":"https:\/\/ostelandet.no\/?p=11803"},"modified":"2023-11-28T15:08:23","modified_gmt":"2023-11-28T14:08:23","slug":"renndolsetra","status":"publish","type":"post","link":"https:\/\/ostelandet.no\/en\/renndolsetra\/","title":{"rendered":"Rennd\u00f8lsetra"},"content":{"rendered":"<h2>\n\t\tChairs and seats\n\t<\/h2>\n<h2>\n\t\tRennd\u00f8lsetra\n\t<\/h2>\n\t<p>Every summer since 1740, the Opd\u00f8l family has moved their animals to the Innerdalen farm, west of Trollheimen. You can stay here, just to relax and enjoy the farm atmosphere, or as a starting point for mountain hikes. Innerdalst\u00e5rnet is the destination for most, but Renndalskammen is our favorite!<\/p>\n<p>We also have a campsite caf\u00e9 where we serve drinks, campsite products, waffles and simple food if you only have time for a day trip.<\/p>\n<p>Setra is located in the Innerdalen Landscape Conservation Area, and you have to walk 3.5 km (about 1 hour) to get to us.<\/p>\n\t\t\t\t<img loading=\"lazy\" decoding=\"async\" src=\"https:\/\/ostelandet.no\/wp-content\/uploads\/2023\/11\/Renndolsetra-600x399.jpg\" alt=\"Foto: Rennd\u00f8lsetra\" itemprop=\"image\" height=\"399\" width=\"600\" title=\"Rendolsetra\" onerror=\"this.style.display='none'\"  \/>\n<h2>\n\t\tRennd\u00f8lsetra:\n\t<\/h2>\n\t\t\t <p>Address: Innerdalsvegen 323, 6620 \u00c5lvundeid<br \/>Telefon: +47 716 97 796Velkomen tilbake fr\u00e5 St. Hans 2024!<\/p>\t\t\n\t<iframe src=\"https:\/\/www.google.com\/maps\/embed\/v1\/place?q=Innerdalsvegen+323%2C++%C3%A5lvundeid&#038;key=AIzaSyD09zQ9PNDNNy9TadMuzRV_UsPUoWKntt8\" aria-hidden=\"true\" title=\"Rennd\u00f8lsetra\"><\/iframe>\n<h2>\n\t\tMore good cheese addresses:\n\t<\/h2>","protected":false},"excerpt":{"rendered":"<p>Kvar sommar sidan 1740 har familien Opd\u00f8l flytta dyra til setra i Innerdalen, vest i Trollheimen. Her kan du bo, berre for \u00e5 slappe av og nyte seterstemninga, eller som utgangspunkt for fjellturar.<\/p>","protected":false},"author":9,"featured_media":11804,"comment_status":"closed","ping_status":"closed","sticky":false,"template":"","format":"standard","meta":{"_acf_changed":false,"footnotes":""},"categories":[983],"tags":[865],"produsent-ostetype":[],"produsentfylke":[],"class_list":["post-11803","post","type-post","status-publish","format-standard","has-post-thumbnail","hentry","category-gode-osteadresser","tag-kart_stol"],"acf":[],"yoast_head":"<!-- This site is optimized with the Yoast SEO plugin v26.1.1 - https:\/\/yoast.com\/wordpress\/plugins\/seo\/ -->\n<title>Rennd\u00f8lsetra - Ostelandet Norge<\/title>\n<meta name=\"description\" content=\"Kvar sommar sidan 1740 har familien Opd\u00f8l flytta dyra til setra i Innerdalen, vest i Trollheimen. Her kan du bo, berre for \u00e5 slappe av og nyte seterstemninga, eller som utgangspunkt for fjellturar.\" \/>\n<meta name=\"robots\" content=\"index, follow, max-snippet:-1, max-image-preview:large, max-video-preview:-1\" \/>\n<link rel=\"canonical\" href=\"https:\/\/ostelandet.no\/en\/renndolsetra\/\" \/>\n<meta property=\"og:locale\" content=\"en_US\" \/>\n<meta property=\"og:type\" content=\"article\" \/>\n<meta property=\"og:title\" content=\"Rennd\u00f8lsetra - Ostelandet Norge\" \/>\n<meta property=\"og:description\" content=\"Kvar sommar sidan 1740 har familien Opd\u00f8l flytta dyra til setra i Innerdalen, vest i Trollheimen. Her kan du bo, berre for \u00e5 slappe av og nyte seterstemninga, eller som utgangspunkt for fjellturar.\" \/>\n<meta property=\"og:url\" content=\"https:\/\/ostelandet.no\/en\/renndolsetra\/\" \/>\n<meta property=\"og:site_name\" content=\"Ostelandet Norge\" \/>\n<meta property=\"article:publisher\" content=\"https:\/\/www.facebook.com\/ostelandet-101474925294974\" \/>\n<meta property=\"article:published_time\" content=\"2023-11-28T14:08:23+00:00\" \/>\n<meta property=\"og:image\" content=\"https:\/\/ostelandet.no\/wp-content\/uploads\/2023\/11\/Renndolsetra_2.jpg\" \/>\n\t<meta property=\"og:image:width\" content=\"1200\" \/>\n\t<meta property=\"og:image:height\" content=\"797\" \/>\n\t<meta property=\"og:image:type\" content=\"image\/jpeg\" \/>\n<meta name=\"author\" content=\"Anette\" \/>\n<meta name=\"twitter:card\" content=\"summary_large_image\" \/>\n<meta name=\"twitter:label1\" content=\"Written by\" \/>\n\t<meta name=\"twitter:data1\" content=\"Anette\" \/>\n\t<meta name=\"twitter:label2\" content=\"Est. reading time\" \/>\n\t<meta name=\"twitter:data2\" content=\"1 minute\" \/>\n<script type=\"application\/ld+json\" class=\"yoast-schema-graph\">{\"@context\":\"https:\/\/schema.org\",\"@graph\":[{\"@type\":\"Article\",\"@id\":\"https:\/\/ostelandet.no\/renndolsetra\/#article\",\"isPartOf\":{\"@id\":\"https:\/\/ostelandet.no\/renndolsetra\/\"},\"author\":{\"name\":\"Anette\",\"@id\":\"https:\/\/ostelandet.no\/#\/schema\/person\/f985ce81d2968ff96c216ca1a514a5d7\"},\"headline\":\"Rennd\u00f8lsetra\",\"datePublished\":\"2023-11-28T14:08:23+00:00\",\"mainEntityOfPage\":{\"@id\":\"https:\/\/ostelandet.no\/renndolsetra\/\"},\"wordCount\":107,\"publisher\":{\"@id\":\"https:\/\/ostelandet.no\/#organization\"},\"image\":{\"@id\":\"https:\/\/ostelandet.no\/renndolsetra\/#primaryimage\"},\"thumbnailUrl\":\"https:\/\/ostelandet.no\/wp-content\/uploads\/2023\/11\/Renndolsetra_2.jpg\",\"keywords\":[\"kart_St\u00f8l\"],\"articleSection\":[\"Gode osteadresser\"],\"inLanguage\":\"en-US\"},{\"@type\":\"WebPage\",\"@id\":\"https:\/\/ostelandet.no\/renndolsetra\/\",\"url\":\"https:\/\/ostelandet.no\/renndolsetra\/\",\"name\":\"Rennd\u00f8lsetra - Ostelandet Norge\",\"isPartOf\":{\"@id\":\"https:\/\/ostelandet.no\/#website\"},\"primaryImageOfPage\":{\"@id\":\"https:\/\/ostelandet.no\/renndolsetra\/#primaryimage\"},\"image\":{\"@id\":\"https:\/\/ostelandet.no\/renndolsetra\/#primaryimage\"},\"thumbnailUrl\":\"https:\/\/ostelandet.no\/wp-content\/uploads\/2023\/11\/Renndolsetra_2.jpg\",\"datePublished\":\"2023-11-28T14:08:23+00:00\",\"description\":\"Kvar sommar sidan 1740 har familien Opd\u00f8l flytta dyra til setra i Innerdalen, vest i Trollheimen. Her kan du bo, berre for \u00e5 slappe av og nyte seterstemninga, eller som utgangspunkt for fjellturar.\",\"breadcrumb\":{\"@id\":\"https:\/\/ostelandet.no\/renndolsetra\/#breadcrumb\"},\"inLanguage\":\"en-US\",\"potentialAction\":[{\"@type\":\"ReadAction\",\"target\":[\"https:\/\/ostelandet.no\/renndolsetra\/\"]}]},{\"@type\":\"ImageObject\",\"inLanguage\":\"en-US\",\"@id\":\"https:\/\/ostelandet.no\/renndolsetra\/#primaryimage\",\"url\":\"https:\/\/ostelandet.no\/wp-content\/uploads\/2023\/11\/Renndolsetra_2.jpg\",\"contentUrl\":\"https:\/\/ostelandet.no\/wp-content\/uploads\/2023\/11\/Renndolsetra_2.jpg\",\"width\":1200,\"height\":797},{\"@type\":\"BreadcrumbList\",\"@id\":\"https:\/\/ostelandet.no\/renndolsetra\/#breadcrumb\",\"itemListElement\":[{\"@type\":\"ListItem\",\"position\":1,\"name\":\"Hjem\",\"item\":\"https:\/\/ostelandet.no\/\"},{\"@type\":\"ListItem\",\"position\":2,\"name\":\"Rennd\u00f8lsetra\"}]},{\"@type\":\"WebSite\",\"@id\":\"https:\/\/ostelandet.no\/#website\",\"url\":\"https:\/\/ostelandet.no\/\",\"name\":\"Ostelandet Norge\",\"description\":\"- L\u00e6r mer om norsk ost\",\"publisher\":{\"@id\":\"https:\/\/ostelandet.no\/#organization\"},\"potentialAction\":[{\"@type\":\"SearchAction\",\"target\":{\"@type\":\"EntryPoint\",\"urlTemplate\":\"https:\/\/ostelandet.no\/?s={search_term_string}\"},\"query-input\":{\"@type\":\"PropertyValueSpecification\",\"valueRequired\":true,\"valueName\":\"search_term_string\"}}],\"inLanguage\":\"en-US\"},{\"@type\":\"Organization\",\"@id\":\"https:\/\/ostelandet.no\/#organization\",\"name\":\"HANEN\",\"url\":\"https:\/\/ostelandet.no\/\",\"logo\":{\"@type\":\"ImageObject\",\"inLanguage\":\"en-US\",\"@id\":\"https:\/\/ostelandet.no\/#\/schema\/logo\/image\/\",\"url\":\"https:\/\/ostelandet.no\/wp-content\/uploads\/2021\/09\/ostelandet_norge_2farger_mork_hierarkisk.png\",\"contentUrl\":\"https:\/\/ostelandet.no\/wp-content\/uploads\/2021\/09\/ostelandet_norge_2farger_mork_hierarkisk.png\",\"width\":2062,\"height\":1223,\"caption\":\"HANEN\"},\"image\":{\"@id\":\"https:\/\/ostelandet.no\/#\/schema\/logo\/image\/\"},\"sameAs\":[\"https:\/\/www.facebook.com\/ostelandet-101474925294974\",\"https:\/\/www.instagram.com\/ostelandet\/\",\"https:\/\/www.linkedin.com\/showcase\/ostelandet-norge\/\"]},{\"@type\":\"Person\",\"@id\":\"https:\/\/ostelandet.no\/#\/schema\/person\/f985ce81d2968ff96c216ca1a514a5d7\",\"name\":\"Anette\",\"image\":{\"@type\":\"ImageObject\",\"inLanguage\":\"en-US\",\"@id\":\"https:\/\/ostelandet.no\/#\/schema\/person\/image\/\",\"url\":\"https:\/\/secure.gravatar.com\/avatar\/47871c780e28de464a585d8a6985a805c0494a27f00dd9d7711eb11af0d7cdc3?s=96&d=mm&r=g\",\"contentUrl\":\"https:\/\/secure.gravatar.com\/avatar\/47871c780e28de464a585d8a6985a805c0494a27f00dd9d7711eb11af0d7cdc3?s=96&d=mm&r=g\",\"caption\":\"Anette\"},\"url\":\"https:\/\/ostelandet.no\/en\/author\/anette\/\"}]}<\/script>\n<!-- \/ Yoast SEO plugin. -->","yoast_head_json":{"title":"Rennd\u00f8lsetra - Ostelandet Norge","description":"Kvar sommar sidan 1740 har familien Opd\u00f8l flytta dyra til setra i Innerdalen, vest i Trollheimen. Her kan du bo, berre for \u00e5 slappe av og nyte seterstemninga, eller som utgangspunkt for fjellturar.","robots":{"index":"index","follow":"follow","max-snippet":"max-snippet:-1","max-image-preview":"max-image-preview:large","max-video-preview":"max-video-preview:-1"},"canonical":"https:\/\/ostelandet.no\/en\/renndolsetra\/","og_locale":"en_US","og_type":"article","og_title":"Rennd\u00f8lsetra - Ostelandet Norge","og_description":"Kvar sommar sidan 1740 har familien Opd\u00f8l flytta dyra til setra i Innerdalen, vest i Trollheimen. Her kan du bo, berre for \u00e5 slappe av og nyte seterstemninga, eller som utgangspunkt for fjellturar.","og_url":"https:\/\/ostelandet.no\/en\/renndolsetra\/","og_site_name":"Ostelandet Norge","article_publisher":"https:\/\/www.facebook.com\/ostelandet-101474925294974","article_published_time":"2023-11-28T14:08:23+00:00","og_image":[{"width":1200,"height":797,"url":"https:\/\/ostelandet.no\/wp-content\/uploads\/2023\/11\/Renndolsetra_2.jpg","type":"image\/jpeg"}],"author":"Anette","twitter_card":"summary_large_image","twitter_misc":{"Written by":"Anette","Est. reading time":"1 minute"},"schema":{"@context":"https:\/\/schema.org","@graph":[{"@type":"Article","@id":"https:\/\/ostelandet.no\/renndolsetra\/#article","isPartOf":{"@id":"https:\/\/ostelandet.no\/renndolsetra\/"},"author":{"name":"Anette","@id":"https:\/\/ostelandet.no\/#\/schema\/person\/f985ce81d2968ff96c216ca1a514a5d7"},"headline":"Rennd\u00f8lsetra","datePublished":"2023-11-28T14:08:23+00:00","mainEntityOfPage":{"@id":"https:\/\/ostelandet.no\/renndolsetra\/"},"wordCount":107,"publisher":{"@id":"https:\/\/ostelandet.no\/#organization"},"image":{"@id":"https:\/\/ostelandet.no\/renndolsetra\/#primaryimage"},"thumbnailUrl":"https:\/\/ostelandet.no\/wp-content\/uploads\/2023\/11\/Renndolsetra_2.jpg","keywords":["kart_St\u00f8l"],"articleSection":["Gode osteadresser"],"inLanguage":"en-US"},{"@type":"WebPage","@id":"https:\/\/ostelandet.no\/renndolsetra\/","url":"https:\/\/ostelandet.no\/renndolsetra\/","name":"Rennd\u00f8lsetra - Ostelandet Norge","isPartOf":{"@id":"https:\/\/ostelandet.no\/#website"},"primaryImageOfPage":{"@id":"https:\/\/ostelandet.no\/renndolsetra\/#primaryimage"},"image":{"@id":"https:\/\/ostelandet.no\/renndolsetra\/#primaryimage"},"thumbnailUrl":"https:\/\/ostelandet.no\/wp-content\/uploads\/2023\/11\/Renndolsetra_2.jpg","datePublished":"2023-11-28T14:08:23+00:00","description":"Kvar sommar sidan 1740 har familien Opd\u00f8l flytta dyra til setra i Innerdalen, vest i Trollheimen. Her kan du bo, berre for \u00e5 slappe av og nyte seterstemninga, eller som utgangspunkt for fjellturar.","breadcrumb":{"@id":"https:\/\/ostelandet.no\/renndolsetra\/#breadcrumb"},"inLanguage":"en-US","potentialAction":[{"@type":"ReadAction","target":["https:\/\/ostelandet.no\/renndolsetra\/"]}]},{"@type":"ImageObject","inLanguage":"en-US","@id":"https:\/\/ostelandet.no\/renndolsetra\/#primaryimage","url":"https:\/\/ostelandet.no\/wp-content\/uploads\/2023\/11\/Renndolsetra_2.jpg","contentUrl":"https:\/\/ostelandet.no\/wp-content\/uploads\/2023\/11\/Renndolsetra_2.jpg","width":1200,"height":797},{"@type":"BreadcrumbList","@id":"https:\/\/ostelandet.no\/renndolsetra\/#breadcrumb","itemListElement":[{"@type":"ListItem","position":1,"name":"Hjem","item":"https:\/\/ostelandet.no\/"},{"@type":"ListItem","position":2,"name":"Rennd\u00f8lsetra"}]},{"@type":"WebSite","@id":"https:\/\/ostelandet.no\/#website","url":"https:\/\/ostelandet.no\/","name":"Ostelandet Norge","description":"- L\u00e6r mer om norsk ost","publisher":{"@id":"https:\/\/ostelandet.no\/#organization"},"potentialAction":[{"@type":"SearchAction","target":{"@type":"EntryPoint","urlTemplate":"https:\/\/ostelandet.no\/?s={search_term_string}"},"query-input":{"@type":"PropertyValueSpecification","valueRequired":true,"valueName":"search_term_string"}}],"inLanguage":"en-US"},{"@type":"Organization","@id":"https:\/\/ostelandet.no\/#organization","name":"HANEN","url":"https:\/\/ostelandet.no\/","logo":{"@type":"ImageObject","inLanguage":"en-US","@id":"https:\/\/ostelandet.no\/#\/schema\/logo\/image\/","url":"https:\/\/ostelandet.no\/wp-content\/uploads\/2021\/09\/ostelandet_norge_2farger_mork_hierarkisk.png","contentUrl":"https:\/\/ostelandet.no\/wp-content\/uploads\/2021\/09\/ostelandet_norge_2farger_mork_hierarkisk.png","width":2062,"height":1223,"caption":"HANEN"},"image":{"@id":"https:\/\/ostelandet.no\/#\/schema\/logo\/image\/"},"sameAs":["https:\/\/www.facebook.com\/ostelandet-101474925294974","https:\/\/www.instagram.com\/ostelandet\/","https:\/\/www.linkedin.com\/showcase\/ostelandet-norge\/"]},{"@type":"Person","@id":"https:\/\/ostelandet.no\/#\/schema\/person\/f985ce81d2968ff96c216ca1a514a5d7","name":"Anette","image":{"@type":"ImageObject","inLanguage":"en-US","@id":"https:\/\/ostelandet.no\/#\/schema\/person\/image\/","url":"https:\/\/secure.gravatar.com\/avatar\/47871c780e28de464a585d8a6985a805c0494a27f00dd9d7711eb11af0d7cdc3?s=96&d=mm&r=g","contentUrl":"https:\/\/secure.gravatar.com\/avatar\/47871c780e28de464a585d8a6985a805c0494a27f00dd9d7711eb11af0d7cdc3?s=96&d=mm&r=g","caption":"Anette"},"url":"https:\/\/ostelandet.no\/en\/author\/anette\/"}]}},"_links":{"self":[{"href":"https:\/\/ostelandet.no\/en\/wp-json\/wp\/v2\/posts\/11803","targetHints":{"allow":["GET"]}}],"collection":[{"href":"https:\/\/ostelandet.no\/en\/wp-json\/wp\/v2\/posts"}],"about":[{"href":"https:\/\/ostelandet.no\/en\/wp-json\/wp\/v2\/types\/post"}],"author":[{"embeddable":true,"href":"https:\/\/ostelandet.no\/en\/wp-json\/wp\/v2\/users\/9"}],"replies":[{"embeddable":true,"href":"https:\/\/ostelandet.no\/en\/wp-json\/wp\/v2\/comments?post=11803"}],"version-history":[{"count":2,"href":"https:\/\/ostelandet.no\/en\/wp-json\/wp\/v2\/posts\/11803\/revisions"}],"predecessor-version":[{"id":11808,"href":"https:\/\/ostelandet.no\/en\/wp-json\/wp\/v2\/posts\/11803\/revisions\/11808"}],"wp:featuredmedia":[{"embeddable":true,"href":"https:\/\/ostelandet.no\/en\/wp-json\/wp\/v2\/media\/11804"}],"wp:attachment":[{"href":"https:\/\/ostelandet.no\/en\/wp-json\/wp\/v2\/media?parent=11803"}],"wp:term":[{"taxonomy":"category","embeddable":true,"href":"https:\/\/ostelandet.no\/en\/wp-json\/wp\/v2\/categories?post=11803"},{"taxonomy":"post_tag","embeddable":true,"href":"https:\/\/ostelandet.no\/en\/wp-json\/wp\/v2\/tags?post=11803"},{"taxonomy":"produsent-ostetype","embeddable":true,"href":"https:\/\/ostelandet.no\/en\/wp-json\/wp\/v2\/produsent-ostetype?post=11803"},{"taxonomy":"produsentfylke","embeddable":true,"href":"https:\/\/ostelandet.no\/en\/wp-json\/wp\/v2\/produsentfylke?post=11803"}],"curies":[{"name":"wp","href":"https:\/\/api.w.org\/{rel}","templated":true}]}}