{"id":11787,"date":"2023-11-24T16:34:36","date_gmt":"2023-11-24T15:34:36","guid":{"rendered":"https:\/\/ostelandet.no\/?p=11787"},"modified":"2023-11-24T16:34:36","modified_gmt":"2023-11-24T15:34:36","slug":"eide","status":"publish","type":"post","link":"https:\/\/ostelandet.no\/en\/eide\/","title":{"rendered":"Owned Trade"},"content":{"rendered":"<h2>\n\t\tGood cheese addresses\n\t<\/h2>\n<h2>\n\t\tOwned Trade\n\t<\/h2>\n\t<p>Eide handel tilbyr unike matopplevelser gjennom en unik ferskvareavdeling med lokale ferske r\u00e5varer. Ferskvareavdelingen bugner av r\u00e5varer og hjemmelagd kvalitetsmat. De har egne kokker som tilbyr uts\u00f8kt mat til catering. De er er &laquo;hele Nord-Norges Mathus&raquo; med egne merker som Alpelam fra Lyngen og Kveita fra Yttersia.<\/p>\n\t\t\t\t<img loading=\"lazy\" decoding=\"async\" src=\"https:\/\/ostelandet.no\/wp-content\/uploads\/2021\/08\/Eide-handel3.jpg\" alt=\"Foto: Eide Handel\" itemprop=\"image\" height=\"441\" width=\"551\" title=\"Owned Trade\" onerror=\"this.style.display='none'\"  \/>\n<h2>\n\t\tEide Handel:\n\t<\/h2>\n\t\t\t <p>Address: Fjordveien 14, 9107 Troms\u00f8<br \/>Telefon: +47 77 66 56 50Nettsted: <a href=\"http:\/\/www.eidehandel.no\/\" target=\"_blank\" rel=\"noopener noreferrer\">http:\/\/www.eidehandel.no\/<\/a>\u00c5pningstider:\u00a0Mandag &#8211; fredag: 06.00 &#8211; 23.00, <br \/>L\u00f8rdag: 07.00 &#8211; 23.00 S\u00f8ndag: Stengt<\/p>\u00a0\t\t\n\t<iframe src=\"https:\/\/www.google.com\/maps\/embed\/v1\/place?q=Fjordveien+14%2C+9107+Troms%C3%B8&#038;key=AIzaSyD09zQ9PNDNNy9TadMuzRV_UsPUoWKntt8\" aria-hidden=\"true\" title=\"Owned Trade\"><\/iframe>\n<h2>\n\t\tMore good cheese addresses:\n\t<\/h2>","protected":false},"excerpt":{"rendered":"<p>Den familiedrevne butikken Eide Handel har v\u00e6rt levende opptatt av lokal og kortreist mat siden 1953 og har blant annet en ostedisk med mer enn to hundre oster. <\/p>","protected":false},"author":9,"featured_media":6120,"comment_status":"closed","ping_status":"closed","sticky":false,"template":"","format":"standard","meta":{"_acf_changed":false,"footnotes":""},"categories":[983],"tags":[879],"produsent-ostetype":[],"produsentfylke":[],"class_list":["post-11787","post","type-post","status-publish","format-standard","has-post-thumbnail","hentry","category-gode-osteadresser","tag-kart_osteadresser"],"acf":[],"yoast_head":"<!-- This site is optimized with the Yoast SEO plugin v26.1.1 - https:\/\/yoast.com\/wordpress\/plugins\/seo\/ -->\n<title>Eide Handel - Ostelandet Norge<\/title>\n<meta name=\"description\" content=\"Den familiedrevne butikken Eide Handel har v\u00e6rt levende opptatt av lokal og kortreist mat siden 1953 og har blant annet en ostedisk med mer enn to hundre oster.\" \/>\n<meta name=\"robots\" content=\"index, follow, max-snippet:-1, max-image-preview:large, max-video-preview:-1\" \/>\n<link rel=\"canonical\" href=\"https:\/\/ostelandet.no\/en\/eide\/\" \/>\n<meta property=\"og:locale\" content=\"en_US\" \/>\n<meta property=\"og:type\" content=\"article\" \/>\n<meta property=\"og:title\" content=\"Eide Handel - Ostelandet Norge\" \/>\n<meta property=\"og:description\" content=\"Den familiedrevne butikken Eide Handel har v\u00e6rt levende opptatt av lokal og kortreist mat siden 1953 og har blant annet en ostedisk med mer enn to hundre oster.\" \/>\n<meta property=\"og:url\" content=\"https:\/\/ostelandet.no\/en\/eide\/\" \/>\n<meta property=\"og:site_name\" content=\"Ostelandet Norge\" \/>\n<meta property=\"article:publisher\" content=\"https:\/\/www.facebook.com\/ostelandet-101474925294974\" \/>\n<meta property=\"article:published_time\" content=\"2023-11-24T15:34:36+00:00\" \/>\n<meta property=\"og:image\" content=\"https:\/\/ostelandet.no\/wp-content\/uploads\/2021\/09\/Eide-Handel-2-e1700839693154.jpg\" \/>\n\t<meta property=\"og:image:width\" content=\"900\" \/>\n\t<meta property=\"og:image:height\" content=\"674\" \/>\n\t<meta property=\"og:image:type\" content=\"image\/jpeg\" \/>\n<meta name=\"author\" content=\"Anette\" \/>\n<meta name=\"twitter:card\" content=\"summary_large_image\" \/>\n<meta name=\"twitter:label1\" content=\"Written by\" \/>\n\t<meta name=\"twitter:data1\" content=\"Anette\" \/>\n\t<meta name=\"twitter:label2\" content=\"Est. reading time\" \/>\n\t<meta name=\"twitter:data2\" content=\"1 minute\" \/>\n<script type=\"application\/ld+json\" class=\"yoast-schema-graph\">{\"@context\":\"https:\/\/schema.org\",\"@graph\":[{\"@type\":\"Article\",\"@id\":\"https:\/\/ostelandet.no\/eide\/#article\",\"isPartOf\":{\"@id\":\"https:\/\/ostelandet.no\/eide\/\"},\"author\":{\"name\":\"Anette\",\"@id\":\"https:\/\/ostelandet.no\/#\/schema\/person\/f985ce81d2968ff96c216ca1a514a5d7\"},\"headline\":\"Eide Handel\",\"datePublished\":\"2023-11-24T15:34:36+00:00\",\"mainEntityOfPage\":{\"@id\":\"https:\/\/ostelandet.no\/eide\/\"},\"wordCount\":81,\"publisher\":{\"@id\":\"https:\/\/ostelandet.no\/#organization\"},\"image\":{\"@id\":\"https:\/\/ostelandet.no\/eide\/#primaryimage\"},\"thumbnailUrl\":\"https:\/\/ostelandet.no\/wp-content\/uploads\/2021\/09\/Eide-Handel-2-e1700839693154.jpg\",\"keywords\":[\"kart_osteadresser\"],\"articleSection\":[\"Gode osteadresser\"],\"inLanguage\":\"en-US\"},{\"@type\":\"WebPage\",\"@id\":\"https:\/\/ostelandet.no\/eide\/\",\"url\":\"https:\/\/ostelandet.no\/eide\/\",\"name\":\"Eide Handel - Ostelandet Norge\",\"isPartOf\":{\"@id\":\"https:\/\/ostelandet.no\/#website\"},\"primaryImageOfPage\":{\"@id\":\"https:\/\/ostelandet.no\/eide\/#primaryimage\"},\"image\":{\"@id\":\"https:\/\/ostelandet.no\/eide\/#primaryimage\"},\"thumbnailUrl\":\"https:\/\/ostelandet.no\/wp-content\/uploads\/2021\/09\/Eide-Handel-2-e1700839693154.jpg\",\"datePublished\":\"2023-11-24T15:34:36+00:00\",\"description\":\"Den familiedrevne butikken Eide Handel har v\u00e6rt levende opptatt av lokal og kortreist mat siden 1953 og har blant annet en ostedisk med mer enn to hundre oster.\",\"breadcrumb\":{\"@id\":\"https:\/\/ostelandet.no\/eide\/#breadcrumb\"},\"inLanguage\":\"en-US\",\"potentialAction\":[{\"@type\":\"ReadAction\",\"target\":[\"https:\/\/ostelandet.no\/eide\/\"]}]},{\"@type\":\"ImageObject\",\"inLanguage\":\"en-US\",\"@id\":\"https:\/\/ostelandet.no\/eide\/#primaryimage\",\"url\":\"https:\/\/ostelandet.no\/wp-content\/uploads\/2021\/09\/Eide-Handel-2-e1700839693154.jpg\",\"contentUrl\":\"https:\/\/ostelandet.no\/wp-content\/uploads\/2021\/09\/Eide-Handel-2-e1700839693154.jpg\",\"width\":900,\"height\":674},{\"@type\":\"BreadcrumbList\",\"@id\":\"https:\/\/ostelandet.no\/eide\/#breadcrumb\",\"itemListElement\":[{\"@type\":\"ListItem\",\"position\":1,\"name\":\"Hjem\",\"item\":\"https:\/\/ostelandet.no\/\"},{\"@type\":\"ListItem\",\"position\":2,\"name\":\"Eide Handel\"}]},{\"@type\":\"WebSite\",\"@id\":\"https:\/\/ostelandet.no\/#website\",\"url\":\"https:\/\/ostelandet.no\/\",\"name\":\"Ostelandet Norge\",\"description\":\"- L\u00e6r mer om norsk ost\",\"publisher\":{\"@id\":\"https:\/\/ostelandet.no\/#organization\"},\"potentialAction\":[{\"@type\":\"SearchAction\",\"target\":{\"@type\":\"EntryPoint\",\"urlTemplate\":\"https:\/\/ostelandet.no\/?s={search_term_string}\"},\"query-input\":{\"@type\":\"PropertyValueSpecification\",\"valueRequired\":true,\"valueName\":\"search_term_string\"}}],\"inLanguage\":\"en-US\"},{\"@type\":\"Organization\",\"@id\":\"https:\/\/ostelandet.no\/#organization\",\"name\":\"HANEN\",\"url\":\"https:\/\/ostelandet.no\/\",\"logo\":{\"@type\":\"ImageObject\",\"inLanguage\":\"en-US\",\"@id\":\"https:\/\/ostelandet.no\/#\/schema\/logo\/image\/\",\"url\":\"https:\/\/ostelandet.no\/wp-content\/uploads\/2021\/09\/ostelandet_norge_2farger_mork_hierarkisk.png\",\"contentUrl\":\"https:\/\/ostelandet.no\/wp-content\/uploads\/2021\/09\/ostelandet_norge_2farger_mork_hierarkisk.png\",\"width\":2062,\"height\":1223,\"caption\":\"HANEN\"},\"image\":{\"@id\":\"https:\/\/ostelandet.no\/#\/schema\/logo\/image\/\"},\"sameAs\":[\"https:\/\/www.facebook.com\/ostelandet-101474925294974\",\"https:\/\/www.instagram.com\/ostelandet\/\",\"https:\/\/www.linkedin.com\/showcase\/ostelandet-norge\/\"]},{\"@type\":\"Person\",\"@id\":\"https:\/\/ostelandet.no\/#\/schema\/person\/f985ce81d2968ff96c216ca1a514a5d7\",\"name\":\"Anette\",\"image\":{\"@type\":\"ImageObject\",\"inLanguage\":\"en-US\",\"@id\":\"https:\/\/ostelandet.no\/#\/schema\/person\/image\/\",\"url\":\"https:\/\/secure.gravatar.com\/avatar\/47871c780e28de464a585d8a6985a805c0494a27f00dd9d7711eb11af0d7cdc3?s=96&d=mm&r=g\",\"contentUrl\":\"https:\/\/secure.gravatar.com\/avatar\/47871c780e28de464a585d8a6985a805c0494a27f00dd9d7711eb11af0d7cdc3?s=96&d=mm&r=g\",\"caption\":\"Anette\"},\"url\":\"https:\/\/ostelandet.no\/en\/author\/anette\/\"}]}<\/script>\n<!-- \/ Yoast SEO plugin. -->","yoast_head_json":{"title":"Eide Handel - Ostelandet Norge","description":"Den familiedrevne butikken Eide Handel har v\u00e6rt levende opptatt av lokal og kortreist mat siden 1953 og har blant annet en ostedisk med mer enn to hundre oster.","robots":{"index":"index","follow":"follow","max-snippet":"max-snippet:-1","max-image-preview":"max-image-preview:large","max-video-preview":"max-video-preview:-1"},"canonical":"https:\/\/ostelandet.no\/en\/eide\/","og_locale":"en_US","og_type":"article","og_title":"Eide Handel - Ostelandet Norge","og_description":"Den familiedrevne butikken Eide Handel har v\u00e6rt levende opptatt av lokal og kortreist mat siden 1953 og har blant annet en ostedisk med mer enn to hundre oster.","og_url":"https:\/\/ostelandet.no\/en\/eide\/","og_site_name":"Ostelandet Norge","article_publisher":"https:\/\/www.facebook.com\/ostelandet-101474925294974","article_published_time":"2023-11-24T15:34:36+00:00","og_image":[{"width":900,"height":674,"url":"https:\/\/ostelandet.no\/wp-content\/uploads\/2021\/09\/Eide-Handel-2-e1700839693154.jpg","type":"image\/jpeg"}],"author":"Anette","twitter_card":"summary_large_image","twitter_misc":{"Written by":"Anette","Est. reading time":"1 minute"},"schema":{"@context":"https:\/\/schema.org","@graph":[{"@type":"Article","@id":"https:\/\/ostelandet.no\/eide\/#article","isPartOf":{"@id":"https:\/\/ostelandet.no\/eide\/"},"author":{"name":"Anette","@id":"https:\/\/ostelandet.no\/#\/schema\/person\/f985ce81d2968ff96c216ca1a514a5d7"},"headline":"Eide Handel","datePublished":"2023-11-24T15:34:36+00:00","mainEntityOfPage":{"@id":"https:\/\/ostelandet.no\/eide\/"},"wordCount":81,"publisher":{"@id":"https:\/\/ostelandet.no\/#organization"},"image":{"@id":"https:\/\/ostelandet.no\/eide\/#primaryimage"},"thumbnailUrl":"https:\/\/ostelandet.no\/wp-content\/uploads\/2021\/09\/Eide-Handel-2-e1700839693154.jpg","keywords":["kart_osteadresser"],"articleSection":["Gode osteadresser"],"inLanguage":"en-US"},{"@type":"WebPage","@id":"https:\/\/ostelandet.no\/eide\/","url":"https:\/\/ostelandet.no\/eide\/","name":"Eide Handel - Ostelandet Norge","isPartOf":{"@id":"https:\/\/ostelandet.no\/#website"},"primaryImageOfPage":{"@id":"https:\/\/ostelandet.no\/eide\/#primaryimage"},"image":{"@id":"https:\/\/ostelandet.no\/eide\/#primaryimage"},"thumbnailUrl":"https:\/\/ostelandet.no\/wp-content\/uploads\/2021\/09\/Eide-Handel-2-e1700839693154.jpg","datePublished":"2023-11-24T15:34:36+00:00","description":"Den familiedrevne butikken Eide Handel har v\u00e6rt levende opptatt av lokal og kortreist mat siden 1953 og har blant annet en ostedisk med mer enn to hundre oster.","breadcrumb":{"@id":"https:\/\/ostelandet.no\/eide\/#breadcrumb"},"inLanguage":"en-US","potentialAction":[{"@type":"ReadAction","target":["https:\/\/ostelandet.no\/eide\/"]}]},{"@type":"ImageObject","inLanguage":"en-US","@id":"https:\/\/ostelandet.no\/eide\/#primaryimage","url":"https:\/\/ostelandet.no\/wp-content\/uploads\/2021\/09\/Eide-Handel-2-e1700839693154.jpg","contentUrl":"https:\/\/ostelandet.no\/wp-content\/uploads\/2021\/09\/Eide-Handel-2-e1700839693154.jpg","width":900,"height":674},{"@type":"BreadcrumbList","@id":"https:\/\/ostelandet.no\/eide\/#breadcrumb","itemListElement":[{"@type":"ListItem","position":1,"name":"Hjem","item":"https:\/\/ostelandet.no\/"},{"@type":"ListItem","position":2,"name":"Eide Handel"}]},{"@type":"WebSite","@id":"https:\/\/ostelandet.no\/#website","url":"https:\/\/ostelandet.no\/","name":"Ostelandet Norge","description":"- L\u00e6r mer om norsk ost","publisher":{"@id":"https:\/\/ostelandet.no\/#organization"},"potentialAction":[{"@type":"SearchAction","target":{"@type":"EntryPoint","urlTemplate":"https:\/\/ostelandet.no\/?s={search_term_string}"},"query-input":{"@type":"PropertyValueSpecification","valueRequired":true,"valueName":"search_term_string"}}],"inLanguage":"en-US"},{"@type":"Organization","@id":"https:\/\/ostelandet.no\/#organization","name":"HANEN","url":"https:\/\/ostelandet.no\/","logo":{"@type":"ImageObject","inLanguage":"en-US","@id":"https:\/\/ostelandet.no\/#\/schema\/logo\/image\/","url":"https:\/\/ostelandet.no\/wp-content\/uploads\/2021\/09\/ostelandet_norge_2farger_mork_hierarkisk.png","contentUrl":"https:\/\/ostelandet.no\/wp-content\/uploads\/2021\/09\/ostelandet_norge_2farger_mork_hierarkisk.png","width":2062,"height":1223,"caption":"HANEN"},"image":{"@id":"https:\/\/ostelandet.no\/#\/schema\/logo\/image\/"},"sameAs":["https:\/\/www.facebook.com\/ostelandet-101474925294974","https:\/\/www.instagram.com\/ostelandet\/","https:\/\/www.linkedin.com\/showcase\/ostelandet-norge\/"]},{"@type":"Person","@id":"https:\/\/ostelandet.no\/#\/schema\/person\/f985ce81d2968ff96c216ca1a514a5d7","name":"Anette","image":{"@type":"ImageObject","inLanguage":"en-US","@id":"https:\/\/ostelandet.no\/#\/schema\/person\/image\/","url":"https:\/\/secure.gravatar.com\/avatar\/47871c780e28de464a585d8a6985a805c0494a27f00dd9d7711eb11af0d7cdc3?s=96&d=mm&r=g","contentUrl":"https:\/\/secure.gravatar.com\/avatar\/47871c780e28de464a585d8a6985a805c0494a27f00dd9d7711eb11af0d7cdc3?s=96&d=mm&r=g","caption":"Anette"},"url":"https:\/\/ostelandet.no\/en\/author\/anette\/"}]}},"_links":{"self":[{"href":"https:\/\/ostelandet.no\/en\/wp-json\/wp\/v2\/posts\/11787","targetHints":{"allow":["GET"]}}],"collection":[{"href":"https:\/\/ostelandet.no\/en\/wp-json\/wp\/v2\/posts"}],"about":[{"href":"https:\/\/ostelandet.no\/en\/wp-json\/wp\/v2\/types\/post"}],"author":[{"embeddable":true,"href":"https:\/\/ostelandet.no\/en\/wp-json\/wp\/v2\/users\/9"}],"replies":[{"embeddable":true,"href":"https:\/\/ostelandet.no\/en\/wp-json\/wp\/v2\/comments?post=11787"}],"version-history":[{"count":2,"href":"https:\/\/ostelandet.no\/en\/wp-json\/wp\/v2\/posts\/11787\/revisions"}],"predecessor-version":[{"id":11790,"href":"https:\/\/ostelandet.no\/en\/wp-json\/wp\/v2\/posts\/11787\/revisions\/11790"}],"wp:featuredmedia":[{"embeddable":true,"href":"https:\/\/ostelandet.no\/en\/wp-json\/wp\/v2\/media\/6120"}],"wp:attachment":[{"href":"https:\/\/ostelandet.no\/en\/wp-json\/wp\/v2\/media?parent=11787"}],"wp:term":[{"taxonomy":"category","embeddable":true,"href":"https:\/\/ostelandet.no\/en\/wp-json\/wp\/v2\/categories?post=11787"},{"taxonomy":"post_tag","embeddable":true,"href":"https:\/\/ostelandet.no\/en\/wp-json\/wp\/v2\/tags?post=11787"},{"taxonomy":"produsent-ostetype","embeddable":true,"href":"https:\/\/ostelandet.no\/en\/wp-json\/wp\/v2\/produsent-ostetype?post=11787"},{"taxonomy":"produsentfylke","embeddable":true,"href":"https:\/\/ostelandet.no\/en\/wp-json\/wp\/v2\/produsentfylke?post=11787"}],"curies":[{"name":"wp","href":"https:\/\/api.w.org\/{rel}","templated":true}]}}