{"id":11497,"date":"2023-10-27T18:52:29","date_gmt":"2023-10-27T16:52:29","guid":{"rendered":"https:\/\/ostelandet.no\/?p=11497"},"modified":"2025-11-20T12:18:17","modified_gmt":"2025-11-20T11:18:17","slug":"verdens-beste-ost-2023-er-karet","status":"publish","type":"post","link":"https:\/\/ostelandet.no\/en\/verdens-beste-ost-2023-er-karet\/","title":{"rendered":"Verdens beste ost 2023 er k\u00e5ret!"},"content":{"rendered":"<img loading=\"lazy\" decoding=\"async\" src=\"https:\/\/ostelandet.no\/wp-content\/uploads\/2023\/10\/IMG-6907-2-600x573.jpg\" alt=\"IMG-6907 (2)\" itemprop=\"image\" height=\"573\" width=\"600\" title=\"IMG-6907 (2)\" onerror=\"this.style.display='none'\"  \/>\n<h2>\n\t\tVerdens beste ost 2023 er k\u00e5ret!\n\t<\/h2>\n<h2>\n\t\tVinneren er \n\t<\/h2>\n\t<p>Dette er s\u00e5 stort, sa en tydelig glad og beveget daglig leder p\u00e5 Gangstad G\u00e5rd.-Vi har laget ost i 25 \u00e5r. Dette betyr s\u00e5 mye!<\/p>\n<p>I kveld, fredag 27. oktober 2023, ble Nidelven Bl\u00e5 fra Gangstad G\u00e5rdsysteri tildelt h\u00f8yeste poengsk\u00e5r i superfinalen i Oste-VM\/ World Cheese Awards.<\/p>\n<p>Nidelven Bl\u00e5 danket ut 4501 oster fra 43 land. Med 102 poeng kan bl\u00e5muggosten fra Inder\u00f8y smykke seg med den prestisjetunge tittelen World Champion Cheese 2023.<\/p>\n<p>Aldri tidligere har s\u00e5 mange v\u00e6rt p\u00e5meldt i World Cheese Awards (WCA) 37 \u00e5r lange historie, som i \u00e5r. Med en deltakelse p\u00e5 4502 oster har \u00e5rets Oste-VM satt rekord b\u00e5de i antall oster totalt, og ikke minst nasjonalt. 293 oster har deltatt fra Norge, levert av 71 norske produsenter.<\/p>\n<h2>\n\t\tLitt om vinneren\n\t<\/h2>\n\t<p>Gangstad G\u00e5rdsysteri p\u00e5 \u00d8vre Gangstad ble Norges f\u00f8rste autoriserte g\u00e5rdsysteri p\u00e5 egen kumelk etablert i 1998.\u00a0 G\u00e5rden foredler ca. 400\u00a0000 liter melk til ca. 52 tonn ost.<\/p>\n<h2>\n\t\tEn sann feiring\n\t<\/h2>\n\tDet er andre gang Norge har blitt tildelt det \u00e6refulle oppdrag \u00e5 v\u00e6re vertsland for WCA.<br \/>\nF\u00f8rste gang var i Bergen i 2018. Den gang vant J\u00f8rn Hafslund fra Osteg\u00e5rden.<br \/>\nOgs\u00e5 i \u00e5r st\u00e5r HANEN som hovedarrang\u00f8r ved daglig leder Bernt Bucher -Johannessen.<br \/>\n&#8211; \u00c5rets Oste-VM i Trondheim er en feiring av norske ystere og norsk landbruk, understreker<br \/>\nhan. &#8211; Sammen med alle de som bringer norsk ost ut til norske forbrukere i ostedisker og p\u00e5<br \/>\nrestauranter, bidrar de til \u00e5 gj\u00f8re Norge til en rikere matnasjon.<br \/>\nAtter en gang har norsk ost f\u00e5tt mulighet til \u00e5 m\u00e5le seg mot ost fra det meste av verden. Ikke<br \/>\nminst har matinteresserte fra hele verden f\u00e5tt anledning til \u00e5 oppleve norsk ost og ikke minst<br \/>\net tr\u00f8ndersk matfat og natur.\n\t<p><a href=\"https:\/\/ostelandet.no\/en\/norske-vinnere-i-oste-vm\/\">Klikk her for \u00e5 se de norske vinnerne i World Cheese Awards<\/a><\/p>\n\t\t\t<h3> Facts<\/h3> <ul><li>HANEN er hovedarrang\u00f8r for Oste-VM i samarbeid med, Norsk Gardsost og OI Tr\u00f8ndersk Mat og Drikke.-<\/li><li>To ganger tidligere har norske oster g\u00e5tt helt til topps i det som er verdens st\u00f8rste ostekonkurranse:<br \/>&#8211; 2016: Bl\u00e5muggosten Kraftkar fra Tingvoll.<br \/>&#8211; 2018: Fanaost (gouda variant) fra Osteg\u00e5rden<\/li><\/ul><ul><li>N\u00e5 kan vi f\u00f8re en annen verdig vinner til listen: 2023: Nidelven Bl\u00e5 fra Gangstad G\u00e5rdsysteri.<\/li><\/ul><p>Sp\u00f8rsm\u00e5l kan rettes til:<br \/>Bernt Bucher- Johannessen, daglig leder i HANEN (Mob. 91 33 31 48).<\/p>\t\t\n\t<p>Byline: Trude Henrichsen<\/p>","protected":false},"excerpt":{"rendered":"<p>Verdens beste ost 2023 er norsk og kommer fra tr\u00f8ndelag. Nidelven Bl\u00e5 fra Gangstad G\u00e5rdsysteri<\/p>","protected":false},"author":1,"featured_media":11512,"comment_status":"closed","ping_status":"closed","sticky":false,"template":"","format":"standard","meta":{"_acf_changed":false,"footnotes":""},"categories":[992],"tags":[228,1013,1014,1015],"produsent-ostetype":[],"produsentfylke":[],"class_list":["post-11497","post","type-post","status-publish","format-standard","has-post-thumbnail","hentry","category-informasjon-om-oste-vm","tag-oste-vm","tag-oste-vm-2023","tag-verdens-beste-ost","tag-verdens-beste-ost-2023"],"acf":[],"yoast_head":"<!-- This site is optimized with the Yoast SEO plugin v26.1.1 - https:\/\/yoast.com\/wordpress\/plugins\/seo\/ -->\n<title>Verdens beste ost 2023 er k\u00e5ret! - Ostelandet Norge<\/title>\n<meta name=\"description\" content=\"Verdens beste ost 2023 er norsk og kommer fra tr\u00f8ndelag. Nidelven Bl\u00e5 fra Gangstad G\u00e5rdsysteri\" \/>\n<meta name=\"robots\" content=\"index, follow, max-snippet:-1, max-image-preview:large, max-video-preview:-1\" \/>\n<link rel=\"canonical\" href=\"https:\/\/ostelandet.no\/en\/verdens-beste-ost-2023-er-karet\/\" \/>\n<meta property=\"og:locale\" content=\"en_US\" \/>\n<meta property=\"og:type\" content=\"article\" \/>\n<meta property=\"og:title\" content=\"Verdens beste ost 2023 er k\u00e5ret! - Ostelandet Norge\" \/>\n<meta property=\"og:description\" content=\"Verdens beste ost 2023 er norsk og kommer fra tr\u00f8ndelag. Nidelven Bl\u00e5 fra Gangstad G\u00e5rdsysteri\" \/>\n<meta property=\"og:url\" content=\"https:\/\/ostelandet.no\/en\/verdens-beste-ost-2023-er-karet\/\" \/>\n<meta property=\"og:site_name\" content=\"Ostelandet Norge\" \/>\n<meta property=\"article:publisher\" content=\"https:\/\/www.facebook.com\/ostelandet-101474925294974\" \/>\n<meta property=\"article:published_time\" content=\"2023-10-27T16:52:29+00:00\" \/>\n<meta property=\"article:modified_time\" content=\"2025-11-20T11:18:17+00:00\" \/>\n<meta property=\"og:image\" content=\"https:\/\/ostelandet.no\/wp-content\/uploads\/2023\/10\/IMG-6907-2-scaled.jpg\" \/>\n\t<meta property=\"og:image:width\" content=\"2560\" \/>\n\t<meta property=\"og:image:height\" content=\"2445\" \/>\n\t<meta property=\"og:image:type\" content=\"image\/jpeg\" \/>\n<meta name=\"author\" content=\"eliho\" \/>\n<meta name=\"twitter:card\" content=\"summary_large_image\" \/>\n<meta name=\"twitter:label1\" content=\"Written by\" \/>\n\t<meta name=\"twitter:data1\" content=\"eliho\" \/>\n\t<meta name=\"twitter:label2\" content=\"Est. reading time\" \/>\n\t<meta name=\"twitter:data2\" content=\"2 minutes\" \/>\n<script type=\"application\/ld+json\" class=\"yoast-schema-graph\">{\"@context\":\"https:\/\/schema.org\",\"@graph\":[{\"@type\":\"Article\",\"@id\":\"https:\/\/ostelandet.no\/verdens-beste-ost-2023-er-karet\/#article\",\"isPartOf\":{\"@id\":\"https:\/\/ostelandet.no\/verdens-beste-ost-2023-er-karet\/\"},\"author\":{\"name\":\"eliho\",\"@id\":\"https:\/\/ostelandet.no\/#\/schema\/person\/5875f248502ea0794dca05f9ea518440\"},\"headline\":\"Verdens beste ost 2023 er k\u00e5ret!\",\"datePublished\":\"2023-10-27T16:52:29+00:00\",\"dateModified\":\"2025-11-20T11:18:17+00:00\",\"mainEntityOfPage\":{\"@id\":\"https:\/\/ostelandet.no\/verdens-beste-ost-2023-er-karet\/\"},\"wordCount\":401,\"publisher\":{\"@id\":\"https:\/\/ostelandet.no\/#organization\"},\"image\":{\"@id\":\"https:\/\/ostelandet.no\/verdens-beste-ost-2023-er-karet\/#primaryimage\"},\"thumbnailUrl\":\"https:\/\/ostelandet.no\/wp-content\/uploads\/2023\/10\/IMG-6907-2-scaled.jpg\",\"keywords\":[\"oste-vm\",\"Oste-vm 2023\",\"Verdens beste ost\",\"verdens beste ost 2023\"],\"articleSection\":[\"Informasjon om Oste-VM\"],\"inLanguage\":\"en-US\"},{\"@type\":\"WebPage\",\"@id\":\"https:\/\/ostelandet.no\/verdens-beste-ost-2023-er-karet\/\",\"url\":\"https:\/\/ostelandet.no\/verdens-beste-ost-2023-er-karet\/\",\"name\":\"Verdens beste ost 2023 er k\u00e5ret! - Ostelandet Norge\",\"isPartOf\":{\"@id\":\"https:\/\/ostelandet.no\/#website\"},\"primaryImageOfPage\":{\"@id\":\"https:\/\/ostelandet.no\/verdens-beste-ost-2023-er-karet\/#primaryimage\"},\"image\":{\"@id\":\"https:\/\/ostelandet.no\/verdens-beste-ost-2023-er-karet\/#primaryimage\"},\"thumbnailUrl\":\"https:\/\/ostelandet.no\/wp-content\/uploads\/2023\/10\/IMG-6907-2-scaled.jpg\",\"datePublished\":\"2023-10-27T16:52:29+00:00\",\"dateModified\":\"2025-11-20T11:18:17+00:00\",\"description\":\"Verdens beste ost 2023 er norsk og kommer fra tr\u00f8ndelag. Nidelven Bl\u00e5 fra Gangstad G\u00e5rdsysteri\",\"breadcrumb\":{\"@id\":\"https:\/\/ostelandet.no\/verdens-beste-ost-2023-er-karet\/#breadcrumb\"},\"inLanguage\":\"en-US\",\"potentialAction\":[{\"@type\":\"ReadAction\",\"target\":[\"https:\/\/ostelandet.no\/verdens-beste-ost-2023-er-karet\/\"]}]},{\"@type\":\"ImageObject\",\"inLanguage\":\"en-US\",\"@id\":\"https:\/\/ostelandet.no\/verdens-beste-ost-2023-er-karet\/#primaryimage\",\"url\":\"https:\/\/ostelandet.no\/wp-content\/uploads\/2023\/10\/IMG-6907-2-scaled.jpg\",\"contentUrl\":\"https:\/\/ostelandet.no\/wp-content\/uploads\/2023\/10\/IMG-6907-2-scaled.jpg\",\"width\":2560,\"height\":2445},{\"@type\":\"BreadcrumbList\",\"@id\":\"https:\/\/ostelandet.no\/verdens-beste-ost-2023-er-karet\/#breadcrumb\",\"itemListElement\":[{\"@type\":\"ListItem\",\"position\":1,\"name\":\"Hjem\",\"item\":\"https:\/\/ostelandet.no\/\"},{\"@type\":\"ListItem\",\"position\":2,\"name\":\"Verdens beste ost 2023 er k\u00e5ret!\"}]},{\"@type\":\"WebSite\",\"@id\":\"https:\/\/ostelandet.no\/#website\",\"url\":\"https:\/\/ostelandet.no\/\",\"name\":\"Ostelandet Norge\",\"description\":\"- L\u00e6r mer om norsk ost\",\"publisher\":{\"@id\":\"https:\/\/ostelandet.no\/#organization\"},\"potentialAction\":[{\"@type\":\"SearchAction\",\"target\":{\"@type\":\"EntryPoint\",\"urlTemplate\":\"https:\/\/ostelandet.no\/?s={search_term_string}\"},\"query-input\":{\"@type\":\"PropertyValueSpecification\",\"valueRequired\":true,\"valueName\":\"search_term_string\"}}],\"inLanguage\":\"en-US\"},{\"@type\":\"Organization\",\"@id\":\"https:\/\/ostelandet.no\/#organization\",\"name\":\"HANEN\",\"url\":\"https:\/\/ostelandet.no\/\",\"logo\":{\"@type\":\"ImageObject\",\"inLanguage\":\"en-US\",\"@id\":\"https:\/\/ostelandet.no\/#\/schema\/logo\/image\/\",\"url\":\"https:\/\/ostelandet.no\/wp-content\/uploads\/2021\/09\/ostelandet_norge_2farger_mork_hierarkisk.png\",\"contentUrl\":\"https:\/\/ostelandet.no\/wp-content\/uploads\/2021\/09\/ostelandet_norge_2farger_mork_hierarkisk.png\",\"width\":2062,\"height\":1223,\"caption\":\"HANEN\"},\"image\":{\"@id\":\"https:\/\/ostelandet.no\/#\/schema\/logo\/image\/\"},\"sameAs\":[\"https:\/\/www.facebook.com\/ostelandet-101474925294974\",\"https:\/\/www.instagram.com\/ostelandet\/\",\"https:\/\/www.linkedin.com\/showcase\/ostelandet-norge\/\"]},{\"@type\":\"Person\",\"@id\":\"https:\/\/ostelandet.no\/#\/schema\/person\/5875f248502ea0794dca05f9ea518440\",\"name\":\"eliho\",\"image\":{\"@type\":\"ImageObject\",\"inLanguage\":\"en-US\",\"@id\":\"https:\/\/ostelandet.no\/#\/schema\/person\/image\/\",\"url\":\"https:\/\/secure.gravatar.com\/avatar\/ea2d2e46de429e0415a330ea57f41bc101fea116d020ec3116a6fc2817d801cc?s=96&d=mm&r=g\",\"contentUrl\":\"https:\/\/secure.gravatar.com\/avatar\/ea2d2e46de429e0415a330ea57f41bc101fea116d020ec3116a6fc2817d801cc?s=96&d=mm&r=g\",\"caption\":\"eliho\"},\"url\":\"https:\/\/ostelandet.no\/en\/author\/eliho\/\"}]}<\/script>\n<!-- \/ Yoast SEO plugin. -->","yoast_head_json":{"title":"Verdens beste ost 2023 er k\u00e5ret! - Ostelandet Norge","description":"Verdens beste ost 2023 er norsk og kommer fra tr\u00f8ndelag. Nidelven Bl\u00e5 fra Gangstad G\u00e5rdsysteri","robots":{"index":"index","follow":"follow","max-snippet":"max-snippet:-1","max-image-preview":"max-image-preview:large","max-video-preview":"max-video-preview:-1"},"canonical":"https:\/\/ostelandet.no\/en\/verdens-beste-ost-2023-er-karet\/","og_locale":"en_US","og_type":"article","og_title":"Verdens beste ost 2023 er k\u00e5ret! - Ostelandet Norge","og_description":"Verdens beste ost 2023 er norsk og kommer fra tr\u00f8ndelag. Nidelven Bl\u00e5 fra Gangstad G\u00e5rdsysteri","og_url":"https:\/\/ostelandet.no\/en\/verdens-beste-ost-2023-er-karet\/","og_site_name":"Ostelandet Norge","article_publisher":"https:\/\/www.facebook.com\/ostelandet-101474925294974","article_published_time":"2023-10-27T16:52:29+00:00","article_modified_time":"2025-11-20T11:18:17+00:00","og_image":[{"width":2560,"height":2445,"url":"https:\/\/ostelandet.no\/wp-content\/uploads\/2023\/10\/IMG-6907-2-scaled.jpg","type":"image\/jpeg"}],"author":"eliho","twitter_card":"summary_large_image","twitter_misc":{"Written by":"eliho","Est. reading time":"2 minutes"},"schema":{"@context":"https:\/\/schema.org","@graph":[{"@type":"Article","@id":"https:\/\/ostelandet.no\/verdens-beste-ost-2023-er-karet\/#article","isPartOf":{"@id":"https:\/\/ostelandet.no\/verdens-beste-ost-2023-er-karet\/"},"author":{"name":"eliho","@id":"https:\/\/ostelandet.no\/#\/schema\/person\/5875f248502ea0794dca05f9ea518440"},"headline":"Verdens beste ost 2023 er k\u00e5ret!","datePublished":"2023-10-27T16:52:29+00:00","dateModified":"2025-11-20T11:18:17+00:00","mainEntityOfPage":{"@id":"https:\/\/ostelandet.no\/verdens-beste-ost-2023-er-karet\/"},"wordCount":401,"publisher":{"@id":"https:\/\/ostelandet.no\/#organization"},"image":{"@id":"https:\/\/ostelandet.no\/verdens-beste-ost-2023-er-karet\/#primaryimage"},"thumbnailUrl":"https:\/\/ostelandet.no\/wp-content\/uploads\/2023\/10\/IMG-6907-2-scaled.jpg","keywords":["oste-vm","Oste-vm 2023","Verdens beste ost","verdens beste ost 2023"],"articleSection":["Informasjon om Oste-VM"],"inLanguage":"en-US"},{"@type":"WebPage","@id":"https:\/\/ostelandet.no\/verdens-beste-ost-2023-er-karet\/","url":"https:\/\/ostelandet.no\/verdens-beste-ost-2023-er-karet\/","name":"Verdens beste ost 2023 er k\u00e5ret! - Ostelandet Norge","isPartOf":{"@id":"https:\/\/ostelandet.no\/#website"},"primaryImageOfPage":{"@id":"https:\/\/ostelandet.no\/verdens-beste-ost-2023-er-karet\/#primaryimage"},"image":{"@id":"https:\/\/ostelandet.no\/verdens-beste-ost-2023-er-karet\/#primaryimage"},"thumbnailUrl":"https:\/\/ostelandet.no\/wp-content\/uploads\/2023\/10\/IMG-6907-2-scaled.jpg","datePublished":"2023-10-27T16:52:29+00:00","dateModified":"2025-11-20T11:18:17+00:00","description":"Verdens beste ost 2023 er norsk og kommer fra tr\u00f8ndelag. Nidelven Bl\u00e5 fra Gangstad G\u00e5rdsysteri","breadcrumb":{"@id":"https:\/\/ostelandet.no\/verdens-beste-ost-2023-er-karet\/#breadcrumb"},"inLanguage":"en-US","potentialAction":[{"@type":"ReadAction","target":["https:\/\/ostelandet.no\/verdens-beste-ost-2023-er-karet\/"]}]},{"@type":"ImageObject","inLanguage":"en-US","@id":"https:\/\/ostelandet.no\/verdens-beste-ost-2023-er-karet\/#primaryimage","url":"https:\/\/ostelandet.no\/wp-content\/uploads\/2023\/10\/IMG-6907-2-scaled.jpg","contentUrl":"https:\/\/ostelandet.no\/wp-content\/uploads\/2023\/10\/IMG-6907-2-scaled.jpg","width":2560,"height":2445},{"@type":"BreadcrumbList","@id":"https:\/\/ostelandet.no\/verdens-beste-ost-2023-er-karet\/#breadcrumb","itemListElement":[{"@type":"ListItem","position":1,"name":"Hjem","item":"https:\/\/ostelandet.no\/"},{"@type":"ListItem","position":2,"name":"Verdens beste ost 2023 er k\u00e5ret!"}]},{"@type":"WebSite","@id":"https:\/\/ostelandet.no\/#website","url":"https:\/\/ostelandet.no\/","name":"Ostelandet Norge","description":"- L\u00e6r mer om norsk ost","publisher":{"@id":"https:\/\/ostelandet.no\/#organization"},"potentialAction":[{"@type":"SearchAction","target":{"@type":"EntryPoint","urlTemplate":"https:\/\/ostelandet.no\/?s={search_term_string}"},"query-input":{"@type":"PropertyValueSpecification","valueRequired":true,"valueName":"search_term_string"}}],"inLanguage":"en-US"},{"@type":"Organization","@id":"https:\/\/ostelandet.no\/#organization","name":"HANEN","url":"https:\/\/ostelandet.no\/","logo":{"@type":"ImageObject","inLanguage":"en-US","@id":"https:\/\/ostelandet.no\/#\/schema\/logo\/image\/","url":"https:\/\/ostelandet.no\/wp-content\/uploads\/2021\/09\/ostelandet_norge_2farger_mork_hierarkisk.png","contentUrl":"https:\/\/ostelandet.no\/wp-content\/uploads\/2021\/09\/ostelandet_norge_2farger_mork_hierarkisk.png","width":2062,"height":1223,"caption":"HANEN"},"image":{"@id":"https:\/\/ostelandet.no\/#\/schema\/logo\/image\/"},"sameAs":["https:\/\/www.facebook.com\/ostelandet-101474925294974","https:\/\/www.instagram.com\/ostelandet\/","https:\/\/www.linkedin.com\/showcase\/ostelandet-norge\/"]},{"@type":"Person","@id":"https:\/\/ostelandet.no\/#\/schema\/person\/5875f248502ea0794dca05f9ea518440","name":"eliho","image":{"@type":"ImageObject","inLanguage":"en-US","@id":"https:\/\/ostelandet.no\/#\/schema\/person\/image\/","url":"https:\/\/secure.gravatar.com\/avatar\/ea2d2e46de429e0415a330ea57f41bc101fea116d020ec3116a6fc2817d801cc?s=96&d=mm&r=g","contentUrl":"https:\/\/secure.gravatar.com\/avatar\/ea2d2e46de429e0415a330ea57f41bc101fea116d020ec3116a6fc2817d801cc?s=96&d=mm&r=g","caption":"eliho"},"url":"https:\/\/ostelandet.no\/en\/author\/eliho\/"}]}},"_links":{"self":[{"href":"https:\/\/ostelandet.no\/en\/wp-json\/wp\/v2\/posts\/11497","targetHints":{"allow":["GET"]}}],"collection":[{"href":"https:\/\/ostelandet.no\/en\/wp-json\/wp\/v2\/posts"}],"about":[{"href":"https:\/\/ostelandet.no\/en\/wp-json\/wp\/v2\/types\/post"}],"author":[{"embeddable":true,"href":"https:\/\/ostelandet.no\/en\/wp-json\/wp\/v2\/users\/1"}],"replies":[{"embeddable":true,"href":"https:\/\/ostelandet.no\/en\/wp-json\/wp\/v2\/comments?post=11497"}],"version-history":[{"count":6,"href":"https:\/\/ostelandet.no\/en\/wp-json\/wp\/v2\/posts\/11497\/revisions"}],"predecessor-version":[{"id":14542,"href":"https:\/\/ostelandet.no\/en\/wp-json\/wp\/v2\/posts\/11497\/revisions\/14542"}],"wp:featuredmedia":[{"embeddable":true,"href":"https:\/\/ostelandet.no\/en\/wp-json\/wp\/v2\/media\/11512"}],"wp:attachment":[{"href":"https:\/\/ostelandet.no\/en\/wp-json\/wp\/v2\/media?parent=11497"}],"wp:term":[{"taxonomy":"category","embeddable":true,"href":"https:\/\/ostelandet.no\/en\/wp-json\/wp\/v2\/categories?post=11497"},{"taxonomy":"post_tag","embeddable":true,"href":"https:\/\/ostelandet.no\/en\/wp-json\/wp\/v2\/tags?post=11497"},{"taxonomy":"produsent-ostetype","embeddable":true,"href":"https:\/\/ostelandet.no\/en\/wp-json\/wp\/v2\/produsent-ostetype?post=11497"},{"taxonomy":"produsentfylke","embeddable":true,"href":"https:\/\/ostelandet.no\/en\/wp-json\/wp\/v2\/produsentfylke?post=11497"}],"curies":[{"name":"wp","href":"https:\/\/api.w.org\/{rel}","templated":true}]}}