{"id":10577,"date":"2023-09-15T10:21:34","date_gmt":"2023-09-15T08:21:34","guid":{"rendered":"https:\/\/ostelandet.no\/?p=10577"},"modified":"2023-09-21T22:53:43","modified_gmt":"2023-09-21T20:53:43","slug":"almnas-bruk-pa-spontan-vinbar","status":"publish","type":"post","link":"https:\/\/ostelandet.no\/en\/almnas-bruk-pa-spontan-vinbar\/","title":{"rendered":"Almn\u00e2s bruk p\u00e5 Spontan vinbar"},"content":{"rendered":"<img decoding=\"async\" src=\"https:\/\/ostelandet.no\/wp-content\/plugins\/bb-plugin\/img\/pixel.png\" alt=\"\" itemprop=\"image\" onerror=\"this.style.display='none'\">\n<h2>\n\t\tAlmn\u00e4s bruk p\u00e5 Spontan Vinbar 27. og 28. oktober\n\t<\/h2>\n\t<p>Spontan restaurant og vinbar i Fjordgata 1 i Trondheim f\u00e5r storfint bes\u00f8k fra Almn\u00e4s bruk under Oste VM. Almn\u00e4s Bruk har i lang tid levert sine oster til Spontan og b\u00e5de kokkene, servit\u00f8rene og gjestene elsker de gode \u00f8kologiske hardostene fra bruket i strandkanten ved V\u00e4tterns sydvestlige bredd. Dette er h\u00e5ndverksoster med flott s\u00e6rpreg og rik smak. <\/p>\n<p>&nbsp;<\/p>\n<p>Da Claus Meyer presenterte supergoldfinalisten \u00abTegel\u00bb under oste VM i Bergen sa han at han ved f\u00f8rste smaking trodde det vare en Beaufort Alpage han hadde i munnen &#8211; ikke d\u00e5rlig kompliment fra en trenet gane!<\/p>\n<br>\nAlmn\u00e4s stiller med brukseieren sj\u00f8l, ysteren og to ostemodnere. Her blir det med andre ord rikelig med muligheter til b\u00e5de \u00e5 smake og prate med de beste.&nbsp;\n<p>&nbsp;<\/p>\n<p><strong>Fredag 27. oktober i vinbaren<\/strong><\/p>\n<p>Selvf\u00f8lgelig vil du kunne smake p\u00e5 alle ostene fra Almn\u00e4s og vinkelnerne s\u00f8rger for at det er passende drikke glassene. I tillegg til ren ostesmaking vil du kunne kj\u00f8pe sm\u00e5retter inneholdende en gode dose ost fra Almn\u00e4s.<\/p>\n<p>&nbsp;<\/p>\n<p><strong>L\u00f8rdag 28. oktober i restauranten<\/strong><\/p>\n<p>Her er det duket for en minnerik \u00abCheesemaker dinner\u00bb der kokkene tryller fram en smaksmeny med en rekke retter bygget opp med oster fra Almn\u00e4s. Det blir rikelig med mulighet til \u00e5 samtale med Almn\u00e4sfolket i l\u00f8pet av m\u00e5ltidet.<\/p>\n\n<p><strong>Kontakt<\/strong>: <a href=\"https:\/\/www.spontanvinbar.no\/\">https:\/\/www.spontanvinbar.no\/<\/a> for ytterligere info og booking.&nbsp;<\/p>\n<p>&nbsp;<\/p>","protected":false},"excerpt":{"rendered":"<p>Almn\u00e4s bruk p\u00e5 Spontan Vinbar 27. og 28. oktober Spontan restaurant og vinbar i Fjordgata 1 i Trondheim f\u00e5r storfint bes\u00f8k fra Almn\u00e4s bruk under Oste VM. Almn\u00e4s Bruk har i lang tid levert sine oster til Spontan og b\u00e5de kokkene, servit\u00f8rene og gjestene elsker de gode \u00f8kologiske hardostene fra bruket i strandkanten ved V\u00e4tterns&hellip;<\/p>","protected":false},"author":1,"featured_media":10578,"comment_status":"closed","ping_status":"closed","sticky":false,"template":"","format":"standard","meta":{"_acf_changed":false,"footnotes":""},"categories":[989],"tags":[984,985],"produsent-ostetype":[],"produsentfylke":[],"class_list":["post-10577","post","type-post","status-publish","format-standard","has-post-thumbnail","hentry","category-arrangement","tag-almnas-bruk","tag-arrangement"],"acf":[],"yoast_head":"<!-- This site is optimized with the Yoast SEO plugin v26.1.1 - https:\/\/yoast.com\/wordpress\/plugins\/seo\/ -->\n<title>Almn\u00e2s bruk p\u00e5 Spontan vinbar - Ostelandet Norge<\/title>\n<meta name=\"description\" content=\"Almn\u00e4s bruk p\u00e5 Spontan Vinbar 27. og 28. oktober Spontan restaurant og vinbar i Fjordgata 1 i Trondheim f\u00e5r storfint bes\u00f8k fra Almn\u00e4s bruk under Oste VM.\" \/>\n<meta name=\"robots\" content=\"index, follow, max-snippet:-1, max-image-preview:large, max-video-preview:-1\" \/>\n<link rel=\"canonical\" href=\"https:\/\/ostelandet.no\/en\/almnas-bruk-pa-spontan-vinbar\/\" \/>\n<meta property=\"og:locale\" content=\"en_US\" \/>\n<meta property=\"og:type\" content=\"article\" \/>\n<meta property=\"og:title\" content=\"Almn\u00e2s bruk p\u00e5 Spontan vinbar - Ostelandet Norge\" \/>\n<meta property=\"og:description\" content=\"Almn\u00e4s bruk p\u00e5 Spontan Vinbar 27. og 28. oktober Spontan restaurant og vinbar i Fjordgata 1 i Trondheim f\u00e5r storfint bes\u00f8k fra Almn\u00e4s bruk under Oste VM.\" \/>\n<meta property=\"og:url\" content=\"https:\/\/ostelandet.no\/en\/almnas-bruk-pa-spontan-vinbar\/\" \/>\n<meta property=\"og:site_name\" content=\"Ostelandet Norge\" \/>\n<meta property=\"article:publisher\" content=\"https:\/\/www.facebook.com\/ostelandet-101474925294974\" \/>\n<meta property=\"article:published_time\" content=\"2023-09-15T08:21:34+00:00\" \/>\n<meta property=\"article:modified_time\" content=\"2023-09-21T20:53:43+00:00\" \/>\n<meta property=\"og:image\" content=\"https:\/\/ostelandet.no\/wp-content\/uploads\/2023\/09\/Almnas-2.jpg\" \/>\n\t<meta property=\"og:image:width\" content=\"1537\" \/>\n\t<meta property=\"og:image:height\" content=\"2048\" \/>\n\t<meta property=\"og:image:type\" content=\"image\/jpeg\" \/>\n<meta name=\"author\" content=\"eliho\" \/>\n<meta name=\"twitter:card\" content=\"summary_large_image\" \/>\n<meta name=\"twitter:label1\" content=\"Written by\" \/>\n\t<meta name=\"twitter:data1\" content=\"eliho\" \/>\n\t<meta name=\"twitter:label2\" content=\"Est. reading time\" \/>\n\t<meta name=\"twitter:data2\" content=\"2 minutes\" \/>\n<script type=\"application\/ld+json\" class=\"yoast-schema-graph\">{\"@context\":\"https:\/\/schema.org\",\"@graph\":[{\"@type\":\"Article\",\"@id\":\"https:\/\/ostelandet.no\/almnas-bruk-pa-spontan-vinbar\/#article\",\"isPartOf\":{\"@id\":\"https:\/\/ostelandet.no\/almnas-bruk-pa-spontan-vinbar\/\"},\"author\":{\"name\":\"eliho\",\"@id\":\"https:\/\/ostelandet.no\/#\/schema\/person\/5875f248502ea0794dca05f9ea518440\"},\"headline\":\"Almn\u00e2s bruk p\u00e5 Spontan vinbar\",\"datePublished\":\"2023-09-15T08:21:34+00:00\",\"dateModified\":\"2023-09-21T20:53:43+00:00\",\"mainEntityOfPage\":{\"@id\":\"https:\/\/ostelandet.no\/almnas-bruk-pa-spontan-vinbar\/\"},\"wordCount\":256,\"publisher\":{\"@id\":\"https:\/\/ostelandet.no\/#organization\"},\"image\":{\"@id\":\"https:\/\/ostelandet.no\/almnas-bruk-pa-spontan-vinbar\/#primaryimage\"},\"thumbnailUrl\":\"https:\/\/ostelandet.no\/wp-content\/uploads\/2023\/09\/Almnas-2.jpg\",\"keywords\":[\"Almn\u00e2s bruk\",\"Arrangement\"],\"articleSection\":[\"Arrangement\"],\"inLanguage\":\"en-US\"},{\"@type\":\"WebPage\",\"@id\":\"https:\/\/ostelandet.no\/almnas-bruk-pa-spontan-vinbar\/\",\"url\":\"https:\/\/ostelandet.no\/almnas-bruk-pa-spontan-vinbar\/\",\"name\":\"Almn\u00e2s bruk p\u00e5 Spontan vinbar - Ostelandet Norge\",\"isPartOf\":{\"@id\":\"https:\/\/ostelandet.no\/#website\"},\"primaryImageOfPage\":{\"@id\":\"https:\/\/ostelandet.no\/almnas-bruk-pa-spontan-vinbar\/#primaryimage\"},\"image\":{\"@id\":\"https:\/\/ostelandet.no\/almnas-bruk-pa-spontan-vinbar\/#primaryimage\"},\"thumbnailUrl\":\"https:\/\/ostelandet.no\/wp-content\/uploads\/2023\/09\/Almnas-2.jpg\",\"datePublished\":\"2023-09-15T08:21:34+00:00\",\"dateModified\":\"2023-09-21T20:53:43+00:00\",\"description\":\"Almn\u00e4s bruk p\u00e5 Spontan Vinbar 27. og 28. oktober Spontan restaurant og vinbar i Fjordgata 1 i Trondheim f\u00e5r storfint bes\u00f8k fra Almn\u00e4s bruk under Oste VM.\",\"breadcrumb\":{\"@id\":\"https:\/\/ostelandet.no\/almnas-bruk-pa-spontan-vinbar\/#breadcrumb\"},\"inLanguage\":\"en-US\",\"potentialAction\":[{\"@type\":\"ReadAction\",\"target\":[\"https:\/\/ostelandet.no\/almnas-bruk-pa-spontan-vinbar\/\"]}]},{\"@type\":\"ImageObject\",\"inLanguage\":\"en-US\",\"@id\":\"https:\/\/ostelandet.no\/almnas-bruk-pa-spontan-vinbar\/#primaryimage\",\"url\":\"https:\/\/ostelandet.no\/wp-content\/uploads\/2023\/09\/Almnas-2.jpg\",\"contentUrl\":\"https:\/\/ostelandet.no\/wp-content\/uploads\/2023\/09\/Almnas-2.jpg\",\"width\":1537,\"height\":2048},{\"@type\":\"BreadcrumbList\",\"@id\":\"https:\/\/ostelandet.no\/almnas-bruk-pa-spontan-vinbar\/#breadcrumb\",\"itemListElement\":[{\"@type\":\"ListItem\",\"position\":1,\"name\":\"Hjem\",\"item\":\"https:\/\/ostelandet.no\/\"},{\"@type\":\"ListItem\",\"position\":2,\"name\":\"Almn\u00e2s bruk p\u00e5 Spontan vinbar\"}]},{\"@type\":\"WebSite\",\"@id\":\"https:\/\/ostelandet.no\/#website\",\"url\":\"https:\/\/ostelandet.no\/\",\"name\":\"Ostelandet Norge\",\"description\":\"- L\u00e6r mer om norsk ost\",\"publisher\":{\"@id\":\"https:\/\/ostelandet.no\/#organization\"},\"potentialAction\":[{\"@type\":\"SearchAction\",\"target\":{\"@type\":\"EntryPoint\",\"urlTemplate\":\"https:\/\/ostelandet.no\/?s={search_term_string}\"},\"query-input\":{\"@type\":\"PropertyValueSpecification\",\"valueRequired\":true,\"valueName\":\"search_term_string\"}}],\"inLanguage\":\"en-US\"},{\"@type\":\"Organization\",\"@id\":\"https:\/\/ostelandet.no\/#organization\",\"name\":\"HANEN\",\"url\":\"https:\/\/ostelandet.no\/\",\"logo\":{\"@type\":\"ImageObject\",\"inLanguage\":\"en-US\",\"@id\":\"https:\/\/ostelandet.no\/#\/schema\/logo\/image\/\",\"url\":\"https:\/\/ostelandet.no\/wp-content\/uploads\/2021\/09\/ostelandet_norge_2farger_mork_hierarkisk.png\",\"contentUrl\":\"https:\/\/ostelandet.no\/wp-content\/uploads\/2021\/09\/ostelandet_norge_2farger_mork_hierarkisk.png\",\"width\":2062,\"height\":1223,\"caption\":\"HANEN\"},\"image\":{\"@id\":\"https:\/\/ostelandet.no\/#\/schema\/logo\/image\/\"},\"sameAs\":[\"https:\/\/www.facebook.com\/ostelandet-101474925294974\",\"https:\/\/www.instagram.com\/ostelandet\/\",\"https:\/\/www.linkedin.com\/showcase\/ostelandet-norge\/\"]},{\"@type\":\"Person\",\"@id\":\"https:\/\/ostelandet.no\/#\/schema\/person\/5875f248502ea0794dca05f9ea518440\",\"name\":\"eliho\",\"image\":{\"@type\":\"ImageObject\",\"inLanguage\":\"en-US\",\"@id\":\"https:\/\/ostelandet.no\/#\/schema\/person\/image\/\",\"url\":\"https:\/\/secure.gravatar.com\/avatar\/ea2d2e46de429e0415a330ea57f41bc101fea116d020ec3116a6fc2817d801cc?s=96&d=mm&r=g\",\"contentUrl\":\"https:\/\/secure.gravatar.com\/avatar\/ea2d2e46de429e0415a330ea57f41bc101fea116d020ec3116a6fc2817d801cc?s=96&d=mm&r=g\",\"caption\":\"eliho\"},\"url\":\"https:\/\/ostelandet.no\/en\/author\/eliho\/\"}]}<\/script>\n<!-- \/ Yoast SEO plugin. -->","yoast_head_json":{"title":"Almn\u00e2s bruk p\u00e5 Spontan vinbar - Ostelandet Norge","description":"Almn\u00e4s bruk p\u00e5 Spontan Vinbar 27. og 28. oktober Spontan restaurant og vinbar i Fjordgata 1 i Trondheim f\u00e5r storfint bes\u00f8k fra Almn\u00e4s bruk under Oste VM.","robots":{"index":"index","follow":"follow","max-snippet":"max-snippet:-1","max-image-preview":"max-image-preview:large","max-video-preview":"max-video-preview:-1"},"canonical":"https:\/\/ostelandet.no\/en\/almnas-bruk-pa-spontan-vinbar\/","og_locale":"en_US","og_type":"article","og_title":"Almn\u00e2s bruk p\u00e5 Spontan vinbar - Ostelandet Norge","og_description":"Almn\u00e4s bruk p\u00e5 Spontan Vinbar 27. og 28. oktober Spontan restaurant og vinbar i Fjordgata 1 i Trondheim f\u00e5r storfint bes\u00f8k fra Almn\u00e4s bruk under Oste VM.","og_url":"https:\/\/ostelandet.no\/en\/almnas-bruk-pa-spontan-vinbar\/","og_site_name":"Ostelandet Norge","article_publisher":"https:\/\/www.facebook.com\/ostelandet-101474925294974","article_published_time":"2023-09-15T08:21:34+00:00","article_modified_time":"2023-09-21T20:53:43+00:00","og_image":[{"width":1537,"height":2048,"url":"https:\/\/ostelandet.no\/wp-content\/uploads\/2023\/09\/Almnas-2.jpg","type":"image\/jpeg"}],"author":"eliho","twitter_card":"summary_large_image","twitter_misc":{"Written by":"eliho","Est. reading time":"2 minutes"},"schema":{"@context":"https:\/\/schema.org","@graph":[{"@type":"Article","@id":"https:\/\/ostelandet.no\/almnas-bruk-pa-spontan-vinbar\/#article","isPartOf":{"@id":"https:\/\/ostelandet.no\/almnas-bruk-pa-spontan-vinbar\/"},"author":{"name":"eliho","@id":"https:\/\/ostelandet.no\/#\/schema\/person\/5875f248502ea0794dca05f9ea518440"},"headline":"Almn\u00e2s bruk p\u00e5 Spontan vinbar","datePublished":"2023-09-15T08:21:34+00:00","dateModified":"2023-09-21T20:53:43+00:00","mainEntityOfPage":{"@id":"https:\/\/ostelandet.no\/almnas-bruk-pa-spontan-vinbar\/"},"wordCount":256,"publisher":{"@id":"https:\/\/ostelandet.no\/#organization"},"image":{"@id":"https:\/\/ostelandet.no\/almnas-bruk-pa-spontan-vinbar\/#primaryimage"},"thumbnailUrl":"https:\/\/ostelandet.no\/wp-content\/uploads\/2023\/09\/Almnas-2.jpg","keywords":["Almn\u00e2s bruk","Arrangement"],"articleSection":["Arrangement"],"inLanguage":"en-US"},{"@type":"WebPage","@id":"https:\/\/ostelandet.no\/almnas-bruk-pa-spontan-vinbar\/","url":"https:\/\/ostelandet.no\/almnas-bruk-pa-spontan-vinbar\/","name":"Almn\u00e2s bruk p\u00e5 Spontan vinbar - Ostelandet Norge","isPartOf":{"@id":"https:\/\/ostelandet.no\/#website"},"primaryImageOfPage":{"@id":"https:\/\/ostelandet.no\/almnas-bruk-pa-spontan-vinbar\/#primaryimage"},"image":{"@id":"https:\/\/ostelandet.no\/almnas-bruk-pa-spontan-vinbar\/#primaryimage"},"thumbnailUrl":"https:\/\/ostelandet.no\/wp-content\/uploads\/2023\/09\/Almnas-2.jpg","datePublished":"2023-09-15T08:21:34+00:00","dateModified":"2023-09-21T20:53:43+00:00","description":"Almn\u00e4s bruk p\u00e5 Spontan Vinbar 27. og 28. oktober Spontan restaurant og vinbar i Fjordgata 1 i Trondheim f\u00e5r storfint bes\u00f8k fra Almn\u00e4s bruk under Oste VM.","breadcrumb":{"@id":"https:\/\/ostelandet.no\/almnas-bruk-pa-spontan-vinbar\/#breadcrumb"},"inLanguage":"en-US","potentialAction":[{"@type":"ReadAction","target":["https:\/\/ostelandet.no\/almnas-bruk-pa-spontan-vinbar\/"]}]},{"@type":"ImageObject","inLanguage":"en-US","@id":"https:\/\/ostelandet.no\/almnas-bruk-pa-spontan-vinbar\/#primaryimage","url":"https:\/\/ostelandet.no\/wp-content\/uploads\/2023\/09\/Almnas-2.jpg","contentUrl":"https:\/\/ostelandet.no\/wp-content\/uploads\/2023\/09\/Almnas-2.jpg","width":1537,"height":2048},{"@type":"BreadcrumbList","@id":"https:\/\/ostelandet.no\/almnas-bruk-pa-spontan-vinbar\/#breadcrumb","itemListElement":[{"@type":"ListItem","position":1,"name":"Hjem","item":"https:\/\/ostelandet.no\/"},{"@type":"ListItem","position":2,"name":"Almn\u00e2s bruk p\u00e5 Spontan vinbar"}]},{"@type":"WebSite","@id":"https:\/\/ostelandet.no\/#website","url":"https:\/\/ostelandet.no\/","name":"Ostelandet Norge","description":"- L\u00e6r mer om norsk ost","publisher":{"@id":"https:\/\/ostelandet.no\/#organization"},"potentialAction":[{"@type":"SearchAction","target":{"@type":"EntryPoint","urlTemplate":"https:\/\/ostelandet.no\/?s={search_term_string}"},"query-input":{"@type":"PropertyValueSpecification","valueRequired":true,"valueName":"search_term_string"}}],"inLanguage":"en-US"},{"@type":"Organization","@id":"https:\/\/ostelandet.no\/#organization","name":"HANEN","url":"https:\/\/ostelandet.no\/","logo":{"@type":"ImageObject","inLanguage":"en-US","@id":"https:\/\/ostelandet.no\/#\/schema\/logo\/image\/","url":"https:\/\/ostelandet.no\/wp-content\/uploads\/2021\/09\/ostelandet_norge_2farger_mork_hierarkisk.png","contentUrl":"https:\/\/ostelandet.no\/wp-content\/uploads\/2021\/09\/ostelandet_norge_2farger_mork_hierarkisk.png","width":2062,"height":1223,"caption":"HANEN"},"image":{"@id":"https:\/\/ostelandet.no\/#\/schema\/logo\/image\/"},"sameAs":["https:\/\/www.facebook.com\/ostelandet-101474925294974","https:\/\/www.instagram.com\/ostelandet\/","https:\/\/www.linkedin.com\/showcase\/ostelandet-norge\/"]},{"@type":"Person","@id":"https:\/\/ostelandet.no\/#\/schema\/person\/5875f248502ea0794dca05f9ea518440","name":"eliho","image":{"@type":"ImageObject","inLanguage":"en-US","@id":"https:\/\/ostelandet.no\/#\/schema\/person\/image\/","url":"https:\/\/secure.gravatar.com\/avatar\/ea2d2e46de429e0415a330ea57f41bc101fea116d020ec3116a6fc2817d801cc?s=96&d=mm&r=g","contentUrl":"https:\/\/secure.gravatar.com\/avatar\/ea2d2e46de429e0415a330ea57f41bc101fea116d020ec3116a6fc2817d801cc?s=96&d=mm&r=g","caption":"eliho"},"url":"https:\/\/ostelandet.no\/en\/author\/eliho\/"}]}},"_links":{"self":[{"href":"https:\/\/ostelandet.no\/en\/wp-json\/wp\/v2\/posts\/10577","targetHints":{"allow":["GET"]}}],"collection":[{"href":"https:\/\/ostelandet.no\/en\/wp-json\/wp\/v2\/posts"}],"about":[{"href":"https:\/\/ostelandet.no\/en\/wp-json\/wp\/v2\/types\/post"}],"author":[{"embeddable":true,"href":"https:\/\/ostelandet.no\/en\/wp-json\/wp\/v2\/users\/1"}],"replies":[{"embeddable":true,"href":"https:\/\/ostelandet.no\/en\/wp-json\/wp\/v2\/comments?post=10577"}],"version-history":[{"count":3,"href":"https:\/\/ostelandet.no\/en\/wp-json\/wp\/v2\/posts\/10577\/revisions"}],"predecessor-version":[{"id":10582,"href":"https:\/\/ostelandet.no\/en\/wp-json\/wp\/v2\/posts\/10577\/revisions\/10582"}],"wp:featuredmedia":[{"embeddable":true,"href":"https:\/\/ostelandet.no\/en\/wp-json\/wp\/v2\/media\/10578"}],"wp:attachment":[{"href":"https:\/\/ostelandet.no\/en\/wp-json\/wp\/v2\/media?parent=10577"}],"wp:term":[{"taxonomy":"category","embeddable":true,"href":"https:\/\/ostelandet.no\/en\/wp-json\/wp\/v2\/categories?post=10577"},{"taxonomy":"post_tag","embeddable":true,"href":"https:\/\/ostelandet.no\/en\/wp-json\/wp\/v2\/tags?post=10577"},{"taxonomy":"produsent-ostetype","embeddable":true,"href":"https:\/\/ostelandet.no\/en\/wp-json\/wp\/v2\/produsent-ostetype?post=10577"},{"taxonomy":"produsentfylke","embeddable":true,"href":"https:\/\/ostelandet.no\/en\/wp-json\/wp\/v2\/produsentfylke?post=10577"}],"curies":[{"name":"wp","href":"https:\/\/api.w.org\/{rel}","templated":true}]}}